{"id":13513,"date":"2023-06-01T16:26:39","date_gmt":"2023-06-01T14:26:39","guid":{"rendered":"https:\/\/www.ladislavjakl.cz\/?p=13513"},"modified":"2023-06-01T16:26:39","modified_gmt":"2023-06-01T14:26:39","slug":"zijeme-v-budoucnosti","status":"publish","type":"post","link":"https:\/\/www.ladislavjakl.cz\/?p=13513","title":{"rendered":"\u017dijeme v budoucnosti?"},"content":{"rendered":"<div class=\"opener\">V\u00edte, \u017ee jste v\u010dera v obchod\u011b (v restauraci) zanechali dluh 180 korun? A p\u0159edev\u010d\u00edrem tak\u00e9? A \u017ee jste se takto od za\u010d\u00e1tku roku zadlu\u017eili u\u017e o 27 tis\u00edc korun?<br \/>\n<!--more--><br \/>\nA nejen vy, ale \u017ee stejn\u00fd dluh ud\u011blalo ka\u017ed\u00e9 z va\u0161ich mal\u00fdch d\u011bt\u00ed \u010di va\u0161i prarodi\u010de, co jsou u\u017e d\u00e1vno v d\u016fchodu? Prost\u011b \u00fapln\u011b v\u0161ichni? \u017de to nev\u00edte? P\u0159esto je tomu tak.<\/p>\n<p>Kdy\u017e n\u00e1m dnes ohl\u00e1sili, \u017ee vl\u00e1da za prvn\u00edch p\u011bt m\u011bs\u00edc\u016f leto\u0161n\u00edho roku zasekla sekyru ve v\u00fd\u0161i rekordn\u00edch 270 miliard (co\u017e je skoro tolik, kolik byl pl\u00e1novan\u00fd schodek na cel\u00fd leto\u0161n\u00ed rok), tak to moc nikomu ne\u0159ekne. Ale v p\u0159epo\u010dtu na obyvatele, v\u010detn\u011b mal\u00fdch d\u011bt\u00ed a sta\u0159e\u010dk\u016f, v\u010detn\u011b nemohouc\u00edch invalid\u016f, student\u016f, nezam\u011bstnan\u00fdch, to d\u011bl\u00e1 za on\u011bch p\u011bt m\u011bs\u00edc\u016f 27 tis\u00edc korun na hlavu. A na den to \u010din\u00ed 180 korun na ka\u017ed\u00e9ho z n\u00e1s. Copak by si mohl n\u011bkdo z n\u00e1s dovolit ud\u011blat denn\u011b \u00fatratu t\u0159eba v drogerii za 180 korun a odch\u00e1zet bez placen\u00ed? Ka\u017ed\u00fd den? A v\u0161ichni ti, kdo nevyd\u011bl\u00e1vaj\u00ed, tak \u00fapln\u011b tot\u00e9\u017e? Nemysliteln\u00e9.<\/p>\n<p>Ale vl\u00e1da p\u0159esn\u011b takov\u00fd dluh d\u011bl\u00e1 ka\u017ed\u00fd den za n\u00e1s. A nemylme se, s ve\u0159ejn\u00fdmi dluhy to nen\u00ed tak, \u017ee to a\u017e jednou budou n\u011bkdy muset platit na\u0161i potomci. Plat\u00edme to v\u0161ichni u\u017e te\u010f, nep\u0159\u00edmo. Vl\u00e1dn\u00ed v\u00fddaje, na kter\u00e9 st\u00e1t nem\u00e1, tedy v\u00fddaje na dluh, se prom\u00edtaj\u00ed ihned do inflace, a ta n\u00e1s okr\u00e1d\u00e1 v\u0161echny. Leze n\u00e1m do pen\u011b\u017eenek a sni\u017euje re\u00e1lnou hodnotu jejich obsahu. Nejv\u00edce na raketov\u011b rostouc\u00ed zadlu\u017eov\u00e1n\u00ed dopl\u00e1cej\u00ed adres\u00e1ti fixn\u00edch p\u0159\u00edjm\u016f, tedy zam\u011bstnanci a d\u016fchodci. A tak\u00e9 ti, co si n\u011bco naspo\u0159ili. Hodnota jejich \u00faspor kles\u00e1 ka\u017ed\u00fd den.<\/p>\n<p>Kv\u016fli daleko men\u0161\u00edm v\u011bcem jsou st\u00e1vky, protesty a demonstrace. Ale \u017ee n\u011bkdo denn\u011b d\u011bl\u00e1 ka\u017ed\u00fd den dluh ve v\u00fd\u0161i 180 korun za ka\u017ed\u00e9ho z n\u00e1s, to n\u00e1s nech\u00e1v\u00e1 chladn\u00fdmi? A co si to tedy, mil\u00e1 vl\u00e1do, po\u0159izuje\u0161 na dluh tak d\u016fle\u017eit\u00e9ho? Jsou to v\u0161echno v\u011bci nezbytn\u00e9? Nerozhoduje\u0161 n\u00e1hodou denn\u011b o nav\u00fd\u0161en\u00ed des\u00edtek dal\u0161\u00edch nesmysln\u00fdch v\u00fddaj\u016f? Nebo ti to je jedno, proto\u017ee stejn\u011b za dvaap\u016fl roku kon\u010d\u00ed\u0161 a ukl\u00edzet ten svin\u010d\u00edk bude muset n\u011bkdo jin\u00fd?<\/p>\n<p>J\u00f3, dobro za ciz\u00ed pen\u00edze, to se kon\u00e1 snadno. A tak t\u0159eba dnes Sen\u00e1t p\u0159iklepl u\u010ditel\u016fm n\u00e1rok na 130 procent pr\u016fm\u011brn\u00e9 mzdy. Ano, to je na\u0161e budoucnost. Nam\u00edsto sni\u017eov\u00e1n\u00ed pod\u00edlu mandatorn\u00edch v\u00fddaj\u016f na celkov\u00fdch ve\u0159ejn\u00fdch v\u00fddaj\u00edch vznikaj\u00ed dal\u0161\u00ed a dal\u0161\u00ed n\u00e1rokov\u00e9 pevn\u011b stanoven\u00e9 v\u00fddaje ze z\u00e1kona. Povinn\u00e1 dv\u011b procenta na obranu, povinn\u00e9 procento chce i kultura. To je skv\u011bl\u00fd sm\u011br. Nebudeme muset chodit k volb\u00e1m.<\/p>\n<p>Co je hlavn\u00edm obsahem politiky a spr\u00e1vy st\u00e1tu? Neust\u00e1l\u00e9, trval\u00e9 a kontinu\u00e1ln\u00ed pom\u011b\u0159ov\u00e1n\u00ed priorit. Soupe\u0159en\u00ed z\u00e1jm\u016f, n\u00e1rok\u016f, pot\u0159eb, z\u00e1m\u011br\u016f. St\u00e1t a jeho reprezentace mus\u00ed neust\u00e1le pru\u017en\u011b m\u011bnit hierarchii v\u0161ech mo\u017en\u00fdch polo\u017eek a podle spole\u010densk\u00e9ho zad\u00e1n\u00ed je p\u0159izp\u016fsobovat aktu\u00e1ln\u00ed situaci. A ono spole\u010densk\u00e9 zad\u00e1n\u00ed vznik\u00e1 ve volb\u00e1ch. Tam spolu soupe\u0159\u00ed r\u016fzn\u00e9 koncepce, r\u016fzn\u00e9 konkuruj\u00edc\u00ed si akcenty, r\u016fzn\u00e9 z\u00e1jmy, r\u016fzn\u00e9 pot\u0159eby, r\u016fzn\u00e9 p\u0159edstavy.<\/p>\n<p>Pokud jednotliv\u00e9 polo\u017eky zaindexujeme, zamkneme, zafixujeme, zautomatizujeme, pak p\u0159estane m\u00edt politika smysl. Parlament i vl\u00e1du m\u016f\u017eeme rozpustit a volby budou zbyte\u010dn\u00e9. St\u00e1t pojede tak n\u011bjak na autopilota. \u017de se v pr\u016fb\u011bhu let m\u016f\u017ee objevit pot\u0159eba n\u011bkter\u00fd parametr posunout? M\u00e1te sm\u016flu, v\u0161e je zabetonov\u00e1no z\u00e1kony.<\/p>\n<p>Konec politiky se bl\u00ed\u017e\u00ed. Ona tedy n\u011bjak\u00e1 z\u016fstane, ale jen naoko, takov\u00e1 hran\u00e1, operetn\u00ed, bez obsahu. Nebo \u017ee bychom v takov\u00e9 budoucnosti u\u017e \u017eili?<\/p>\n<\/div>\n<p>Zdroj:&nbsp;<a href=\"https:\/\/jakl.blog.idnes.cz\/blog.aspx?c=802403\">https:\/\/jakl.blog.idnes.cz\/blog.aspx?c=802403<\/a><\/p>\n","protected":false},"excerpt":{"rendered":"<p>V\u00edte, \u017ee jste v\u010dera v obchod\u011b (v restauraci) zanechali dluh 180 korun? A p\u0159edev\u010d\u00edrem tak\u00e9? A \u017ee jste se takto od za\u010d\u00e1tku roku zadlu\u017eili u\u017e o 27 tis\u00edc korun?<\/p>\n","protected":false},"author":9,"featured_media":0,"comment_status":"open","ping_status":"open","sticky":false,"template":"","format":"standard","meta":{"ngg_post_thumbnail":0,"footnotes":""},"categories":[1],"tags":[],"class_list":["post-13513","post","type-post","status-publish","format-standard","hentry","category-publikovane-clanky"],"_links":{"self":[{"href":"https:\/\/www.ladislavjakl.cz\/index.php?rest_route=\/wp\/v2\/posts\/13513","targetHints":{"allow":["GET"]}}],"collection":[{"href":"https:\/\/www.ladislavjakl.cz\/index.php?rest_route=\/wp\/v2\/posts"}],"about":[{"href":"https:\/\/www.ladislavjakl.cz\/index.php?rest_route=\/wp\/v2\/types\/post"}],"author":[{"embeddable":true,"href":"https:\/\/www.ladislavjakl.cz\/index.php?rest_route=\/wp\/v2\/users\/9"}],"replies":[{"embeddable":true,"href":"https:\/\/www.ladislavjakl.cz\/index.php?rest_route=%2Fwp%2Fv2%2Fcomments&post=13513"}],"version-history":[{"count":1,"href":"https:\/\/www.ladislavjakl.cz\/index.php?rest_route=\/wp\/v2\/posts\/13513\/revisions"}],"predecessor-version":[{"id":13514,"href":"https:\/\/www.ladislavjakl.cz\/index.php?rest_route=\/wp\/v2\/posts\/13513\/revisions\/13514"}],"wp:attachment":[{"href":"https:\/\/www.ladislavjakl.cz\/index.php?rest_route=%2Fwp%2Fv2%2Fmedia&parent=13513"}],"wp:term":[{"taxonomy":"category","embeddable":true,"href":"https:\/\/www.ladislavjakl.cz\/index.php?rest_route=%2Fwp%2Fv2%2Fcategories&post=13513"},{"taxonomy":"post_tag","embeddable":true,"href":"https:\/\/www.ladislavjakl.cz\/index.php?rest_route=%2Fwp%2Fv2%2Ftags&post=13513"}],"curies":[{"name":"wp","href":"https:\/\/api.w.org\/{rel}","templated":true}]}}