{"id":1354,"date":"2011-11-02T09:53:31","date_gmt":"2011-11-02T08:53:31","guid":{"rendered":"http:\/\/www.ladislavjakl.cz\/?p=1354"},"modified":"2011-11-02T09:53:31","modified_gmt":"2011-11-02T08:53:31","slug":"skodi-lidem-kdyz-se-dvakrat-rocne-meni-cas","status":"publish","type":"post","link":"https:\/\/www.ladislavjakl.cz\/?p=1354","title":{"rendered":"\u0160kod\u00ed lidem, kdy\u017e se dvakr\u00e1t ro\u010dn\u011b m\u011bn\u00ed \u010das?"},"content":{"rendered":"<p>ANO<br \/>\nZru\u0161me kone\u010dn\u011b letn\u00ed \u010das!<\/p>\n<p>LETN\u00cd \u010cAS JE UM\u011aL\u00c1 HLOUPOST. Nic dobr\u00e9ho nep\u0159in\u00e1\u0161\u00ed, zato lidem otravuje \u017eivot. Zru\u0161me ho. Lid\u00e9 si mysl\u00ed, \u017ee \u010das je d\u00e1n konvenc\u00ed. Jin\u00ed soud\u00ed, \u017ee existuje n\u011bco jako zimn\u00ed \u010das. Ne. \u010cas je objektivn\u00ed a je d\u00e1n zem\u011bpisnou d\u00e9lkou.<\/p>\n<p><!--more-->Poledne je tehdy, kdy\u017e je slunce nejv\u00fd\u0161. Je proto v ka\u017ed\u00e9m m\u00edst\u011b v jinou chv\u00edli. A tak se lidi dohodli (to konvence je), \u017ee Zemi rozd\u011bl\u00ed na 24 p\u00e1sem a v ka\u017ed\u00e9m bude platit stejn\u00e1 hodina. Na jedno p\u00e1smo p\u0159ipad\u00e1 patn\u00e1ct d\u00e9lkov\u00fdch stup\u0148\u016f. Nult\u00fd stupe\u0148 si ukradli pro sebe Lond\u00fd\u0148an\u00e9. My m\u00e1me to \u0161t\u011bst\u00ed, \u017ee st\u0159ed prvn\u00edho p\u00e1su od Lond\u00fdna (15.poledn\u00edk) proch\u00e1z\u00ed na\u0161\u00ed zem\u00ed, p\u0159esn\u011bji Jind\u0159ichov\u00fdm Hradcem.<br \/>\nN\u00e1\u0161 st\u0159edoevropsk\u00fd \u010das je tedy d\u00e1n slun\u00ed\u010dkem, kter\u00e9 je v na\u0161em poledni p\u0159\u00edmo nad n\u00e1mi, plus minus p\u00e1r minut. Je to n\u00e1\u0161 norm\u00e1ln\u00ed \u010das, ne jak\u00fdsi &#8222;zimn\u00ed&#8220;. A co my d\u011bl\u00e1me ka\u017ed\u00fd rok? \u0158\u00edk\u00e1me tomu letn\u00ed \u010das, ale ve skute\u010dnosti jde o \u010das v\u00fdchodoevropsk\u00fd. Ka\u017ed\u00fd rok od jara do podzimu dobrovoln\u011b po\u010d\u00edt\u00e1me \u010das, jako kdybychom \u017eili u 30. poledn\u00edku, tedy v Petrohrad\u011b, Kyjev\u011b, Istanbulu nebo K\u00e1hi\u0159e. No nen\u00ed to hloup\u00e9? Pro\u010d u\u017e\u00edvat kyjevsk\u00fd \u010das, kdy\u017e m\u00e1me sv\u016fj?<br \/>\nMilovn\u00edci soci\u00e1ln\u00edho in\u017een\u00fdrstv\u00ed \u0159\u00edkaj\u00ed, \u017ee d\u00edky letn\u00edmu \u010dasu je ve\u010der d\u00e9le sv\u011btlo. Opravdu? Sv\u011btlo je \u00fapln\u011b stejn\u011b dlouho s letn\u00edm \u010dasem i bez n\u011bj, to se ned\u00e1 za\u0159\u00eddit vyhl\u00e1\u0161en\u00edm zm\u011bny \u010dasu. Del\u0161\u00ed ve\u010der neza\u0159\u00edd\u00edme t\u00edm, \u017ee tomu okam\u017eiku, kter\u00e9mu jsme do minul\u00e9ho t\u00fddne \u0159\u00edkali osm ve\u010der, budeme najednou \u0159\u00edkat dev\u011bt ve\u010der.<br \/>\nSly\u0161\u00edm trapn\u00e9 argumenty. T\u0159eba \u017ee u\u0161et\u0159\u00edme za ve\u010dern\u00ed sv\u00edcen\u00ed. Jak kdo. Chce-li n\u011bkdo \u0161et\u0159it, a\u0165 chod\u00ed sp\u00e1t t\u0159eba se slepicemi. Chce-li u\u0161et\u0159it n\u011bjak\u00fd \u00fa\u0159ad, a\u0165 \u00fa\u0159edn\u00edky vy\u017eene dom\u016f p\u0159ed setm\u011bn\u00edm. Ale m\u011bnit re\u017eim cel\u00e9mu n\u00e1rodu? Lze v\u016fbec vy\u010d\u00edslit v pen\u011bz\u00edch cenu tohoto n\u00e1sil\u00ed? P\u0159eji ka\u017ed\u00e9mu &#8222;hodinu nav\u00edc&#8220; odpoledne, kdy\u017e ji tak nutn\u011b pot\u0159ebuje. Tak a\u0165 vst\u00e1v\u00e1 t\u0159eba ve t\u0159i r\u00e1no. M\u016f\u017ee b\u00fdt doma po poledni, jestli mu to stoj\u00ed za to. A\u0165 si fabriky ur\u010duj\u00ed pracovn\u00ed dobu, a\u0165 si tv\u016frci j\u00edzdn\u00edch \u0159\u00e1d\u016f po\u010d\u00edtaj\u00ed sv\u00e9 grafikony. Jen\u017ee ono je jednodu\u0161\u0161\u00ed gener\u00e1ln\u011b vyhl\u00e1sit: poledne u\u017e bylo, n\u00e1rode, proto\u017ee tak rozhodla vl\u00e1da! Pr\u00fd n\u00e1m v\u017edy na podzim tu hodinu vr\u00e1t\u00ed. To jo. Sedm m\u011bs\u00edc\u016f na n\u00ed budou rajtovat a pak ji jednoho r\u00e1na umolousanou, znect\u011bnou a ohmatanou milostiv\u011b dostaneme zp\u011bt.<br \/>\nJe \u010das cht\u00edt sv\u016fj \u010das.<\/p>\n<p><strong>LADISLAV<\/strong> <strong>JAKL<\/strong><br \/>\nTAJEMN\u00cdK PREZIDENTA REPUBLIKY<\/p>\n<p><strong>Zdroj:\u00a0Reflex<\/strong><strong><br \/>\nDatum:\u00a027.10.2011<br \/>\nStr.:\u00a022<br \/>\nRubrika:\u00a0REFLEXE PRO A PROTI <\/strong><\/p>\n","protected":false},"excerpt":{"rendered":"<p>ANO Zru\u0161me kone\u010dn\u011b letn\u00ed \u010das! LETN\u00cd \u010cAS JE UM\u011aL\u00c1 HLOUPOST. Nic dobr\u00e9ho nep\u0159in\u00e1\u0161\u00ed, zato lidem otravuje \u017eivot. Zru\u0161me ho. Lid\u00e9 si mysl\u00ed, \u017ee \u010das je d\u00e1n konvenc\u00ed. Jin\u00ed soud\u00ed, \u017ee existuje n\u011bco jako zimn\u00ed \u010das. Ne. \u010cas je objektivn\u00ed a je d\u00e1n zem\u011bpisnou d\u00e9lkou.<\/p>\n","protected":false},"author":1,"featured_media":0,"comment_status":"open","ping_status":"open","sticky":false,"template":"","format":"standard","meta":{"ngg_post_thumbnail":0,"footnotes":""},"categories":[1],"tags":[],"class_list":["post-1354","post","type-post","status-publish","format-standard","hentry","category-publikovane-clanky"],"_links":{"self":[{"href":"https:\/\/www.ladislavjakl.cz\/index.php?rest_route=\/wp\/v2\/posts\/1354","targetHints":{"allow":["GET"]}}],"collection":[{"href":"https:\/\/www.ladislavjakl.cz\/index.php?rest_route=\/wp\/v2\/posts"}],"about":[{"href":"https:\/\/www.ladislavjakl.cz\/index.php?rest_route=\/wp\/v2\/types\/post"}],"author":[{"embeddable":true,"href":"https:\/\/www.ladislavjakl.cz\/index.php?rest_route=\/wp\/v2\/users\/1"}],"replies":[{"embeddable":true,"href":"https:\/\/www.ladislavjakl.cz\/index.php?rest_route=%2Fwp%2Fv2%2Fcomments&post=1354"}],"version-history":[{"count":1,"href":"https:\/\/www.ladislavjakl.cz\/index.php?rest_route=\/wp\/v2\/posts\/1354\/revisions"}],"predecessor-version":[{"id":1355,"href":"https:\/\/www.ladislavjakl.cz\/index.php?rest_route=\/wp\/v2\/posts\/1354\/revisions\/1355"}],"wp:attachment":[{"href":"https:\/\/www.ladislavjakl.cz\/index.php?rest_route=%2Fwp%2Fv2%2Fmedia&parent=1354"}],"wp:term":[{"taxonomy":"category","embeddable":true,"href":"https:\/\/www.ladislavjakl.cz\/index.php?rest_route=%2Fwp%2Fv2%2Fcategories&post=1354"},{"taxonomy":"post_tag","embeddable":true,"href":"https:\/\/www.ladislavjakl.cz\/index.php?rest_route=%2Fwp%2Fv2%2Ftags&post=1354"}],"curies":[{"name":"wp","href":"https:\/\/api.w.org\/{rel}","templated":true}]}}