{"id":13540,"date":"2023-06-16T01:08:28","date_gmt":"2023-06-15T23:08:28","guid":{"rendered":"https:\/\/www.ladislavjakl.cz\/?p=13540"},"modified":"2023-06-16T01:14:03","modified_gmt":"2023-06-15T23:14:03","slug":"opatrne-to-je-highway-to-hell","status":"publish","type":"post","link":"https:\/\/www.ladislavjakl.cz\/?p=13540","title":{"rendered":"Opatrn\u011b, to je Highway to hell!"},"content":{"rendered":"<p>Tak n\u00e1m zru\u0161ili linku 666. P\u00ed\u0161\u00ed to dne\u0161n\u00ed m\u00e9dia. Pr\u00fd to mohlo nosit sm\u016flu. Jestli ona sm\u016flu nenos\u00ed sp\u00ed\u0161 pov\u011br\u010divost. Kdy\u017e \u010dek\u00e1te, \u017ee n\u011bco dopadne \u0161patn\u011b, vlastn\u011b si o to \u0159\u00edk\u00e1te. A za \u0161patn\u00fd pak budete pova\u017eovat jak\u00fdkoli v\u00fdsledek.<\/p>\n<p><!--more--><\/p>\n<p>No, oni tu linku nezru\u0161ili zrovna n\u00e1m, oni ji zru\u0161ili na Helu. To je takov\u00fd tenoulink\u00fd (m\u00edsty jen des\u00edtky metr\u016f \u0161irok\u00fd) p\u0159es t\u0159icet kilometr\u016f dlouh\u00fd poloostrov na \u00fapln\u00e9m severu Polska. Jen na konci se kosa roz\u0161i\u0159uje, aby se tam ve\u0161el stejnojmenn\u00fd p\u0159\u00edstav. A \u017ee pr\u00fd ten n\u00e1zev m\u016f\u017ee leckomu evokovat peklo a t\u0159i \u0161estky ve spojitosti s&nbsp;t\u00edm u\u017e zav\u00e1n\u011bj\u00ed satanismem.<\/p>\n<p>No, kdo by se tam ale vl\u00e1\u010del autobusem, kdy\u017e se tam d\u00e1 z&nbsp;Gda\u0144sku doplout lod\u00ed nap\u0159\u00ed\u010d zdej\u0161\u00ed velkou a m\u011blkou z\u00e1tokou. Taky jsem se tamtudy plavil, u\u017e p\u0159ed \u0161edes\u00e1ti lety. A nem\u011bl jsem \u017e\u00e1dn\u00e9 tu\u0161en\u00ed (a nikdo z&nbsp;dosp\u011bl\u00fdch mi to ne\u0159ekl), \u017ee jen p\u00e1r des\u00edtek pod n\u00e1mi je ohromn\u00e9 poh\u0159ebi\u0161t\u011b. \u017de tam le\u017e\u00ed ostatky skoro deseti tis\u00edc lid\u00ed, kte\u0159\u00ed zde sv\u00e9 peklo asi za\u017e\u00edvali. Z&nbsp;dne\u0161n\u00edho pohledu to bylo docela ned\u00e1vno p\u0159ed mou plavbou, jen 18 let, co\u017e je ve srovn\u00e1n\u00ed se&nbsp;\u0161edes\u00e1ti skoro nic.<\/p>\n<p>V\u00e1lka byla tehdy na konci. V\u00fdchodn\u00ed Prusko sov\u011btsk\u00e1 arm\u00e1da obe\u0161la a m\u00ed\u0159ila N\u011bmc\u016fm rovnou na komoru, na Berl\u00edn. Na v\u00fdchod\u011b se skoro nebojovalo, zbran\u00ed tam byly cel\u00e9 sklady. Zbran\u00ed, kter\u00e9 nacist\u016fm zoufale chyb\u011bly pr\u00e1v\u011b v&nbsp;Berl\u00edn\u011b. Tak se nalo\u017eily na velikou lo\u010f Wilhelm Gustloff. Ale s&nbsp;nimi se na lo\u010f natla\u010dilo i p\u0159es osm tis\u00edc civilist\u016f, \u00fa\u0159edn\u00edk\u016f, obchodn\u00edk\u016f, st\u00e1tn\u00edch zam\u011bstnanc\u016f. Nedali si \u0159\u00edct, \u017ee naopak na v\u00fdchod\u011b se jen \u010dek\u00e1 na brzk\u00fd konec v\u00e1lky, zat\u00edmco jej\u00ed aktu\u00e1ln\u011b zu\u0159\u00edc\u00ed epicentrum je pr\u00e1v\u011b kolem Berl\u00edna.<\/p>\n<p>A tam n\u011bkde u Helu lo\u010f trefila sov\u011btsk\u00e1 ponorka, jej\u00ed\u017e pos\u00e1dka byla o vojensk\u00e9m n\u00e1kladu informov\u00e1na. \u0160estkr\u00e1t v\u00edc mrtv\u00fdch ne\u017e na Titaniku. Ale publicita tedy o trochu men\u0161\u00ed. Tak\u017ee on to asi na t\u00e9 na\u0161\u00ed lodi o on\u00e9 lodi pod n\u00e1mi mo\u017en\u00e1 ani nikdo nev\u011bd\u011bl.<\/p>\n<p>Pekeln\u011b to na samotn\u00e9m Helu vypadalo na za\u010d\u00e1tku i na konci v\u00e1lky. Na za\u010d\u00e1tku se tam polsk\u00e1 jednotka br\u00e1nila je\u0161t\u011b v dob\u011b, kdy N\u011bmci u\u017e byli skoro u Var\u0161avy, na konci se zase tamn\u00ed n\u011bmeck\u00e1 pos\u00e1dka vzdala a\u017e p\u00e1r dn\u016f po kapitulaci N\u011bmecka. Ale ani to mi tehdy nikdo ne\u0159ekl. Stejn\u011b jako mi cel\u00e9 d\u011btstv\u00ed nikdo ne\u0159ekl, proti komu \u017ee se to hrdinn\u011b br\u00e1nilo p\u00e1r des\u00edtek Pol\u00e1k\u016f v gda\u0144sk\u00e9 po\u0161t\u011b a kdo \u017ee to na n\u011b \u00fato\u010dil mnoho dn\u016f v\u0161emi druhy zbran\u00ed. \u017de toti\u017e t\u011bmi \u00fato\u010dn\u00edky byli sami n\u011bme\u010dt\u00ed obyvatel\u00e9 \u201eSvobodn\u00e9ho m\u011bsta Gda\u0144sk\u201c, kte\u0159\u00ed sv\u00e9 \u201eNorimbersk\u00e9 z\u00e1kony\u201c vydali sami od sebe je\u0161t\u011b p\u0159ed N\u011bmeckem a Hitler\u016fv antisemitismus a antislovanismus se jim zd\u00e1l je\u0161t\u011b moc m\u011bkk\u00fd.<\/p>\n<p>Ale jako j\u00e1 jsem se plavil nad tis\u00edci zetlel\u00fdch kostlivc\u016f, tak i my v\u0161ichni \u0161lapeme po poh\u0159ebi\u0161ti minul\u00fdch k\u0159ivd, utrpen\u00ed, boj\u016f, hrdinstv\u00ed i zrad, ne\u0161t\u011bst\u00ed, poroby, z\u00e1\u0161ti a zloby. Cht\u011blo by to na\u0161lapovat opatrn\u011bji. Zl\u00ed duchov\u00e9 nep\u0159ijedou autobusem 666, ti jsou v&nbsp;ka\u017ed\u00e9m z&nbsp;n\u00e1s a \u010dekaj\u00ed na na\u0161e selh\u00e1n\u00ed. Na na\u0161i slepotu, p\u011bnu u \u00fast, bouch\u00e1n\u00ed p\u011bst\u00ed do stolu a ochotu nechat se pohltit fascinuj\u00edc\u00edm zvukem v\u00e1le\u010dn\u00fdch bubn\u016f.<\/p>\n<p>Ladislav Jakl, 15. \u010dervna 2023<\/p>\n","protected":false},"excerpt":{"rendered":"<p>Tak n\u00e1m zru\u0161ili linku 666. P\u00ed\u0161\u00ed to dne\u0161n\u00ed m\u00e9dia. Pr\u00fd to mohlo nosit sm\u016flu. Jestli ona sm\u016flu nenos\u00ed sp\u00ed\u0161 pov\u011br\u010divost. Kdy\u017e \u010dek\u00e1te, \u017ee n\u011bco dopadne \u0161patn\u011b, vlastn\u011b si o to \u0159\u00edk\u00e1te. A za \u0161patn\u00fd pak budete pova\u017eovat jak\u00fdkoli v\u00fdsledek.<\/p>\n","protected":false},"author":9,"featured_media":0,"comment_status":"open","ping_status":"open","sticky":false,"template":"","format":"standard","meta":{"ngg_post_thumbnail":0,"footnotes":""},"categories":[1],"tags":[],"class_list":["post-13540","post","type-post","status-publish","format-standard","hentry","category-publikovane-clanky"],"_links":{"self":[{"href":"https:\/\/www.ladislavjakl.cz\/index.php?rest_route=\/wp\/v2\/posts\/13540","targetHints":{"allow":["GET"]}}],"collection":[{"href":"https:\/\/www.ladislavjakl.cz\/index.php?rest_route=\/wp\/v2\/posts"}],"about":[{"href":"https:\/\/www.ladislavjakl.cz\/index.php?rest_route=\/wp\/v2\/types\/post"}],"author":[{"embeddable":true,"href":"https:\/\/www.ladislavjakl.cz\/index.php?rest_route=\/wp\/v2\/users\/9"}],"replies":[{"embeddable":true,"href":"https:\/\/www.ladislavjakl.cz\/index.php?rest_route=%2Fwp%2Fv2%2Fcomments&post=13540"}],"version-history":[{"count":3,"href":"https:\/\/www.ladislavjakl.cz\/index.php?rest_route=\/wp\/v2\/posts\/13540\/revisions"}],"predecessor-version":[{"id":13543,"href":"https:\/\/www.ladislavjakl.cz\/index.php?rest_route=\/wp\/v2\/posts\/13540\/revisions\/13543"}],"wp:attachment":[{"href":"https:\/\/www.ladislavjakl.cz\/index.php?rest_route=%2Fwp%2Fv2%2Fmedia&parent=13540"}],"wp:term":[{"taxonomy":"category","embeddable":true,"href":"https:\/\/www.ladislavjakl.cz\/index.php?rest_route=%2Fwp%2Fv2%2Fcategories&post=13540"},{"taxonomy":"post_tag","embeddable":true,"href":"https:\/\/www.ladislavjakl.cz\/index.php?rest_route=%2Fwp%2Fv2%2Ftags&post=13540"}],"curies":[{"name":"wp","href":"https:\/\/api.w.org\/{rel}","templated":true}]}}