{"id":13544,"date":"2023-06-16T13:45:32","date_gmt":"2023-06-16T11:45:32","guid":{"rendered":"https:\/\/www.ladislavjakl.cz\/?p=13544"},"modified":"2023-06-16T13:45:32","modified_gmt":"2023-06-16T11:45:32","slug":"to-se-nikdy-nestalo-tiskovku-pavla-prevzali-urednici-ladislav-jakl-za-tim-vidi-jedine","status":"publish","type":"post","link":"https:\/\/www.ladislavjakl.cz\/?p=13544","title":{"rendered":"\u201eTo se nikdy nestalo!\u201c Tiskovku Pavla \u201ep\u0159evzali\u201c \u00fa\u0159edn\u00edci. Ladislav Jakl za t\u00edm vid\u00ed jedin\u00e9"},"content":{"rendered":"<section class=\"article-header\">\n<p class=\"brief\"><strong>Aby si na tiskov\u00e9 konferenci vysok\u00e9ho politika vzal p\u0159ed novin\u00e1\u0159i slovo \u00fa\u0159edn\u00edk, to se v minulosti nikdy nestalo, ohl\u00ed\u017e\u00ed se publicista, hudebn\u00edk a b\u00fdval\u00fd tajemn\u00edk prezidenta republiky V\u00e1clava Klause a \u0161\u00e9f politick\u00e9ho odboru jeho kancel\u00e1\u0159e Ladislav Jakl za tiskovkou prezidenta Petra Pavla. Podle jeho n\u00e1zoru to dokazuje, \u017ee Pavel je jen \u201ev\u00edt\u011bzem castingu\u201c z\u00e1jmov\u00fdch skupin.<!--more--><br \/>\nM\u00e9dia p\u0159ipom\u00ednaj\u00ed 100 dn\u00ed ve funkci nov\u00e9ho prezidenta, k \u010demu\u017e se p\u0159ipojil s\u00e1m Petr Pavel a jeho hradn\u00ed t\u00fdm. Na hodinov\u00e9 tiskov\u00e9 konferenci vyhodnocovali sv\u00e9 \u00fasp\u011bchy a spln\u011bn\u00e9 sliby. Jak vid\u00edte tento symbolick\u00fd po\u010d\u00e1te\u010dn\u00ed interval funk\u010dn\u00edho obdob\u00ed Petra Pavla vy?<\/strong><\/p>\n<section class=\"article-content\">On\u011bch sto dn\u016f je opravdu jen symbol. Ve skute\u010dnosti si n\u011bjak\u00e9 h\u00e1jen\u00ed \u017e\u00e1dn\u00fd zvolen\u00fd politik nem\u016f\u017ee dovolit. Mus\u00ed konat v&nbsp;r\u00e1mci mnoha neodkladn\u00fdch agend u\u017e od prvn\u00edch dn\u016f. A politik manek\u00fdn \u010di manek\u00fdnka tak\u00e9 d\u011blat dojem, \u017ee. Na druhou stranu jsme tu odjak\u017eiva m\u011bli medi\u00e1ln\u00ed mil\u00e1\u010dky a medi\u00e1ln\u00ed otlouk\u00e1nky. T\u011bm druh\u00fdm se podsouvalo kdeco p\u0159i jak\u00e9koli p\u0159\u00edle\u017eitosti, medi\u00e1ln\u00ed maz\u00e1nkov\u00e9 b\u00fdvali v\u017edy h\u00fd\u010dk\u00e1ni ne sto dn\u016f, ale po celou v\u011b\u010dnost. A prezident Pavel? Kon\u00e1 p\u0159esn\u011b tak, jak se dalo \u010dekat. M\u00e1me prezidentem figuru, ne nositele vlastn\u00ed politick\u00e9 my\u0161lenky.<\/p>\n<p><strong>Pozoruhodn\u00e9 bylo samotn\u00e9 aran\u017em\u00e1 tiskov\u00e9 konference. V\u00edc \u010dasu ne\u017e prezident hovo\u0159ili r\u016fzn\u00ed zam\u011bstnanci KPR a Pavel st\u00e1l vzadu. Odhadem 60-70 procent \u010dasu prezident ml\u010del. Jak to vn\u00edm\u00e1te vy s ohledem na svou zku\u0161enost na Hrad\u011b? Je to d\u016fstojn\u00e9 k \u00fa\u0159adu hlavy st\u00e1tu?<\/strong><\/p>\n<p>Z&nbsp;t\u00e9 tiskovky jsem vid\u011bl jen kousek, ale zas tak moc m\u011b v&nbsp;tomto ohledu nep\u0159ekvapila. Prezident Pavel nekandidoval jako nositel n\u011bjak\u00e9ho jasn\u00e9ho autentick\u00e9ho programu. Programu, za kter\u00fd by u\u017e des\u00edtky let s\u00e1m bojoval, kter\u00fd by v&nbsp;ohni debat, boj\u016f, st\u0159et\u016f, kampan\u00ed a spor\u016f prosazoval a h\u00e1jil. On kandidoval coby v\u00edt\u011bz castingu.<\/p>\n<p>Z\u00e1jmov\u00e9 skupiny hledaly n\u011bkoho, z&nbsp;koho by mohly ud\u011blat obecn\u011b p\u0159ijatelnou figur\u00ednu, do kter\u00e9 by si ka\u017ed\u00fd ob\u010dan, ka\u017ed\u00fd voli\u010d mohl prom\u00edtnout cokoli a nebyl by u toho \u201eru\u0161en\u201c \u017e\u00e1dn\u00fdm pevn\u00fdm n\u00e1zorem vybran\u00e9ho kandid\u00e1ta. Ten casting mohl vyhr\u00e1t i t\u0159eba zn\u00e1m\u00fd sportovec, zp\u011bva\u010dka, herec, kdokoli. Prost\u011b n\u011bjak\u00fd \u010caput nebo Kiskov\u00e1. Asi holt je takov\u00e1 doba. Z\u00e1jmov\u00e9 skupiny budou m\u00edsto sebe strkat l\u00edbiv\u00e9 loutky, kter\u00e9 dovedou j\u00edst p\u0159\u00edborem a nosit oblek.<\/p>\n<p>Pr\u016f\u0161vih nastane (a ten nastane nutn\u011b d\u0159\u00edve nebo pozd\u011bji), kdy\u017e se po figur\u00edn\u011b chce n\u011bjak\u00fd projev samostatn\u00e9ho my\u0161len\u00ed, n\u011bjak\u00fd n\u00e1zor, n\u011bjak\u00e1 vlastn\u00ed \u00favaha nam\u00edsto k\u00fdmsi p\u0159edem p\u0159ipraven\u00fdch fr\u00e1z\u00ed.<\/p>\n<p><strong>Stalo se d\u0159\u00edve n\u011bkdy, aby p\u0159i tiskov\u00e9 konferenci V\u00e1clav Klaus st\u00e1l opod\u00e1l a sledoval, jak se u pult\u00edku st\u0159\u00edd\u00e1te nap\u0159\u00edklad vy, pan kancl\u00e9\u0159 Weigl, pan H\u00e1jek, pan Forejt a dal\u0161\u00ed?&nbsp;<\/strong><\/p>\n<p>Nikdy! K tomu p\u0159ece n\u011bjak\u00fd \u00fa\u0159edn\u00edk nem\u016f\u017ee m\u00edt \u017e\u00e1dn\u00fd mand\u00e1t. \u00da\u0159edn\u00edk m\u016f\u017ee maxim\u00e1ln\u011b tiskovou konferenci uv\u00e1d\u011bt, moderovat, m\u016f\u017ee vyvol\u00e1vat, ud\u011blovat slovo. Ne si vz\u00edt slovo s\u00e1m. Ne, to by za n\u00e1s bylo nep\u0159edstaviteln\u00e9. Ani za prezidenta Havla nic takov\u00e9ho nepamatuju.&nbsp;<\/p>\n<p><strong>Prezident dosud nebyl p\u0159\u00edli\u0161 kritizov\u00e1n. Vl\u00e1dou v\u016fbec, co\u017e je pochopiteln\u00e9, ale i sn\u011bmovn\u00ed opozice je k n\u011bmu m\u00edrn\u00e1. O \u010dem to sv\u011bd\u010d\u00ed? Je to d\u016fkaz \u201espojov\u00e1n\u00ed spole\u010dnosti\u201c, nebo se prezident vyh\u00fdb\u00e1 \u010demukoli, co by se mohlo lidem nel\u00edbit?<\/strong><\/p>\n<p>Kdo nem\u00e1 n\u00e1zory, toho t\u011b\u017eko chv\u00e1lit i t\u011b\u017eko kritizovat. Nen\u00ed \u010deho se chytit. Jen\u017ee takhle \u00fastavn\u00ed roli nelze provozovat donekone\u010dna. P\u0159ijdou chv\u00edle, kdy se za\u010dne l\u00e1mat chleba. Chv\u00edle, kter\u00fdch se tolik b\u00e1li Kiskov\u00e1 a \u010caput. A stejn\u011b pro n\u011b takov\u00e1 chv\u00edle nakonec p\u0159i\u0161la. A to lidem otev\u0159elo o\u010di.<\/p>\n<p><strong>Pamatuji si, \u017ee kdy\u017e p\u0159i n\u011bjak\u00e9 p\u0159\u00edle\u017eitosti vystoupil prezident Klaus \u010di po n\u011bm prezident Zeman, v\u017edy se o t\u011bch projevech mluvilo, m\u00e9dia ho rozeb\u00edrala. To se te\u010f ned\u011bje. Pro\u010d? Nejsou snad my\u0161lenky sou\u010dasn\u00e9 hlavy st\u00e1tu zaj\u00edmav\u00e9?<\/strong><\/p>\n<p>Politik, kter\u00fd neprovokuje, nevyvol\u00e1v\u00e1 kontroverze, nebud\u00ed v\u00e1\u0161n\u011b, rozho\u0159\u010den\u00e9 debaty, kter\u00fd nedod\u00e1v\u00e1 impulsy k&nbsp;p\u0159em\u00fd\u0161len\u00ed, ke vztek\u00e1n\u00ed, k&nbsp;anal\u00fdz\u00e1m, to je jen kluzk\u00e1 ryba. Ale i ta nakonec bude jednou konfrontov\u00e1na s t\u00e9matem, od kter\u00e9ho nebude mo\u017en\u00e9 uplavat. A \u017e\u00e1dn\u00fd z&nbsp;napov\u00edda\u010d\u016f zrovna nebude po ruce. Ale abych jen nekritizoval: o v\u00edkendu se prezident Pavel mihl na Festivalu mikropivovar\u016f na Pra\u017esk\u00e9m hrad\u011b, co\u017e jsme my, pivn\u00ed fandov\u00e9, ocenili jako jistou formu podpory.<\/p>\n<p><strong>V\u00fdjimkou v dosavadn\u00edm prezidentov\u011b p\u016fsoben\u00ed byl snad jen proslov p\u0159i Terez\u00ednsk\u00e9 tryzn\u011b, kdy Pavel hovo\u0159il o \u201ezlo\u010dinech na\u0161ich p\u0159edk\u016f, ze kter\u00fdch se mus\u00edme pou\u010dit\u201c. I tato slova ale t\u00e9m\u011b\u0159 zapadla, v\u011bt\u0161ina m\u00e9di\u00ed to nerozeb\u00edrala a \u010cesk\u00e1 televize dokonce jeho citaci m\u00edrn\u011b poupravila, aby vyzn\u011bla l\u00e9pe. Zaznamenal jste to? Jak je mo\u017en\u00e9, \u017ee prakticky neprob\u011bhla ve\u0159ejn\u00e1 diskuse o tom, jak\u00e9 zlo\u010diny m\u011bl na mysli, pro\u010d to \u0159ekl zrovna v souvislosti s holocaustem atd.?<\/strong><\/p>\n<p>Na\u0161e n\u00e1rodn\u00ed d\u011bjiny nejsou jen zdrojem hrdosti. Jsou i zdrojem pou\u010den\u00ed ze selh\u00e1n\u00ed. A nesm\u00edme se styd\u011bt mluvit ani o jednom. Ale jsou chv\u00edle, kdy syp\u00e1n\u00ed si popele na hlavu nem\u016f\u017ee b\u00fdt vykl\u00e1d\u00e1no jinak, ne\u017e jako znev\u00e1\u017een\u00ed pam\u00e1tky t\u011bch, ze kter\u00fdch ten popel poch\u00e1z\u00ed.<\/p>\n<p><a href=\"https:\/\/www.parlamentnilisty.cz\/arena\/rozhovory\/-To-se-nikdy-nestalo-Tiskovku-Pavla-prevzali-urednici-Ladislav-Jakl-za-tim-vidi-jedine-738008\">Zdroj<\/a><\/p>\n<\/section>\n<\/section>\n","protected":false},"excerpt":{"rendered":"<p>Aby si na tiskov\u00e9 konferenci vysok\u00e9ho politika vzal p\u0159ed novin\u00e1\u0159i slovo \u00fa\u0159edn\u00edk, to se v minulosti nikdy nestalo, ohl\u00ed\u017e\u00ed se publicista, hudebn\u00edk a b\u00fdval\u00fd tajemn\u00edk prezidenta republiky V\u00e1clava Klause a \u0161\u00e9f politick\u00e9ho odboru jeho kancel\u00e1\u0159e Ladislav Jakl za tiskovkou prezidenta Petra Pavla. Podle jeho n\u00e1zoru to dokazuje, \u017ee Pavel je jen \u201ev\u00edt\u011bzem castingu\u201c z\u00e1jmov\u00fdch skupin.<\/p>\n","protected":false},"author":9,"featured_media":0,"comment_status":"open","ping_status":"open","sticky":false,"template":"","format":"standard","meta":{"ngg_post_thumbnail":0,"footnotes":""},"categories":[13],"tags":[],"class_list":["post-13544","post","type-post","status-publish","format-standard","hentry","category-rozhovory"],"_links":{"self":[{"href":"https:\/\/www.ladislavjakl.cz\/index.php?rest_route=\/wp\/v2\/posts\/13544","targetHints":{"allow":["GET"]}}],"collection":[{"href":"https:\/\/www.ladislavjakl.cz\/index.php?rest_route=\/wp\/v2\/posts"}],"about":[{"href":"https:\/\/www.ladislavjakl.cz\/index.php?rest_route=\/wp\/v2\/types\/post"}],"author":[{"embeddable":true,"href":"https:\/\/www.ladislavjakl.cz\/index.php?rest_route=\/wp\/v2\/users\/9"}],"replies":[{"embeddable":true,"href":"https:\/\/www.ladislavjakl.cz\/index.php?rest_route=%2Fwp%2Fv2%2Fcomments&post=13544"}],"version-history":[{"count":1,"href":"https:\/\/www.ladislavjakl.cz\/index.php?rest_route=\/wp\/v2\/posts\/13544\/revisions"}],"predecessor-version":[{"id":13545,"href":"https:\/\/www.ladislavjakl.cz\/index.php?rest_route=\/wp\/v2\/posts\/13544\/revisions\/13545"}],"wp:attachment":[{"href":"https:\/\/www.ladislavjakl.cz\/index.php?rest_route=%2Fwp%2Fv2%2Fmedia&parent=13544"}],"wp:term":[{"taxonomy":"category","embeddable":true,"href":"https:\/\/www.ladislavjakl.cz\/index.php?rest_route=%2Fwp%2Fv2%2Fcategories&post=13544"},{"taxonomy":"post_tag","embeddable":true,"href":"https:\/\/www.ladislavjakl.cz\/index.php?rest_route=%2Fwp%2Fv2%2Ftags&post=13544"}],"curies":[{"name":"wp","href":"https:\/\/api.w.org\/{rel}","templated":true}]}}