{"id":13551,"date":"2023-06-29T19:53:00","date_gmt":"2023-06-29T17:53:00","guid":{"rendered":"https:\/\/www.ladislavjakl.cz\/?p=13551"},"modified":"2023-06-29T19:55:43","modified_gmt":"2023-06-29T17:55:43","slug":"kolem-horke-kase","status":"publish","type":"post","link":"https:\/\/www.ladislavjakl.cz\/?p=13551","title":{"rendered":"Kolem hork\u00e9 ka\u0161e"},"content":{"rendered":"<div class=\"opener\">Dne\u0161n\u00ed \u010dten\u00e1\u0159 mus\u00ed um\u011bt \u010d\u00edst mezi \u0159\u00e1dky. Politick\u00e1 korektnost, konformita, snaha p\u0159izp\u016fsobit se, to v\u0161e br\u00e1n\u00ed novin\u00e1\u0159\u016fm, politik\u016fm, \u00fa\u0159edn\u00edk\u016fm \u010di policist\u016fm \u0159\u00edkat, \u017ee kole\u010dko nen\u00ed \u010dtvere\u010dek, b\u00edl\u00e1 nen\u00ed \u010dern\u00e1 a ko\u010dka nen\u00ed pes.<br \/>\n<!--more--><br \/>\nA tak si posv\u00e9m p\u0159ekl\u00e1d\u00e1me slova jako \u201emlad\u00edci\u201c, \u201ev\u00fdrostci\u201c, \u201egangy mladistv\u00fdch\u201c, \u201eruskojazy\u010dn\u00e9 mafie\u201c nebo \u201esoci\u00e1ln\u011b vylou\u010den\u00ed.\u201c Mist\u0159i jsou v tom v N\u011bmecku, kde krkolomnost n\u011bkter\u00fdch mluv\u010d\u00edch nab\u00fdv\u00e1 a\u017e komick\u00fdch podob. Tak\u017ee kdy\u017e o n\u011bjak\u00e9 teenagerce \u0159\u00edkaj\u00ed, \u017ee m\u00e1 \u201emigra\u010dn\u00ed pozad\u00ed\u201c, nen\u00ed \u0159e\u010d o jej\u00edch h\u00fd\u017ed\u00edch, ale o jej\u00edch p\u0159ist\u011bhovaleck\u00fdch rodi\u010d\u00edch.Francie nyn\u00ed za\u017e\u00edv\u00e1 sv\u00e9ho Floyda, onoho zfetovan\u00e9ho krimin\u00e1ln\u00edka, kter\u00fd v USA zem\u0159el p\u0159i policejn\u00edm z\u00e1kroku. Od t\u00e9 doby bezpe\u010dnost mnoha americk\u00fdch m\u011bst z\u00e1sadn\u011b poklesla, proto\u017ee policist\u00e9 se boj\u00ed na\u0159\u010den\u00ed z rasismu. Te\u010f do nov\u00e9 kvalitativn\u00ed f\u00e1ze ch\u00e1p\u00e1n\u00ed pouli\u010dn\u00edho bezpe\u010d\u00ed vstoupila i Francie pot\u00e9, co policista zast\u0159elil \u0159idi\u010de nerespektuj\u00edc\u00edho pokyny kontroluj\u00edc\u00ed hl\u00eddky. Jen\u017ee t\u00edm \u0159idi\u010dem byl p\u0159ist\u011bhovaleck\u00fd teenager. A tak rozho\u0159\u010den\u00ed imigranti p\u00e1l\u00ed auta a budovy, rozb\u00edjej\u00ed v\u00fdlohy a \u00fato\u010d\u00ed na policisty. Ale p\u0159i pojmenov\u00e1n\u00ed, co se tam d\u011bje, m\u00e9dia po\u0159\u00e1d chod\u00ed kolem hork\u00e9 ka\u0161e.<\/p>\n<p>I my m\u00e1me (zat\u00edm v mnohem men\u0161\u00edm m\u011b\u0159\u00edtku) v\u00e1\u017en\u00e9 probl\u00e9my s etnick\u00fdmi men\u0161inami. T\u0159eba v Jablonci se d\u011bti vracej\u00ed dom\u016f zbit\u00e9 \u010di okraden\u00e9. Nebo oboj\u00ed. A co se do\u010dteme? \u017de tam \u0159\u00e1d\u00ed gangy v\u00fdrost\u016f. Z \u010deho ov\u0161em tito \u201ev\u00fdrostci\u201c vyrostli, to se do\u010dteme jen mezi \u0159\u00e1dky.<\/p>\n<p>A tak nalh\u00e1v\u00e1n\u00ed si do kapsy pokra\u010duje. A to je hlavn\u00ed p\u0159ek\u00e1\u017ekou v \u0159e\u0161en\u00ed probl\u00e9mu tam, kde je. V etnicky, soci\u00e1ln\u011b \u010di n\u00e1bo\u017eensky motivovan\u00e9mu odm\u00edt\u00e1n\u00ed p\u0159ijmout z\u00e1kladn\u00ed civiliza\u010dn\u00ed standardy. Dnes lze ve\u0159ejn\u011b sprost\u011b nad\u00e1vat n\u011bkomu jen pro jeho n\u00e1rodnost \u010di st\u00e1tn\u00ed p\u0159\u00edslu\u0161nost, ur\u00e1\u017eet ho, zesm\u011b\u0161\u0148ovat, kolektivn\u011b obvi\u0148ovat. Ale doty\u010dn\u00fd mus\u00ed b\u00fdt p\u0159\u00edslu\u0161n\u00edkem jen jednoho nyn\u00ed nepopul\u00e1rn\u00edho konkr\u00e9tn\u00edho n\u00e1roda, u v\u0161ech ostatn\u00edch by to bylo trestn\u00e9.<\/p>\n<p>Jen\u017ee u v\u0161ech ostatn\u00edch nen\u00ed p\u0159ijateln\u00e9 nejen nad\u00e1vat a ur\u00e1\u017eet, ale prost\u011b i jen kritizovat, \u010di pouze pojmenov\u00e1vat. A tak kolem sebe sly\u0161\u00edme sam\u00e9 komick\u00e9 \u0161roubovan\u00e9 opisy toho, \u017ee n\u011bjak\u00fd arabsk\u00fd \u010di cik\u00e1nsk\u00fd spratek n\u011bkomu s radost\u00ed ubl\u00ed\u017eil. A my mus\u00edme \u010d\u00edst mezi \u0159\u00e1dky.<\/p>\n<p>Div\u00edme se, \u017ee n\u011bkde se men\u0161inov\u00e1 etnika st\u00e1vaj\u00ed ur\u010dovateli pravidel pro v\u0161echny ostatn\u00ed, \u017ee se pasuj\u00ed do role nedotknuteln\u00fdch, kte\u0159\u00ed si mohou d\u011blat cokoli, co se jim zl\u00edb\u00ed? Nedivme se. Je celkem p\u0159irozen\u00e9 vyu\u017e\u00edt \u0161anci, kterou n\u011bkdo z hlouposti poskytne. A na\u0161e civilizace tuto \u0161anci poskytuje. Pocit beztrestnosti, pocit uk\u0159ivd\u011bnosti, pocit n\u00e1roku na bezpracn\u00fd \u017eivot. To my za to m\u016f\u017eeme. \u0158\u00edk\u00e1me: my jsme ti hodn\u00ed, co v\u00e1s nikdy nebudeme omezovat, nejsme p\u0159ece rasisti.<\/p>\n<p>Tak jo, tak neomezujete, te\u010f budeme diktovat pravidla my, sly\u0161\u00edme jako ozv\u011bnu sv\u00e9ho \u201emy to zvl\u00e1dneme, bu\u010fte v\u00edt\u00e1ni.\u201c Te\u010f u\u017e leckde procit\u00e1 nejen naivn\u00ed ve\u0159ejnost, ale opatrn\u011b i st\u00e1tn\u00ed instituce. Ale ono u\u017e je pozd\u011b. Nevratn\u00e9 zm\u011bny ve spole\u010dnosti nastaly. Pou\u010d\u00edme se?<\/p>\n<\/div>\n<p><a href=\"https:\/\/jakl.blog.idnes.cz\/blog.aspx?c=803583\">Zdroj<\/a><\/p>\n","protected":false},"excerpt":{"rendered":"<p>Dne\u0161n\u00ed \u010dten\u00e1\u0159 mus\u00ed um\u011bt \u010d\u00edst mezi \u0159\u00e1dky. Politick\u00e1 korektnost, konformita, snaha p\u0159izp\u016fsobit se, to v\u0161e br\u00e1n\u00ed novin\u00e1\u0159\u016fm, politik\u016fm, \u00fa\u0159edn\u00edk\u016fm \u010di policist\u016fm \u0159\u00edkat, \u017ee kole\u010dko nen\u00ed \u010dtvere\u010dek, b\u00edl\u00e1 nen\u00ed \u010dern\u00e1 a ko\u010dka nen\u00ed pes.<\/p>\n","protected":false},"author":9,"featured_media":0,"comment_status":"open","ping_status":"open","sticky":false,"template":"","format":"standard","meta":{"ngg_post_thumbnail":0,"footnotes":""},"categories":[1],"tags":[],"class_list":["post-13551","post","type-post","status-publish","format-standard","hentry","category-publikovane-clanky"],"_links":{"self":[{"href":"https:\/\/www.ladislavjakl.cz\/index.php?rest_route=\/wp\/v2\/posts\/13551","targetHints":{"allow":["GET"]}}],"collection":[{"href":"https:\/\/www.ladislavjakl.cz\/index.php?rest_route=\/wp\/v2\/posts"}],"about":[{"href":"https:\/\/www.ladislavjakl.cz\/index.php?rest_route=\/wp\/v2\/types\/post"}],"author":[{"embeddable":true,"href":"https:\/\/www.ladislavjakl.cz\/index.php?rest_route=\/wp\/v2\/users\/9"}],"replies":[{"embeddable":true,"href":"https:\/\/www.ladislavjakl.cz\/index.php?rest_route=%2Fwp%2Fv2%2Fcomments&post=13551"}],"version-history":[{"count":2,"href":"https:\/\/www.ladislavjakl.cz\/index.php?rest_route=\/wp\/v2\/posts\/13551\/revisions"}],"predecessor-version":[{"id":13553,"href":"https:\/\/www.ladislavjakl.cz\/index.php?rest_route=\/wp\/v2\/posts\/13551\/revisions\/13553"}],"wp:attachment":[{"href":"https:\/\/www.ladislavjakl.cz\/index.php?rest_route=%2Fwp%2Fv2%2Fmedia&parent=13551"}],"wp:term":[{"taxonomy":"category","embeddable":true,"href":"https:\/\/www.ladislavjakl.cz\/index.php?rest_route=%2Fwp%2Fv2%2Fcategories&post=13551"},{"taxonomy":"post_tag","embeddable":true,"href":"https:\/\/www.ladislavjakl.cz\/index.php?rest_route=%2Fwp%2Fv2%2Ftags&post=13551"}],"curies":[{"name":"wp","href":"https:\/\/api.w.org\/{rel}","templated":true}]}}