{"id":1356,"date":"2011-11-02T09:54:35","date_gmt":"2011-11-02T08:54:35","guid":{"rendered":"http:\/\/www.ladislavjakl.cz\/?p=1356"},"modified":"2011-11-02T09:54:35","modified_gmt":"2011-11-02T08:54:35","slug":"%e2%80%9eprezidentska-milost-na-prodej%e2%80%9c-%e2%80%93-prezident-vs-respekt","status":"publish","type":"post","link":"https:\/\/www.ladislavjakl.cz\/?p=1356","title":{"rendered":"\u201ePrezidentsk\u00e1 milost na prodej\u201c \u2013 Prezident vs. Respekt"},"content":{"rendered":"<p><span>T\u00fdden\u00edk Respekt p\u0159inesl sv\u011bdectv\u00ed o mo\u017en\u00e9m  &#8222;kupov\u00e1n\u00ed&#8220; milost\u00ed u prezidenta V\u00e1clava Klause. Ten podez\u0159en\u00ed odm\u00edt\u00e1 a  Respekt ozna\u010dil jako zlo\u010dinn\u00fd \u010dasopis. <\/span><\/p>\n<p><!--more--><\/p>\n<p><span>Podle n\u011bj i jeho spolupracovn\u00edk\u016f  nen\u00ed sv\u011bdectv\u00ed dostate\u010dn\u011b d\u016fv\u011bryhodn\u00e9 a nic neprokazuje. Opa\u010dn\u00fd n\u00e1zor m\u00e1  ov\u0161em \u0161\u00e9fredaktor Respektu Erik Tabery, kter\u00fd ozna\u010dil reakci hradu jako  hysterickou. Sv\u011bdectv\u00ed se op\u00edr\u00e1 o l\u00e9ka\u0159sk\u00fd z\u00e1znam psychiatra, kter\u00fd  o\u0161et\u0159oval omilostn\u011bnou Radku Kadlecovou. Milost j\u00ed pak m\u011bl za\u0159\u00eddit jej\u00ed  str\u00fdc.<\/span><\/p>\n<p><span><a href=\"http:\/\/www.ceskamedia.cz\/article.html?id=410331\" target=\"_blank\">Zdroj + videoreport\u00e1\u017e<\/a><br \/>\n<\/span><\/p>\n","protected":false},"excerpt":{"rendered":"<p>T\u00fdden\u00edk Respekt p\u0159inesl sv\u011bdectv\u00ed o mo\u017en\u00e9m &#8222;kupov\u00e1n\u00ed&#8220; milost\u00ed u prezidenta V\u00e1clava Klause. Ten podez\u0159en\u00ed odm\u00edt\u00e1 a Respekt ozna\u010dil jako zlo\u010dinn\u00fd \u010dasopis.<\/p>\n","protected":false},"author":1,"featured_media":0,"comment_status":"open","ping_status":"open","sticky":false,"template":"","format":"standard","meta":{"ngg_post_thumbnail":0,"footnotes":""},"categories":[1],"tags":[],"class_list":["post-1356","post","type-post","status-publish","format-standard","hentry","category-publikovane-clanky"],"_links":{"self":[{"href":"https:\/\/www.ladislavjakl.cz\/index.php?rest_route=\/wp\/v2\/posts\/1356","targetHints":{"allow":["GET"]}}],"collection":[{"href":"https:\/\/www.ladislavjakl.cz\/index.php?rest_route=\/wp\/v2\/posts"}],"about":[{"href":"https:\/\/www.ladislavjakl.cz\/index.php?rest_route=\/wp\/v2\/types\/post"}],"author":[{"embeddable":true,"href":"https:\/\/www.ladislavjakl.cz\/index.php?rest_route=\/wp\/v2\/users\/1"}],"replies":[{"embeddable":true,"href":"https:\/\/www.ladislavjakl.cz\/index.php?rest_route=%2Fwp%2Fv2%2Fcomments&post=1356"}],"version-history":[{"count":1,"href":"https:\/\/www.ladislavjakl.cz\/index.php?rest_route=\/wp\/v2\/posts\/1356\/revisions"}],"predecessor-version":[{"id":1357,"href":"https:\/\/www.ladislavjakl.cz\/index.php?rest_route=\/wp\/v2\/posts\/1356\/revisions\/1357"}],"wp:attachment":[{"href":"https:\/\/www.ladislavjakl.cz\/index.php?rest_route=%2Fwp%2Fv2%2Fmedia&parent=1356"}],"wp:term":[{"taxonomy":"category","embeddable":true,"href":"https:\/\/www.ladislavjakl.cz\/index.php?rest_route=%2Fwp%2Fv2%2Fcategories&post=1356"},{"taxonomy":"post_tag","embeddable":true,"href":"https:\/\/www.ladislavjakl.cz\/index.php?rest_route=%2Fwp%2Fv2%2Ftags&post=1356"}],"curies":[{"name":"wp","href":"https:\/\/api.w.org\/{rel}","templated":true}]}}