{"id":13576,"date":"2023-07-12T23:38:55","date_gmt":"2023-07-12T21:38:55","guid":{"rendered":"https:\/\/www.ladislavjakl.cz\/?p=13576"},"modified":"2023-07-12T23:38:55","modified_gmt":"2023-07-12T21:38:55","slug":"jiste-pane-tajemniku-ztratilo-protestni-hnuti-jiskru-co-je-za-tim-vladnouci-moci-vadi-nejvice-komunikace-napric-opozicni-scenou-napady-petra-pavla-znojemske-okurky-a-okupacni-smlouva-s-usa-stej","status":"publish","type":"post","link":"https:\/\/www.ladislavjakl.cz\/?p=13576","title":{"rendered":"Jist\u011b, pane tajemn\u00edku: Ztratilo protestn\u00ed hnut\u00ed jiskru? Co je za t\u00edm? Vl\u00e1dnouc\u00ed moci vad\u00ed nejv\u00edce komunikace nap\u0159\u00ed\u010d opozi\u010dn\u00ed sc\u00e9nou. N\u00e1pady Petra Pavla. Znojemsk\u00e9 okurky a okupa\u010dn\u00ed smlouva s USA. Stejn\u00fd koloniza\u010dn\u00ed koncept?"},"content":{"rendered":"<p><a class=\"clkAutor\" href=\"https:\/\/protiproud.info\/autor\/protiproud-tv.htm\">PROTIPROUD TV<\/a>&nbsp;vys\u00edl\u00e1 ob\u010dasn\u00fd po\u0159ad Jist\u011b, pane tajemn\u00edku, v n\u011bm\u017e si o nejpal\u010div\u011bj\u0161\u00edch probl\u00e9mech doby vymknut\u00e9 z kloubu pov\u00edd\u00e1 Petr H\u00e1jek s tajemn\u00edkem exprezidenta Ladislavem Jaklem<\/p>\n<p><!--more--><\/p>\n<div id=\"ArticleTop\">\n<p class=\"clkPerex\">&nbsp;<\/p>\n<\/div>\n<div id=\"Article\">\n<p><iframe loading=\"lazy\" src=\"https:\/\/www.youtube.com\/embed\/a4vMZOnyt9k\" width=\"546\" height=\"410\" data-mce-fragment=\"1\"><\/iframe><\/p>\n<p class=\"p1\"><em>Pokud si chcete b\u011bhem p\u0159ehr\u00e1v\u00e1n\u00ed z tohoto vlo\u017een\u00e9ho okna pustit video na celou obrazovku, klikn\u011bte vlevo dole na logo YouTube, a pot\u00e9 na \u010dtvercov\u00fd symbol v prav\u00e9m doln\u00edm rohu. V\u0161echny \u010dl\u00e1nky k vide\u00edm PPTV&nbsp;<a href=\"https:\/\/protiproud.info\/tags\/pptv.htm\">naleznete ZDE<\/a>.<\/em><\/p>\n<p class=\"p1\"><em><strong>Obsah:<\/strong><\/em><\/p>\n<ul>\n<li>00:00 Jist\u011b, pane tajemn\u00edku<\/li>\n<li>03:30 Jak\u00fd l\u00e9k na sou\u010dasn\u00fd politick\u00fd a spole\u010densk\u00fd pr\u016f\u0161vih?<\/li>\n<li>06:05 Nutnost nal\u00e9zat shodu&nbsp;<\/li>\n<li>07:20 Pro\u010d ztratilo s\u00edlu protestn\u00ed hnut\u00ed masov\u00fdch demonstrac\u00ed z podzimu?<\/li>\n<li>09:13 Z\u00e1kladn\u00edm motorem prosperuj\u00edho st\u00e1tu je svobodn\u00fd jednotlivec<\/li>\n<li>10:02 Sebedestrukce Z\u00e1padu<\/li>\n<li>11:26 Vl\u00e1dnouc\u00ed moci vad\u00ed nejv\u00edce komunikace nap\u0159\u00ed\u010d opozi\u010dn\u00ed sc\u00e9nou<\/li>\n<li>13:30 Chyb\u00ed opozici ideov\u00e1 z\u00e1kladna?<\/li>\n<li>16:10 Pro\u010d zmizela levice a pravice?<\/li>\n<li>19:20 Odv\u011bk\u00fd boj o pr\u00e1vo na politick\u00fd z\u00e1jem a sdru\u017eov\u00e1n\u00ed se k jeho prosazov\u00e1n\u00ed<\/li>\n<li>20:50 Summit NATO ve Vilniusu: Nic, jako v\u017edycky<\/li>\n<li>24:40 Je dne\u0161n\u00ed situace podobn\u00e1 jako p\u0159ed 1. sv\u011btovou v\u00e1lkou?<\/li>\n<li>26:30 Jak dlouho m\u00e1 trvat jeden pokus podle Petra Pavla?<\/li>\n<li>27:06 \u00dazemn\u00ed zisky ofenzivy Kyjeva jsou 0,17 procent. Takto by se na Krym dostali za 600 let<\/li>\n<li>29:20 V\u00edt\u011bzstv\u00ed nad Ruskem bez pou\u017eit\u00ed jadern\u00fdch zbran\u00ed nen\u00ed mo\u017en\u00e9<\/li>\n<li>30:50 Dohoda nebo trvale zamrznut\u00fd konflikt na Ukrajin\u011b?<\/li>\n<li>32:05 P\u0159esta\u0148te st\u0159\u00edlet te\u010f hned!<\/li>\n<li>36:20 Vstup Ukrajiny a Turecka do EU? Nejrychlej\u0161\u00ed cesta k rozpadu unie<\/li>\n<li>38:40 Protektor\u00e1tn\u00ed smlouva o pobytu americk\u00fdch vojsk na na\u0161em \u00fazem\u00ed<\/li>\n<li>39:40 Konec Znojemsk\u00fdch okurek je v\u00edc ne\u017e to<\/li>\n<li>44:20 Z\u00e1nik \u010desk\u00fdch cukrovar\u016f skrze objednan\u00e9 kv\u00f3ty z Bruselu<\/li>\n<li>46:17 Kolonizace \u010cR pomoc\u00ed \u010desko-americk\u00e9 smlouvy o pobytu ciz\u00edch vojsk<\/li>\n<li>47:08 M\u00e1me vl\u00e1dn\u00ed reprezentaci, kter\u00e1 n\u00e1s prod\u00e1v\u00e1 Bruselu a Washingtonu<\/li>\n<li>47:40 Tak co, pane tajemn\u00edku, vezmete do do rukou?<\/li>\n<\/ul>\n<p><a href=\"https:\/\/protiproud.info\/politika\/7306-jiste-pane-tajemniku-ztratilo-protestni-hnuti-jiskru-co-je-za-tim-vladnouci-moci-vadi-nejvice-komunikace-napric-opozicni-scenou-napady-petra-pavla-znojemske-okurky-a-okupacni-smlouva-s-usa-stejny-kolonizacni-koncept.htm\">Zdroj<\/a><\/p>\n<\/div>\n","protected":false},"excerpt":{"rendered":"<p>PROTIPROUD TV&nbsp;vys\u00edl\u00e1 ob\u010dasn\u00fd po\u0159ad Jist\u011b, pane tajemn\u00edku, v n\u011bm\u017e si o nejpal\u010div\u011bj\u0161\u00edch probl\u00e9mech doby vymknut\u00e9 z kloubu pov\u00edd\u00e1 Petr H\u00e1jek s tajemn\u00edkem exprezidenta Ladislavem Jaklem<\/p>\n","protected":false},"author":9,"featured_media":0,"comment_status":"open","ping_status":"open","sticky":false,"template":"","format":"standard","meta":{"ngg_post_thumbnail":0,"footnotes":""},"categories":[13],"tags":[],"class_list":["post-13576","post","type-post","status-publish","format-standard","hentry","category-rozhovory"],"_links":{"self":[{"href":"https:\/\/www.ladislavjakl.cz\/index.php?rest_route=\/wp\/v2\/posts\/13576","targetHints":{"allow":["GET"]}}],"collection":[{"href":"https:\/\/www.ladislavjakl.cz\/index.php?rest_route=\/wp\/v2\/posts"}],"about":[{"href":"https:\/\/www.ladislavjakl.cz\/index.php?rest_route=\/wp\/v2\/types\/post"}],"author":[{"embeddable":true,"href":"https:\/\/www.ladislavjakl.cz\/index.php?rest_route=\/wp\/v2\/users\/9"}],"replies":[{"embeddable":true,"href":"https:\/\/www.ladislavjakl.cz\/index.php?rest_route=%2Fwp%2Fv2%2Fcomments&post=13576"}],"version-history":[{"count":1,"href":"https:\/\/www.ladislavjakl.cz\/index.php?rest_route=\/wp\/v2\/posts\/13576\/revisions"}],"predecessor-version":[{"id":13577,"href":"https:\/\/www.ladislavjakl.cz\/index.php?rest_route=\/wp\/v2\/posts\/13576\/revisions\/13577"}],"wp:attachment":[{"href":"https:\/\/www.ladislavjakl.cz\/index.php?rest_route=%2Fwp%2Fv2%2Fmedia&parent=13576"}],"wp:term":[{"taxonomy":"category","embeddable":true,"href":"https:\/\/www.ladislavjakl.cz\/index.php?rest_route=%2Fwp%2Fv2%2Fcategories&post=13576"},{"taxonomy":"post_tag","embeddable":true,"href":"https:\/\/www.ladislavjakl.cz\/index.php?rest_route=%2Fwp%2Fv2%2Ftags&post=13576"}],"curies":[{"name":"wp","href":"https:\/\/api.w.org\/{rel}","templated":true}]}}