{"id":13578,"date":"2023-07-13T19:06:39","date_gmt":"2023-07-13T17:06:39","guid":{"rendered":"https:\/\/www.ladislavjakl.cz\/?p=13578"},"modified":"2023-07-13T19:06:39","modified_gmt":"2023-07-13T17:06:39","slug":"je-horko-jako-v-lete-i-na-ukrajine","status":"publish","type":"post","link":"https:\/\/www.ladislavjakl.cz\/?p=13578","title":{"rendered":"Je horko jako v l\u00e9t\u011b. I na Ukrajin\u011b"},"content":{"rendered":"<p>Je teplo. Skoro jako n\u011bkdy v&nbsp;\u010dervenci. S&nbsp;t\u00edm by se m\u011blo n\u011bco d\u011blat. Dnes m\u00e1 b\u00fdt 26 stup\u0148\u016f, z\u00edtra 28 a v&nbsp;sobotu dokonce 34. Kdyby bylo l\u00e9to, ne\u0159eknu, ale te\u010f?! Takov\u00e9 vedro? Gr\u00e9to, zakro\u010d!<\/p>\n<p><!--more--><\/p>\n<p>Nediv\u00edm se na\u0161im novin\u00e1\u0159\u016fm, redaktor\u016fm, report\u00e9r\u016fm a editor\u016fm, \u017ee si v\u016fbec nepot\u0159ebuj\u00ed vym\u00fd\u0161let zpr\u00e1vy o industri\u00e1ln\u00edch u\u010ditelk\u00e1ch pokousan\u00fdch \u017eralokem na Jadranu. Titulky se nab\u00edzej\u00ed samy. \u201eSpaluj\u00edc\u00ed \u017e\u00e1r se\u017eehne \u010cesko.\u201c \u201eP\u0159ich\u00e1zej\u00ed \u00famorn\u00e1 vedra.\u201c \u201eVlna neobvykl\u00e9ho horka zas\u00e1hne na\u0161e \u00fazem\u00ed.\u201c<\/p>\n<p>Kdepak nuda. Tohle je hotov\u00e9 drama. Kupte si popcorn a sedn\u011bte si do prvn\u00ed \u0159ady. Uvid\u00edte thriller o tom, jak ulicemi jedou kropic\u00ed vozy, jak v&nbsp;drogeri\u00edch do\u0161el opalovac\u00ed kr\u00e9m, jak se na \u0160umav\u011b roz\u0161\u00ed\u0159ili divoc\u00ed velbloudi a jak lid\u00e9 berou \u00fatokem koupali\u0161t\u011b, kter\u00e1 praskaj\u00ed ve \u0161vech. Bez onoho bran\u00ed \u00fatokem a prask\u00e1n\u00ed \u0161v\u016f se v&nbsp;dne\u0161n\u00ed novina\u0159in\u011b neobejdete.<\/p>\n<p>A to m\u00e1m strach, \u017ee zdivo\u010del\u00e1 klimatick\u00e1 zm\u011bna ne\u0159ekla posledn\u00ed slovo. Je dost mo\u017en\u00e9, \u017ee v&nbsp;lednu bude mrznout. A to bude teprve katastrofa. Nebo v\u016fbec mrznout nebude. A to bude teprve katastrofa. Ve sv\u011btle t\u011bchto hr\u016fz se zdaj\u00ed b\u00fdt zpr\u00e1vy o konfliktu na Donbase malichern\u00fdmi. Ale p\u0159esto za pozornost stoj\u00ed.<\/p>\n<p>Koncem lo\u0148sk\u00e9ho roku ohl\u00e1sil \u0161\u00e9f ukrajinsk\u00e9 rozv\u011bdky, \u017ee na ja\u0159e bude spu\u0161t\u011bna velk\u00e1 ukrajinsk\u00e1 protiofenz\u00edva, na jej\u00edm\u017e konci bude obnova kyjevsk\u00e9 kontroly nad Krymem i Don\u011bckou a Luhanskou oblast\u00ed. Na za\u010d\u00e1tku leto\u0161n\u00edho roku to pak up\u0159esnil s t\u00edm, \u017ee Krym bude dobyt do konce jara. N\u00e1\u0161 prezident v&nbsp;kv\u011btnu \u0159ekl, \u017ee Ukrajina m\u00e1 jen jeden pokus na to, aby protiofenz\u00edva dos\u00e1hla sv\u00fdch c\u00edl\u016f.<\/p>\n<p>Zrovna v&nbsp;moment\u011b, kdy jsem se cht\u011bl zeptat, co je t\u00edm jedn\u00edm pokusem my\u0161leno, jestli \u0161est t\u00fddn\u016f, \u0161est m\u011bs\u00edc\u016f, \u0161est let nebo 600 let, prezident republiky nyn\u00ed s\u00e1m od sebe up\u0159esnil, \u017ee t\u00edm myslel okno do konce kalend\u00e1\u0159n\u00edho roku. Jist\u011b to ale ne\u0159ekl s\u00e1m od sebe. Velmi dob\u0159e zn\u00e1 z\u00e1m\u011bry hlavn\u00edho hr\u00e1\u010de Z\u00e1padu: sou\u010dasn\u00e9 americk\u00e9 vl\u00e1dy.<\/p>\n<p>Za\u010d\u00edn\u00e1 se vyjas\u0148ovat, jak\u00fd sc\u00e9n\u00e1\u0159 sleduj\u00ed mocensk\u00e1 centra Z\u00e1padu. V\u00edt\u011bzstv\u00ed Ukrajiny v&nbsp;jejich sc\u00e9n\u00e1\u0159i nen\u00ed. Prohr\u00e1vaj\u00edc\u00ed Rusko by mohlo zma\u010dknout \u010derven\u00fd knofl\u00edk a pora\u017een\u00e9 Rusko by se stalo prostorem zu\u0159\u00edc\u00edho vz\u00e1jemn\u00e9ho konfliktu extremistick\u00fdch sil. Konfliktu, kter\u00fd si Z\u00e1pad nep\u0159eje. Z\u00e1pad si nep\u0159eje ani snadn\u00e9 v\u00edt\u011bzstv\u00ed Ruska. A pokud by ho snad dopustil, tak jen takov\u00e9 v\u00edt\u011bzstv\u00ed, kter\u00e9 bude Rusko \u0159\u00e1dn\u011b bolet a kter\u00e9 ho na des\u00edtky let vy\u0159ad\u00ed z&nbsp;prvn\u00ed ligy sv\u011btov\u00fdch mocnost\u00ed.<\/p>\n<p>To je pl\u00e1n. A nejsp\u00ed\u0161e ho bude i dosa\u017eeno. Cestou zamrzl\u00e9ho bolestn\u00e9ho v\u00e1le\u010dn\u00e9ho stavu, doprov\u00e1zen\u00e9ho dept\u00e1n\u00edm Ukrajiny rusk\u00fdm medv\u011bdem s&nbsp;vyl\u00e1man\u00fdmi zuby. Za \u0161est t\u00fddn\u016f obnovil Kyjev kontrolu nad 0.17 procenty \u00fazem\u00ed, kter\u00e9 bylo p\u0159ed zah\u00e1jen\u00edm protiofenz\u00edvy kontrolov\u00e1no Ruskem. T\u00edmto tempem bude obnovena svrchovanost kyjevsk\u00e9 moci nad cel\u00fdm \u00fazem\u00edm Ukrajiny podle hranic z&nbsp;roku 2014 ji\u017e za n\u011bjak\u00fdch 60 let.<\/p>\n<p>Nezd\u00e1 se, \u017ee by to rozhoduj\u00edc\u00edm sil\u00e1m Z\u00e1padu n\u011bjak vadilo. Naopak, to je c\u00edl. Krv\u00e1cet co nejd\u00e9le. Obrazn\u011b i doslova. Jen to asi je\u0161t\u011b nikdo ne\u0159ekl Ukrajinc\u016fm a jejich vl\u00e1d\u011b. Jinak by prezident Zelenskyj nemohl b\u00fdt ve Vilniusu tak zklam\u00e1n a p\u0159ekvapen.<\/p>\n<p><em>Ladislav Jakl, 13. \u010dervence 2023<\/em><\/p>\n<p><a href=\"https:\/\/www.institutvk.cz\/clanky\/2409.html\">Zdroj<\/a><\/p>\n","protected":false},"excerpt":{"rendered":"<p>Je teplo. Skoro jako n\u011bkdy v&nbsp;\u010dervenci. S&nbsp;t\u00edm by se m\u011blo n\u011bco d\u011blat. Dnes m\u00e1 b\u00fdt 26 stup\u0148\u016f, z\u00edtra 28 a v&nbsp;sobotu dokonce 34. Kdyby bylo l\u00e9to, ne\u0159eknu, ale te\u010f?! Takov\u00e9 vedro? Gr\u00e9to, zakro\u010d!<\/p>\n","protected":false},"author":9,"featured_media":0,"comment_status":"open","ping_status":"open","sticky":false,"template":"","format":"standard","meta":{"ngg_post_thumbnail":0,"footnotes":""},"categories":[1],"tags":[],"class_list":["post-13578","post","type-post","status-publish","format-standard","hentry","category-publikovane-clanky"],"_links":{"self":[{"href":"https:\/\/www.ladislavjakl.cz\/index.php?rest_route=\/wp\/v2\/posts\/13578","targetHints":{"allow":["GET"]}}],"collection":[{"href":"https:\/\/www.ladislavjakl.cz\/index.php?rest_route=\/wp\/v2\/posts"}],"about":[{"href":"https:\/\/www.ladislavjakl.cz\/index.php?rest_route=\/wp\/v2\/types\/post"}],"author":[{"embeddable":true,"href":"https:\/\/www.ladislavjakl.cz\/index.php?rest_route=\/wp\/v2\/users\/9"}],"replies":[{"embeddable":true,"href":"https:\/\/www.ladislavjakl.cz\/index.php?rest_route=%2Fwp%2Fv2%2Fcomments&post=13578"}],"version-history":[{"count":1,"href":"https:\/\/www.ladislavjakl.cz\/index.php?rest_route=\/wp\/v2\/posts\/13578\/revisions"}],"predecessor-version":[{"id":13579,"href":"https:\/\/www.ladislavjakl.cz\/index.php?rest_route=\/wp\/v2\/posts\/13578\/revisions\/13579"}],"wp:attachment":[{"href":"https:\/\/www.ladislavjakl.cz\/index.php?rest_route=%2Fwp%2Fv2%2Fmedia&parent=13578"}],"wp:term":[{"taxonomy":"category","embeddable":true,"href":"https:\/\/www.ladislavjakl.cz\/index.php?rest_route=%2Fwp%2Fv2%2Fcategories&post=13578"},{"taxonomy":"post_tag","embeddable":true,"href":"https:\/\/www.ladislavjakl.cz\/index.php?rest_route=%2Fwp%2Fv2%2Ftags&post=13578"}],"curies":[{"name":"wp","href":"https:\/\/api.w.org\/{rel}","templated":true}]}}