{"id":1358,"date":"2011-11-02T09:55:46","date_gmt":"2011-11-02T08:55:46","guid":{"rendered":"http:\/\/www.ladislavjakl.cz\/?p=1358"},"modified":"2011-11-02T09:55:46","modified_gmt":"2011-11-02T08:55:46","slug":"nackove-uz-i-v-tydnu","status":"publish","type":"post","link":"https:\/\/www.ladislavjakl.cz\/?p=1358","title":{"rendered":"N\u00e1ckov\u00e9 u\u017e i v T\u00fddnu?"},"content":{"rendered":"<p>Prezident V\u00e1clav Klaus v p\u00e1tek ve\u010der ud\u011blil \u00fasp\u011b\u0161n\u00e9mu \u010desk\u00e9mu  podnikateli Zby\u0148ku Frol\u00edkovi medaili Za z\u00e1sluhy o st\u00e1t pr\u00e1v\u011b v roce,  kdy jeho z\u00e1sluhy v\u00fdrazn\u011b poklesly. Frol\u00edk toti\u017e letos p\u0159enesl da\u0148ov\u00e9  s\u00eddlo sv\u00e9 firmy do Nizozemska. Hradu to nevad\u00ed. &#8222;Tady v EU jsme v\u0161ichni  jedna velk\u00e1 rodina,&#8220; \u0159ekl prezident\u016fv tajemn\u00edk Ladislav Jakl.<\/p>\n<p><!--more--><\/p>\n<p>Cel\u00fdch dvacet let m\u011bla z rostouc\u00edho byznysu Zby\u0148ka Frol\u00edka velk\u00fd  u\u017eitek tak\u00e9 st\u00e1tn\u00ed kasa. A\u017e od leto\u0161n\u00edho roku to tak \u00fapln\u011b neplat\u00ed.  Frol\u00edkova firma Linet, kter\u00e1 dod\u00e1v\u00e1 sv\u00e1 zdravotnick\u00e1 l\u016f\u017eka t\u0159em tis\u00edc\u016fm  nemocnic v 93 zem\u00edch sv\u011bta, za\u010dala od leto\u0161n\u00edho \u010dervna platit dan\u011b v  Nizozemsku. A \u010dty\u0159i m\u011bs\u00edce pot\u00e9, co Frol\u00edk p\u0159enesl da\u0148ov\u00e9 s\u00eddlo firmy do  ciziny, z\u00edskal od prezidenta V\u00e1clava Klause medaili Za z\u00e1sluhy.<\/p>\n<p>Bral prezident v \u00favahu, \u017ee firma u\u017e neplat\u00ed dan\u011b v \u010cesku? Ocenil  prezident medail\u00ed i skute\u010dnost, \u017ee se s\u00eddlo Linetu p\u0159est\u011bhovalo na  Z\u00e1pad? &#8222;A nejste vy n\u011bjak\u00fd n\u00e1cek? V\u017edy\u0165 jsme p\u0159ece tady v EU v\u0161ichni  jedna velk\u00e1 rodina,&#8220; odpov\u011bd\u011bl na ot\u00e1zky on-line den\u00edku T\u00ddDEN.CZ  prezident\u016fv tajemn\u00edk Ladislav Jakl.<\/p>\n<p>Pikantn\u00ed na p\u0159\u00edb\u011bhu Frol\u00edkova honorov\u00e1n\u00ed je skute\u010dnost, \u017ee mu na\u017eivo  p\u0159ihl\u00ed\u017eelo velk\u00e9 mno\u017estv\u00ed lid\u00ed, kte\u0159\u00ed odchod jeho firmy zp\u016fsobili. Linet  toti\u017e neode\u0161el kv\u016fli ni\u017e\u0161\u00edm dan\u00edm\u00a0&#8211; firmy plat\u00ed v Nizozemsku da\u0148 ve  v\u00fd\u0161i 30 procent, v \u010cesku 19 procent. K rozhodnut\u00ed vedlo roz\u010darov\u00e1n\u00ed z  \u010desk\u00e9 politiky, jej\u00ed\u017e v\u00fdkv\u011bt sed\u011bl v p\u00e1tek 28. \u0159\u00edjna ve Vladislavsk\u00e9m  s\u00e1le Pra\u017esk\u00e9ho hradu.<\/p>\n<p>&#8222;Ned\u011bl\u00e1 mi \u00fapln\u011b dob\u0159e, kdy\u017e si elita v parlamentu stanov\u00ed pravidla  tak, aby to vyhovovalo p\u0159edev\u0161\u00edm j\u00ed, a kdy\u017e pozd\u011bji pot\u0159ebuje, tak je  zm\u011bn\u00ed,&#8220; zd\u016fvod\u0148oval Frol\u00edk pro server \u010cesk\u00e1 pozice u\u017e na ja\u0159e, pro\u010d  Linet nebude platit dan\u011b v \u010cesku. M\u00edra jeho trp\u011blivosti p\u0159etekla, kdy\u017e  sledoval podivuhodn\u00e9 po\u010d\u00edn\u00e1n\u00ed poslanc\u016f kolem fotovoltaick\u00e9ho byznysu.<\/p>\n<p>N\u00e1zory na \u010deskou politickou sc\u00e9nu shrnul lapid\u00e1rn\u011b o n\u011bco pozd\u011bji v  on-line rozhovoru pro server Ihned.cz: &#8222;Pravicov\u00ed politici jsou asi  chyt\u0159ej\u0161\u00ed, a proto jejich metody jsou sofistikovan\u011bj\u0161\u00ed. Levicov\u00ed jsou  chud\u0161\u00ed a zase cht\u011bj\u00ed rychleji zbohatnout. Ale kdy\u017e jde o korup\u010dn\u00ed  byznys, asi se dok\u00e1\u017eou dohodnout bez ohledu na partaj.&#8220;<\/p>\n<p>Ve zm\u00edn\u011bn\u00e9m rozhovoru n\u011bkolikr\u00e1t zd\u016fraznil, \u017ee on se ke korup\u010dn\u00edmu  jedn\u00e1n\u00ed nikdy nesn\u00ed\u017eil\u00a0&#8211; sna\u017eil se p\u0159esv\u011bd\u010dit kvalitou sv\u00fdch v\u00fdrobk\u016f.  Firmu Linet Frol\u00edk zalo\u017eil v roce 1990 jako z\u00e1me\u010dnickou d\u00edlnu s jedn\u00edm  zam\u011bstnancem.<\/p>\n<p><a href=\"http:\/\/www.tyden.cz\/rubriky\/domaci\/byznysmen-vyznamenany-klausem-utekl-s-firmou-na-zapad_216016.html\" target=\"_blank\">Zdroj<\/a><\/p>\n","protected":false},"excerpt":{"rendered":"<p>Prezident V\u00e1clav Klaus v p\u00e1tek ve\u010der ud\u011blil \u00fasp\u011b\u0161n\u00e9mu \u010desk\u00e9mu podnikateli Zby\u0148ku Frol\u00edkovi medaili Za z\u00e1sluhy o st\u00e1t pr\u00e1v\u011b v roce, kdy jeho z\u00e1sluhy v\u00fdrazn\u011b poklesly. Frol\u00edk toti\u017e letos p\u0159enesl da\u0148ov\u00e9 s\u00eddlo sv\u00e9 firmy do Nizozemska. Hradu to nevad\u00ed. &#8222;Tady v EU jsme v\u0161ichni jedna velk\u00e1 rodina,&#8220; \u0159ekl prezident\u016fv tajemn\u00edk Ladislav Jakl.<\/p>\n","protected":false},"author":1,"featured_media":0,"comment_status":"open","ping_status":"open","sticky":false,"template":"","format":"standard","meta":{"ngg_post_thumbnail":0,"footnotes":""},"categories":[11],"tags":[],"class_list":["post-1358","post","type-post","status-publish","format-standard","hentry","category-ozvena"],"_links":{"self":[{"href":"https:\/\/www.ladislavjakl.cz\/index.php?rest_route=\/wp\/v2\/posts\/1358","targetHints":{"allow":["GET"]}}],"collection":[{"href":"https:\/\/www.ladislavjakl.cz\/index.php?rest_route=\/wp\/v2\/posts"}],"about":[{"href":"https:\/\/www.ladislavjakl.cz\/index.php?rest_route=\/wp\/v2\/types\/post"}],"author":[{"embeddable":true,"href":"https:\/\/www.ladislavjakl.cz\/index.php?rest_route=\/wp\/v2\/users\/1"}],"replies":[{"embeddable":true,"href":"https:\/\/www.ladislavjakl.cz\/index.php?rest_route=%2Fwp%2Fv2%2Fcomments&post=1358"}],"version-history":[{"count":1,"href":"https:\/\/www.ladislavjakl.cz\/index.php?rest_route=\/wp\/v2\/posts\/1358\/revisions"}],"predecessor-version":[{"id":1359,"href":"https:\/\/www.ladislavjakl.cz\/index.php?rest_route=\/wp\/v2\/posts\/1358\/revisions\/1359"}],"wp:attachment":[{"href":"https:\/\/www.ladislavjakl.cz\/index.php?rest_route=%2Fwp%2Fv2%2Fmedia&parent=1358"}],"wp:term":[{"taxonomy":"category","embeddable":true,"href":"https:\/\/www.ladislavjakl.cz\/index.php?rest_route=%2Fwp%2Fv2%2Fcategories&post=1358"},{"taxonomy":"post_tag","embeddable":true,"href":"https:\/\/www.ladislavjakl.cz\/index.php?rest_route=%2Fwp%2Fv2%2Ftags&post=1358"}],"curies":[{"name":"wp","href":"https:\/\/api.w.org\/{rel}","templated":true}]}}