{"id":13594,"date":"2023-08-03T18:56:06","date_gmt":"2023-08-03T16:56:06","guid":{"rendered":"https:\/\/www.ladislavjakl.cz\/?p=13594"},"modified":"2023-08-03T18:56:06","modified_gmt":"2023-08-03T16:56:06","slug":"system-a-antisystem","status":"publish","type":"post","link":"https:\/\/www.ladislavjakl.cz\/?p=13594","title":{"rendered":"Syst\u00e9m a antisyst\u00e9m"},"content":{"rendered":"<p>Ministerstvo vnitra vydalo zpr\u00e1vu o tom, \u017ee u n\u00e1s s\u00edl\u00ed antisyst\u00e9mov\u00e9 hnut\u00ed a \u017ee pr\u00fd dokonce zasti\u0148uje extremistickou sc\u00e9nu. Lid\u00e9, kte\u0159\u00ed d\u00e1vaj\u00ed najevo nespokojenost se sou\u010dasnou spole\u010denskou a politickou situac\u00ed tak maj\u00ed kone\u010dn\u011b ofici\u00e1ln\u00ed raz\u00edtko, \u017ee jsou d\u016fle\u017eit\u00ed. Jinak by t\u0159eba m\u011bli komplexy, \u017ee nikoho nezaj\u00edmaj\u00ed.<\/p>\n<p><!--more--><\/p>\n<p>Extremismus jako politologick\u00fd a dokonce trestn\u011bpr\u00e1vn\u00ed pojem jist\u011b zasluhuje samostatn\u00fd rozbor. Je extremistou ten, kdo po\u017eaduje zcela voln\u00fd trh bez z\u00e1sah\u016f st\u00e1tu, kdo po\u017eaduje radik\u00e1ln\u00ed omezen\u00ed byrokracie a agendy, kterou si p\u0159ivlastnil st\u00e1t a jeho instituce, kdo vol\u00e1 po radik\u00e1ln\u00ed ochran\u011b individu\u00e1ln\u00edch svobod a proti jejich omezov\u00e1n\u00ed soci\u00e1ln\u011b in\u017een\u00fdrsk\u00fdmi a kolektivistick\u00fdmi koncepty? Pak se hrd\u011b hl\u00e1s\u00edm k&nbsp;extremismu. Ostatn\u011b, nikdy jsem nem\u011bl probl\u00e9m, kdy\u017e m\u011b n\u011bkdo ozna\u010dil za stoupence krajn\u00ed pravice. Pravice je u mne individualismus a svoboda, levice je u mne etatismus a vnucov\u00e1n\u00ed kolektivistick\u00e9ho dobra. Pak krajn\u00ed levice prosazuje konec soukrom\u00e9ho vlastnictv\u00ed, zn\u00e1rodn\u011bn\u00ed a zru\u0161en\u00ed politick\u00e9 plurality, krajn\u00ed pravice zase vymeten\u00ed socialistick\u00e9ho haraburd\u00ed z&nbsp;na\u0161eho pr\u00e1vn\u00edho \u0159\u00e1du a z denn\u00ed praxe exekutivn\u00edch org\u00e1n\u016f. Tak jednoduch\u00e9 to je.<\/p>\n<p>Daleko zaj\u00edmav\u011bj\u0161\u00ed je proto podrobit zkoum\u00e1n\u00ed pojem \u201esyst\u00e9m\u201c a \u201eantisyst\u00e9movost\u201c jako odm\u00edt\u00e1n\u00ed onoho syst\u00e9mu. Ale jak\u00e9ho? Jak\u00e9 jsou atributy spole\u010densk\u00e9ho a politick\u00e9ho syst\u00e9mu, ve kter\u00e9m \u017eijeme? T\u0159eba svobodn\u00e9 volby? A co obn\u00e1\u0161\u00ed svobodn\u00e9 volby? Rovnost hlas\u016f a tajn\u00e9 a p\u0159\u00edm\u00e9 hlasov\u00e1n\u00ed. Tak\u017ee kdo obhajuje, aby propadly hlasy lid\u00ed, kte\u0159\u00ed vol\u00ed strany se ziskem pod p\u011btiprocentn\u00ed klausuli, ten je antisyst\u00e9mov\u00fd? A obh\u00e1jce koresponden\u010dn\u00ed nebo elektronick\u00e9 volby je tak\u00e9 antisyst\u00e9mov\u00fd, proto\u017ee u takov\u00fdch voleb nelze zaru\u010dit tajnost, ochranu p\u0159ed n\u00e1tlakem \u010di vylou\u010den\u00ed hlasov\u00e1n\u00ed v&nbsp;zastoupen\u00ed? A jsou antisyst\u00e9mov\u00ed ti, kdo h\u00e1j\u00ed mechanismus, podle kter\u00e9ho \u010dleny rad tzv. ve\u0159ejn\u00fdch m\u00e9di\u00ed mohou navrhovat jen prov\u011b\u0159en\u00e9 organizace, tak\u017ee organizovan\u00fd anga\u017eovan\u00fd \u010dlov\u011bk m\u00e1 v\u011bt\u0161\u00ed pr\u00e1va ne\u017e neorganizovan\u00fd?<\/p>\n<p>Je sou\u010d\u00e1st\u00ed na\u0161eho syst\u00e9mu tr\u017en\u00ed hospod\u00e1\u0159stv\u00ed? Jsou tedy protisyst\u00e9mov\u00ed ti, kdo trh pok\u0159ivuj\u00ed dotacemi, selektivn\u00edmi dan\u011bmi, regulacemi, limity, kv\u00f3tami? Je sou\u010d\u00e1st\u00ed na\u0161eho syst\u00e9mu nedotknutelnost soukrom\u00e9ho vlastnictv\u00ed? Tak\u017ee je protisyst\u00e9mov\u00e1 legislativa, podle kter\u00e9 lze majetek vyvlastnit, konfiskovat \u010di omezit pr\u00e1vo hospoda\u0159en\u00ed? Je sou\u010d\u00e1st\u00ed na\u0161eho syst\u00e9mu svoboda smlouvy? Jsou tedy protisyst\u00e9mov\u00ed ti, kdo zakazuj\u00ed dv\u011bma smluvn\u00edm stran\u00e1m, aby spolu uzav\u0159ely dohodu o poskytnut\u00ed a p\u0159ijet\u00ed slu\u017eby dle dohodnut\u00fdch podm\u00ednek, jsou protisyst\u00e9mov\u00ed ti, kdo smluvn\u00edm stran\u00e1m podm\u00ednky vnucuj\u00ed nebo dokonce vylu\u010duj\u00ed n\u011bkter\u00e9 komodity z&nbsp;mo\u017enosti b\u00fdt p\u0159edm\u011btem obchodu? Je sou\u010d\u00e1st\u00ed na\u0161eho syst\u00e9mu svobodn\u00e1 tvorba cen a antisyst\u00e9mov\u00e9 jsou tedy kroky sm\u011b\u0159uj\u00edc\u00ed k&nbsp;cenov\u00fdm regulac\u00edm, strop\u016fm a \u00fa\u0159edn\u011b vnucovan\u00fdm cen\u00e1m?<\/p>\n<p>Je sou\u010d\u00e1st\u00ed na\u0161eho syst\u00e9mu \u00fastavn\u00ed suverenita st\u00e1tu? Jsou tedy potom protisyst\u00e9mov\u00ed ti, kdo s&nbsp;ka\u017edou dal\u0161\u00ed implementac\u00ed vnucovanou pod hrozbou sankc\u00ed naru\u0161uj\u00ed z\u00e1klady st\u00e1tn\u00ed svrchovanosti? Jsou protisyst\u00e9mov\u00ed ti, kdo prosazuj\u00ed, aby v&nbsp;n\u011bkter\u00fdch oblastech bylo mo\u017en\u00e9 vyjmout z&nbsp;jurisdikce na\u0161ich org\u00e1n\u016f \u010diny, pachatele \u010di opat\u0159en\u00ed ciz\u00ed moci? Jsou antisyst\u00e9mov\u00ed ti, kdo prosazuj\u00ed konec pr\u00e1va veta p\u0159i hlasov\u00e1n\u00ed v&nbsp;mezin\u00e1rodn\u00edch organizac\u00edch?<\/p>\n<p>Je sou\u010d\u00e1st\u00ed na\u0161eho syst\u00e9mu rodina jako z\u00e1klad spole\u010dnosti? Rodina slo\u017een\u00e1 z&nbsp;rodi\u010d\u016f, matky, otce, d\u011bt\u00ed a \u0161ir\u0161\u00ed rodiny? Jsou tedy protisyst\u00e9mov\u00ed aktivist\u00e9, kte\u0159\u00ed cht\u011bj\u00ed postaven\u00ed rodiny v&nbsp;na\u0161em pr\u00e1vu zru\u0161it, pokroutit, zdeformovat, zdevalvovat? Jsou protisyst\u00e9mov\u00ed ti, kdo br\u00e1n\u00ed rodi\u010d\u016fm vychov\u00e1vat sv\u00e9 d\u011bti v&nbsp;duchu vlastn\u00edho p\u0159esv\u011bd\u010den\u00ed?<\/p>\n<p>Je sou\u010d\u00e1st\u00ed na\u0161eho syst\u00e9mu svoboda slova, svoboda spol\u010dov\u00e1n\u00ed, sdru\u017eov\u00e1n\u00ed a shroma\u017e\u010fov\u00e1n\u00ed? Jsou tedy antisyst\u00e9mov\u00ed ti, kdo mluv\u00ed o limitech a nutnosti omezen\u00ed t\u011bchto svobod? Jsou protisyst\u00e9mov\u00ed modern\u00ed cenzo\u0159i a udava\u010di? Je sou\u010d\u00e1st\u00ed syst\u00e9mu na\u0161e kulturn\u00ed tradice a um\u011bleck\u00e1 svoboda, a jsou pak tedy protisyst\u00e9mov\u00ed prosazovatel\u00e9 politick\u00e9 korektnosti a cancel culture?&nbsp;<\/p>\n<p>Nebo je to v\u0161echno jinak? Nebo u\u017e d\u00e1vno \u017eijeme v&nbsp;\u00fapln\u011b jin\u00e9m syst\u00e9mu, v&nbsp;n\u011bm\u017e \u017e\u00e1dn\u00fd z&nbsp;v\u00fd\u0161e zm\u00edn\u011bn\u00fdch atribut\u016f ji\u017e neplat\u00ed a naopak jejich restaurace je dnes protisyst\u00e9mov\u00e1? Najdeme odpov\u011b\u010f v&nbsp;p\u0159\u00ed\u0161t\u00ed zpr\u00e1v\u011b vnitra?<\/p>\n<p>A mal\u00e1 dou\u0161ka na z\u00e1v\u011br. Koruna oslabila. Na\u0161e centr\u00e1ln\u00ed banka zastavila intervence v&nbsp;jej\u00ed prosp\u011bch. A hned je to zn\u00e1t. Kdysi intervenovala proti korun\u011b, doned\u00e1vna pro korunu, te\u010f snad bude chv\u00edli klid. Ale aspo\u0148 si zase n\u011bkdo v\u0161iml, \u017ee existuje n\u011bco jako na\u0161e samostatn\u00e1 m\u011bnov\u00e1 politika. A t\u00e9 \u017ee se m\u00e1me vzd\u00e1t? Nen\u00ed koruna sou\u010d\u00e1st\u00ed na\u0161eho syst\u00e9mu? A jak\u00e9 \u017ee se na Hrad\u011b chyst\u00e1 slo\u017een\u00ed nov\u00e9 Bankovn\u00ed rady \u010cNB? O tom jsme zat\u00edm nesly\u0161eli slovo. Tak si ho\u010fme korunou: budou to jest\u0159\u00e1bi, nebo holubice? Ale pozor, a\u017e ta hozen\u00e1 koruna dopadne, bude o inflaci leh\u010d\u00ed.&nbsp;<\/p>\n<p><em>Ladislav Jakl, 3. srpna 2023<\/em><\/p>\n<p><a href=\"https:\/\/www.institutvk.cz\/clanky\/2426.html\">Zdroj<\/a><\/p>\n","protected":false},"excerpt":{"rendered":"<p>Ministerstvo vnitra vydalo zpr\u00e1vu o tom, \u017ee u n\u00e1s s\u00edl\u00ed antisyst\u00e9mov\u00e9 hnut\u00ed a \u017ee pr\u00fd dokonce zasti\u0148uje extremistickou sc\u00e9nu. Lid\u00e9, kte\u0159\u00ed d\u00e1vaj\u00ed najevo nespokojenost se sou\u010dasnou spole\u010denskou a politickou situac\u00ed tak maj\u00ed kone\u010dn\u011b ofici\u00e1ln\u00ed raz\u00edtko, \u017ee jsou d\u016fle\u017eit\u00ed. Jinak by t\u0159eba m\u011bli komplexy, \u017ee nikoho nezaj\u00edmaj\u00ed.<\/p>\n","protected":false},"author":9,"featured_media":0,"comment_status":"open","ping_status":"open","sticky":false,"template":"","format":"standard","meta":{"ngg_post_thumbnail":0,"footnotes":""},"categories":[1],"tags":[],"class_list":["post-13594","post","type-post","status-publish","format-standard","hentry","category-publikovane-clanky"],"_links":{"self":[{"href":"https:\/\/www.ladislavjakl.cz\/index.php?rest_route=\/wp\/v2\/posts\/13594","targetHints":{"allow":["GET"]}}],"collection":[{"href":"https:\/\/www.ladislavjakl.cz\/index.php?rest_route=\/wp\/v2\/posts"}],"about":[{"href":"https:\/\/www.ladislavjakl.cz\/index.php?rest_route=\/wp\/v2\/types\/post"}],"author":[{"embeddable":true,"href":"https:\/\/www.ladislavjakl.cz\/index.php?rest_route=\/wp\/v2\/users\/9"}],"replies":[{"embeddable":true,"href":"https:\/\/www.ladislavjakl.cz\/index.php?rest_route=%2Fwp%2Fv2%2Fcomments&post=13594"}],"version-history":[{"count":1,"href":"https:\/\/www.ladislavjakl.cz\/index.php?rest_route=\/wp\/v2\/posts\/13594\/revisions"}],"predecessor-version":[{"id":13595,"href":"https:\/\/www.ladislavjakl.cz\/index.php?rest_route=\/wp\/v2\/posts\/13594\/revisions\/13595"}],"wp:attachment":[{"href":"https:\/\/www.ladislavjakl.cz\/index.php?rest_route=%2Fwp%2Fv2%2Fmedia&parent=13594"}],"wp:term":[{"taxonomy":"category","embeddable":true,"href":"https:\/\/www.ladislavjakl.cz\/index.php?rest_route=%2Fwp%2Fv2%2Fcategories&post=13594"},{"taxonomy":"post_tag","embeddable":true,"href":"https:\/\/www.ladislavjakl.cz\/index.php?rest_route=%2Fwp%2Fv2%2Ftags&post=13594"}],"curies":[{"name":"wp","href":"https:\/\/api.w.org\/{rel}","templated":true}]}}