{"id":13616,"date":"2023-08-14T17:17:59","date_gmt":"2023-08-14T15:17:59","guid":{"rendered":"https:\/\/www.ladislavjakl.cz\/?p=13616"},"modified":"2023-08-14T17:17:59","modified_gmt":"2023-08-14T15:17:59","slug":"jakl-na-hrade-sedi-ken-cesi-ale-nejsou-barbinky","status":"publish","type":"post","link":"https:\/\/www.ladislavjakl.cz\/?p=13616","title":{"rendered":"Jakl: Na Hrad\u011b sed\u00ed Ken. \u010ce\u0161i ale nejsou barb\u00ednky."},"content":{"rendered":"<p><strong>Co \u0159\u00edct celkov\u011b o p\u0159ibli\u017en\u011b p\u016fl roce mand\u00e1tu Petra Pavla? Jedni jsou na n\u011bj py\u0161n\u00ed za \u201eum\u011bleck\u00fd dojem\u201c, jin\u00ed maj\u00ed pocit, \u017ee se a\u017e p\u0159\u00edli\u0161 zam\u011b\u0159uje na efekt a vyh\u00fdb\u00e1 odpov\u011bdnosti za rozhodnut\u00ed. Jak se na to d\u00edv\u00e1te vy?<\/strong><\/p>\n<p><!--more--><\/p>\n<p>Nejsem nijak p\u0159ekvapen. Petr Pavel nekandidoval za n\u011bjakou jasnou politickou my\u0161lenku. Jednak \u017e\u00e1dn\u00e9 takov\u00e9 my\u0161lenky nem\u00e1, jednak jeho loutkovodi\u010di v kampani v\u011bd\u011bli, \u017ee nesm\u00ed \u0159\u00edkat \u017e\u00e1dn\u00e9 n\u00e1zory, proto\u017ee t\u011bmi by nutn\u011b n\u011bkter\u00e9 voli\u010de na\u0161tval, zat\u00edmco c\u00edlem kampan\u011b bylo vytvo\u0159it figuru, kter\u00e1 bude tak n\u011bjak p\u0159ijateln\u00e1 pro v\u0161echny. M\u00e1me tak na Hrad\u011b prezidenta bez n\u00e1zoru a bez my\u0161lenek. Nev\u00edme, jak\u00e9 ideje chce on nebo jeho okol\u00ed prosazovat. Jen\u017ee agenda hlavy st\u00e1tu \u010das od \u010dasu stav\u00ed p\u0159ed prezidenta nutnost rozhodnout. Je tak ot\u00e1zkou \u010dasu, kdy se n\u011bkter\u00e1 rozhodnut\u00ed nebudou jeho fanou\u0161k\u016fm l\u00edbit. Ti mu mnoho prominou, ale brzy se nutn\u011b za\u010dnou n\u011bkte\u0159\u00ed o\u0161\u00edvat.<\/p>\n<p><strong>Prezident se uvedl p\u0159i inauguraci slovy, \u017ee \u010cesko je pro n\u011bj \u201ejeden t\u00fdm\u201c. N\u011bkte\u0159\u00ed se pozastavuj\u00ed nad t\u00edm, \u017ee jeho vyj\u00e1d\u0159en\u00ed pom\u011brn\u011b z\u0159eteln\u011b stran\u00ed tomu pohledu na sv\u011bt, kter\u00fd pan prezident Zeman naz\u00fdval \u201epra\u017esk\u00e1 kav\u00e1rna\u201c. M\u00e1te pocit, \u017ee skute\u010dn\u011b naslouch\u00e1 v\u0161em skupin\u00e1m ob\u010dan\u016f stejn\u011b?<\/strong><\/p>\n<p>Od b\u011b\u017en\u00fdch lidov\u00fdch starost\u00ed, pocit\u016f a tr\u00e1pen\u00ed norm\u00e1ln\u00edch lid\u00ed m\u00e1 Pavel asi tak daleko, jako manek\u00fdn Ken. \u010ce\u0161i ale \u017eij\u00ed trochu jin\u00e9 \u017eivoty ne\u017e barb\u00ednky.<\/p>\n<p><strong>Jak podle v\u00e1s prezident Pavel doposud zvl\u00e1d\u00e1 agendu \u201ezastupov\u00e1n\u00ed zem\u011b navenek\u201c a mezin\u00e1rodn\u00edch vztah\u016f, kter\u00e1 byla jeho dosavadn\u00ed profes\u00ed a pro mnoh\u00e9 hlavn\u00edm argumentem pro jeho volbu?<\/strong><\/p>\n<p>Zat\u00edm ani jednou nezvedl hlas za z\u00e1jmy na\u0161\u00ed republiky. Poslu\u0161n\u011b pln\u00ed ciz\u00ed rozkazy, jak byl cel\u00fd \u017eivot zvykl\u00fd.<\/p>\n<p><strong>Prezident\u016fv n\u00e1vrh Roberta Fremra na \u00fastavn\u00edho soudce rozpoutal \u0161irokou ve\u0159ejnou debatu o komunistick\u00e9 minulosti, ve kter\u00e9 se p\u0159ipom\u00edn\u00e1 i komunistick\u00e1 minulost prezidenta, kter\u00fd k tomu ne\u0161\u0165astn\u011b p\u0159isp\u011bl i sv\u00fdm v\u00fdrokem, \u017ee soudci p\u0159ed rokem 1989 soudili v\u0161ichni stejn\u011b. Vn\u00edm\u00e1te tak\u00e9 toto dilema \u201epra\u017esk\u00e9 kav\u00e1rny\u201c jak se postavit k hlavolamu \u201ekomunista, ale n\u00e1\u0161\u201c?<\/strong><\/p>\n<p>Sed\u00edm v prvn\u00ed \u0159ad\u011b s kybl\u00edkem popkornu a sleduju s pobaven\u00edm bij\u00e1k o tom, jak\u00e9 kotrmelce je schopen p\u0159edv\u00e1d\u011bt Pavl\u016fv fanklub. \u017de n\u011bkdej\u0161\u00ed p\u0159edseda z\u00e1kladn\u00ed organizace KS\u010c navrhne komunistu, to je sp\u00ed\u0161e jen folkl\u00f3r a nevkus, ale \u017ee p\u0159i h\u00e1jen\u00ed sv\u00fdch n\u00e1vrh\u016f v Sen\u00e1tu prezident vyjevil, \u017ee netu\u0161\u00ed, co to je konzervativn\u00ed orientace, to u\u017e pova\u017euji ne za z\u00e1bavn\u00e9, ale za tragick\u00e9 a nebezpe\u010dn\u00e9.<\/p>\n<p>Ot\u00e1zky kladl<\/p>\n<p>Bc. Jakub Vos\u00e1hlo<\/p>\n<p>z\u00e1stupce \u0161\u00e9fredaktora<\/p>\n<p>Parlamentn\u00edListy.cz<\/p>\n","protected":false},"excerpt":{"rendered":"<p>Co \u0159\u00edct celkov\u011b o p\u0159ibli\u017en\u011b p\u016fl roce mand\u00e1tu Petra Pavla? Jedni jsou na n\u011bj py\u0161n\u00ed za \u201eum\u011bleck\u00fd dojem\u201c, jin\u00ed maj\u00ed pocit, \u017ee se a\u017e p\u0159\u00edli\u0161 zam\u011b\u0159uje na efekt a vyh\u00fdb\u00e1 odpov\u011bdnosti za rozhodnut\u00ed. Jak se na to d\u00edv\u00e1te vy?<\/p>\n","protected":false},"author":9,"featured_media":0,"comment_status":"open","ping_status":"open","sticky":false,"template":"","format":"standard","meta":{"ngg_post_thumbnail":0,"footnotes":""},"categories":[13],"tags":[],"class_list":["post-13616","post","type-post","status-publish","format-standard","hentry","category-rozhovory"],"_links":{"self":[{"href":"https:\/\/www.ladislavjakl.cz\/index.php?rest_route=\/wp\/v2\/posts\/13616","targetHints":{"allow":["GET"]}}],"collection":[{"href":"https:\/\/www.ladislavjakl.cz\/index.php?rest_route=\/wp\/v2\/posts"}],"about":[{"href":"https:\/\/www.ladislavjakl.cz\/index.php?rest_route=\/wp\/v2\/types\/post"}],"author":[{"embeddable":true,"href":"https:\/\/www.ladislavjakl.cz\/index.php?rest_route=\/wp\/v2\/users\/9"}],"replies":[{"embeddable":true,"href":"https:\/\/www.ladislavjakl.cz\/index.php?rest_route=%2Fwp%2Fv2%2Fcomments&post=13616"}],"version-history":[{"count":1,"href":"https:\/\/www.ladislavjakl.cz\/index.php?rest_route=\/wp\/v2\/posts\/13616\/revisions"}],"predecessor-version":[{"id":13617,"href":"https:\/\/www.ladislavjakl.cz\/index.php?rest_route=\/wp\/v2\/posts\/13616\/revisions\/13617"}],"wp:attachment":[{"href":"https:\/\/www.ladislavjakl.cz\/index.php?rest_route=%2Fwp%2Fv2%2Fmedia&parent=13616"}],"wp:term":[{"taxonomy":"category","embeddable":true,"href":"https:\/\/www.ladislavjakl.cz\/index.php?rest_route=%2Fwp%2Fv2%2Fcategories&post=13616"},{"taxonomy":"post_tag","embeddable":true,"href":"https:\/\/www.ladislavjakl.cz\/index.php?rest_route=%2Fwp%2Fv2%2Ftags&post=13616"}],"curies":[{"name":"wp","href":"https:\/\/api.w.org\/{rel}","templated":true}]}}