{"id":13631,"date":"2023-08-18T00:21:21","date_gmt":"2023-08-17T22:21:21","guid":{"rendered":"https:\/\/www.ladislavjakl.cz\/?p=13631"},"modified":"2023-08-18T00:21:21","modified_gmt":"2023-08-17T22:21:21","slug":"ne-to-nebude-bezpohlavni-to-bude-vsepohlavni","status":"publish","type":"post","link":"https:\/\/www.ladislavjakl.cz\/?p=13631","title":{"rendered":"Ne, to nebude bezpohlavn\u00ed, to bude v\u0161epohlavn\u00ed!"},"content":{"rendered":"<p>Kone\u010dn\u011b. To to trvalo. Ten nesnesiteln\u00fd apartheid. Segregace. Jeho upom\u00ednkou je t\u0159eba \u0161kola na pra\u017esk\u00e9m Uheln\u00e9m trhu se dv\u011bma vchody, jedna pro kdysi d\u00edv\u010d\u00ed \u010d\u00e1st, druh\u00e1 pro chlapeckou. Tedy vlastn\u011b druh\u00e1 pro d\u00edv\u010d\u00ed a prvn\u00ed pro chlapeckou, pardon.<\/p>\n<p><!--more--><\/p>\n<p>Nesnesiteln\u00e9 d\u011blen\u00ed lidstva na mu\u017ee a \u017eeny u\u017e brzy skon\u010d\u00ed na smeti\u0161ti d\u011bjin. V&nbsp;\u0159\u00edjnu budou v&nbsp;Berl\u00edn\u011b b\u011bhem Sv\u011btov\u00e9ho poh\u00e1ru v&nbsp;plav\u00e1n\u00ed moci sout\u011b\u017eit \u00fa\u010dastn\u00edci (\u00fa\u010dastnice, \u00fa\u010dastni\u010data) v&nbsp;kategorii otev\u0159en\u00e9 v\u0161em pohlav\u00edm. Tak\u017ee u\u017e nikdo nebude rozd\u011blovat plavce (plavkyn\u011b, plav\u010data) podle toho, co maj\u00ed mezi nohama. M\u016f\u017eou m\u00edt pohlav\u00ed dlouh\u00e9, kr\u00e1tk\u00e9, rovn\u00e9, ohnut\u00e9, u\u0159\u00edznut\u00e9, p\u0159i\u0161it\u00e9, za\u0161it\u00e9, jak\u00e9koli. V\u0161epohlavn\u00ed sout\u011b\u017e.<\/p>\n<p>A to je dob\u0159e. Je to krok spr\u00e1vn\u00fdm sm\u011brem. Brzy budou sout\u011b\u017eit ve sm\u00ed\u0161en\u00fdch kategori\u00edch i boxe\u0159i, vzp\u011bra\u010di, \u0161achisti (tak to u\u017e se ob\u010das d\u011bje, jen\u017ee vyhrajte nad n\u00ed, kdy ona se schv\u00e1ln\u011b p\u0159edkl\u00e1n\u00ed a jakoby n\u00e1hodou se j\u00ed rozev\u0159e dekolt) nebo v&nbsp;sout\u011b\u017ei navl\u00e9k\u00e1n\u00ed nit\u011b do ucha jehly.<\/p>\n<p>V&nbsp;Berl\u00edn\u011b ale stejn\u011b z\u016fstali nap\u016fl cesty. V\u0161e nasv\u011bd\u010duje tomu, \u017ee se p\u0159\u00edli\u0161 soust\u0159e\u010fuj\u00ed jen na pohlav\u00ed. Li\u0161\u00edme se p\u0159ece i v&nbsp;jin\u00fdch v\u011bcech! Pro\u010d nen\u00ed sout\u011b\u017e v&nbsp;plav\u00e1n\u00ed v berl\u00ednsk\u00e9m baz\u00e9nu otev\u0159en\u00e1 i pro ty, kdo v\u016fbec neum\u011bj\u00ed plavat? Ti se maj\u00ed jen d\u00edvat? Jak jim asi je? Do plavek a do vody s&nbsp;nimi! A \u017ee se utop\u00ed? To jsou jen p\u0159edsudky. V\u0161ichni jsme si rovni. Jen n\u011bkte\u0159\u00ed nedostanou \u0161anci. Pus\u0165te do baz\u00e9nu i neplavce (neplavkyn\u011b, neplav\u010data), jinak je ta va\u0161e inkluze jen polovi\u010dat\u00fdm pokrytectv\u00edm.<\/p>\n<p>V\u00edte, pro\u010d maj\u00ed \u017did\u00e9 tak velk\u00e9 nosy? Proto\u017ee vzduch je zadarmo. Tenhle hnusn\u00fd rasistick\u00fd vtip okam\u017eit\u011b zapome\u0148te. U\u017e proto, \u017ee vzduch zadarmo nen\u00ed a i s&nbsp;t\u011bmi nosy to je \u00fapln\u011b jinak. Zase jsme u toti\u017e t\u011bch stereotyp\u016f. Kdy\u017e hr\u00e1val v&nbsp;op\u011b\u0159e b\u00edl\u00fd p\u011bvec Othella, na\u010dernili mu tv\u00e1\u0159. A pro\u010d? To nemohl sv\u00e9 maurstv\u00ed ztv\u00e1rnit sv\u00fdm p\u011bveck\u00fdm a hereck\u00fdm projevem?<\/p>\n<p>Stejn\u00fd probl\u00e9m nyn\u00ed \u0159e\u0161\u00ed kolem filmu o Leonardu Bernsteinovi. Jeho p\u0159edstavitel m\u00e1 um\u011bl\u00fd dlouh\u00fd nos. Aby se zv\u00fdraznilo, jak \u017ee byl jin\u00fd ne\u017e ostatn\u00ed, jak to t\u0159eba kv\u016fli t\u00e9 sv\u00e9 jinakosti mohl m\u00edt n\u011bkdy t\u011b\u017ek\u00e9 a jak potom sv\u00fdm \u00fasp\u011bchem t\u0159eba leckoho inspiroval k&nbsp;tomu, aby se na jinakost d\u00edval jinak. Jen\u017ee kulturn\u00ed fronta se bou\u0159\u00ed. \u017de tv\u016frci filmu podporuj\u00ed p\u0159ekonan\u00e9 stereotypy a \u017ee zd\u016fraz\u0148ov\u00e1n\u00edm jinakosti \u017did\u016f vlastn\u011b podporuj\u00ed jejich vy\u010dle\u0148ov\u00e1n\u00ed ze spole\u010dnosti. Ono to ale jist\u011b dob\u0159e dopadne. Dne\u0161n\u00ed technika um\u00ed v\u0161e, jist\u011b se d\u00e1 u\u017e na hotov\u00e9m filmu nos zkr\u00e1tit. Jako ho tak hezky naopak prodlou\u017eili princezn\u011b ve filmu T\u0159i veter\u00e1ni. No, b\u00fdt re\u017eis\u00e9rem nebo producentem onoho filmu o Bernsteinovi, asi bych na hysterick\u00e9 kritiky ud\u011blal dlouh\u00fd nos.<\/p>\n<p>V\u010dera byla v&nbsp;Praze bou\u0159ka. Na roztomil\u00e9 zahr\u00e1dce v&nbsp;centru m\u011bsta poryv v\u011btru srazil velk\u00fd slune\u010dn\u00edk, a ten padl jen kousek vedle stolu dvou mlad\u00fdch dam. Vlastn\u011b to n\u011bkolik vte\u0159in vypadalo docela dramaticky. Ale jak\u00e9 drama by nastalo, kdyby se fakt n\u011bkter\u00e9 n\u011bco stalo! Bou\u0159ky u\u017e se d\u00e1vno m\u011bly zak\u00e1zat. Pravda, na chv\u00edli osv\u011b\u017e\u00ed vzduch, osv\u011b\u017e\u00ed i zemdlen\u00fd duch, ale co \u0161kody nad\u011blaj\u00ed? Nech\u00e1pu, co v&nbsp;tom Bruselu po\u0159\u00e1d d\u011blaj\u00ed, \u017ee se je\u0161t\u011b nedostali k&nbsp;z\u00e1kazu bou\u0159ek.<\/p>\n<p>V&nbsp;Berl\u00edn\u011b to maj\u00ed dobr\u00e9, tam se p\u0159ed bou\u0159kou mohou schovat do baz\u00e9nu. A kdy\u017e m\u00e1 n\u011bkdo dlouh\u00fd nos, m\u016f\u017ee ho pou\u017eit jako \u0161norchl.<\/p>\n<p>Ladislav Jakl, 17. srpna 2023<\/p>\n<p><a href=\"https:\/\/www.institutvk.cz\/clanky\/2434.html\">Zdroj<\/a><\/p>\n","protected":false},"excerpt":{"rendered":"<p>Kone\u010dn\u011b. To to trvalo. Ten nesnesiteln\u00fd apartheid. Segregace. Jeho upom\u00ednkou je t\u0159eba \u0161kola na pra\u017esk\u00e9m Uheln\u00e9m trhu se dv\u011bma vchody, jedna pro kdysi d\u00edv\u010d\u00ed \u010d\u00e1st, druh\u00e1 pro chlapeckou. Tedy vlastn\u011b druh\u00e1 pro d\u00edv\u010d\u00ed a prvn\u00ed pro chlapeckou, pardon.<\/p>\n","protected":false},"author":9,"featured_media":0,"comment_status":"open","ping_status":"open","sticky":false,"template":"","format":"standard","meta":{"ngg_post_thumbnail":0,"footnotes":""},"categories":[1],"tags":[],"class_list":["post-13631","post","type-post","status-publish","format-standard","hentry","category-publikovane-clanky"],"_links":{"self":[{"href":"https:\/\/www.ladislavjakl.cz\/index.php?rest_route=\/wp\/v2\/posts\/13631","targetHints":{"allow":["GET"]}}],"collection":[{"href":"https:\/\/www.ladislavjakl.cz\/index.php?rest_route=\/wp\/v2\/posts"}],"about":[{"href":"https:\/\/www.ladislavjakl.cz\/index.php?rest_route=\/wp\/v2\/types\/post"}],"author":[{"embeddable":true,"href":"https:\/\/www.ladislavjakl.cz\/index.php?rest_route=\/wp\/v2\/users\/9"}],"replies":[{"embeddable":true,"href":"https:\/\/www.ladislavjakl.cz\/index.php?rest_route=%2Fwp%2Fv2%2Fcomments&post=13631"}],"version-history":[{"count":1,"href":"https:\/\/www.ladislavjakl.cz\/index.php?rest_route=\/wp\/v2\/posts\/13631\/revisions"}],"predecessor-version":[{"id":13632,"href":"https:\/\/www.ladislavjakl.cz\/index.php?rest_route=\/wp\/v2\/posts\/13631\/revisions\/13632"}],"wp:attachment":[{"href":"https:\/\/www.ladislavjakl.cz\/index.php?rest_route=%2Fwp%2Fv2%2Fmedia&parent=13631"}],"wp:term":[{"taxonomy":"category","embeddable":true,"href":"https:\/\/www.ladislavjakl.cz\/index.php?rest_route=%2Fwp%2Fv2%2Fcategories&post=13631"},{"taxonomy":"post_tag","embeddable":true,"href":"https:\/\/www.ladislavjakl.cz\/index.php?rest_route=%2Fwp%2Fv2%2Ftags&post=13631"}],"curies":[{"name":"wp","href":"https:\/\/api.w.org\/{rel}","templated":true}]}}