{"id":13640,"date":"2023-08-24T20:41:33","date_gmt":"2023-08-24T18:41:33","guid":{"rendered":"https:\/\/www.ladislavjakl.cz\/?p=13640"},"modified":"2023-08-24T20:42:57","modified_gmt":"2023-08-24T18:42:57","slug":"tiskova-zprava-z-13-zasedani-rady-konaneho-dne-22-8-2023","status":"publish","type":"post","link":"https:\/\/www.ladislavjakl.cz\/?p=13640","title":{"rendered":"Tiskov\u00e1 zpr\u00e1va z 13. zased\u00e1n\u00ed Rady, konan\u00e9ho dne 22. 8. 2023"},"content":{"rendered":"<p>Rada pro rozhlasov\u00e9 a televizn\u00ed vys\u00edl\u00e1n\u00ed (d\u00e1le jen &#8222;Rada&#8220;) na sv\u00e9m 13. zased\u00e1n\u00ed<br \/>\nprojednala 25 bod\u016f programu. Vyhodnotila 16 st\u00ed\u017enost\u00ed div\u00e1k\u016f a poslucha\u010d\u016f, vydala dv\u011b upozorn\u011bn\u00ed na poru\u0161en\u00ed z\u00e1kona.<\/p>\n<p><!--more--><br \/>\nRada na sv\u00e9m 13. zased\u00e1n\u00ed ud\u011blila spole\u010dnosti AV \u2013 PARK s.r.o. licenci k provozov\u00e1n\u00ed televizn\u00edho<br \/>\nprogramu TV 13 \u0161\u00ed\u0159en\u00e9ho prost\u0159ednictv\u00edm vys\u00edla\u010d\u016f.<br \/>\nZaevidovala dva nov\u00e9 poskytovatele audiovizu\u00e1ln\u00edch medi\u00e1ln\u00edch slu\u017eeb na vy\u017e\u00e1d\u00e1n\u00ed.<br \/>\nPodrobn\u011bj\u0161\u00ed informace naleznete v p\u0159episech usnesen\u00ed Rady:<br \/>\nROZHLASOV\u00c9 VYS\u00cdL\u00c1N\u00cd<br \/>\n&#8211; Rada se sezn\u00e1mila s informac\u00ed \u010cesk\u00e9ho telekomunika\u010dn\u00edho \u00fa\u0159adu o vyd\u00e1n\u00ed kr\u00e1tkodob\u00e9ho<br \/>\nopr\u00e1vn\u011bn\u00ed k vyu\u017e\u00edv\u00e1n\u00ed r\u00e1diov\u00fdch kmito\u010dt\u016f rozhlasov\u00e9 slu\u017eby na provoz VKV vys\u00edla\u010de.<br \/>\n&#8211; Rada se sezn\u00e1mila s ozn\u00e1men\u00edm provozovatele RADIO PROGLAS s.r.o., I\u010c: 49435001,<br \/>\ndoru\u010den\u00fdm Rad\u011b dne 7. srpna 2023 pod \u010d.j. RRTV\/9498\/2023-vra, spo\u010d\u00edvaj\u00edc\u00edm v informaci o<br \/>\nv\u00fdluk\u00e1ch vys\u00edl\u00e1n\u00ed programu Radio Proglas za m\u011bs\u00edc \u010dervenec 2023.<br \/>\n&#8211; Rada se sezn\u00e1mila se st\u00ed\u017enost\u00ed (\u010d. j. RRTV\/8802\/2023-pod) na vys\u00edl\u00e1n\u00ed programu KISS dne<br \/>\n22. \u010dervence 2023. Rada se sezn\u00e1mila s pod\u00e1n\u00edm ze dne 21. \u010dervence 2023 (\u010d. j.<br \/>\nRRTV\/8800\/2023-pod), kter\u00e9 se t\u00fdk\u00e1 st\u00ed\u017enosti na reklamu na spole\u010dnost OKAY s. r. o., odvys\u00edlan\u00e9<br \/>\nna programu Hitr\u00e1dio City dne 21. \u010dervence 2023.<br \/>\nTELEVIZN\u00cd VYS\u00cdL\u00c1N\u00cd<br \/>\n&#8211; Rada dle \u00a7 25 z\u00e1kona \u010d. 231\/2001 Sb. ud\u011bluje spole\u010dnosti AV &#8211; PARK s.r.o., I\u010c: 27086267 se<br \/>\ns\u00eddlem: Praha 5 &#8211; Stod\u016flky, Archeologick\u00e1 2636, PS\u010c 155 00, licenci k provozov\u00e1n\u00ed region\u00e1ln\u00edho<br \/>\nzemsk\u00e9ho digit\u00e1ln\u00edho televizn\u00edho vys\u00edl\u00e1n\u00ed \u0161\u00ed\u0159en\u00e9ho prost\u0159ednictv\u00edm vys\u00edla\u010d\u016f na 12 let; n\u00e1zev<br \/>\n(ozna\u010den\u00ed) programu: TV 13; z\u00e1kladn\u00ed programov\u00e1 specifikace: Informa\u010dn\u00ed program; \u010dasov\u00fd rozsah<br \/>\nvys\u00edl\u00e1n\u00ed: 24 hodin denn\u011b; hlavn\u00ed jazyk vys\u00edl\u00e1n\u00ed: \u010desk\u00fd jazyk; \u00fazemn\u00ed rozsah vys\u00edl\u00e1n\u00ed: Hlavn\u00ed m\u011bsto<br \/>\nPraha a okol\u00ed (Stod\u016flky, T\u0159ebonice, \u0158eporyje) v souladu se stanoviskem \u010cT\u00da \u010cT\u00da-28 657\/2023-<br \/>\n613 dle p\u0159ilo\u017een\u00e9ho diagramu vyu\u017eit\u00ed r\u00e1diov\u00fdch kmito\u010dt\u016f; v rozsahu dle \u017e\u00e1dosti doru\u010den\u00e9 dne<br \/>\n4. \u010dervence 2023 pod \u010d.j. RRTV\/7785\/2023- vra a jej\u00edho up\u0159esn\u011bn\u00ed \u010d.j. RRTV\/8069\/2023 -vra dne<br \/>\n7. \u010dervence 2023.<br \/>\n&#8211; Rada podle ustanoven\u00ed \u00a7 32 odst. 1 p\u00edsm. r) z\u00e1kona \u010d. 231\/2001 Sb. ud\u011bluje provozovateli Nej<br \/>\nKan\u00e1l s.r.o., I\u010c: 02738252, se s\u00eddlem: Kaplanova 2252\/8, Chodov, 148 00 Praha 4 souhlas s<br \/>\nprodlou\u017een\u00edm p\u0159eru\u0161en\u00ed vys\u00edl\u00e1n\u00ed programu, Nej TV-Doln\u00ed Bene\u0161ov, \u0161\u00ed\u0159en\u00e9ho prost\u0159ednictv\u00edm<br \/>\nkabelov\u00fdch syst\u00e9m\u016f (licence sp. zn. 2015\/537\/zem\/Bri, \u010d.j. RRTV\/2015\/2663\/zem, ze dne<br \/>\n1. \u010dervence 2015) do 31. ledna 2024, v rozsahu dle \u017e\u00e1dosti doru\u010den\u00e9 dne 10. srpna 2023 a<br \/>\nevidovan\u00e9 pod \u010d.j. RRTV\/9655\/2023-vra.<br \/>\n&#8211; Rada ud\u011bluje podle ustanoven\u00ed \u00a7 21 odst. 1 p\u00edsm. e) a \u00a7 21 odst. 7 z\u00e1kona \u010d. 231\/2001 Sb.<br \/>\nsouhlas provozovateli ZZIP s.r.o., I\u010c: 48394556, se s\u00eddlem: Olomouc-Nov\u00e1 Ulice, Dobnerova<br \/>\n526\/18, PS\u010c 779 00 se zm\u011bnou skute\u010dnost\u00ed uveden\u00fdch v \u017e\u00e1dosti o licenci \u010d.j. zem\/125\/2014, sp.<br \/>\nzn. 2013\/974\/zem\/ZZI ze dne 9. ledna 2014, a to s p\u0159evodem cel\u00e9ho obchodn\u00edho pod\u00edlu jedin\u00e9ho<br \/>\nspole\u010dn\u00edka ve v\u00fd\u0161i 160 000,- K\u010d z p. PhDr. Zdenka Zukala, bytem Klusalova 908\/11, Ne\u0159ed\u00edn,<\/p>\n<p>779 00 Olomouc na spole\u010dnost TATADA s.r.o., I\u010c: 04096819, se s\u00eddlem: 28. \u0159\u00edjna 438\/219,<br \/>\nMari\u00e1nsk\u00e9 Hory, 709 00 Ostrava, v rozsahu \u017e\u00e1dosti doru\u010den\u00e9 dne 14. \u010dervence 2023 \u010d.j.<br \/>\nRRTV\/8203\/2023-vra a jej\u00edho dopln\u011bn\u00ed ze dne 25. \u010dervence 2023 \u010d.j. RRTV\/8856\/2023-vra.<br \/>\n&#8211; Rada v r\u00e1mci sv\u00e9 kompetence dan\u00e9 ustanoven\u00edm \u00a7 5 odst. 1 p\u00edsm. a) a f), \u00a7 59 odst. 1 &#8211; 3<br \/>\nz\u00e1kona \u010d. 231\/2001 Sb., upozor\u0148uje provozovatele TELEVIZE HBin, dru\u017estvo, I\u010c: 25918133, se<br \/>\ns\u00eddlem B. Kobzinov\u00e9 2020, 580 01 Havl\u00ed\u010dk\u016fv Brod, na poru\u0161en\u00ed ustanoven\u00ed \u00a7 32 odst. 1 p\u00edsm. s)<br \/>\nz\u00e1kona \u010d. 231\/2001 Sb., nebo\u0165 Rad\u011b neozn\u00e1mil zah\u00e1jen\u00ed vys\u00edl\u00e1n\u00ed programu TelevizeHBin na<br \/>\nz\u00e1klad\u011b rozhodnut\u00ed o ud\u011blen\u00ed licence \u010d.j. RRTV\/6698\/2022-zem, sp. zn. RRTV\/2022\/367\/zem ze<br \/>\ndne 7. \u010dervna 2022, a to nejpozd\u011bji v den, kdy zah\u00e1jil vys\u00edl\u00e1n\u00ed. Rada stanovuje provozovateli lh\u016ftu<br \/>\nk n\u00e1prav\u011b 30 dn\u016f ode dne doru\u010den\u00ed tohoto upozorn\u011bn\u00ed.<br \/>\n&#8211; Rada se sezn\u00e1mila s ozn\u00e1men\u00edmi provozovatele TV Nova s.r.o., I\u010c: 45800456, doru\u010den\u00fdmi<br \/>\nRad\u011b dne 2. srpna 2023, pod \u010d.j. RRTV\/9363\/2023-vra a pod \u010d.j. RRTV\/9362\/2023-vra, o zah\u00e1jen\u00ed<br \/>\nvys\u00edl\u00e1n\u00ed program\u016f Nova Action a Nova Cinema, \u0161\u00ed\u0159en\u00fdch prost\u0159ednictv\u00edm pozemn\u00edch vys\u00edla\u010d\u016f.<br \/>\n&#8211; Rada se sezn\u00e1mila s ozn\u00e1men\u00edm provozovatele Krajsk\u00e1 nemocnice Liberec, a.s., I\u010c: 27283933,<br \/>\ndoru\u010den\u00fdm rad\u011b dne 31. \u010dervence 2023 pod \u010d.j. RRTV\/8929\/2023-vra, spo\u010d\u00edvaj\u00edc\u00edm v ozn\u00e1men\u00ed<br \/>\nzvolen\u00ed \u010dlenem dozor\u010d\u00ed rady Krajsk\u00e9 nemocnice Liberec, a.s. Ing. Ivy Jirmanov\u00e9, a to ke dni<br \/>\n30. \u010dervna 2023.<br \/>\n&#8211; Rada se sezn\u00e1mila s ozn\u00e1men\u00edm provozovatele AMC Networks Central Europe s.r.o., I\u010c:<br \/>\n27112501, doru\u010den\u00fdm Rad\u011b dne 8. srpna 2023 pod \u010d.j. RRTV\/9550\/2023-vra, spo\u010d\u00edvaj\u00edc\u00edm v<br \/>\nozn\u00e1men\u00ed ukon\u010den\u00ed vys\u00edl\u00e1n\u00ed program\u016f AMC CHANNEL BULGARIA a MINIMAX CHANNEL<br \/>\nSLOVENIA.<br \/>\n&#8211; Rada se sezn\u00e1mila s n\u00e1sleduj\u00edc\u00edmi pod\u00e1n\u00edmi k obsahu televizn\u00edch program\u016f doru\u010den\u00fdmi v<br \/>\nobdob\u00ed od 31. \u010dervence do 9. srpna 2023 (celkem 14 pod\u00e1n\u00ed): AMC Networks Central Europe s.r.o.<br \/>\n\/ FILM CAFE (Ma\u010farsko) &#8211; Kisiklottak (origin\u00e1ln\u00ed n\u00e1zev Derailed, \u010desk\u00e1 verze Hra s nev\u011brou),<br \/>\n24. \u010dervna 2023 od 15:21:35 hodin; Barrandov Televizn\u00ed Studio a. s. \/ Televize Barrandov &#8211;<br \/>\num\u00edst\u011bn\u00ed produktu v po\u0159adu Barrandovsk\u00fd Silvestr &#8211; To nejlep\u0161\u00ed III, 29. \u010dervence 2023 od 20:00<br \/>\nhodin; TV Nova s.r.o. \/ NOVA &#8211; Televizn\u00ed noviny, report\u00e1\u017e Policie oto\u010dila na leti\u0161ti ruskou tenistku,<br \/>\n28. \u010dervence 2023 od 19:30 hodin, a p\u0159\u00edsp\u011bvek Tenisov\u00e1 federace WTA kritizuje nevpu\u0161t\u011bn\u00ed Rusek<br \/>\ndo \u010ceska, 29. \u010dervence 2023 od 19:30 hodin; Barrandov Televizn\u00ed Studio a. s. \/ BARRANDOV<br \/>\nKRIMI &#8211; Intim s Heidi Jank\u016f, 28. \u010dervence 2023 od 23:15 hodin; FTV Prima, spol. s r.o. \/ Prima<br \/>\nKRIMI &#8211; hlasitost reklamy v p\u0159est\u00e1vk\u00e1ch vys\u00edl\u00e1n\u00ed po\u0159adu Big Ben, 1. srpna 2023 od 15:55 hodin;<br \/>\n\u010cesk\u00e1 televize \/ \u010cT art &#8211; Vlasy, 30. \u010dervence 2023 2023 od 20:15 hodin; \u010cesk\u00e1 televize \/ \u010cT1 a<br \/>\n\u010cT24 &#8211; Ud\u00e1losti, report\u00e1\u017e P\u0159\u00edznivci Peterkov\u00e9 p\u0159eru\u0161ili soudn\u00ed jedn\u00e1n\u00ed, 31. kv\u011btna 2023 2023 od<br \/>\n19:00 hodin; McDonalds \u010cR spol. s r.o. (zadavatel obchodn\u00edho sd\u011blen\u00ed) &#8211; reklama Chicken<br \/>\nMcNuggets; \u010cesk\u00e1 televize \/ \u010cT1 &#8211; Ud\u00e1losti, p\u0159\u00edsp\u011bvek Krajn\u00ed pravice v N\u011bmecku d\u00e1le posiluje,<br \/>\n28. \u010dervna 2023 od 19:00 hodin; \u010cesk\u00e1 televize \/ \u010cT sport &#8211; Silni\u010dn\u00ed cyklistika: MS Skotsko,<br \/>\n6. srpna 2023 od 10:15 hodin; Barrandov Televizn\u00ed Studio a. s. \/ r\u016fzn\u00e9 programy &#8211; p\u0159\u00edli\u0161 hlasit\u00fd<br \/>\nhudebn\u00ed podkres v po\u0159adech Nebezpe\u010dn\u00e9 vztahy, Soudkyn\u011b Barbara a Soudce Alexandr; \u010cesk\u00e1<br \/>\ntelevize \/ r\u016fzn\u00e9 programy &#8211; informov\u00e1n\u00ed o Sv\u011btov\u00fdch dnech ml\u00e1de\u017ee; \u010cesk\u00e1 televize \/ \u010cT1 &#8211;<br \/>\nUd\u00e1losti, report\u00e1\u017e Pape\u017e Franti\u0161ek v Portugalsku, 2. srpna 2023 od 19:00 hodin; \u010cesk\u00e1 televize \/<br \/>\n\u010cT24 &#8211; Studio 6, t\u00e9ma Sv\u011btov\u00e9 dny ml\u00e1de\u017ee, 3. srpna 2023 od 8:36 hodin; \u010cesk\u00e1 televize \/ web<br \/>\n\u010cT24 &#8211; \u010dl\u00e1nek Pape\u017e m\u00ed\u0159\u00ed do Portugalska na setk\u00e1n\u00ed katolick\u00e9 ml\u00e1de\u017ee. Podle n\u011bkter\u00fdch ob\u011bt\u00ed<br \/>\nchce Vatik\u00e1n zahladit sexu\u00e1ln\u00ed skand\u00e1l; \u010cesk\u00e1 televize \/ \u010cT24 &#8211; Horizont \u010cT24, t\u00e9ma Sexu\u00e1ln\u00ed<br \/>\nzneu\u017e\u00edv\u00e1n\u00ed v c\u00edrkvi, 28. \u010dervence 2023 od 21:30 hodin; \u010cesk\u00e1 televize \/ \u010cT1 &#8211; Ud\u00e1losti, p\u0159\u00edsp\u011bvek<br \/>\nPape\u017e v Portugalsku, 3. srpna 2023 od 19:00 hodin.<br \/>\n&#8211; Rada v r\u00e1mci sv\u00e9 kompetence dan\u00e9 ustanoven\u00edm \u00a7 5 odst. 1 p\u00edsm. a) z\u00e1kona \u010d. 231\/2001 Sb.,<br \/>\no provozov\u00e1n\u00ed rozhlasov\u00e9ho a televizn\u00edho vys\u00edl\u00e1n\u00ed a o zm\u011bn\u011b dal\u0161\u00edch z\u00e1kon\u016f (d\u00e1le jen \u201ez\u00e1kon<br \/>\n\u010d. 231\/2001 Sb.\u201c) a na z\u00e1klad\u011b \u010dl. 4 odst. 2 SM\u011aRNICE EVROPSK\u00c9HO PARLAMENTU A RADY<br \/>\n(EU) 2018\/1808 ze dne 14. listopadu 2018, kterou se m\u011bn\u00ed sm\u011brnice 2010\/13\/EU o koordinaci<br \/>\nn\u011bkter\u00fdch pr\u00e1vn\u00edch a spr\u00e1vn\u00edch p\u0159edpis\u016f \u010dlensk\u00fdch st\u00e1t\u016f upravuj\u00edc\u00edch poskytov\u00e1n\u00ed audiovizu\u00e1ln\u00edch<br \/>\nmedi\u00e1ln\u00edch slu\u017eeb (sm\u011brnice o audiovizu\u00e1ln\u00edch medi\u00e1ln\u00edch slu\u017eb\u00e1ch), vyz\u00fdv\u00e1 provozovatele AMC<br \/>\nNetworks Central Europe s.r.o., I\u010c 27112501, s\u00eddlem Pob\u0159e\u017en\u00ed 620\/3, Praha 8-Karl\u00edn, PS\u010c 186 00,<\/p>\n<p>jako\u017eto provozovatele programu FILM CAFE, sm\u011b\u0159ovan\u00e9ho na \u00fazem\u00ed Ma\u010farska, a vys\u00edlan\u00e9ho na<br \/>\nz\u00e1klad\u011b rozhodnut\u00ed Rady ze dne 3. ledna 2012 o ud\u011blen\u00ed licence k provozov\u00e1n\u00ed televizn\u00edho vys\u00edl\u00e1n\u00ed<br \/>\n\u0161\u00ed\u0159en\u00e9ho prost\u0159ednictv\u00edm dru\u017eice (\u010d. j. FIA\/76\/2012, spis. zn. 2011\/1052\/FIA\/Che), k dodr\u017eov\u00e1n\u00ed<br \/>\np\u0159\u00edsn\u011bj\u0161\u00edch pravidel obecn\u00e9ho ve\u0159ejn\u00e9ho z\u00e1jmu formulovan\u00fdch pr\u00e1vn\u00edm \u0159\u00e1dem Ma\u010farska,<br \/>\nkonkr\u00e9tn\u011b ve v\u011bci za\u0159azov\u00e1n\u00ed ma\u010farsk\u00fdch symbol\u016f v\u011bkov\u00e9 klasifikace, k \u010demu\u017e nedo\u0161lo v<br \/>\nsouvislosti s odvys\u00edl\u00e1n\u00edm po\u0159adu Kisiklottak (origin\u00e1ln\u00ed n\u00e1zev Derailed, \u010desk\u00e1 verze Hra s nev\u011brou)<br \/>\ndne 24. \u010dervna 2023 od 15:21 hodin na programu FILM CAFE.<br \/>\n&#8211; Rada v r\u00e1mci sv\u00e9 kompetence dan\u00e9 \u00a7 5 odst. 1 p\u00edsm. a) a f) z\u00e1kona \u010d. 231\/2001 Sb., o<br \/>\nprovozov\u00e1n\u00ed rozhlasov\u00e9ho a televizn\u00edho vys\u00edl\u00e1n\u00ed a o zm\u011bn\u011b dal\u0161\u00edch z\u00e1kon\u016f, v platn\u00e9m zn\u011bn\u00ed (d\u00e1le<br \/>\njen \u201ez\u00e1kon \u010d. 231\/2001 Sb.\u201c) a v souladu s ustanoven\u00edm \u00a7 137 odst. 1 z\u00e1kona \u010d. 500\/2004 Sb.,<br \/>\nspr\u00e1vn\u00ed \u0159\u00e1d, (d\u00e1le jen \u201ez\u00e1kon \u010d. 500\/2004 Sb.\u201c) \u017e\u00e1d\u00e1 provozovatele Barrandov Televizn\u00ed Studio<br \/>\na. s., I\u010c: 41693311, s\u00eddlem Praha 5, K\u0159\u00ed\u017eeneck\u00e9ho n\u00e1m. 322, PS\u010c 15200, o pod\u00e1n\u00ed vysv\u011btlen\u00ed k<br \/>\nobsahu po\u0159adu Barrandovsk\u00fd Silvestr &#8211; To nejlep\u0161\u00ed III odvys\u00edlan\u00e9ho dne 29. \u010dervence 2023 od<br \/>\n20:00 hodin na programu Televize Barrandov, na z\u00e1klad\u011b jak\u00e9ho smluvn\u00edho ujedn\u00e1n\u00ed byly do<br \/>\npo\u0159adu um\u00edst\u011bny produkty zna\u010dky Mattoni. Rada stanovuje lh\u016ftu k pod\u00e1n\u00ed vysv\u011btlen\u00ed 30 dn\u00ed ode<br \/>\ndne doru\u010den\u00ed t\u00e9to v\u00fdzvy.<br \/>\n&#8211; Rada se sezn\u00e1mila s anal\u00fdzou z\u00e1znamu vys\u00edl\u00e1n\u00ed programu Comedy Central Family (Ma\u010farsko)<br \/>\nprovozovatele ViacomCBS Networks International Czech s.r.o. ze dne 5. \u010dervna 2023, v \u010dasov\u00e9m<br \/>\n\u00faseku od 12:00 do 24:00 hodin.<br \/>\n&#8211; Rada se sezn\u00e1mila s monitoringem vys\u00edl\u00e1n\u00ed programu HBO (Ma\u010farsko, Slovensko)<br \/>\nprovozovatele HBO Europe s.r.o. ze dne 5. \u010dervna 2023 v \u00faseku 12:00-24:00 hodin.<br \/>\n&#8211; Rada se sezn\u00e1mila s anal\u00fdzou z\u00e1znamu vys\u00edl\u00e1n\u00ed programu Nova sport 2 provozovatele TV Nova<br \/>\ns. r.o. ze dne 17. \u010dervence 2023 v \u010dasov\u00e9m \u00faseku 12:00 a\u017e 24:00 hodin.<br \/>\n&#8211; Rada se sezn\u00e1mila s anal\u00fdzou obsahu vys\u00edl\u00e1n\u00ed programu Nickelodeon Austria provozovatele<br \/>\nViacomCBS Networks International Czech s.r.o. ze dne 5. \u010dervna 2023 v \u010dasov\u00e9m \u00faseku od 12.00<br \/>\ndo 20.15 hodin.<br \/>\n&#8211; Rada se sezn\u00e1mila s anal\u00fdzou z\u00e1znamu vys\u00edl\u00e1n\u00ed programu HBO (Polsko) provozovatele HBO<br \/>\nEurope, s.r.o. ze dne 5. \u010dervna 2023 v \u010dasov\u00e9m \u00faseku 12:00 a\u017e 24:00 hodin.<br \/>\n&#8211; Rada se sezn\u00e1mila s v\u00fdsledky anal\u00fdzy obchodn\u00edch sd\u011blen\u00ed za m\u011bs\u00edc duben 2023.<br \/>\n&#8211; Rada se sezn\u00e1mila s v\u00fdsledky anal\u00fdzy obchodn\u00edch sd\u011blen\u00ed za m\u011bs\u00edc duben 2023.<br \/>\n&#8211; Rada postupuje \u010cesk\u00e9 inspekci \u017eivotn\u00edho prost\u0159ed\u00ed podn\u011bt t\u00fdkaj\u00edc\u00ed se obchodn\u00edho sd\u011blen\u00ed<br \/>\nWellneo IZA effect, kter\u00e9 obsahuje propagaci p\u0159\u00edpravku \/ dezinfek\u010dn\u00edho spreje IZA effect.<br \/>\n&#8211; Rada postupuje podn\u011bt t\u00fdkaj\u00edc\u00ed se obchodn\u00edho sd\u011blen\u00ed Connectit &#8211; Doodle mouse 3 Rad\u011b pro<br \/>\nreklamu k posouzen\u00ed.<br \/>\n&#8211; Rada v r\u00e1mci sv\u00e9 kompetence dan\u00e9 \u00a7 5 odst. 1 p\u00edsm. a) a f) z\u00e1kona \u010d. 231\/2001 Sb., o<br \/>\nprovozov\u00e1n\u00ed rozhlasov\u00e9ho a televizn\u00edho vys\u00edl\u00e1n\u00ed a o zm\u011bn\u011b dal\u0161\u00edch z\u00e1kon\u016f, v platn\u00e9m zn\u011bn\u00ed (d\u00e1le<br \/>\njen \u201ez\u00e1kon \u010d. 231\/2001 Sb.\u201c) a v souladu s ustanoven\u00edm \u00a7 137 odst. 1 z\u00e1kona \u010d. 500\/2004 Sb.,<br \/>\nspr\u00e1vn\u00ed \u0159\u00e1d, (d\u00e1le jen \u201ez\u00e1kon \u010d. 500\/2004 Sb.\u201c) \u017e\u00e1d\u00e1 provozovatele FTV Prima, spol. s r.o., I\u010c:<br \/>\n481 15 908, Vinohradsk\u00e1 3217\/167, Stra\u0161nice, 100 00, Praha 10, o pod\u00e1n\u00ed vysv\u011btlen\u00ed k<br \/>\nobchodn\u00edmu sd\u011blen\u00ed s motivem SMARTY CZ, kter\u00e9 bylo odvys\u00edl\u00e1no dne 1. dubna 2023 v \u010dase<br \/>\n11:12 hodin na programu Prima COOL. Rada \u017e\u00e1d\u00e1 o informaci, o jak\u00fd druh obchodn\u00edho sd\u011blen\u00ed se<br \/>\njedn\u00e1. Rada stanovuje lh\u016ftu k pod\u00e1n\u00ed vysv\u011btlen\u00ed 30 dn\u00ed ode dne doru\u010den\u00ed t\u00e9to v\u00fdzvy.<br \/>\n&#8211; Rada v r\u00e1mci sv\u00e9 p\u016fsobnosti dan\u00e9 ustanoven\u00edm \u00a7 5 odst. 1 p\u00edsm. a) a f) a \u00a7 59 odst. 1-3 z\u00e1kona<br \/>\n\u010d. 231\/2001 Sb., o provozov\u00e1n\u00ed rozhlasov\u00e9ho a televizn\u00edho vys\u00edl\u00e1n\u00ed a o zm\u011bn\u011b dal\u0161\u00edch z\u00e1kon\u016f (d\u00e1le<br \/>\njen \u201ez\u00e1kon \u010d. 231\/2001 Sb.\u201c), v platn\u00e9m zn\u011bn\u00ed, upozor\u0148uje provozovatele \u010cesk\u00e1 televize,<br \/>\nI\u010c 00027383, s\u00eddlem Na h\u0159ebenech II 1132\/4, Praha 4, PS\u010c 14700, na poru\u0161en\u00ed ustanoven\u00ed \u00a7 49<br \/>\nodst. 1 p\u00edsm. c) z\u00e1kona \u010d. 231\/2001 Sb., kter\u00e9ho se dopustil t\u00edm, \u017ee dne 8. dubna 2023 v \u010dase<br \/>\n21:29 hodin na programu \u010cT sport odvys\u00edlal ozn\u00e1men\u00ed sponzora po\u0159adu s motivem Clavin<br \/>\nPLATINUM, kter\u00fd byl obchodn\u00edm sd\u011blen\u00edm obsahuj\u00edc\u00edm propagaci dopl\u0148ku stravy Clavin<br \/>\nPLATINUM, kter\u00fd je p\u0159\u00edpravkem pro podporu erekce [obrazov\u00e1 slo\u017eka: text na balen\u00ed produktu<br \/>\n\u201ePEVN\u00c1 A RYCHL\u00c1 EREKCE\u201c, text pod balen\u00edm produktu \u201e\u00da\u010dinnost Clavin zaji\u0161\u0165uje \/ obsahuje<br \/>\nmj. (L-Arginin, LCitrulin), selen, zinek a nav\u00edc Tribulus Terrestris a Crocus,<\/p>\n<p>kter\u00e9 zlep\u0161uj\u00ed erekci a sexu\u00e1ln\u00ed pro\u017eitek.\u201c; zvukov\u00e1 slo\u017eka: \u201eClavin, p\u0159\u00edpravek na zkvalitn\u011bn\u00ed erekce s rychl\u00fdm n\u00e1stupem<br \/>\n\u00fa\u010dinku.\u201c], \u010d\u00edm\u017e poru\u0161il povinnost zajistit, aby obchodn\u00ed sd\u011blen\u00ed t\u00fdkaj\u00edc\u00ed se erotick\u00fdch slu\u017eeb,<br \/>\nerotick\u00fdch v\u00fdrobk\u016f a hum\u00e1nn\u00edch l\u00e9\u010div\u00fdch p\u0159\u00edpravk\u016f nebo dopl\u0148k\u016f stravy na podporu sexu\u00e1ln\u00ed<br \/>\nv\u00fdkonnosti nebyly za\u0159azov\u00e1ny do vys\u00edl\u00e1n\u00ed v dob\u011b od 06.00 hodin do 22.00 hodin. Rada stanovuje<br \/>\nlh\u016ftu k n\u00e1prav\u011b 7 dn\u00ed ode dne doru\u010den\u00ed upozorn\u011bn\u00ed.<br \/>\n&#8211; Rada se sezn\u00e1mila s podan\u00fdm vysv\u011btlen\u00edm provozovatele vys\u00edl\u00e1n\u00ed RTM plus Liberecko s.r.o.,<br \/>\nse s\u00eddlem Mr\u0161t\u00edkova 399\/2a, 460 07 Liberec III-Je\u0159\u00e1b, I\u010c: 174 45 663, jak\u00fdm zp\u016fsobem coby<br \/>\nprovozovatel televizn\u00edho programu rtm plus vykon\u00e1v\u00e1 rozhoduj\u00edc\u00ed vliv na v\u00fdb\u011br po\u0159ad\u016f a dal\u0161\u00edch<br \/>\n\u010d\u00e1st\u00ed vys\u00edl\u00e1n\u00ed programu, respektive jak\u00fdm zp\u016fsobem napl\u0148uje povinnost provozovat vys\u00edl\u00e1n\u00ed<br \/>\nprogramu vlastn\u00edm jm\u00e9nem, na vlastn\u00ed \u00fa\u010det a odpov\u011bdnost, kdy\u017e dle \u010dl. III. odst. 8 Smlouvy o<br \/>\nprezentaci a poskytnut\u00ed slu\u017eeb Jabloneck\u00fd magaz\u00edn, uzav\u0159en\u00e9 dne 21. prosince 2022 mezi<br \/>\nprovozovatelem vys\u00edl\u00e1n\u00ed (jako zhotovitelem) a Statut\u00e1rn\u00edm m\u011bstem Jablonec nad Nisou (jako<br \/>\nzadavatelem), o kone\u010dn\u00e9m obsahu d\u00edla rozhoduje v\u017edy zadavatel a dle \u010dl. V odst. 7 t\u00e9\u017ee smlouvy<br \/>\nse zadavatel zavazuje b\u00fdt garantem (tedy zodpov\u011bdn\u00fdm subjektem) dohodnut\u00e9ho obsahu a d\u00e1le<br \/>\nkdy\u017e dle \u010dl. II odst. 3 Smlouvy o prezentaci a poskytnut\u00ed slu\u017eeb uzav\u0159en\u00e9 9. prosince 2022 mezi<br \/>\nprovozovatelem vys\u00edl\u00e1n\u00ed (zhotovitel) a m\u011bsty Tanvald a Desn\u00e1 (zadavatel) se zadavatel t\u00e9\u017e<br \/>\nzavazuje b\u00fdt garantem dohodnut\u00e9ho obsahu.<br \/>\n&#8211; Rada se sezn\u00e1mila s informac\u00ed o uhrazen\u00ed po\u0159\u00e1dkov\u00e9 pokuty provozovatelem TKR Ja\u0161ek, s.r.o.,<br \/>\nulo\u017een\u00e9 pro bezd\u016fvodn\u00e9 odep\u0159en\u00ed vysv\u011btlen\u00ed v souvislosti s kompletnost\u00ed z\u00e1znamu vys\u00edl\u00e1n\u00ed<br \/>\nInfokan\u00e1lu Obce Ho\u0161\u0165\u00e1lkov\u00e1 ze dne 20. b\u0159ezna 2022.<br \/>\n&#8211; Rada se sezn\u00e1mila s \u017e\u00e1dost\u00ed V\u00fdboru nez\u00e1visl\u00e9ho ICT pr\u016fmyslu, z. s., I\u010c: 04731123, Vr\u00e1tkov<br \/>\n116, PS\u010c 282 01, Vr\u00e1tkov, o sta\u017een\u00ed ze seznamu uchaze\u010d\u016f o z\u00e1pis mezi samoregula\u010dn\u00ed org\u00e1ny,<br \/>\njak je definuje ustanoven\u00ed \u00a7 2 odst. 2 p\u00edsm. j) z\u00e1kona \u010d. 231\/2001 Sb., o vys\u00edl\u00e1n\u00ed, a bere tuto<br \/>\nskute\u010dnost na v\u011bdom\u00ed.<br \/>\n&#8211; Rada se sezn\u00e1mila s rozsudkem Obvodn\u00edho soudu pro Prahu 2 ze dne 24. kv\u011btna 2023, \u010d. j.<br \/>\n14 C 133\/2022-138, ve v\u011bci spole\u010dnosti Pal\u00edrna U Zelen\u00e9ho stromu a.s., kter\u00fd zam\u00edtl ve v\u0161ech<br \/>\nbodech po\u017eadavky \u017ealobce.<br \/>\n&#8211; Rada se sezn\u00e1mila se sd\u011blen\u00edm ve v\u011bci Ak\u010dn\u00edho pl\u00e1nu politiky v oblasti z\u00e1vislost\u00ed 2023-2025.<br \/>\n&#8211; Rada v r\u00e1mci \u0159\u00edzen\u00ed o p\u0159estupku veden\u00e9m pod sp. zn. RRTV\/2023\/556\/beh provedla d\u016fkaz<br \/>\nzhl\u00e9dnut\u00edm z\u00e1znamu po\u0159adu \u010cesk\u00e1 tajenka, kter\u00fd byl odvys\u00edl\u00e1n dne 6. kv\u011btna 2023 v \u010dase od 06:17<br \/>\nhodin na programu BARRANDOV KRIMI.<br \/>\nAUDIOVIZU\u00c1LN\u00cd MEDI\u00c1LN\u00cd SLU\u017dBY NA VY\u017d\u00c1D\u00c1N\u00cd A SLU\u017dBY PLATFOREM PRO SD\u00cdLEN\u00cd<br \/>\nVIDEONAHR\u00c1VEK<br \/>\n&#8211; Rada v r\u00e1mci sv\u00e9 p\u016fsobnosti podle ustanoven\u00ed \u00a7 4 odst. 2 p\u00edsm. a) a \u00a7 5 odst. 3 z\u00e1kona<br \/>\n\u010d. 132\/2010 Sb., o audiovizu\u00e1ln\u00edch medi\u00e1ln\u00edch slu\u017eb\u00e1ch na vy\u017e\u00e1d\u00e1n\u00ed, a podle ustanoven\u00ed \u00a7 158<br \/>\nodst. 1 z\u00e1kona \u010d. 500\/2004 Sb., spr\u00e1vn\u00edho \u0159\u00e1du, vyd\u00e1v\u00e1 na z\u00e1klad\u011b p\u00edsemn\u00e9ho ozn\u00e1men\u00ed<br \/>\nposkytovatele Mimesis Film s.r.o., I\u010cO 24318833, doru\u010den\u00e9ho Rad\u011b dne 26. \u010dervence 2023, toto<br \/>\npotvrzen\u00ed: Poskytovatel Mimesis Films.r.o., I\u010cO 24318833 , s\u00eddlem Donsk\u00e1 168\/19, Praha 10,<br \/>\n101 00, byl dne 22. srpna 2023 zaps\u00e1n do Seznamu poskytovatel\u016f audiovizu\u00e1ln\u00edch medi\u00e1ln\u00edch<br \/>\nslu\u017eeb na vy\u017e\u00e1d\u00e1n\u00ed ve smyslu ustanoven\u00ed \u00a7 5 z\u00e1kona \u010d. 132\/2010 Sb., o audiovizu\u00e1ln\u00edch<br \/>\nmedi\u00e1ln\u00edch slu\u017eb\u00e1ch na vy\u017e\u00e1d\u00e1n\u00ed; audiovizu\u00e1ln\u00ed medi\u00e1ln\u00ed slu\u017eba na vy\u017e\u00e1d\u00e1n\u00ed je poskytov\u00e1na ode<br \/>\ndne 27. dubna 2021 pod n\u00e1zvem Kino dom\u016f, um\u00edst\u011bn\u00e1 na internetov\u00e9 adrese<br \/>\nhttps:\/\/kinopilotu.artinii.com\/home.<br \/>\n&#8211; Rada v r\u00e1mci sv\u00e9 p\u016fsobnosti podle ustanoven\u00ed \u00a7 4 odst. 2 p\u00edsm. a) a \u00a7 5 odst. 3 z\u00e1kona<br \/>\n\u010d. 132\/2010 Sb., o audiovizu\u00e1ln\u00edch medi\u00e1ln\u00edch slu\u017eb\u00e1ch na vy\u017e\u00e1d\u00e1n\u00ed, a podle ustanoven\u00ed \u00a7 158<br \/>\nodst. 1 z\u00e1kona \u010d. 500\/2004 Sb., spr\u00e1vn\u00edho \u0159\u00e1du, vyd\u00e1v\u00e1 na z\u00e1klad\u011b p\u00edsemn\u00e9ho ozn\u00e1men\u00ed<br \/>\nposkytovatele ARTinii Production s.r.o., I\u010cO 034 09 759, doru\u010den\u00e9ho Rad\u011b dne 25. \u010dervence<br \/>\n2023, toto potvrzen\u00ed: Poskytovatel ARTinii Production s.r.o., I\u010cO 034 09 759 , s\u00eddlem Hybernsk\u00e1<br \/>\n1034\/5, Praha 1, 110 00, byl dne 22. srpna 2023 zaps\u00e1n do Seznamu poskytovatel\u016f<br \/>\naudiovizu\u00e1ln\u00edch medi\u00e1ln\u00edch slu\u017eeb na vy\u017e\u00e1d\u00e1n\u00ed ve smyslu ustanoven\u00ed \u00a7 5 z\u00e1kona \u010d. 132\/2010 Sb.,<\/p>\n<p>o audiovizu\u00e1ln\u00edch medi\u00e1ln\u00edch slu\u017eb\u00e1ch na vy\u017e\u00e1d\u00e1n\u00ed; audiovizu\u00e1ln\u00ed medi\u00e1ln\u00ed slu\u017eba na vy\u017e\u00e1d\u00e1n\u00ed je<br \/>\nposkytov\u00e1na ode dne 20. b\u0159ezna 2020 pod n\u00e1zvem CinemaAnywhere.com\/White labels Artinii.pro,<br \/>\num\u00edst\u011bn\u00e1 na internetov\u00e9 adrese https:\/\/cinemaanywhere.com\/.<br \/>\n&#8211; Rada se sezn\u00e1mila se sd\u011blen\u00edm Finan\u010dn\u00edho \u00fa\u0159adu pro hlavn\u00ed m\u011bsto Prahu ve v\u011bci subjektu<br \/>\nTM Media.<\/p>\n<p>V Praze dne 24. 8. 2023<\/p>\n<p>Ing. arch. V\u00e1clav Mencl<br \/>\np\u0159edseda Rady pro rozhlasov\u00e9<br \/>\na televizn\u00ed vys\u00edl\u00e1n\u00ed<\/p>\n<p>kontakt: podatelna@rrtv.gov.cz<br \/>\n274 813 830<\/p>\n","protected":false},"excerpt":{"rendered":"<p>Rada pro rozhlasov\u00e9 a televizn\u00ed vys\u00edl\u00e1n\u00ed (d\u00e1le jen &#8222;Rada&#8220;) na sv\u00e9m 13. zased\u00e1n\u00ed projednala 25 bod\u016f programu. Vyhodnotila 16 st\u00ed\u017enost\u00ed div\u00e1k\u016f a poslucha\u010d\u016f, vydala dv\u011b upozorn\u011bn\u00ed na poru\u0161en\u00ed z\u00e1kona.<\/p>\n","protected":false},"author":9,"featured_media":0,"comment_status":"open","ping_status":"open","sticky":false,"template":"","format":"standard","meta":{"ngg_post_thumbnail":0,"footnotes":""},"categories":[11],"tags":[],"class_list":["post-13640","post","type-post","status-publish","format-standard","hentry","category-ozvena"],"_links":{"self":[{"href":"https:\/\/www.ladislavjakl.cz\/index.php?rest_route=\/wp\/v2\/posts\/13640","targetHints":{"allow":["GET"]}}],"collection":[{"href":"https:\/\/www.ladislavjakl.cz\/index.php?rest_route=\/wp\/v2\/posts"}],"about":[{"href":"https:\/\/www.ladislavjakl.cz\/index.php?rest_route=\/wp\/v2\/types\/post"}],"author":[{"embeddable":true,"href":"https:\/\/www.ladislavjakl.cz\/index.php?rest_route=\/wp\/v2\/users\/9"}],"replies":[{"embeddable":true,"href":"https:\/\/www.ladislavjakl.cz\/index.php?rest_route=%2Fwp%2Fv2%2Fcomments&post=13640"}],"version-history":[{"count":3,"href":"https:\/\/www.ladislavjakl.cz\/index.php?rest_route=\/wp\/v2\/posts\/13640\/revisions"}],"predecessor-version":[{"id":13643,"href":"https:\/\/www.ladislavjakl.cz\/index.php?rest_route=\/wp\/v2\/posts\/13640\/revisions\/13643"}],"wp:attachment":[{"href":"https:\/\/www.ladislavjakl.cz\/index.php?rest_route=%2Fwp%2Fv2%2Fmedia&parent=13640"}],"wp:term":[{"taxonomy":"category","embeddable":true,"href":"https:\/\/www.ladislavjakl.cz\/index.php?rest_route=%2Fwp%2Fv2%2Fcategories&post=13640"},{"taxonomy":"post_tag","embeddable":true,"href":"https:\/\/www.ladislavjakl.cz\/index.php?rest_route=%2Fwp%2Fv2%2Ftags&post=13640"}],"curies":[{"name":"wp","href":"https:\/\/api.w.org\/{rel}","templated":true}]}}