{"id":13650,"date":"2023-09-01T11:53:16","date_gmt":"2023-09-01T09:53:16","guid":{"rendered":"https:\/\/www.ladislavjakl.cz\/?p=13650"},"modified":"2023-09-01T11:53:16","modified_gmt":"2023-09-01T09:53:16","slug":"folimanka-blues-zapari-u-fleku-rika-jeji-frontman","status":"publish","type":"post","link":"https:\/\/www.ladislavjakl.cz\/?p=13650","title":{"rendered":"Folimanka Blues zapa\u0159\u00ed U Flek\u016f, \u0159\u00edk\u00e1 jej\u00ed frontman"},"content":{"rendered":"<p>P\u0159ed t\u0159iceti lety vznikla bigb\u00edtov\u00e1 kapela Folimanka Blues. \u201eK rocku ale pat\u0159\u00ed jen opravdovost a svoboda, ne k\u0159e\u010dovit\u00e1 snaha chovat se tak, jak pr\u00fd se m\u00e1 chovat spr\u00e1vn\u00fd rocker\u201c, \u0159\u00edk\u00e1 v rozhovoru pro VIPosobnosti.cz jej\u00ed zakladatel Ladislav Jakl.<\/p>\n<p><!--more--><\/p>\n<div class=\"elementor-element elementor-element-2272ccea elementor-widget elementor-widget-shortcode\" data-id=\"2272ccea\" data-element_type=\"widget\" data-widget_type=\"shortcode.default\">\n<div class=\"elementor-widget-container\">\n<div class=\"elementor-shortcode\"><strong>Pane Jakle, vy jste frontmanem rockov\u00e9 skupiny. Kdy\u017e se \u0159ekne Folimanka Blues, co v\u0161e st\u00e1lo za jej\u00edm zrodem?<\/strong><\/div>\n<\/div>\n<\/div>\n<div class=\"elementor-element elementor-element-772566d4 elementor-widget elementor-widget-text-editor\" data-id=\"772566d4\" data-element_type=\"widget\" data-widget_type=\"text-editor.default\">\n<div class=\"elementor-widget-container\">\n<p>No, u\u017e je to tuze d\u00e1vno a z dne\u0161n\u00edho pohledu skoro jedno, ale na za\u010d\u00e1tku v\u016fbec nebyl pl\u00e1n zalo\u017eit kapelu. Na za\u010d\u00e1tku byl m\u016fj bilan\u010dn\u00ed koncert v roce 1993, kde jsem shrnul r\u016fzn\u00e9 sv\u00e9 tehdej\u0161\u00ed dosavadn\u00ed hudebn\u00ed aktivity, vystoupil se sv\u00fdmi kapelami a p\u0159edstavil zaj\u00edmav\u00e9 hosty (t\u0159eba Mi\u0161\u00edk a Prokop). T\u011bsn\u011b p\u0159ed akc\u00ed mi jeden ze spoluhr\u00e1\u010d\u016f \u0159ekl, \u017ee kdy\u017e u\u017e jde o bilanci, nem\u011blo by v n\u00ed chyb\u011bt i obdob\u00ed, kdy jsem hr\u00e1val s r\u016fzn\u00fdm doprovodem jen tak po hospod\u00e1ch. J\u00e1 tuhle \u00e9ru pova\u017eoval u\u017e za odbytou minulost, ale pro \u00faplnost on\u00e9 bilance jsem dal dohromady p\u0159\u00edle\u017eitostnou sestavu a na tom Rockov\u00e9m \u00fa\u010dtu zahr\u00e1l i tenhle reperto\u00e1r. A ono se to chytlo v\u00edc ne\u017e ty tehdy \u017eiv\u00e9 kapely. Ty u\u017e jsou d\u00e1vno prachem zapadan\u00e9, zat\u00edmco z p\u016fvodn\u011b p\u0159\u00edle\u017eitostn\u00e9 sestavy pro jeden ve\u010der vznikla kapela existuj\u00edc\u00ed dodnes.<\/p>\n<\/div>\n<\/div>\n<div class=\"elementor-element elementor-element-5f3336ab elementor-widget elementor-widget-text-editor\" data-id=\"5f3336ab\" data-element_type=\"widget\" data-widget_type=\"text-editor.default\">\n<div class=\"elementor-widget-container\">\n<p><strong>Odv\u00e1\u017en\u00fd bigb\u00edt i po\u0159\u00e1dn\u00e9 drama. O \u010dem je\u0161t\u011b je va\u0161e kapela?<\/strong><\/p>\n<p>To by asi l\u00e9pe \u0159ekl pou\u010den\u00fd poslucha\u010d ne\u017e autor, ale kapela sebou nese n\u011bjak\u00fd sv\u016fj autentick\u00fd pocit, n\u011bjakou n\u00e1ladu, a to nejen v textech. A jsou to pocity a n\u00e1lady o vztaz\u00edch, kr\u00e1s\u00e1ch, kriz\u00edch, l\u00e1sk\u00e1ch, tr\u00e1pen\u00edch, to v\u0161e nap\u0159\u00edmo, bolestn\u011b, pro\u017eit\u011b i od\u017eit\u011b. Bez kli\u0161\u00e9, p\u00f3z a nalh\u00e1v\u00e1n\u00ed si. A bez sebeuchvacov\u00e1n\u00ed se vlastn\u00ed poeti\u010dnost\u00ed.<\/p>\n<p><strong>Vystupujete tak\u00e9 v zahrani\u010d\u00ed. Nam\u00e1tkou, na Slovensku, v Polsku, N\u011bmecku, ale i USA. Jak v\u00e1s p\u0159ijalo tamn\u00ed publikum?<\/strong><\/p>\n<p>No, t\u011bch v\u00fdjezd\u016f zas tak moc nebylo a v\u011bt\u0161ina z&nbsp;nich u\u017e se odehr\u00e1la d\u00e1vno. Ale t\u0159eba a Americe p\u016flku publika na koncertech tvo\u0159ili sentiment\u00e1ln\u00ed \u010ce\u0161i. V&nbsp;Polsku jsem si s&nbsp;lidmi o muzice mohl pov\u00eddat celkem nap\u0159\u00edmo, proto\u017ee polsky trochu po mamince um\u00edm. V&nbsp;Rakousku se mi osv\u011bd\u010dilo p\u0159ed ka\u017edou p\u00edsn\u00ed \u0159\u00edci anglicky po\u0159\u00e1d dokola jednu v\u011btu: \u201en\u00e1sleduj\u00edc\u00ed p\u00edse\u0148 bude o jedn\u00e9 \u017een\u011b m\u00e9ho \u017eivota a o piv\u011b.\u201c Kdy\u017e jsem to \u0159\u00edkal za ve\u010der asi podes\u00e1t\u00e9, bylo jim v\u0161e jasn\u00e9. Jasn\u011bj\u0161\u00ed, ne\u017e kdyby se \u0161\u0165ourali v&nbsp;jednotliv\u00fdch ver\u0161\u00edch. Naposledy jsme letos v&nbsp;l\u00e9t\u011b hr\u00e1li na jihov\u00fdchodn\u00edm Slovensku, kde snad devades\u00e1t procent poslucha\u010d\u016f byli rodil\u00ed Ma\u010fa\u0159i. Ti \u010de\u0161tinou nijak zasko\u010deni nebyli, ale muzikou rozhodn\u011b ano, proto\u017ee tam skoro v\u0161ichni hraj\u00ed melodick\u00fd popov\u00fd kytarov\u00fd rock. Tak pr\u00fd to pro n\u011b bylo osv\u011b\u017een\u00ed.<\/p>\n<figure id=\"attachment_15373\" class=\"wp-caption aligncenter\" aria-describedby=\"caption-attachment-15373\"><img loading=\"lazy\" decoding=\"async\" class=\"wp-image-15373 entered lazyloaded\" src=\"https:\/\/viposobnosti.cz\/wp-content\/uploads\/2023\/08\/image0-600x450.jpeg\" alt=\"\" width=\"493\" height=\"370\" data-lazy-src=\"https:\/\/viposobnosti.cz\/wp-content\/uploads\/2023\/08\/image0-600x450.jpeg\" data-ll-status=\"loaded\"><figcaption id=\"caption-attachment-15373\" class=\"wp-caption-text\">Folimanka Blues | Foto: se souhlasem Ladislav Jakl<\/figcaption><\/figure>\n<\/div>\n<\/div>\n<div class=\"elementor-element elementor-element-6108d232 elementor-widget elementor-widget-text-editor\" data-id=\"6108d232\" data-element_type=\"widget\" data-widget_type=\"text-editor.default\">\n<div class=\"elementor-widget-container\">\n<p><strong>\u0158\u00edk\u00e1 se, \u017ee rocke\u0159i se moc nesm\u011bj\u00ed, cht\u011bj\u00ed vypadat cool\u2026<\/strong><\/p>\n<p>Krout\u00edm hlavou nad t\u011bmi, co si vyberou n\u011bjakou stylizaci, \u017ee t\u0159eba jako budou rocke\u0159i, tu\u010d\u0148\u00e1ci, mimozem\u0161\u0165ani, up\u00ed\u0159i nebo r\u016f\u017eov\u00ed pon\u00edci, zjist\u00ed si, co k on\u00e9 stylizaci pat\u0159\u00ed, a pak se on\u011bch atribut\u016f k\u0159e\u010dovit\u011b a cht\u011bn\u011b dr\u017e\u00ed jako herec role. To je a\u017e skoro legra\u010dn\u00ed. Hudebn\u00ed postoj m\u00e1 vych\u00e1zet z p\u0159irozen\u00e9ho naturelu. Jako teenager jsem koukal, jak kolem m\u011b v\u0161ichni \u201ebigb\u00ed\u0165\u00e1ci\u201c ok\u00e1zale a demonstrativn\u011b nos\u00ed ty spr\u00e1vn\u00e9 d\u017e\u00ednov\u00e9 bundy a rifle. J\u00e1 za vrchol undergroundu pova\u017eoval nosit prost\u011b to, co mi dala maminka. Jednodu\u0161e to, co m\u00e1m ve sk\u0159\u00edni, ne\u017e \u017ee budu \u0161kemrat o bony, abych m\u011bl na tu spr\u00e1vnou uniformu. Ony tehdej\u0161\u00ed d\u017e\u00ednov\u00e9 bundy se po p\u00e1r letech ost\u0159\u00edhaly, vzaly na sebe saka a za\u0159adily se do konzumn\u00edho proudu. Bigb\u00edt, to byla pro n\u011b jen mladick\u00e1 p\u00f3za. K rocku ale pat\u0159\u00ed jen opravdovost a svoboda, ne k\u0159e\u010dovit\u00e1 snaha chovat se tak, jak pr\u00fd se m\u00e1 chovat spr\u00e1vn\u00fd rocker.<\/p>\n<p><strong>Kapela Folimanka Blues m\u00e1 letos 30. narozeniny. Jak moc se zm\u011bnila od sv\u00e9ho za\u010d\u00e1tku?<\/strong><\/p>\n<p>Ach, zm\u011bnila nejv\u00edc, jak je to jen mo\u017en\u00e9, tedy person\u00e1ln\u011b. \u010cty\u0159i n\u011bkdej\u0161\u00ed \u010dlenov\u00e9 (i dva mana\u017ee\u0159i) jsou po smrti. Postupn\u011b p\u0159ich\u00e1zeli m\u00edsto nich dal\u0161\u00ed. N\u011bkte\u0159\u00ed du\u0161i kapely pochopili a z\u016fstali, jin\u00ed si \u0161li hledat n\u011bco sob\u011b bli\u017e\u0161\u00edho. Kapela se vlastn\u011b moc nezm\u011bnila, mo\u017en\u00e1 st\u00e1\u0159\u00edm trochu zcyni\u010dt\u011bla. Jen osoby a obsazen\u00ed se jednou za p\u00e1r let trochu prom\u011bn\u00ed.<\/p>\n<\/div>\n<\/div>\n<div class=\"elementor-element elementor-element-5e5ce2ef elementor-widget elementor-widget-shortcode\" data-id=\"5e5ce2ef\" data-element_type=\"widget\" data-widget_type=\"shortcode.default\">\n<div class=\"elementor-widget-container\">\n<div class=\"elementor-shortcode\"><strong>Jak toto \u00fa\u017easn\u00e9 v\u00fdro\u010d\u00ed oslav\u00edte?<\/strong><\/div>\n<\/div>\n<\/div>\n<div class=\"elementor-element elementor-element-2b2472f9 elementor-widget elementor-widget-text-editor\" data-id=\"2b2472f9\" data-element_type=\"widget\" data-widget_type=\"text-editor.default\">\n<div class=\"elementor-widget-container\">\n<p>Kapela re\u00e1ln\u011b vznikla v kv\u011btnu 1993, tak\u017ee narozeniny jsme pro\u0161vihli, jen\u017ee j\u00e1 na ja\u0159e nem\u011bl s\u00edlu a \u010das tak velkou akci uspo\u0159\u00e1dat. Sv\u016fj n\u00e1zev ale Folimanka Blues nese a\u017e od prosince 1993, tak\u017ee vlastn\u011b oslava m\u016f\u017ee b\u00fdt kdykoli mezi kv\u011btnem a prosincem. A to taky je: v \u00fater\u00fd 26. z\u00e1\u0159\u00ed v pivovaru U Flek\u016f. Je to u\u017e od \u0161esti, proto\u017ee tam se mus\u00ed brzo kon\u010dit. Bude to sp\u00ed\u0161e setk\u00e1n\u00ed p\u0159\u00e1tel a fand\u016f ne\u017e jen koncert. Popa\u0159\u00edme, zahrajeme, popa\u0159\u00edme\u2026 A vzpom\u00edn\u00e1n\u00ed p\u0159eh\u00e1n\u011bt nebudeme, od toho m\u00e1me pravideln\u00fd \u00fanorov\u00fd Cimrfest. U Flek\u016f se chceme hlavn\u011b bavit a u\u017e\u00edt si toho, \u017ee se m\u016f\u017eeme v\u0161ichni spole\u010dn\u011b potkat. Proto\u017ee jestli n\u00e1m muzika dala n\u011bco opravdu cenn\u00e9ho, jsou to lidi, kter\u00e9 jsme d\u00edky n\u00ed poznali.<\/p>\n<p><a href=\"https:\/\/viposobnosti.cz\/clanky\/folimanka-blues-zapari-u-fleku-rika-jeji-frontman\/?utm_source=www.seznam.cz&amp;utm_medium=sekce-z-internetu#dop_source_zone_name=hpfeed.sznhp.lppartner&amp;dop_ab_variant=null\">Zdroj<\/a><\/p>\n<\/div>\n<\/div>\n","protected":false},"excerpt":{"rendered":"<p>P\u0159ed t\u0159iceti lety vznikla bigb\u00edtov\u00e1 kapela Folimanka Blues. \u201eK rocku ale pat\u0159\u00ed jen opravdovost a svoboda, ne k\u0159e\u010dovit\u00e1 snaha chovat se tak, jak pr\u00fd se m\u00e1 chovat spr\u00e1vn\u00fd rocker\u201c, \u0159\u00edk\u00e1 v rozhovoru pro VIPosobnosti.cz jej\u00ed zakladatel Ladislav Jakl.<\/p>\n","protected":false},"author":9,"featured_media":0,"comment_status":"open","ping_status":"open","sticky":false,"template":"","format":"standard","meta":{"ngg_post_thumbnail":0,"footnotes":""},"categories":[4,13],"tags":[],"class_list":["post-13650","post","type-post","status-publish","format-standard","hentry","category-hudba","category-rozhovory"],"_links":{"self":[{"href":"https:\/\/www.ladislavjakl.cz\/index.php?rest_route=\/wp\/v2\/posts\/13650","targetHints":{"allow":["GET"]}}],"collection":[{"href":"https:\/\/www.ladislavjakl.cz\/index.php?rest_route=\/wp\/v2\/posts"}],"about":[{"href":"https:\/\/www.ladislavjakl.cz\/index.php?rest_route=\/wp\/v2\/types\/post"}],"author":[{"embeddable":true,"href":"https:\/\/www.ladislavjakl.cz\/index.php?rest_route=\/wp\/v2\/users\/9"}],"replies":[{"embeddable":true,"href":"https:\/\/www.ladislavjakl.cz\/index.php?rest_route=%2Fwp%2Fv2%2Fcomments&post=13650"}],"version-history":[{"count":1,"href":"https:\/\/www.ladislavjakl.cz\/index.php?rest_route=\/wp\/v2\/posts\/13650\/revisions"}],"predecessor-version":[{"id":13651,"href":"https:\/\/www.ladislavjakl.cz\/index.php?rest_route=\/wp\/v2\/posts\/13650\/revisions\/13651"}],"wp:attachment":[{"href":"https:\/\/www.ladislavjakl.cz\/index.php?rest_route=%2Fwp%2Fv2%2Fmedia&parent=13650"}],"wp:term":[{"taxonomy":"category","embeddable":true,"href":"https:\/\/www.ladislavjakl.cz\/index.php?rest_route=%2Fwp%2Fv2%2Fcategories&post=13650"},{"taxonomy":"post_tag","embeddable":true,"href":"https:\/\/www.ladislavjakl.cz\/index.php?rest_route=%2Fwp%2Fv2%2Ftags&post=13650"}],"curies":[{"name":"wp","href":"https:\/\/api.w.org\/{rel}","templated":true}]}}