{"id":13652,"date":"2023-09-01T11:57:44","date_gmt":"2023-09-01T09:57:44","guid":{"rendered":"https:\/\/www.ladislavjakl.cz\/?p=13652"},"modified":"2023-09-01T11:58:16","modified_gmt":"2023-09-01T09:58:16","slug":"sladkovi-zaplatim-ale-statu","status":"publish","type":"post","link":"https:\/\/www.ladislavjakl.cz\/?p=13652","title":{"rendered":"Sl\u00e1dkovi zaplat\u00edm, ale st\u00e1tu?"},"content":{"rendered":"<div class=\"opener\">\n<p>Prazdroj zdra\u017euje. O korunu pades\u00e1t na p\u016fllitr. A zcela jist\u011b ho budou n\u00e1sledovat ostatn\u00ed pivovary. V drah\u00fdch restaurac\u00edch zdra\u017een\u00ed skoro nikdo nepozn\u00e1, pro vesnick\u00e9 hospody, taktak p\u0159e\u017e\u00edvaj\u00edc\u00ed, m\u016f\u017ee b\u00fdt likvida\u010dn\u00ed.<\/p>\n<p><!--more--><\/p>\n<p>Ano, po\u0159\u00e1d jsme zem\u00ed s nejlevn\u011bj\u0161\u00edm pivem na sv\u011bt\u011b. Ano, zdra\u017een\u00ed ani nepokr\u00fdv\u00e1 inflaci za posledn\u00ed rok. Ano, i toto zdra\u017een\u00ed je d\u016fsledkem r\u016fstu n\u00e1klad\u016f, p\u0159edev\u0161\u00edm surovin a energie. Ale nezapom\u00ednejme, \u017ee v\u00fdznamnou \u010d\u00e1st ceny piva si bere st\u00e1t.<\/p>\n<p>Do ceny piva pro kone\u010dn\u00e9ho spot\u0159ebitele se prom\u00edtaj\u00ed v\u0161echny dan\u011b, tedy da\u0148 z p\u0159\u00edjmu, da\u0148 z p\u0159idan\u00e9 hodnoty, ale k tomu v\u0161emu je\u0161t\u011b nav\u00edc spot\u0159ebn\u00ed da\u0148. A ta z\u016fst\u00e1v\u00e1 nad\u00e1le nespravedliv\u00e1 a pro pivo diskrimina\u010dn\u00ed. Z v\u00edna se toti\u017e spot\u0159ebn\u00ed da\u0148 neplat\u00ed. A bude h\u016f\u0159, proto\u017ee vl\u00e1da nam\u00edsto \u00faspor hodl\u00e1 bojovat s rostouc\u00edm schodkem pr\u00e1v\u011b zvy\u0161ov\u00e1n\u00edm dan\u00ed, v\u010detn\u011b on\u00e9 nespravedliv\u00e9 a nesyst\u00e9mov\u00e9 dan\u011b spot\u0159ebn\u00ed.<\/p>\n<p>A to zdaleka nen\u00ed v\u0161echno. Jist\u011b si mnoz\u00ed \u010dten\u00e1\u0159i v\u0161imli, jak hujersky se chovaj\u00ed n\u011bkter\u00e9 pivovary i ve sv\u00fdch reklam\u00e1ch. Jak vystavuj\u00ed na odiv jakousi \u201eudr\u017eitelnosti\u201c a \u201einkluzivitu\u201c. To ty managementy u\u017e \u00fapln\u011b zblbly? Nebo jim to na\u0159izuj\u00ed jejich zahrani\u010dn\u00ed pokrokov\u00e9 centr\u00e1ly? Mo\u017en\u00e1 z oboj\u00edho trochu, ale p\u0159edev\u0161\u00edm je to p\u0159\u00edprava na implementaci \u00fapln\u011b \u0161\u00edlen\u00e9 sm\u011brnice Evropsk\u00e9ho parlamentu a Rady EU o pod\u00e1v\u00e1n\u00ed zpr\u00e1v podnik\u016f o takzvan\u00e9 udr\u017eitelnosti.<\/p>\n<p>Sm\u011brnice ukl\u00e1d\u00e1 po\u010d\u00ednaje rokem 2025 v\u0161em v\u011bt\u0161\u00edm firm\u00e1m a od roku 2026 mal\u00fdm a st\u0159edn\u00edm podnik\u016fm obchodovateln\u00fdm na burze \u00fapln\u011b bizarn\u00ed povinnosti. Firmy budou muset hl\u00e1sit, jak naplnily zelen\u00e9 a soci\u00e1ln\u00ed ukazatele, budou toti\u017e reportovat tzv. ESG. Hl\u00e1\u0161en\u00ed bude obn\u00e1\u0161et dolo\u017een\u00e9 \u00fadaje, jak bude firma \u0159e\u0161it kondici planety, uhl\u00edkovou stopu \u010di nakl\u00e1d\u00e1n\u00ed s odpady, d\u00e1le jak bude firma p\u0159isp\u00edvat k rozmanitosti a inkluzivn\u00edmu r\u016fstu, jak bude p\u0159istupovat ke spole\u010densk\u00e9 odpov\u011bdnosti a nakonec jak bude firma zaji\u0161\u0165ovat \u201etransparentnost\u201c, jak bude komunikovat s regula\u010dn\u00edmi \u00fa\u0159ady, dodr\u017eovat p\u0159edpisy, nastavovat vnit\u0159n\u00ed syst\u00e9m kontrol, \u0159\u00eddic\u00ed a rozhodovac\u00ed mechanismy. A tak budou soukrom\u00e9 firmy donuceny p\u0159ij\u00edmat kv\u00f3ty, z\u0159izovat genderov\u011b neutr\u00e1ln\u00ed toalety, sv\u016fj vozov\u00fd park m\u011bnit za elektroauta, a tis\u00edc dal\u0161\u00edch v\u011bc\u00ed.<\/p>\n<p>Kdo nebude hl\u00e1sit spr\u00e1vn\u00e1 \u010d\u00edsla a \u00fadaje, nejen nedostane \u00fav\u011br u banky, ale nebude s n\u00edm nikdo norm\u00e1ln\u011b obchodovat, proto\u017ee podle sm\u011brnic bude muset m\u00edt firma i jej\u00ed partne\u0159i spr\u00e1vn\u00e9 sk\u00f3re. Takzvan\u00e1 \u201eudr\u017eitelnost\u201c se dotkne ka\u017ed\u00e9 firmy, proto\u017ee zelen\u00e1 a soci\u00e1ln\u00ed data budou od sebe povinn\u011b navz\u00e1jem \u017e\u00e1dat obchodn\u00ed partne\u0159i, dodavatel\u00e9 i odb\u011bratel\u00e9. Bez po\u017eadovan\u00fdch \u00fadaj\u016f v\u011bt\u0161\u00ed zak\u00e1zku nikdo nedostane, proto\u017ee by si t\u00edm doty\u010dn\u00fd z\u00e1kazn\u00edk po\u0161kodil vlastn\u00ed sk\u00f3re. A tak budou priv\u00e1tn\u00ed firmy samy m\u011b\u0159it svou uhl\u00edkovou stopu, zam\u011bstn\u00e1vat p\u0159\u00edslu\u0161n\u00e9 procento ciz\u00edch etnik, homosexu\u00e1l\u016f a posti\u017een\u00fdch \u010di jezdit do pr\u00e1ce na kolob\u011b\u017ece.<\/p>\n<p>Dodr\u017eov\u00e1n\u00ed t\u00e9hle sm\u011brnice p\u0159inese nemal\u00e9 n\u00e1klady a ty se nutn\u011b prom\u00edtnou do cen. I do ceny piva. A to po\u0159\u00e1d nen\u00ed v\u0161e. Na pivo se hrne i nov\u00e1 unijn\u00ed legislativa, postihuj\u00edc\u00ed energetickou n\u00e1ro\u010dnost. A \u010desk\u00fd le\u017e\u00e1k, kter\u00fd se vyr\u00e1b\u00ed dekokc\u00ed, tedy na v\u00edce rmut\u016f, je energeticky pochopiteln\u011b n\u00e1ro\u010dn\u011bj\u0161\u00ed ne\u017e infuzn\u00ed cestou produkovan\u00e1 zahrani\u010dn\u00ed piva zn\u00e1m\u00fdch velkozna\u010dek. D\u011bl\u00e1\u0161 pivo poctiv\u011b? Bude\u0161 potrest\u00e1n!<\/p>\n<p>Ne, co se t\u00fd\u010de piva, nejsem zrovna skrbl\u00edk. Za dobrou, poctivou a n\u00e1paditou pr\u00e1ci pivovarn\u00edk\u016f zaplat\u00edm r\u00e1d, t\u0159eba i hodn\u011b. Ale abych v cen\u011b piva platil za tupou ideologickou vl\u00e1dn\u00ed a bruselskou politiku, to se mi v\u011bru nechce.<\/p>\n<p>V\u00e1m ano?<\/p>\n<\/div>\n<p><a href=\"https:\/\/jakl.blog.idnes.cz\/blog.aspx?c=805841\">Zdroj<\/a><\/p>\n","protected":false},"excerpt":{"rendered":"<p>Prazdroj zdra\u017euje. O korunu pades\u00e1t na p\u016fllitr. A zcela jist\u011b ho budou n\u00e1sledovat ostatn\u00ed pivovary. V drah\u00fdch restaurac\u00edch zdra\u017een\u00ed skoro nikdo nepozn\u00e1, pro vesnick\u00e9 hospody, taktak p\u0159e\u017e\u00edvaj\u00edc\u00ed, m\u016f\u017ee b\u00fdt likvida\u010dn\u00ed.<\/p>\n","protected":false},"author":9,"featured_media":0,"comment_status":"open","ping_status":"open","sticky":false,"template":"","format":"standard","meta":{"ngg_post_thumbnail":0,"footnotes":""},"categories":[20,1],"tags":[],"class_list":["post-13652","post","type-post","status-publish","format-standard","hentry","category-pivo","category-publikovane-clanky"],"_links":{"self":[{"href":"https:\/\/www.ladislavjakl.cz\/index.php?rest_route=\/wp\/v2\/posts\/13652","targetHints":{"allow":["GET"]}}],"collection":[{"href":"https:\/\/www.ladislavjakl.cz\/index.php?rest_route=\/wp\/v2\/posts"}],"about":[{"href":"https:\/\/www.ladislavjakl.cz\/index.php?rest_route=\/wp\/v2\/types\/post"}],"author":[{"embeddable":true,"href":"https:\/\/www.ladislavjakl.cz\/index.php?rest_route=\/wp\/v2\/users\/9"}],"replies":[{"embeddable":true,"href":"https:\/\/www.ladislavjakl.cz\/index.php?rest_route=%2Fwp%2Fv2%2Fcomments&post=13652"}],"version-history":[{"count":1,"href":"https:\/\/www.ladislavjakl.cz\/index.php?rest_route=\/wp\/v2\/posts\/13652\/revisions"}],"predecessor-version":[{"id":13653,"href":"https:\/\/www.ladislavjakl.cz\/index.php?rest_route=\/wp\/v2\/posts\/13652\/revisions\/13653"}],"wp:attachment":[{"href":"https:\/\/www.ladislavjakl.cz\/index.php?rest_route=%2Fwp%2Fv2%2Fmedia&parent=13652"}],"wp:term":[{"taxonomy":"category","embeddable":true,"href":"https:\/\/www.ladislavjakl.cz\/index.php?rest_route=%2Fwp%2Fv2%2Fcategories&post=13652"},{"taxonomy":"post_tag","embeddable":true,"href":"https:\/\/www.ladislavjakl.cz\/index.php?rest_route=%2Fwp%2Fv2%2Ftags&post=13652"}],"curies":[{"name":"wp","href":"https:\/\/api.w.org\/{rel}","templated":true}]}}