{"id":13654,"date":"2023-09-01T12:01:59","date_gmt":"2023-09-01T10:01:59","guid":{"rendered":"https:\/\/www.ladislavjakl.cz\/?p=13654"},"modified":"2023-09-01T12:01:59","modified_gmt":"2023-09-01T10:01:59","slug":"ze-si-to-petr-pavel-odpracoval-v-nejvyssim-veleni-nato-byla-i-rada-nacistu-ladislav-jakl","status":"publish","type":"post","link":"https:\/\/www.ladislavjakl.cz\/?p=13654","title":{"rendered":"\u201e\u017de si to Petr Pavel odpracoval? V nejvy\u0161\u0161\u00edm velen\u00ed NATO byla i \u0159ada nacist\u016f.\u201c \u2013 Ladislav Jakl"},"content":{"rendered":"<p><iframe loading=\"lazy\" title=\"\u201e\u017de si to Petr Pavel odpracoval? V nejvy\u0161\u0161\u00edm velen\u00ed NATO byla i \u0159ada nacist\u016f.\u201c \u2013 Ladislav Jakl\" width=\"500\" height=\"281\" src=\"https:\/\/www.youtube.com\/embed\/FbLe19RbhMM?feature=oembed\" frameborder=\"0\" allow=\"accelerometer; autoplay; clipboard-write; encrypted-media; gyroscope; picture-in-picture; web-share\" referrerpolicy=\"strict-origin-when-cross-origin\" allowfullscreen><\/iframe><\/p>\n<p>Zdrojhttps:\/\/www.youtube.com\/watch?app=desktop&amp;v=FbLe19RbhMM<\/p>\n","protected":false},"excerpt":{"rendered":"<p>Zdrojhttps:\/\/www.youtube.com\/watch?app=desktop&amp;v=FbLe19RbhMM<\/p>\n","protected":false},"author":9,"featured_media":0,"comment_status":"open","ping_status":"open","sticky":false,"template":"","format":"standard","meta":{"ngg_post_thumbnail":0,"footnotes":""},"categories":[13,12],"tags":[],"class_list":["post-13654","post","type-post","status-publish","format-standard","hentry","category-rozhovory","category-video"],"_links":{"self":[{"href":"https:\/\/www.ladislavjakl.cz\/index.php?rest_route=\/wp\/v2\/posts\/13654","targetHints":{"allow":["GET"]}}],"collection":[{"href":"https:\/\/www.ladislavjakl.cz\/index.php?rest_route=\/wp\/v2\/posts"}],"about":[{"href":"https:\/\/www.ladislavjakl.cz\/index.php?rest_route=\/wp\/v2\/types\/post"}],"author":[{"embeddable":true,"href":"https:\/\/www.ladislavjakl.cz\/index.php?rest_route=\/wp\/v2\/users\/9"}],"replies":[{"embeddable":true,"href":"https:\/\/www.ladislavjakl.cz\/index.php?rest_route=%2Fwp%2Fv2%2Fcomments&post=13654"}],"version-history":[{"count":1,"href":"https:\/\/www.ladislavjakl.cz\/index.php?rest_route=\/wp\/v2\/posts\/13654\/revisions"}],"predecessor-version":[{"id":13655,"href":"https:\/\/www.ladislavjakl.cz\/index.php?rest_route=\/wp\/v2\/posts\/13654\/revisions\/13655"}],"wp:attachment":[{"href":"https:\/\/www.ladislavjakl.cz\/index.php?rest_route=%2Fwp%2Fv2%2Fmedia&parent=13654"}],"wp:term":[{"taxonomy":"category","embeddable":true,"href":"https:\/\/www.ladislavjakl.cz\/index.php?rest_route=%2Fwp%2Fv2%2Fcategories&post=13654"},{"taxonomy":"post_tag","embeddable":true,"href":"https:\/\/www.ladislavjakl.cz\/index.php?rest_route=%2Fwp%2Fv2%2Ftags&post=13654"}],"curies":[{"name":"wp","href":"https:\/\/api.w.org\/{rel}","templated":true}]}}