{"id":13656,"date":"2023-09-01T14:47:54","date_gmt":"2023-09-01T12:47:54","guid":{"rendered":"https:\/\/www.ladislavjakl.cz\/?p=13656"},"modified":"2023-09-01T14:47:54","modified_gmt":"2023-09-01T12:47:54","slug":"soudy-ustupuji-spolecenske-atmosfere-ze-si-to-petr-pavel-odpracoval-v-nejvyssim-veleni-nato-byla-i-rada-nacistu-byli-lepe-vydiratelni-cekaji-nas-zmeny-k-horsimu-ladisl","status":"publish","type":"post","link":"https:\/\/www.ladislavjakl.cz\/?p=13656","title":{"rendered":"\u201eSoudy ustupuj\u00ed spole\u010densk\u00e9 atmosf\u00e9\u0159e. \u017de si to Petr Pavel odpracoval? V nejvy\u0161\u0161\u00edm velen\u00ed NATO byla i \u0159ada nacist\u016f, byli l\u00e9pe vyd\u00edrateln\u00ed. \u010cekaj\u00ed n\u00e1s zm\u011bny k hor\u0161\u00edmu.\u201c \u2013 Ladislav Jakl"},"content":{"rendered":"<p><strong>Na Pra\u017esk\u00e9m hrad\u011b byl tajemn\u00edkem prezidenta V\u00e1clava Klause, pozd\u011bji \u0159editelem politick\u00e9ho odboru, b\u00fdval tak\u00e9 poslancem a novin\u00e1\u0159em Lidov\u00fdch novin \u2013 Ladislav Jakl. \u010c\u00edm je podle n\u011bj zap\u0159\u00ed\u010din\u011bn dvoj\u00ed metr v \u010desk\u00e9 spole\u010dnosti? Zvenku to vypad\u00e1, \u017ee je jedno, kdy\u017e je dnes n\u011bkdo b\u00fdval\u00fd disident, anebo b\u00fdval\u00fd funkcion\u00e1\u0159 KS\u010c, byla za minulost\u00ed namalovan\u00e1 tlust\u00e1 \u010d\u00e1ra? A jak pohl\u00ed\u017e\u00ed na kauzu Roberta Fremra, jen\u017e se nakonec vzdal kandidatury na \u00fastavn\u00edho soudce?<\/strong><\/p>\n<p><!--more--><\/p>\n<p>\u201eDvoj\u00ed metr si v sob\u011b nos\u00edme tak trochu v\u0161ichni. K n\u011bkomu jsme n\u011bkdy nezaslou\u017een\u011b shov\u00edvav\u011bj\u0161\u00ed. Ale co se t\u00fd\u010de pr\u00e1va, tak my v\u0161ichni v\u00edme, \u017ee spravedlnost b\u00fdv\u00e1 zn\u00e1zor\u0148ov\u00e1na jako socha se zav\u00e1zan\u00fdma o\u010dima. Pro\u010d je m\u00e1 asi zav\u00e1zan\u00e9? Aby v\u0161em m\u011b\u0159ila stejn\u011b.\u201c \u2013 m\u00edn\u00ed Ladislav Jakl.<\/p>\n<p>\u201e\u010cili v\u011bci, kter\u00e9 se t\u00fdkaj\u00ed pr\u00e1va, hodnocen\u00ed skutkov\u00e9 podstaty n\u011bkter\u00fdch \u010din\u016f, tak zde je dvoj\u00ed metr nep\u0159\u00edpustn\u00fd, a to, \u017ee se takov\u00e9 p\u0159\u00edpady vyskytuj\u00ed, je zp\u016fsobeno spole\u010denskou atmosf\u00e9rou a neschopnost\u00ed n\u011bkter\u00fdch org\u00e1n\u016f, nap\u0159\u00edklad soud\u016f, t\u00e9 spole\u010densk\u00e9 atmosf\u00e9\u0159e \u010delit a zachovat si svoji objektivitu a odstup.\u201c \u2013 dod\u00e1v\u00e1 Ladislav Jakl.<\/p>\n<p><strong>\u25ba Doporu\u010dujeme&nbsp;<a href=\"https:\/\/www.youtube.com\/channel\/UCHUKlFSiEZZNZ2z1zG45Cuw\">YouTube \u2013 Xaver Live<\/a>.<\/strong><\/p>\n<p>\u201ePrezidentsk\u00e9 volby byly o tom, \u017ee n\u00e1\u0161 komou\u0161 je lep\u0161\u00ed ne\u017e v\u00e1\u0161 komou\u0161. Fakt je, \u017ee kdy\u017e chce \u010dlov\u011bk n\u011bco obh\u00e1jit, tak to obh\u00e1j\u00ed a najde najednou argumenty, kter\u00e9 by v\u010dera pro toho druh\u00e9ho pova\u017eoval za oportunismus a za zm\u011bk\u010dov\u00e1n\u00ed a nerespektov\u00e1n\u00ed pravidel slu\u0161nosti a poctivosti.\u201c \u2013 poukazuje Ladislav Jakl. \u201eA tady najednou se \u0159\u00edk\u00e1: \u201aOd\u010din\u011bno, p\u0159ece od\u010din\u011bno.\u2018 Ale je fakt, \u017ee v t\u011bch struktur\u00e1ch byly desetitis\u00edce, statis\u00edce nacist\u016f po druh\u00e9 sv\u011btov\u00e9 v\u00e1lce. Pro\u010d? To byly bezvadn\u00ed k\u00e1drov\u00e9: m\u011bli toti\u017e dv\u011b vlastnosti: za prv\u00e9 poslu\u0161nost a za druh\u00e9 m\u00e1slo na hlav\u011b.\u201c<\/p>\n<p><a href=\"https:\/\/xtv.cz\/x-talk\/soudy-ustupuji-spolecenske-atmosfere-ze-si-to-petr-pavel-odpracoval-v-nejvyssim-veleni-nato-byla-i-rada-nacistu-byli-lepe-vydiratelni-cekaji-nas-zmeny-k-horsimu-ladislav-jakl\">Zdroj<\/a><\/p>\n<p>&nbsp;<\/p>\n","protected":false},"excerpt":{"rendered":"<p>Na Pra\u017esk\u00e9m hrad\u011b byl tajemn\u00edkem prezidenta V\u00e1clava Klause, pozd\u011bji \u0159editelem politick\u00e9ho odboru, b\u00fdval tak\u00e9 poslancem a novin\u00e1\u0159em Lidov\u00fdch novin \u2013 Ladislav Jakl. \u010c\u00edm je podle n\u011bj zap\u0159\u00ed\u010din\u011bn dvoj\u00ed metr v \u010desk\u00e9 spole\u010dnosti? Zvenku to vypad\u00e1, \u017ee je jedno, kdy\u017e je dnes n\u011bkdo b\u00fdval\u00fd disident, anebo b\u00fdval\u00fd funkcion\u00e1\u0159 KS\u010c, byla za minulost\u00ed namalovan\u00e1 tlust\u00e1 \u010d\u00e1ra? A [&hellip;]<\/p>\n","protected":false},"author":9,"featured_media":0,"comment_status":"open","ping_status":"open","sticky":false,"template":"","format":"standard","meta":{"ngg_post_thumbnail":0,"footnotes":""},"categories":[13],"tags":[],"class_list":["post-13656","post","type-post","status-publish","format-standard","hentry","category-rozhovory"],"_links":{"self":[{"href":"https:\/\/www.ladislavjakl.cz\/index.php?rest_route=\/wp\/v2\/posts\/13656","targetHints":{"allow":["GET"]}}],"collection":[{"href":"https:\/\/www.ladislavjakl.cz\/index.php?rest_route=\/wp\/v2\/posts"}],"about":[{"href":"https:\/\/www.ladislavjakl.cz\/index.php?rest_route=\/wp\/v2\/types\/post"}],"author":[{"embeddable":true,"href":"https:\/\/www.ladislavjakl.cz\/index.php?rest_route=\/wp\/v2\/users\/9"}],"replies":[{"embeddable":true,"href":"https:\/\/www.ladislavjakl.cz\/index.php?rest_route=%2Fwp%2Fv2%2Fcomments&post=13656"}],"version-history":[{"count":1,"href":"https:\/\/www.ladislavjakl.cz\/index.php?rest_route=\/wp\/v2\/posts\/13656\/revisions"}],"predecessor-version":[{"id":13657,"href":"https:\/\/www.ladislavjakl.cz\/index.php?rest_route=\/wp\/v2\/posts\/13656\/revisions\/13657"}],"wp:attachment":[{"href":"https:\/\/www.ladislavjakl.cz\/index.php?rest_route=%2Fwp%2Fv2%2Fmedia&parent=13656"}],"wp:term":[{"taxonomy":"category","embeddable":true,"href":"https:\/\/www.ladislavjakl.cz\/index.php?rest_route=%2Fwp%2Fv2%2Fcategories&post=13656"},{"taxonomy":"post_tag","embeddable":true,"href":"https:\/\/www.ladislavjakl.cz\/index.php?rest_route=%2Fwp%2Fv2%2Ftags&post=13656"}],"curies":[{"name":"wp","href":"https:\/\/api.w.org\/{rel}","templated":true}]}}