{"id":1367,"date":"2011-11-04T15:35:55","date_gmt":"2011-11-04T14:35:55","guid":{"rendered":"http:\/\/www.ladislavjakl.cz\/?p=1367"},"modified":"2011-11-04T15:36:01","modified_gmt":"2011-11-04T14:36:01","slug":"pro-pivo-je-toho-potreba-dost-udelat-rika-jakl-z-hradu","status":"publish","type":"post","link":"https:\/\/www.ladislavjakl.cz\/?p=1367","title":{"rendered":"Pro pivo je toho pot\u0159eba dost ud\u011blat, \u0159\u00edk\u00e1 Jakl z Hradu"},"content":{"rendered":"<p>JIHLAVA (mm) Na vyhl\u00e1\u0161en\u00ed v\u00fdsledk\u016f ankety Pivo roku 2011 p\u0159ijel jako host i tajemn\u00edk prezidenta republiky <strong>Ladislav<\/strong> <strong>Jakl<\/strong>.<\/p>\n<p><!--more--><\/p>\n<p><strong>Co m\u016f\u017eete \u0159\u00edci o sv\u00e9m vztahu k pivu? <\/strong><br \/>\nPivo je pro m\u011b obrovsk\u00e1 v\u00e1\u0161e\u0148. My si mysl\u00edme, \u017ee \u010ce\u0161i jsou p\u0159eborn\u00edci ve znalostech o pivu, ale mysl\u00edm, \u017ee to tak nen\u00ed. Pivo u n\u00e1s nem\u00e1 pot\u0159ebnou spole\u010denskou presti\u017e a v\u00e1\u017enost. Nen\u00ed mo\u017en\u00e9 ho pova\u017eovat za &#8222;bezpohlavn\u00ed&#8220; n\u00e1poj nejni\u017e\u0161\u00ed kvality. Sv\u011bt piva je ohromn\u011b zaj\u00edmav\u00fd a pestr\u00fd. A o tom lid\u00e9 m\u00e1lo v\u011bd\u00ed.<\/p>\n<p><strong>Um\u00edte si p\u0159edstavit \u010deskou spole\u010dnost bez piva? Nebo co by mohlo pivo nahradit?<br \/>\n<\/strong>Moje p\u0159edstavivost je velik\u00e1, ale podobn\u00fdmi p\u0159edstavami se zab\u00fdvat nechci. Pro pivo je toho pot\u0159eba je\u0161t\u011b mnoho ud\u011blat. Nech\u00e1pu, pro\u010d je pivo na rozd\u00edl od v\u00edna zat\u00ed\u017eeno spot\u0159ebn\u00ed dan\u00ed. Pivovary na rozd\u00edl od vina\u0159\u016f nedost\u00e1vaj\u00ed \u017e\u00e1dn\u00e9 dotace. Pivo nem\u00e1 presti\u017en\u00ed po\u0159ady v m\u00e9di\u00edch. V tom jsme na za\u010d\u00e1tku cesty.<\/p>\n<p><strong>U\u017e se stalo, \u017ee by v\u00e1m nechutnalo pivo?<\/strong><br \/>\nKa\u017ed\u00fd m\u011bs\u00edc ochutn\u00e1m des\u00edtky piv r\u016fzn\u00fdch druh\u016f. A ne v\u017edy se pivo povede. Do piv, o kter\u00fdch tu\u0161\u00edm, \u017ee mi nebudou chutnat, ani nejdu.<\/p>\n<p><strong>Zdroj:\u00a0Mlad\u00e1 fronta Dnes<\/strong><strong><br \/>\nDatum:\u00a003.11.2011<\/strong><strong><br \/>\nStr.:\u00a03<br \/>\nMutace:\u00a0Vyso\u010dina <\/strong><\/p>\n","protected":false},"excerpt":{"rendered":"<p>JIHLAVA (mm) Na vyhl\u00e1\u0161en\u00ed v\u00fdsledk\u016f ankety Pivo roku 2011 p\u0159ijel jako host i tajemn\u00edk prezidenta republiky Ladislav Jakl.<\/p>\n","protected":false},"author":1,"featured_media":0,"comment_status":"open","ping_status":"open","sticky":false,"template":"","format":"standard","meta":{"ngg_post_thumbnail":0,"footnotes":""},"categories":[13],"tags":[],"class_list":["post-1367","post","type-post","status-publish","format-standard","hentry","category-rozhovory"],"_links":{"self":[{"href":"https:\/\/www.ladislavjakl.cz\/index.php?rest_route=\/wp\/v2\/posts\/1367","targetHints":{"allow":["GET"]}}],"collection":[{"href":"https:\/\/www.ladislavjakl.cz\/index.php?rest_route=\/wp\/v2\/posts"}],"about":[{"href":"https:\/\/www.ladislavjakl.cz\/index.php?rest_route=\/wp\/v2\/types\/post"}],"author":[{"embeddable":true,"href":"https:\/\/www.ladislavjakl.cz\/index.php?rest_route=\/wp\/v2\/users\/1"}],"replies":[{"embeddable":true,"href":"https:\/\/www.ladislavjakl.cz\/index.php?rest_route=%2Fwp%2Fv2%2Fcomments&post=1367"}],"version-history":[{"count":2,"href":"https:\/\/www.ladislavjakl.cz\/index.php?rest_route=\/wp\/v2\/posts\/1367\/revisions"}],"predecessor-version":[{"id":1369,"href":"https:\/\/www.ladislavjakl.cz\/index.php?rest_route=\/wp\/v2\/posts\/1367\/revisions\/1369"}],"wp:attachment":[{"href":"https:\/\/www.ladislavjakl.cz\/index.php?rest_route=%2Fwp%2Fv2%2Fmedia&parent=1367"}],"wp:term":[{"taxonomy":"category","embeddable":true,"href":"https:\/\/www.ladislavjakl.cz\/index.php?rest_route=%2Fwp%2Fv2%2Fcategories&post=1367"},{"taxonomy":"post_tag","embeddable":true,"href":"https:\/\/www.ladislavjakl.cz\/index.php?rest_route=%2Fwp%2Fv2%2Ftags&post=1367"}],"curies":[{"name":"wp","href":"https:\/\/api.w.org\/{rel}","templated":true}]}}