{"id":13690,"date":"2023-09-21T17:13:34","date_gmt":"2023-09-21T15:13:34","guid":{"rendered":"https:\/\/www.ladislavjakl.cz\/?p=13690"},"modified":"2023-09-21T17:18:52","modified_gmt":"2023-09-21T15:18:52","slug":"posledni-generace","status":"publish","type":"post","link":"https:\/\/www.ladislavjakl.cz\/?p=13690","title":{"rendered":"Posledn\u00ed generace"},"content":{"rendered":"<p>Pokud se neud\u011bl\u00e1 n\u011bco z\u00e1sadn\u00edho proti dosavadn\u00edm trend\u016fm, jsme posledn\u00ed generac\u00ed. Dal\u0161\u00ed u\u017e nep\u0159ijdou, proto\u017ee nastane konec sv\u011bta. Nechceme b\u00fdt posledn\u00ed generac\u00ed, proto mus\u00edme burcovat.<\/p>\n<p><!--more--><\/p>\n<p>V\u0161ichni c\u00edt\u00edme, \u017ee jde o jistou marketingovou zkratku, o nads\u00e1zku, o symboliku. M\u00e1 v&nbsp;sob\u011b ale racion\u00e1ln\u00ed j\u00e1dro. Jsme v&nbsp;jist\u00e9m bod\u011b zlomu a mnoh\u00e1 data o tom sv\u011bd\u010d\u00ed. Zni\u010duj\u00edc\u00ed trendy n\u00e1s dlouho nech\u00e1valy chladn\u00fdmi, a\u017e mezit\u00edm nabyly fat\u00e1ln\u00edch a apokalyptick\u00fdch rozm\u011br\u016f. Za\u017e\u00edv\u00e1me projevy zm\u011bn u\u017e nevratn\u00fdch, nebo m\u016f\u017eeme na posledn\u00ed chv\u00edli je\u0161t\u011b n\u011bco ud\u011blat?<\/p>\n<p>Jsem v&nbsp;tomto smyslu sp\u00ed\u0161e skeptikem. Podle mne jsme ji\u017e za bodem zlomu a u\u017e pojedeme po\u0159\u00e1d jenom z&nbsp;kopce. A\u017e do pekel. A posledn\u00ed generac\u00ed opravdu jsme, a to v&nbsp;mnoh\u00fdch ohledech. M\u00edsto burcov\u00e1n\u00ed je dnes \u010das u\u017e jen na ur\u010ditou rekapitulaci. Cht\u011blo by se \u0159\u00edci testament, ale komu by byl ur\u010den, kdy\u017e jsme posledn\u00ed generac\u00ed, \u017ee.<\/p>\n<p>Ano. To podle v\u0161eho jsme. Jsme posledn\u00ed generac\u00ed, kter\u00e1 um\u00ed \u010d\u00edst knihy. Kter\u00e1 pot\u0159ebuje \u010d\u00edst knihy. Generac\u00ed, kter\u00e9 nesta\u010d\u00ed po internetu posb\u00edran\u00e9 st\u0159\u00edpky, ale kter\u00e1 si pot\u0159ebuje ot\u00e1\u010det jednu pap\u00edrovou str\u00e1nku za druhou.<\/p>\n<p>Jsme posledn\u00ed generac\u00ed, kter\u00e1 pova\u017euje gramatiku za d\u016fle\u017eitou v\u011bc. Posledn\u00ed generac\u00ed, jej\u00ed\u017e p\u0159\u00edslu\u0161n\u00edci se zastyd\u00ed, kdy\u017e ud\u011blaj\u00ed chybu v&nbsp;psan\u00e9m projevu. Posledn\u00ed generac\u00ed, kter\u00e1 chce (a mnoh\u00fdm se to i da\u0159\u00ed) mluvit a ps\u00e1t hezky \u010desky.<\/p>\n<p>Jsme posledn\u00ed generac\u00ed, kter\u00e1 udr\u017e\u00ed pozornost d\u00e9le ne\u017e dv\u011b minuty, kter\u00e1 rozum\u00ed mluven\u00e9mu i psan\u00e9mu projevu, kter\u00e1 um\u00ed dokon\u010dit souvislou v\u011btu, kter\u00e1 um\u00ed vyj\u00e1d\u0159it my\u0161lenku, je\u017e m\u00e1 za\u010d\u00e1tek a konec i n\u011bjak\u00fd smysl. Jsme posledn\u00ed generac\u00ed, kter\u00e1 se dorozum\u00edv\u00e1 prost\u0159ednictv\u00edm v\u011bt a ne pouze citoslovci a halek\u00e1n\u00edm. Nebo mo\u017en\u00e1 posledn\u00ed generac\u00ed, kter\u00e1 se v\u016fbec dorozum\u00edv\u00e1.<\/p>\n<p>Jsme posledn\u00ed generac\u00ed, kter\u00e1 v\u00ed, \u017ee se m\u00e1 d\u00e1vat ve dve\u0159\u00edch p\u0159ednost star\u0161\u00edm, \u017ee je t\u0159eba star\u0161\u00edho pustit si sednout, \u017ee je nutno star\u0161\u00edho pozdravit jako prvn\u00edho. A \u017ee se v\u016fbec m\u00e1 zdravit a p\u0159\u00e1t lidem dobr\u00fd den. \u017de to je kr\u00e1sn\u00fd vyn\u00e1lez a ozdoba dne, takov\u00fd hezk\u00fd pozdrav.<\/p>\n<p>Jsme posledn\u00ed generac\u00ed, kter\u00e1 m\u00e1 pot\u0159ebu se mezi sebou v\u00eddat, mluvit spolu, podat si ruku, vz\u00e1jemn\u011b se obejmout, d\u00e1t si pusu, popl\u00e1cat se po rameni, p\u0159ip\u00edt si. Posledn\u00ed generac\u00ed, pro kterou slovo \u201ep\u0159\u00edtel\u201c znamen\u00e1 bl\u00edzk\u00e9ho \u010dlov\u011bka, na kter\u00e9ho je spolehnut\u00ed, kter\u00e9ho m\u00e1me r\u00e1di a kter\u00fd n\u00e1m pom\u016f\u017ee, ne anonymn\u00ed kdosi n\u011bkde na fejsbuku.<\/p>\n<p>Jsme posledn\u00ed generac\u00ed, pro kterou m\u00e1 slovo sd\u00edlen\u00ed siln\u00fd a emotivn\u00ed obsah. Sd\u00edl\u00ed se osud \u010di utrpen\u00ed, sd\u00edl\u00ed se dobr\u00e9 i zl\u00e9 ve spole\u010dn\u00e9m \u017eivot\u011b.&nbsp; Sd\u00edl\u00ed se \u00facta ke ctnostem, sd\u00edl\u00ed se oddanost ide\u00e1l\u016fm. Ne \u017ee sd\u00edlen\u00ed znamen\u00e1 si n\u011bco za \u00faplatu vyp\u016fj\u010dit nebo rozeslat fotku sv\u00e9ho ob\u011bda ciz\u00edm lidem.<\/p>\n<p>Jsme posledn\u00ed generac\u00ed, kter\u00e1 m\u00e1 cosi jako obecn\u00fd spole\u010densk\u00fd p\u0159ehled. M\u016f\u017eeme se spolu bavit o v\u011bcech z&nbsp;d\u011bjin nebo zem\u011bpisu a rozum\u00edme si. Um\u00edme za\u0159adit z\u00e1sadn\u00ed historick\u00e9 ud\u00e1losti i velk\u00e9 osobnosti sv\u011btov\u00fdch d\u011bjin.<\/p>\n<p>\u017de si na tot\u00e9\u017e na\u0159\u00edkaly v\u0161echny generace? Ale jist\u011b. \u017de se ale nyn\u00ed d\u011bje n\u011bco kvalitativn\u011b z\u00e1sadn\u011bj\u0161\u00edho ne\u017e d\u0159\u00edve? To je velmi pravd\u011bpodobn\u00e9. Tento t\u00fdden se na toto t\u00e9ma se\u0161li odborn\u00edci na sociometrii, sociologii a na patologick\u00e9 spole\u010densk\u00e9 jevy na semin\u00e1\u0159i konan\u00e9m na p\u016fd\u011b Poslaneck\u00e9 sn\u011bmovny.<\/p>\n<p>A p\u0159edkl\u00e1dali data. Citov\u00e1n byl nap\u0159\u00edklad v\u011bhlasn\u00fd soci\u00e1ln\u00ed psycholog zab\u00fdvaj\u00edc\u00ed se studiem mor\u00e1lky a soci\u00e1ln\u00edch emoc\u00ed Johnatan Haidt. Ten je na z\u00e1klad\u011b studia dat z mnoha zem\u00ed sv\u011bta p\u0159esv\u011bd\u010den, \u017ee dne\u0161n\u00ed zlomov\u00fd posun u mlad\u00e9 generace ve schopnostech ohledn\u011b vzd\u011bl\u00e1n\u00ed a chov\u00e1n\u00ed je re\u00e1ln\u00fdm a m\u011b\u0159iteln\u00fdm jevem.<\/p>\n<p>Jedno z&nbsp;jeho \u010d\u00edsel, kter\u00e1 na semin\u00e1\u0159i zazn\u011bla, bylo, \u017ee od roku 2010 se u teenager\u016f USA, Brit\u00e1nie, Kanady, Austr\u00e1lie a Nov\u00e9ho Z\u00e9landu v\u00fdskyt ment\u00e1ln\u00edch depres\u00ed zv\u00fd\u0161il o 145 procent (d\u00edvky) a o 161 procent (chlapci). Haidt to d\u00e1v\u00e1 do souvislost\u00ed s&nbsp;rokem 2012, kdy v&nbsp;jedn\u00e9 ohromn\u00e9 vln\u011b zas\u00e1hla modern\u00ed sv\u011bt z\u00e1plava levn\u00fdch \u201echytr\u00fdch\u201c telefon\u016f, kter\u00e9 mohli rodi\u010de najednou b\u011b\u017en\u011b kupovat sv\u00fdm d\u011btem.<\/p>\n<p>Pr\u016fzkumy hovo\u0159\u00ed, \u017ee t\u00e9m\u011b\u0159 ihned se ve v\u0161ech standardizovan\u00fdch testech skokov\u011b sn\u00ed\u017eil IQ u ml\u00e1de\u017ee v&nbsp;mnoha zem\u00edch sv\u011bta. Skokov\u011b narostl po\u010det psychick\u00fdch poruch, nastala m\u011b\u0159iteln\u00e1 zlomov\u00e1 ztr\u00e1ta pocitu spokojenosti a \u0161t\u011bst\u00ed u mlad\u00fdch, skokov\u011b narostl po\u010det sebepo\u0161kozov\u00e1n\u00ed a sebevra\u017ed mlad\u00fdch. Jako trpk\u00fd dov\u011btek zazn\u011blo i konstatov\u00e1n\u00ed, \u017ee ka\u017ed\u00fd rok sp\u00e1ch\u00e1 sebevra\u017edu v\u00edce lid\u00ed, ne\u017e jich zahyne ve v\u00e1lk\u00e1ch, vra\u017ed\u00e1ch a teroristick\u00fdch \u010dinech dohromady.<\/p>\n<p>Kupodivu se tyto zlomy v&nbsp;datech objevuj\u00ed zrovna v&nbsp;dob\u011b, kdy odezn\u011bly soci\u00e1ln\u00ed dopady velk\u00e9 sv\u011btov\u00e9 finan\u010dn\u00ed krize z&nbsp;let 2008 \u2013 2009 a \u017eivotn\u00ed \u00farove\u0148 ve zkouman\u00fdch zem\u00edch zase za\u010dala r\u016fst. Tak\u00e9 plat\u00ed, \u017ee v&nbsp;Evrop\u011b m\u00edra v\u00fdskytu soci\u00e1ln\u011b patologick\u00fdch jev\u016f vzrostla v\u00fdrazn\u011bji v&nbsp;zem\u00edch severn\u011b od Alp (tedy i u n\u00e1s) ne\u017e ve St\u0159edomo\u0159\u00ed. Souvis\u00ed to s&nbsp;\u017eivotn\u00ed \u00farovn\u00ed, n\u00e1bo\u017eenstv\u00edm (protestanti kontra katol\u00edci), nebo zp\u016fsobem \u017eivota? Ne, po\u010das\u00ed za t\u00edm nehledejme, na Severu bylo \u0161kared\u011b v\u017edy a na Jihu hezky, zat\u00edmco zde jde o zm\u011bny posledn\u00edch deseti let.<\/p>\n<p>N\u00e1roky ve \u0161kol\u00e1ch klesaj\u00ed, zkou\u0161en\u00ed je p\u0159e\u017eitkem, v\u011bd\u011bt n\u011bco o sv\u011bt\u011b kolem je zbyte\u010dn\u00e9 \u201eto si p\u0159ece najdu na netu\u201c. Plytkost a povrchnost pot\u0159eb, vztah\u016f, c\u00edl\u016f, neochota o n\u011bco usilovat, n\u011bco ob\u011btovat, to nejsou n\u00e1\u0159ky d\u011bdk\u016f a babek na odpis, to jsou data a fakta.<\/p>\n<p>Posledn\u00ed generace. Jsme posledn\u00ed generace, kter\u00e1 c\u00edt\u00ed n\u011bjakou zodpov\u011bdnost. Re\u00e1lnou, konkr\u00e9tn\u00ed, ne fanaticko pseudon\u00e1bo\u017eenskou. Generace, kter\u00e1 zn\u00e1 cenu v\u011bc\u00ed, kter\u00e1 se up\u0159\u00edmn\u011b boj\u00ed o sv\u00e9 bl\u00edzk\u00e9 a m\u00e1 o n\u011b starost a chce o n\u011b pe\u010dovat.<\/p>\n<p>Nic z&nbsp;toho u\u017e tu nebude. Opravdov\u00e9 emoce budou nahrazeny k\u00fd\u010dovitou p\u00f3zou. Mluven\u00ed bude nahrazeno blekot\u00e1n\u00edm. My\u0161len\u00ed tupost\u00ed. \u010cten\u00ed lajkov\u00e1n\u00edm. Pr\u00e1ce p\u0159i\u017eivov\u00e1n\u00edm se. Poctiv\u00e9 d\u00edlo virtu\u00e1ln\u00ed n\u00e1hra\u017ekou. Kr\u00e1sa vyz\u00fdvavou obscenitou.<\/p>\n<p>A v\u00edte co? T\u0159eba to v\u016fbec nen\u00ed zl\u00e1 zpr\u00e1va. Generace p\u0159ed n\u00e1mi by nep\u0159e\u017eily bez siln\u00fdch sval\u016f. Lidskou s\u00edlu nahradilo n\u00e1\u0159ad\u00ed, dom\u00e1c\u00ed zv\u00ed\u0159ectvo, mechanizace, automatizace. Atrofov\u00e1n\u00ed hrub\u00e9 s\u00edly tak nikomu nevadilo. Tedy krom\u011b t\u011bch, kter\u00fdm chyb\u00ed adrenalin a kte\u0159\u00ed c\u00edt\u00ed nutnost zpotit se ob\u010das i jinak ne\u017e na slun\u00ed\u010dku.<\/p>\n<p>Tak na co dnes inteligentce, vzd\u011bl\u00e1n\u00ed, v\u0161eobecn\u00fd p\u0159ehled, um\u011bn\u00ed komunikace? Na\u010d to v&nbsp;dob\u011b, kdy to v\u0161e za p\u0159\u00ed\u0161t\u00ed generaci zvl\u00e1dnou chytr\u00e9 krabi\u010dky? Rozum u\u017e nebude t\u0159eba, jako u\u017e dnes nejsou tolik nutn\u00e9 svaly. Tak\u017ee je vlastn\u011b v\u0161echno v&nbsp;po\u0159\u00e1dku.<\/p>\n<p>Nebo nen\u00ed? Nebo pocit b\u00fdt p\u0159\u00edslu\u0161n\u00edkem posledn\u00ed generace nen\u00ed \u017e\u00e1dnou v\u00fdhrou? Pokud se neud\u011bl\u00e1 n\u011bco z\u00e1sadn\u00edho proti dosavadn\u00edm trend\u016fm, jsme posledn\u00ed generac\u00ed. Dal\u0161\u00ed u\u017e nep\u0159ijdou, proto\u017ee p\u0159ijde konec sv\u011bta.<\/p>\n<p><em>Ladislav Jakl, 21. z\u00e1\u0159\u00ed 2023<\/em><\/p>\n<p><a href=\"https:\/\/www.institutvk.cz\/clanky\/2473.html\">Zdroj<\/a><\/p>\n","protected":false},"excerpt":{"rendered":"<p>Pokud se neud\u011bl\u00e1 n\u011bco z\u00e1sadn\u00edho proti dosavadn\u00edm trend\u016fm, jsme posledn\u00ed generac\u00ed. Dal\u0161\u00ed u\u017e nep\u0159ijdou, proto\u017ee nastane konec sv\u011bta. Nechceme b\u00fdt posledn\u00ed generac\u00ed, proto mus\u00edme burcovat.<\/p>\n","protected":false},"author":9,"featured_media":0,"comment_status":"open","ping_status":"open","sticky":false,"template":"","format":"standard","meta":{"ngg_post_thumbnail":0,"footnotes":""},"categories":[1],"tags":[],"class_list":["post-13690","post","type-post","status-publish","format-standard","hentry","category-publikovane-clanky"],"_links":{"self":[{"href":"https:\/\/www.ladislavjakl.cz\/index.php?rest_route=\/wp\/v2\/posts\/13690","targetHints":{"allow":["GET"]}}],"collection":[{"href":"https:\/\/www.ladislavjakl.cz\/index.php?rest_route=\/wp\/v2\/posts"}],"about":[{"href":"https:\/\/www.ladislavjakl.cz\/index.php?rest_route=\/wp\/v2\/types\/post"}],"author":[{"embeddable":true,"href":"https:\/\/www.ladislavjakl.cz\/index.php?rest_route=\/wp\/v2\/users\/9"}],"replies":[{"embeddable":true,"href":"https:\/\/www.ladislavjakl.cz\/index.php?rest_route=%2Fwp%2Fv2%2Fcomments&post=13690"}],"version-history":[{"count":5,"href":"https:\/\/www.ladislavjakl.cz\/index.php?rest_route=\/wp\/v2\/posts\/13690\/revisions"}],"predecessor-version":[{"id":13695,"href":"https:\/\/www.ladislavjakl.cz\/index.php?rest_route=\/wp\/v2\/posts\/13690\/revisions\/13695"}],"wp:attachment":[{"href":"https:\/\/www.ladislavjakl.cz\/index.php?rest_route=%2Fwp%2Fv2%2Fmedia&parent=13690"}],"wp:term":[{"taxonomy":"category","embeddable":true,"href":"https:\/\/www.ladislavjakl.cz\/index.php?rest_route=%2Fwp%2Fv2%2Fcategories&post=13690"},{"taxonomy":"post_tag","embeddable":true,"href":"https:\/\/www.ladislavjakl.cz\/index.php?rest_route=%2Fwp%2Fv2%2Ftags&post=13690"}],"curies":[{"name":"wp","href":"https:\/\/api.w.org\/{rel}","templated":true}]}}