{"id":1370,"date":"2011-11-09T11:41:10","date_gmt":"2011-11-09T10:41:10","guid":{"rendered":"http:\/\/www.ladislavjakl.cz\/?p=1370"},"modified":"2011-11-09T11:41:10","modified_gmt":"2011-11-09T10:41:10","slug":"zamestnanec-statu-neni-mene-clovekem","status":"publish","type":"post","link":"https:\/\/www.ladislavjakl.cz\/?p=1370","title":{"rendered":"Zam\u011bstnanec st\u00e1tu nen\u00ed m\u00e9n\u011b \u010dlov\u011bkem"},"content":{"rendered":"<p>ento \u010dl\u00e1nek jsem nab\u00eddl Lidov\u00fdm novin\u00e1m, proto\u017ee ty se  rozhodly v\u00a0t\u00e9to v\u011bci na mne za\u00fato\u010dit. LN po\u017eadovaly zkr\u00e1cen\u00ed na t\u0159etinu,  ale to ne\u0161lo, proto\u017ee v\u011bt\u0161inu \u010dl\u00e1nku tvo\u0159\u00ed dokument, \u00fapln\u00e1 citace  jednoho dopisu.<\/p>\n<p><!--more--><\/p>\n<p><em>Nab\u00eddl jsem ho i  Reflexu, proto\u017ee ten na m\u011b za\u00fato\u010dil tak\u00e9. Reakc\u00ed bylo, \u017ee se to vejde a\u017e  do n\u00e1sleduj\u00edc\u00edho \u010d\u00edsla. T\u011bch mezit\u00edm vy\u0161lo p\u011bt a nic.<\/em><\/p>\n<p><em>Mohl bych b\u00fdt r\u00e1d, proto\u017ee rozmaz\u00e1v\u00e1n\u00edm tohoto t\u00e9matu nic  nez\u00edsk\u00e1m. Ale j\u00e1 si mysl\u00edm, \u017ee proti demagogii m\u00e1 smysl se ozvat, i kdy\u017e  t\u00edm \u010dlov\u011bk se sebe d\u011bl\u00e1 ter\u010d pro ty, kte\u0159\u00ed cht\u011bj\u00ed jen plivat. Snad jsou  i jin\u00ed, kte\u0159\u00ed cht\u011bj\u00ed sly\u0161et argument. Tak\u017ee jsem se rozhodl publikovat  ho zde:<\/em><\/p>\n<p>\u201eV\u00edm dob\u0159e, \u017ee n\u00e1sleduj\u00edc\u00edmi \u0159\u00e1dky si nijak nepomohu. Ti, co ch\u00e1pat  cht\u011bj\u00ed, ti u\u017e pochopili. A ti, kdo necht\u011bj\u00ed, nepochop\u00ed ani po t\u011bchto  \u0159\u00e1dc\u00edch. Ale nemohu jinak.<\/p>\n<p>Lidov\u00e9 noviny se m\u011b minul\u00fd t\u00fdden zeptaly, jak\u00e9 jsem v\u00a0pr\u016fb\u011bhu  lo\u0148sk\u00e9ho roku dostal odm\u011bny. Jist\u011b, na t\u00e9to informaci nic p\u0159evratn\u00e9ho  nen\u00ed. Pen\u00edze na odm\u011bny jsou ka\u017ed\u00e9mu \u00fa\u0159adu p\u0159id\u011blov\u00e1ny a ty m\u00e9 by tud\u00ed\u017e  mohly b\u00fdt vy\u0161\u0161\u00ed ne\u017e u stovek \u0159editel\u016f odbor\u016f \u00fast\u0159edn\u00edch org\u00e1n\u016f st\u00e1tn\u00ed  spr\u00e1vy jen tehdy, kdyby vedouc\u00ed Kancel\u00e1\u0159e prezidenta republiky  z\u00a0ur\u010den\u00e9ho bal\u00edku po cel\u00fd rok ned\u00e1val m\u00fdm koleg\u016fm nic a mn\u011b v\u0161e, co\u017e by  ned\u00e1valo smysl. Dob\u0159e jsem tedy v\u011bd\u011bl, \u017ee odm\u00edtnut\u00edm odpov\u011bdi si nijak  nepomohu. P\u0159esto jsem tak u\u010dinil.<\/p>\n<p>Lidov\u00e9 noviny pak na z\u00e1klad\u011b m\u00e9 reakce zve\u0159ejnily \u010dl\u00e1nek s\u00a0c\u00edlem  pobou\u0159it v\u016f\u010di mn\u011b \u010dten\u00e1\u0159e. A skute\u010dn\u011b, dostal jsem n\u011bkolik rozho\u0159\u010den\u00fdch  imejl\u016f, p\u0159esto\u017ee \u2013 pokud v\u00edm \u2013 nikdo krom\u011b m\u011b na takovou ot\u00e1zku je\u0161t\u011b  neodpov\u011bd\u011bl, proto\u017ee ji ani nedostal. Z\u00e1kladn\u00edm argumentem rozho\u0159\u010den\u00fdch  pisatel\u016f bylo, \u017ee jsou p\u0159ece da\u0148ov\u00ed poplatn\u00edci a tak maj\u00ed pr\u00e1vo v\u011bd\u011bt,  kolik beru, kdy\u017e jsem st\u00e1tem placen. Jednomu z\u00a0nich (ing. R. R.) jsem  napsal n\u00e1sleduj\u00edc\u00ed \u0159\u00e1dky, o kter\u00e9 se chci rozd\u011blit i se \u010dten\u00e1\u0159i LN:<\/p>\n<p>\u201eDobr\u00fd den. Na prvn\u00ed pohled se na tuhle v\u011bc ur\u010dit\u011b hodn\u011b poctiv\u00fdch  lid\u00ed d\u00edv\u00e1 stejn\u011b jako Vy. Kdy\u017e se ale \u010dlov\u011bk zamysl\u00ed trochu v\u00edc, prvn\u00ed  pohled mu sta\u010dit nebude. Pokus\u00edm se V\u00e1m p\u0159edv\u00e9st, jak vypad\u00e1 ten m\u016fj  &#8222;druh\u00fd pohled&#8220; po chv\u00edli p\u0159em\u00fd\u0161len\u00ed.<\/p>\n<p>Nejd\u0159\u00edv V\u00e1m mohu sd\u011blit, \u017ee jsem \u0159editelem odboru jednoho z  \u00fast\u0159edn\u00edch org\u00e1n\u016f st\u00e1tn\u00ed spr\u00e1vy. M\u00e1m tedy plat jako stovky jin\u00fdch  \u0159editel\u016f st\u00e1tn\u00ed spr\u00e1vy a odm\u011bny asi tak\u00e9 takov\u00e9, mo\u017en\u00e1 sp\u00ed\u0161e o n\u011bco  ni\u017e\u0161\u00ed, proto\u017ee Hrad ur\u010dit\u011b nedost\u00e1v\u00e1 v\u00edce ne\u017e nap\u0159\u00edklad ministerstva.<\/p>\n<p>J\u00e1 jsem si tu v\u00fd\u0161i nevymyslel a nijak ji ovlivnit nemohu. Je  stanovena p\u0159\u00edslu\u0161n\u00fdmi p\u0159edpisy, p\u0159edev\u0161\u00edm vl\u00e1dn\u00edm na\u0159\u00edzen\u00edm o platov\u00fdch  t\u0159\u00edd\u00e1ch. Ty jsou ve\u0159ejn\u011b zn\u00e1m\u00e9. M\u00e1m-li v\u00fd\u0161i sv\u00e9ho platu n\u011bjak za sebe  hodnotit, mysl\u00edm, \u017ee celkem odpov\u00edd\u00e1 m\u00e9mu vysoko\u0161kolsk\u00e9mu vzd\u011bl\u00e1n\u00ed i  docela u\u017e dlouh\u00e9 praxi. Nicm\u00e9n\u011b kdyby hlavn\u00edm smyslem m\u00e9ho \u017eivota byly  pen\u00edze, ur\u010dit\u011b bych d\u011blal n\u011bco jin\u00e9ho, m\u011bl jsem mnoho nab\u00eddek ze  soukrom\u00e9ho sektoru, kde bych dost\u00e1val i n\u011bkolikan\u00e1sobek. Ka\u017ed\u00fd, kdo m\u011b  zn\u00e1, by V\u00e1m potvrdil, \u017ee jsem extr\u00e9mn\u00ed p\u0159\u00edklad \u010dlov\u011bka, kter\u00fd se za  pen\u011bzi nehon\u00ed, mo\u017en\u00e1 a\u017e trestuhodn\u011b, jak by V\u00e1m asi \u0159ekli u m\u011b doma.  Rozhodn\u011b nejsem p\u0159\u00edpadem \u010dlov\u011bka, kter\u00fd n\u011bkde pokoutn\u011b hrabe a sna\u017e\u00ed se  to tajit, jak m\u011b p\u011bkn\u011b vykreslila m\u00e9dia, od nich\u017e \u010derp\u00e1te sv\u00e9 informace i  sv\u00e9 pobou\u0159en\u00ed, kter\u00e9ho cht\u011bli novin\u00e1\u0159i doc\u00edlit. P\u0159esto jsem p\u0159esv\u011bd\u010den,  \u017ee aktu\u00e1ln\u00ed medi\u00e1ln\u00ed honi\u010dka po platech a odm\u011bn\u00e1ch nen\u00ed spr\u00e1vn\u00e1.<\/p>\n<p>Argumentuje se t\u00edm, \u017ee v\u00fd\u0161e plat\u016f a odm\u011bn lid\u00ed, kte\u0159\u00ed jsou placeni z  ve\u0159ejn\u00fdch prost\u0159edk\u016f, m\u00e1 b\u00fdt ve ve\u0159ejn\u00e9m z\u00e1jmu p\u0159\u00edstupn\u00e1 v\u0161em. Je ale  skute\u010dn\u011b z\u00e1jmem t\u0159eba V\u00e1s jako da\u0148ov\u00e9ho poplatn\u00edka zn\u00e1t konkr\u00e9tn\u00ed odm\u011bny  jednotliv\u00e9ho st\u00e1tn\u00edho zam\u011bstnance? K jak\u00e9mu rozhodov\u00e1n\u00ed V\u00e1m takov\u00e1  informace poslou\u017e\u00ed? Ano, poplatn\u00edk a ob\u010dan m\u00e1 zn\u00e1t celkov\u00e9 v\u00fddaje v\u0161ech  ve\u0159ejn\u00fdch instituc\u00ed. I jejich strukturu, pod\u00edl investi\u010dn\u00edch a mzdov\u00fdch  n\u00e1klad\u016f. A t\u0159eba \u00fahrn mezd a odm\u011bn. Nebo jejich pr\u016fm\u011brnou v\u00fd\u0161i na  jednoho pracovn\u00edka. P\u0159esto\u017ee tato \u010d\u00edsla mnoho o efektivit\u011b jednotliv\u00fdch  \u00fa\u0159ad\u016f mnoho nevypov\u00eddaj\u00ed. \u0160et\u0159\u00ed v\u00edce \u00fa\u0159ad, kter\u00fd m\u00e1 ni\u017e\u0161\u00ed pr\u016fm\u011br mezd,  nebo ten, kter\u00fd propustil t\u0159etinu lid\u00ed a zbyl\u00fdm, t\u011bm v\u00fdkonn\u011bj\u0161\u00edm,  polovinu u\u0161et\u0159en\u00fdch prost\u0159edk\u016f rozd\u011blil na odm\u011bn\u00e1ch a t\u00edm zv\u00fd\u0161il pr\u016fm\u011br  na zam\u011bstnance? \u00da\u0159ady si nav\u00edc samy sv\u00e9 rozpo\u010dty nestanovuj\u00ed, pen\u00edze  jsou jim p\u0159id\u011bleny v p\u0159\u00edslu\u0161n\u00e9 kapitole. I na Hrad\u011b obdr\u017e\u00edme p\u0159esn\u011b  stanovenou \u010d\u00e1stku, kterou lze na odm\u011bny pou\u017e\u00edt. Nen\u00ed tak mo\u017en\u00e9 ani na  odm\u011bny d\u00e1t v\u00edc, ne\u017e kolik bylo p\u0159id\u011bleno.<\/p>\n<p>Ale budi\u017e, mysl\u00edm, \u017ee \u010dlov\u011bk tyto \u00fadaje zn\u00e1t m\u016f\u017ee a holt si je n\u011bjak  mus\u00ed p\u0159ebrat a vyhodnotit. Je ale ve ve\u0159ejn\u00e9m z\u00e1jmu zn\u00e1t odm\u011bny  jednotliv\u00fdch st\u00e1tn\u00edch zam\u011bstnanc\u016f? Lid\u00ed placen\u00fdch ze st\u00e1tn\u00edho rozpo\u010dtu  jsou stovky tis\u00edc. Jsou to l\u00e9ka\u0159i, u\u010ditel\u00e9, soudci, policist\u00e9, \u00fa\u0159edn\u00edci,  voj\u00e1ci&#8230; Mysl\u00edte, \u017ee je spr\u00e1vn\u00e9, aby ka\u017ed\u00fd m\u011bs\u00edc n\u011bkde na internetu  vy\u0161el kompletn\u00ed seznam v\u0161ech odm\u011bn v\u0161ech lid\u00ed placen\u00fdch ze st\u00e1tn\u00edho  rozpo\u010dtu? <strong>Jsem si jist, \u017ee lid\u00e9, kte\u0159\u00ed pracuj\u00ed ve st\u00e1tn\u00edm sektoru, nemohou po\u017e\u00edvat ni\u017e\u0161\u00ed ochrany sv\u00fdch dat ne\u017e kdokoli jin\u00fd.<\/strong> Mysl\u00edm, \u017ee \u00fa\u0159edn\u00edk \u010di zdravotn\u00ed sestra nem\u00e1 m\u00edt ni\u017e\u0161\u00ed ochranu ne\u017e \u0159idi\u010d  n\u00e1kla\u010f\u00e1ku v soukrom\u00e9 firm\u011b. Informace o platu \u010di odm\u011bn\u00e1ch tradi\u010dn\u011b  pat\u0159\u00ed mezi osobn\u00ed data. M\u00e1 to sv\u00e9 dobr\u00e9 d\u016fvody. Ne\u017eij\u00ed mezi n\u00e1mi jen  lid\u00e9 dob\u0159\u00ed, ale tak\u00e9 z\u00e1vistivci, lid\u00e9 nen\u00e1vistn\u00ed, n\u00e1siln\u00ed, zlod\u011bji \u010di  intrik\u00e1ni. V jejich rukou se intimn\u00ed \u00fadaje mohou st\u00e1t n\u00e1strojem  \u0161patnosti proti druh\u00e9mu. Je na ka\u017ed\u00e9m, aby rozhodl, do jak\u00e9 m\u00edry sv\u00e9  soukrom\u00ed otev\u0159e. Nechte na ka\u017ed\u00e9m, jestli n\u011bco podobn\u00e9ho chce nebo ne.  Nena\u0159izujte mu to.<\/p>\n<p>Kdy\u017e se m\u011b Lidov\u00e9 noviny optaly, jestli s\u00e1m &#8222;odtajn\u00edm&#8220; sv\u016fj plat a odm\u011bny, reagoval jsem t\u011bmito slovy:<\/p>\n<p><em>\u201e<\/em><em>Neodtajn\u00edm. Naopak, pokud Kancel\u00e1\u0159 prezidenta republiky  zas\u00e1hne do m\u00fdch pr\u00e1v a bez m\u00e9ho souhlasu tato data zve\u0159ejn\u00ed,  pravd\u011bpodobn\u011b ji budu \u017ealovat o od\u0161kodn\u00e9 za \u00fajmu. M\u00e1m toti\u017e velmi  kr\u00e1snou partnerku, co\u017e si nedovedu p\u0159i sv\u00e9 viz\u00e1\u017ei vysv\u011btlit jinak, ne\u017e  \u017ee \u017eije v iluzi o m\u00e9m kdov\u00edjak\u00e9m platu. A proto\u017ee to je opravdu \u00fa\u017easn\u00e1  \u017eena, budu cht\u00edt zatracen\u011b vysok\u00e9 od\u0161kodn\u011bn\u00ed, jestli m\u011b opust\u00ed, a\u017e o ty  iluze bude bezohledn\u011b p\u0159ipravena.&#8220;<\/em><\/p>\n<p>Ano, d\u011blal jsem si legraci. Ale cht\u011bl jsem t\u00edm nazna\u010dit ned\u016fvtipn\u00e9mu  novin\u00e1\u0159i, \u017ee majitelem dat o platech a odm\u011bn\u00e1ch nen\u00ed \u00fa\u0159ad, ale s\u00e1m  zam\u011bstnanec. Sv\u00fdm postojem tak chci chr\u00e1nit tis\u00edce lid\u00ed, kte\u0159\u00ed maj\u00ed sv\u00e9  d\u016fvody, pro\u010d sv\u00e9 odm\u011bny nevytrubovat. T\u0159eba maj\u00ed spor s kolegou v pr\u00e1ci,  \u010di se sousedem, t\u0159eba to necht\u011bj\u00ed kv\u016fli d\u011btem, kter\u00e9 \u0161ikanuj\u00ed  spolu\u017e\u00e1ci, nebo t\u0159eba kv\u016fli milence, d\u016fvod\u016f mohou b\u00fdt mraky. Dob\u0159e v\u00edte,  \u017ee i n\u00e1vrhy na odm\u011bny se na pracovi\u0161ti d\u00e1vaj\u00ed v zalepen\u00fdch ob\u00e1lk\u00e1ch,  proto\u017ee jejich zve\u0159ejn\u011bn\u00ed by mohlo ud\u011blat v kolektivu zlou krev.<\/p>\n<p>V\u00edm, \u017ee v\u011bc m\u00e1 i svou pr\u00e1vn\u00ed str\u00e1nku. \u00da\u0159ad pro ochranu osobn\u00edch \u00fadaj\u016f  je z\u00e1sadn\u011b proti zve\u0159ej\u0148ov\u00e1n\u00ed, Nejvy\u0161\u0161\u00ed soud pro (i kdy\u017e u n\u011bj si  vrabci na st\u0159e\u0161e cvrlikaj\u00ed, \u017ee jeho postoj je mstou politik\u016fm za snahy  omezit soudcovsk\u00e9 platy). Ale, bohu\u017eel, po\u0159\u00e1d se na tato data hled\u00ed,  jako kdyby pat\u0159ila on\u011bm \u00fa\u0159ad\u016fm. Co\u017e si j\u00e1 nemysl\u00edm. M\u016fj plat si m\u016f\u017ee  ka\u017ed\u00fd snadno spo\u010d\u00edtat. Pr\u016fm\u011brnou v\u00fd\u0161i odm\u011bn tak\u00e9. V tom v\u016fbec neh\u00e1j\u00edm  sebe, ale sv\u016fj n\u00e1zor na m\u00edru ochrany soukrom\u00ed v\u0161ech. Nemus\u00edte se mnou  v\u016fbec v ni\u010dem souhlasit, jen V\u00e1s pros\u00edm o tom abyste se zamyslel na t\u00edm,  \u017ee i m\u016fj p\u0159\u00edstup k v\u011bci m\u016f\u017ee m\u00edt sv\u00e9 dobr\u00e9 d\u016fvody.<\/p>\n<p>Medi\u00e1ln\u00ed \u0161tvanice kolem plat\u016f a odm\u011bn v\u016fbec nesm\u011b\u0159uje k \u0161et\u0159en\u00ed  pen\u011bz, proto\u017ee toho se v\u016fbec net\u00fdk\u00e1. Odm\u011bny nelze rozd\u00e1vat tak, \u017ee se  hr\u00e1bne libovoln\u011b do pokladny: hr\u00e1bne se m\u00e1lo, \u0161et\u0159\u00ed se, hr\u00e1bne se hodn\u011b,  pl\u00fdtv\u00e1 se. Tak to nen\u00ed. Rozd\u011bluje se p\u0159edem stanoven\u00e1 celkov\u00e1 \u010d\u00e1stka.  Ve\u0159ejnost nem\u00e1 \u0161anci posoudit, jestli fakt, \u017ee jeden \u00fa\u0159edn\u00edk dostal  tento m\u011bs\u00edc dvakr\u00e1t v\u00edc na odm\u011bn\u00e1ch ne\u017e druh\u00fd, je spravedliv\u00fd nebo je.  Ta \u0161tvanice m\u00e1 jen p\u0159ikl\u00e1dat pod kotel frustrac\u00ed a vz\u00e1jemn\u00fdch nen\u00e1vist\u00ed.  Hele, tamhle ten vedle u stolu je u\u010ditel, tady m\u00e1m jeho lo\u0148sk\u00e9 odm\u011bny.  Jestli n\u00e1m ned\u00e1 na pivo, d\u00e1me mu na budku.<\/p>\n<p>Zdrav\u00ed L. Jakl\u201c<\/p>\n<p>Tolik m\u00e1 reakce. K\u00a0n\u00ed dod\u00e1v\u00e1m, \u017ee jsem vy\u0161\u0161\u00ed st\u00e1tn\u00ed \u00fa\u0159edn\u00edk a m\u00e1m  plat a odm\u011bny jako vy\u0161\u0161\u00ed st\u00e1tn\u00ed \u00fa\u0159edn\u00edci. Nemysl\u00edm, \u017ee m\u00e1m kv\u016fli tomu  m\u00edt \u0161patn\u00e9 sv\u011bdom\u00ed. V\u00edme v\u0161ichni dob\u0159e, s\u00a0\u010d\u00edm si tady zahr\u00e1v\u00e1me a kam  chceme doj\u00edt?\u201c<\/p>\n<p><em>Zde kon\u010d\u00ed onen m\u016fj z\u00e1\u0159ijov\u00fd neoti\u0161t\u011bn\u00fd \u010dl\u00e1nek. Mohlo by m\u011b t\u011b\u0161it,  \u017ee je moment\u00e1ln\u011b kolem v\u011bci ticho. Net\u011b\u0161\u00ed. Z\u016fstala divn\u00e1 pachu\u0165  zlomyslnosti a \u00fa\u010delovosti. A tak jsem se rozhodl nab\u011bhnout si na vidle a  t\u00e9ma op\u011bt otev\u0159\u00edt. <\/em><\/p>\n<p><a href=\"http:\/\/jakl.blog.idnes.cz\/c\/227589\/Zamestnanec-statu-neni-mene-clovekem.html\" target=\"_blank\">Zdroj<\/a><em><br \/>\n<\/em><\/p>\n","protected":false},"excerpt":{"rendered":"<p>ento \u010dl\u00e1nek jsem nab\u00eddl Lidov\u00fdm novin\u00e1m, proto\u017ee ty se rozhodly v\u00a0t\u00e9to v\u011bci na mne za\u00fato\u010dit. LN po\u017eadovaly zkr\u00e1cen\u00ed na t\u0159etinu, ale to ne\u0161lo, proto\u017ee v\u011bt\u0161inu \u010dl\u00e1nku tvo\u0159\u00ed dokument, \u00fapln\u00e1 citace jednoho dopisu.<\/p>\n","protected":false},"author":1,"featured_media":0,"comment_status":"open","ping_status":"open","sticky":false,"template":"","format":"standard","meta":{"ngg_post_thumbnail":0,"footnotes":""},"categories":[6,1],"tags":[],"class_list":["post-1370","post","type-post","status-publish","format-standard","hentry","category-co-jsem-nerekl","category-publikovane-clanky"],"_links":{"self":[{"href":"https:\/\/www.ladislavjakl.cz\/index.php?rest_route=\/wp\/v2\/posts\/1370","targetHints":{"allow":["GET"]}}],"collection":[{"href":"https:\/\/www.ladislavjakl.cz\/index.php?rest_route=\/wp\/v2\/posts"}],"about":[{"href":"https:\/\/www.ladislavjakl.cz\/index.php?rest_route=\/wp\/v2\/types\/post"}],"author":[{"embeddable":true,"href":"https:\/\/www.ladislavjakl.cz\/index.php?rest_route=\/wp\/v2\/users\/1"}],"replies":[{"embeddable":true,"href":"https:\/\/www.ladislavjakl.cz\/index.php?rest_route=%2Fwp%2Fv2%2Fcomments&post=1370"}],"version-history":[{"count":1,"href":"https:\/\/www.ladislavjakl.cz\/index.php?rest_route=\/wp\/v2\/posts\/1370\/revisions"}],"predecessor-version":[{"id":1371,"href":"https:\/\/www.ladislavjakl.cz\/index.php?rest_route=\/wp\/v2\/posts\/1370\/revisions\/1371"}],"wp:attachment":[{"href":"https:\/\/www.ladislavjakl.cz\/index.php?rest_route=%2Fwp%2Fv2%2Fmedia&parent=1370"}],"wp:term":[{"taxonomy":"category","embeddable":true,"href":"https:\/\/www.ladislavjakl.cz\/index.php?rest_route=%2Fwp%2Fv2%2Fcategories&post=1370"},{"taxonomy":"post_tag","embeddable":true,"href":"https:\/\/www.ladislavjakl.cz\/index.php?rest_route=%2Fwp%2Fv2%2Ftags&post=1370"}],"curies":[{"name":"wp","href":"https:\/\/api.w.org\/{rel}","templated":true}]}}