{"id":1372,"date":"2011-11-09T11:42:16","date_gmt":"2011-11-09T10:42:16","guid":{"rendered":"http:\/\/www.ladislavjakl.cz\/?p=1372"},"modified":"2011-11-09T11:42:16","modified_gmt":"2011-11-09T10:42:16","slug":"nenechte-se-zastrasit-nabadal-jakl-snem-dostu","status":"publish","type":"post","link":"https:\/\/www.ladislavjakl.cz\/?p=1372","title":{"rendered":"Nenechte se zastra\u0161it, nab\u00e1dal Jakl sn\u011bm DOSTu"},"content":{"rendered":"<p>V sobotu se se\u0161el sn\u011bm signat\u00e1\u0159\u016f Manifestu D.O.S.T. Konzervativci  podpo\u0159ili petici \u00b4Nenu\u0165te n\u00e1m euro\u00b4 a vyjedn\u00e1n\u00ed v\u00fdjimky z Lisabonu.<\/p>\n<p><!--more--><\/p>\n<div style=\"margin-top: 15px;\"><strong><span style=\"font-size: x-small;\">7.listopad 2011<\/span><\/strong> &#8211; <strong><span style=\"font-size: x-small;\">11:02<\/span><\/strong><\/div>\n<div>Sn\u011bm, kter\u00fd se  konal v divadeln\u00edm s\u00e1le Emauzsk\u00e9ho kl\u00e1\u0161tera, trval \u010dty\u0159i hodiny, b\u011bhem  kter\u00fdch se u mikrofonu se zdravicemi vyst\u0159\u00eddali signat\u00e1\u0159i, host\u00e9 a  spolupracovn\u00edci ob\u010dansk\u00e9 sdru\u017een\u00ed Akce D.O.S.T. V druh\u00e9 polovin\u011b pak  prob\u00edhala diskuze o zp\u016fsobech, jak\u00fdm doc\u00edlit obrozen\u00ed pravicov\u00e9ho  konzervatismu.<\/div>\n<p>S pozdravem od prezidenta V\u00e1clava Klause  vystoupil jako prvn\u00ed hradn\u00ed tajemn\u00edk a \u0159editel politick\u00e9ho odboru  prezidentovy kancel\u00e1\u0159e Ladislav Jakl, s\u00e1m signat\u00e1\u0159 Manifestu. Podle jeho  slov zde nevystupuje tajn\u011b, prezident o jeho n\u00e1v\u0161t\u011bv\u011b sn\u011bmu v\u00ed a  vy\u0159izuje sn\u011bmu osobn\u00ed podzravy. Podle Jakla je pro konzervativce  d\u016fle\u017eit\u00e9 bojovat za to, aby v\u016fbec nebyli se sv\u00fdmi n\u00e1zory vytla\u010deni ze  spole\u010densk\u00e9 debaty.<\/p>\n<p>Debatu se podle n\u011bj sna\u017e\u00ed ovl\u00e1dnout ti, kte\u0159\u00ed  si sice \u010din\u00ed absolutn\u00ed monopol na &#8222;konzervativn\u00ed hodnoty&#8220;, ale ve  skute\u010dnosti \u017e\u00e1dn\u00e9 konzervativn\u00ed hodnoty nezast\u00e1vaj\u00ed, \u0159ekl v nar\u00e1\u017ece na  TOP 09 Karla Schwarzenberga. Tito lid\u00e9 maj\u00ed naopak sv\u011btovl\u00e1dn\u00e9 tendence a  kritika z konzervativn\u00edch pozic je n\u011bco, \u010deho se d\u011bs\u00ed a co je pro n\u011b  nejv\u00edce nebezpe\u010dn\u00e9. Proto se sna\u017e\u00ed skute\u010dn\u00e9 konzervativce ze spole\u010densk\u00e9  debaty vy\u0159adit t\u00edm, \u017ee jim d\u00e1vaj\u00ed dehonestuj\u00edc\u00ed n\u00e1lepky.<\/p>\n<p>&#8222;Nenechat  se uml\u010det, nenechat si to l\u00edbit, ka\u017ed\u00fd den mluvit o skute\u010dn\u00e9 mitovaci  t\u011bch, co cht\u011bj\u00ed tyto n\u00e1lepky rozd\u00e1vat&#8220; &#8211; to je podle Jakla jedin\u00e1 mo\u017en\u00e1  odpov\u011b\u010f na takovou snahu, proto\u017ee &#8222;jde o p\u0159e\u017eit\u00ed na\u0161ich my\u0161lenek ve  spole\u010densk\u00e9m prostoru&#8220;.<\/p>\n<p>Dal\u0161\u00edm signat\u00e1\u0159em i hostem z\u00e1rove\u0148 byl  poslanec Evropsk\u00e9ho parlamentu za ODS Ivo Strej\u010dek. &#8222;Slo\u017eit\u00e9 obdob\u00ed jste  pro\u0161li slu\u0161n\u011b, hrd\u011b a s hlavou vzty\u010denou,&#8220; pochv\u00e1lil D.O.S.T. v  souvislosti s nevyb\u00edrav\u00fdmi medi\u00e1ln\u00edmi \u00fatoky.<\/p>\n<p>K optimismu vyzvala  p\u0159edsedkyn\u011b Suverenity &#8211; SBB Jana Bobo\u0161\u00edkov\u00e1, podle kter\u00e9 mezi lidmi  \u00facta k tradi\u010dn\u00edm hodnot\u00e1m a popt\u00e1vka po politice, kter\u00e1 by je h\u00e1jila,  existuje &#8211; a roste. &#8222;Lid\u00e9 si v\u016fbec nemysl\u00ed to, co \u0159\u00edk\u00e1 Karel  Schwarzenberg,&#8220; \u0159ekla s odvol\u00e1n\u00edm na vlastn\u00ed zku\u0161enosti sv\u00e9 strany,  kter\u00e1 pracuje mezi lidmi.<\/p>\n<p>P\u0159edstavila tak\u00e9 \u00fasp\u011b\u0161nou peti\u010dn\u00ed  iniciativu &#8222;Nenu\u0165te n\u00e1m euro&#8220;, kterou za\u0161t\u00edtila \u0159ada v\u00fdznamn\u00fdch  politik\u016f, ekonom\u016f a podnikatel\u016f &#8211; a na sn\u011bmu z\u00edskala n\u011bkolik dal\u0161\u00edch  des\u00edtek podpis\u016f, mimo jin\u00e9 i od Ladislava Jakla a Ladislava B\u00e1tory.<\/p>\n<p>Prvn\u00ed  v\u011bt\u0161\u00ed vystoupen\u00ed po sv\u00e9m odchodu z M\u0160MT (krom\u011b ned\u00e1vn\u00e9 n\u00e1v\u0161t\u011bvy  hradeck\u00e9ho Business clubu) si po dlouh\u00e9m \u010dase nucen\u00e9ho &#8222;bob\u0159\u00edka ml\u010den\u00ed&#8220;  dop\u0159\u00e1l pr\u00e1v\u011b p\u0159edseda Akce D.O.S.T. Ladislav B\u00e1tora shrnul \u010dty\u0159letou  historii Manifestu D.O.S.T. (v p\u0159\u00ed\u0161t\u00edch dnech to budou \u010dty\u0159i roky, co  Manifest vznikl, dnes m\u00e1 816 signat\u00e1\u0159\u016f) a aktivit ob\u010dansk\u00e9ho sdru\u017een\u00ed  Akce D.O.S.T., pod\u011bkoval za podporu b\u011bhem tzv. &#8222;b\u00e1tori\u00e1dy&#8220; a zam\u00fd\u0161lel se  nad zp\u016fsobem, jak\u00fdm bude toto konzervativn\u00ed hnut\u00ed fungovat v budoucnu.<\/p>\n<p>S  dal\u0161\u00edmi pozdravy pak vystoupili p\u0159edstavitel\u00e9 sp\u0159\u00e1telen\u00fdch organizac\u00ed &#8211;  V\u00fdboru na obranu rodi\u010dovsk\u00fdch pr\u00e1v, Koruny \u010desk\u00e9, Konzervativn\u00ed strany,  Hnut\u00ed pro \u017eivot, Mlad\u00fdch k\u0159es\u0165ansk\u00fdch demokrat\u016f, Orla, Reforem.cz,  \u010dasopisu Te Deum, N\u00e1rodn\u00ed my\u0161lenky aj.<\/p>\n<p>Sn\u011bm, kter\u00e9ho se  z\u00fa\u010dastnilo p\u0159es sto konzervativc\u016f, v z\u00e1v\u011bru tak\u00e9 jednomysln\u011b schv\u00e1lil  Memorandum, ve kter\u00e9m n\u00e1rodovci zd\u016fraznili odhodl\u00e1n\u00ed h\u00e1jit tradi\u010dn\u00ed a  p\u0159irozen\u00e9 spole\u010densk\u00e9 hodnoty a ob\u010dansk\u00e9 svobody a odm\u00edtli dehonestuj\u00edc\u00ed  medi\u00e1ln\u00ed kampa\u0148, kterou v uplynul\u00fdch m\u011bs\u00edc\u00edch rozpoutali jejich ideov\u00ed  odp\u016frci.<\/p>\n<p>&#8222;Krize, v n\u00ed\u017e se nach\u00e1z\u00edme, je v\u0161ak v prv\u00e9 \u0159ad\u011b kriz\u00ed  politick\u00fdch elit a jimi formovan\u00fdch globaliza\u010dn\u00edch a integra\u010dn\u00edch  projekt\u016f. V\u017edy\u0165 zna\u010dn\u00e1 \u010d\u00e1st t\u011bchto elit i dnes, tv\u00e1\u0159\u00ed v tv\u00e1\u0159 re\u00e1ln\u00fdm  hrozb\u00e1m, nahrazuje pot\u0159ebn\u00e1 \u0159e\u0161en\u00ed jazykovou ekvilibristikou zakr\u00fdvaj\u00edc\u00ed  skute\u010dn\u00fd stav v\u011bc\u00ed a nad\u00e1le pl\u00fdtvaj\u00ed silami a prost\u0159edky z\u00e1padu na  budov\u00e1n\u00ed sv\u00fdch problematick\u00fdch viz\u00ed,&#8220; p\u00ed\u0161e se tak\u00e9 v Memorandu s t\u00edm, \u017ee  \u010cesk\u00e1 republika bohu\u017eel nestoj\u00ed mimo tento sv\u011btov\u00fd trend a nevyhne se  tak jeho dopad\u016fm.<\/p>\n<p>Za jednu z p\u0159\u00ed\u010din krize pak pova\u017euj\u00ed \u00fatoky na  &#8222;tradi\u010dn\u00ed sociokulturn\u00ed vzorce a struktury Z\u00e1padu&#8220;, jako je rodina,  n\u00e1rod a suver\u00e9nn\u00ed st\u00e1t, stejn\u011b jako snahy o omezov\u00e1n\u00ed ob\u010dansk\u00fdch svobod.<\/p>\n<p>Zcela  konkr\u00e9tn\u011b pak b\u00e1torovci podpo\u0159ili prezidentem Klausem dojednanou \u010deskou  v\u00fdjimku z tzv. Lisabonsk\u00e9 smlouvy, o jej\u00edm\u017e pr\u00e1vn\u00edm zakotven\u00ed se bude v  p\u0159\u00ed\u0161t\u00edch t\u00fddnech a m\u011bs\u00edc\u00edh jednat. &#8222;Pova\u017eujeme ji za element\u00e1rn\u00ed krok k  zaji\u0161t\u011bn\u00ed n\u00e1rodn\u00edch z\u00e1jm\u016f \u010cesk\u00e9 republiky a jej\u00edch ob\u010dan\u016f,&#8220; stoj\u00ed v  prohl\u00e1\u0161en\u00ed.<\/p>\n<p>Konzervativci tak\u00e9 odm\u00edtaj\u00ed p\u0159ijet\u00ed spole\u010dn\u00e9 evropsk\u00e9  m\u011bny, nebo\u0165 takov\u00fd krok pova\u017euj\u00ed za nezodpov\u011bdn\u00fd a\u017e hazardn\u00ed. &#8222;V\u00edt\u00e1me  proto hlas n\u011bkter\u00fdch \u010desk\u00fdch politik\u016f, ekonom\u016f a podnikatel\u016f sdru\u017een\u00fdch v  iniciativ\u011b \u00b4Nenu\u0165te n\u00e1m euro\u00b4 a vyjad\u0159ujeme t\u00e9to iniciativ\u011b svou  podporu.&#8220;<\/p>\n<p>Spoluautor Manifestu D.O.S.T. Michal Sem\u00edn tak\u00e9  zd\u016fraznil, \u017ee se konzervativci \u00fatok\u016fm a zastra\u0161ov\u00e1n\u00ed nehodlaj\u00ed poddat.  &#8222;Nep\u0159\u00e1tel\u016fm bychom cht\u011bli vzk\u00e1zat, \u017ee se jich neboj\u00edme,&#8220; \u0159ekl rezolutn\u011b.<\/p>\n<p>To potvrzuje i z\u00e1v\u011br Memoranda:<\/p>\n<p>&#8222;Jsme  ostatn\u011b p\u0159esv\u011bd\u010deni, \u017ee postoje a ide\u00e1ly Manifestu D.O.S.T. sd\u00edl\u00ed  zna\u010dn\u00e1 \u010d\u00e1st \u010desk\u00e9 ve\u0159ejnosti, by\u0165 se k nim mnoz\u00ed lid\u00e9 dnes nemohou  p\u0159ihl\u00e1sit ve\u0159ejn\u011b, v re\u00e1ln\u00e9 obav\u011b z ohro\u017een\u00ed sv\u00fdch existen\u010dn\u00edch jistot. O  to v\u00edce n\u00e1s t\u011b\u0161\u00ed, \u017ee na\u0161im my\u0161lenk\u00e1m vyj\u00e1d\u0159ily podporu n\u011bkter\u00e9 p\u0159edn\u00ed  osobnosti ve\u0159ejn\u00e9ho \u017eivota v \u010dele s prezidentem republiky.&#8220;<\/p>\n<p><a href=\"http:\/\/www.prvnizpravy.cz\/zpravy\/z-domova\/nenechte-se-zastrasit-nabadal-jakl-snem-dostu\/\" target=\"_blank\">Zdroj<\/a><\/p>\n","protected":false},"excerpt":{"rendered":"<p>V sobotu se se\u0161el sn\u011bm signat\u00e1\u0159\u016f Manifestu D.O.S.T. Konzervativci podpo\u0159ili petici \u00b4Nenu\u0165te n\u00e1m euro\u00b4 a vyjedn\u00e1n\u00ed v\u00fdjimky z Lisabonu.<\/p>\n","protected":false},"author":1,"featured_media":0,"comment_status":"open","ping_status":"open","sticky":false,"template":"","format":"standard","meta":{"ngg_post_thumbnail":0,"footnotes":""},"categories":[11],"tags":[],"class_list":["post-1372","post","type-post","status-publish","format-standard","hentry","category-ozvena"],"_links":{"self":[{"href":"https:\/\/www.ladislavjakl.cz\/index.php?rest_route=\/wp\/v2\/posts\/1372","targetHints":{"allow":["GET"]}}],"collection":[{"href":"https:\/\/www.ladislavjakl.cz\/index.php?rest_route=\/wp\/v2\/posts"}],"about":[{"href":"https:\/\/www.ladislavjakl.cz\/index.php?rest_route=\/wp\/v2\/types\/post"}],"author":[{"embeddable":true,"href":"https:\/\/www.ladislavjakl.cz\/index.php?rest_route=\/wp\/v2\/users\/1"}],"replies":[{"embeddable":true,"href":"https:\/\/www.ladislavjakl.cz\/index.php?rest_route=%2Fwp%2Fv2%2Fcomments&post=1372"}],"version-history":[{"count":1,"href":"https:\/\/www.ladislavjakl.cz\/index.php?rest_route=\/wp\/v2\/posts\/1372\/revisions"}],"predecessor-version":[{"id":1373,"href":"https:\/\/www.ladislavjakl.cz\/index.php?rest_route=\/wp\/v2\/posts\/1372\/revisions\/1373"}],"wp:attachment":[{"href":"https:\/\/www.ladislavjakl.cz\/index.php?rest_route=%2Fwp%2Fv2%2Fmedia&parent=1372"}],"wp:term":[{"taxonomy":"category","embeddable":true,"href":"https:\/\/www.ladislavjakl.cz\/index.php?rest_route=%2Fwp%2Fv2%2Fcategories&post=1372"},{"taxonomy":"post_tag","embeddable":true,"href":"https:\/\/www.ladislavjakl.cz\/index.php?rest_route=%2Fwp%2Fv2%2Ftags&post=1372"}],"curies":[{"name":"wp","href":"https:\/\/api.w.org\/{rel}","templated":true}]}}