{"id":1374,"date":"2011-11-18T14:45:57","date_gmt":"2011-11-18T13:45:57","guid":{"rendered":"http:\/\/www.ladislavjakl.cz\/?p=1374"},"modified":"2011-11-18T14:45:57","modified_gmt":"2011-11-18T13:45:57","slug":"pochvala-od-povolanych-vzdy-potesi","status":"publish","type":"post","link":"https:\/\/www.ladislavjakl.cz\/?p=1374","title":{"rendered":"Pochvala od povolan\u00fdch v\u017edy pot\u011b\u0161\u00ed."},"content":{"rendered":"<p>Zat\u00edmco elit\u00e1\u0159sk\u00fd pravdol\u00e1ska\u0159sk\u00fd guru chodil s ohavn\u00fdm  imprij\u00e1listick\u00fdm Str\u00fd\u010dkem Samem do Reduty, prav\u00fd konzervativn\u00ed  socialistick\u00fd n\u00e1rodovec d\u00e1v\u00e1 p\u0159ednost prase\u010d\u00edmu \u0159\u00edzku, kypr\u00e9 jiho\u010desk\u00e9  selce a geni\u00e1ln\u00ed Folimance.<\/p>\n<p><!--more--><\/p>\n<p>To jsou kontrasty, kter\u00e9 mluv\u00ed samy za sebe:<br \/>\n<strong>VIDEO:<\/strong><br \/>\n<a href=\"http:\/\/www.facebook.com\/l.php?u=http%3A%2F%2Fwww.youtube.com%2Fwatch%3Fv%3DHNiBt_zfAG4%26feature%3Dshare&amp;h=wAQG-Bt3pAQFbnXyZ-h_hXvbTQlLH-pL1Kr_Q4ZKtGxfwBw\" target=\"_blank\">Charakteristika VK slovy VH<\/a><br \/>\n:-))))) Nepozval! \u00a0\ud83d\ude42<br \/>\nTady  vid\u00edte, jak\u00fd vulg\u00e1rn\u00ed spros\u0165\u00e1k je ten pravdol\u00e1ska\u0159! Nepozval Nejv\u011bt\u0161\u00edho  \u010cecha.\u00a0Sou\u010dasn\u00fd pan prezident je toti\u017e jin\u00fd, lep\u0161\u00ed, mor\u00e1ln\u011b vy\u0161\u0161\u00ed a m\u00e1  opravdu velmi moudr\u00e9, vzd\u011blan\u00e9, ne\u00faplatn\u00e9, \u010destn\u00e9 a stra\u0161n\u011b moc kulturn\u00ed  r\u00e1dce a taky hrozn\u011b miluje tu na\u0161i, tu pravou \u010deskou, \u017eidobol\u0161evick\u00fdm  kosmopolitismem nezka\u017eenou poezii.<br \/>\nUk\u00e1zka  z d\u00edla p\u0159edn\u00edho \u010desk\u00e9ho um\u011blce, druh\u00e9ho M\u00e1chy, tajemn\u00edka prezidenta  republiky V\u00e1clava Klause a \u0161\u00e9fa politick\u00e9ho odboru jeho kancel\u00e1\u0159e:<\/p>\n<p><strong>Ladislav Jakl leden 2008<\/strong><\/p>\n<p><em>Tak jsme zase tady<br \/>\nUka\u017ete sv\u00fd vnady<br \/>\nA ty star\u00e1 Mary<br \/>\nTy uka\u017e sv\u00fd dcery<\/em><\/p>\n<p><em> <\/em><\/p>\n<p style=\"margin-top: 0px; margin-right: 0px; margin-bottom: 15px; margin-left: 0px;\"><em>P\u0159es hory a benz\u00ednky<br \/>\nP\u0159ijeli jsme sv\u00fdmi vozy<br \/>\nRozto\u010dte to maminky<br \/>\nUka\u017ete n\u00e1m svoje kozy<\/em><\/p>\n<p><em> <\/em><\/p>\n<p style=\"margin-top: 0px; margin-right: 0px; margin-bottom: 15px; margin-left: 0px;\"><em>Such\u00fd jazyk v puse prask\u00e1<br \/>\nA\u0165 se rychle pivo to\u010d\u00ed<br \/>\nVy jste na\u0161e prav\u00e1 l\u00e1ska<br \/>\nUka\u017ete n\u00e1m svoje o\u010di<\/em><\/p>\n<p><em> <em> <\/em><\/em><\/p>\n<p style=\"margin-top: 0px; margin-right: 0px; margin-bottom: 15px; margin-left: 0px;\"><em><em>Pivo te\u010de n\u011bjak l\u00edn\u011b<br \/>\nKde je st\u00e1rek kde je ml\u00e1dek<br \/>\nZd\u00e1lo se mi o tv\u00e9m kl\u00edn\u011b<br \/>\nUka\u017e aspo\u0148 ten sv\u016fj zadek<\/em><\/em><\/p>\n<p><em><em> <\/em><\/em><\/p>\n<p><em><em> <\/em><\/em><\/p>\n<p><em><em><\/p>\n<p style=\"margin-top: 0px; margin-right: 0px; margin-bottom: 15px; margin-left: 0px;\">Chlapy nechte rad\u0161i doma<br \/>\nNem\u011bli by pochopen\u00ed<br \/>\nMaj\u00ed n\u011bkdy pam\u011b\u0165 slona<br \/>\nUka\u017ete n\u00e1m ochlupen\u00ed<\/p>\n<p style=\"margin-top: 0px; margin-right: 0px; margin-bottom: 15px; margin-left: 0px;\">V\u0161ak v\u00e1s zn\u00e1me, sliby chyby<br \/>\n\u0158e\u010d\u00ed m\u00e1te pln\u00e9 huby<br \/>\nNa v\u011bc ale do\u0161lo kdyby<br \/>\nUk\u00e1\u017eete leda zuby<\/p>\n<p><\/em><em> <\/em><em> <\/em><\/p>\n<p style=\"margin-top: 0px; margin-right: 0px; margin-bottom: 15px; margin-left: 0px;\"><em>V\u00edme jeden na druh\u00fdho<br \/>\nA\u0165 jsi star\u00e1 nebo mlad\u00e1<br \/>\nKdyby fakt \u0161lo do tuh\u00fdho<br \/>\nUk\u00e1\u017eeme rad\u0161i z\u00e1da<\/em><\/p>\n<p><\/em><\/p>\n<p><a href=\"http:\/\/tydlitatova.blog.idnes.cz\/c\/228889\/To-jsou-kontrasty-pane-Vanek.html\" target=\"_blank\">Zdroj<\/a><\/p>\n<p><em> <\/em><\/p>\n<p><em> <\/em><\/p>\n","protected":false},"excerpt":{"rendered":"<p>Zat\u00edmco elit\u00e1\u0159sk\u00fd pravdol\u00e1ska\u0159sk\u00fd guru chodil s ohavn\u00fdm imprij\u00e1listick\u00fdm Str\u00fd\u010dkem Samem do Reduty, prav\u00fd konzervativn\u00ed socialistick\u00fd n\u00e1rodovec d\u00e1v\u00e1 p\u0159ednost prase\u010d\u00edmu \u0159\u00edzku, kypr\u00e9 jiho\u010desk\u00e9 selce a geni\u00e1ln\u00ed Folimance.<\/p>\n","protected":false},"author":1,"featured_media":0,"comment_status":"open","ping_status":"open","sticky":false,"template":"","format":"standard","meta":{"ngg_post_thumbnail":0,"footnotes":""},"categories":[11],"tags":[],"class_list":["post-1374","post","type-post","status-publish","format-standard","hentry","category-ozvena"],"_links":{"self":[{"href":"https:\/\/www.ladislavjakl.cz\/index.php?rest_route=\/wp\/v2\/posts\/1374","targetHints":{"allow":["GET"]}}],"collection":[{"href":"https:\/\/www.ladislavjakl.cz\/index.php?rest_route=\/wp\/v2\/posts"}],"about":[{"href":"https:\/\/www.ladislavjakl.cz\/index.php?rest_route=\/wp\/v2\/types\/post"}],"author":[{"embeddable":true,"href":"https:\/\/www.ladislavjakl.cz\/index.php?rest_route=\/wp\/v2\/users\/1"}],"replies":[{"embeddable":true,"href":"https:\/\/www.ladislavjakl.cz\/index.php?rest_route=%2Fwp%2Fv2%2Fcomments&post=1374"}],"version-history":[{"count":1,"href":"https:\/\/www.ladislavjakl.cz\/index.php?rest_route=\/wp\/v2\/posts\/1374\/revisions"}],"predecessor-version":[{"id":1375,"href":"https:\/\/www.ladislavjakl.cz\/index.php?rest_route=\/wp\/v2\/posts\/1374\/revisions\/1375"}],"wp:attachment":[{"href":"https:\/\/www.ladislavjakl.cz\/index.php?rest_route=%2Fwp%2Fv2%2Fmedia&parent=1374"}],"wp:term":[{"taxonomy":"category","embeddable":true,"href":"https:\/\/www.ladislavjakl.cz\/index.php?rest_route=%2Fwp%2Fv2%2Fcategories&post=1374"},{"taxonomy":"post_tag","embeddable":true,"href":"https:\/\/www.ladislavjakl.cz\/index.php?rest_route=%2Fwp%2Fv2%2Ftags&post=1374"}],"curies":[{"name":"wp","href":"https:\/\/api.w.org\/{rel}","templated":true}]}}