{"id":13746,"date":"2023-10-16T15:08:04","date_gmt":"2023-10-16T13:08:04","guid":{"rendered":"https:\/\/www.ladislavjakl.cz\/?p=13746"},"modified":"2023-10-16T15:09:11","modified_gmt":"2023-10-16T13:09:11","slug":"finale-2023-boj-o-druhe-misto","status":"publish","type":"post","link":"https:\/\/www.ladislavjakl.cz\/?p=13746","title":{"rendered":"Fin\u00e1le 2023: Boj o druh\u00e9 m\u00edsto!"},"content":{"rendered":"<p>Foto naleznete po otev\u0159en\u00ed Zdroje<\/p>\n<p>Dne 11. \u0159\u00edjna, tedy na den p\u0159esn\u011b rok po lo\u0148sk\u00e9m, kter\u00e9 bylo na den p\u0159esn\u011b rok po p\u0159edlo\u0148sk\u00e9m, bylo na programu fin\u00e1lov\u00e9 kolo sout\u011b\u017ee o Nejlep\u0161\u00ed \u010desk\u00fd le\u017e\u00e1k 2023. Takhle kr\u00e1sn\u011b na den p\u0159esn\u011b to vy\u0161lo. Tradi\u010dn\u00edm m\u00edstem se stala op\u011bt Prvn\u00ed pivn\u00ed tramway, nebo\u0165 jinde si n\u00e1s nev\u00e1\u017e\u00ed tolik, jako pr\u00e1v\u011b zde.<\/p>\n<p><!--more--><\/p>\n<p>Ka\u017ed\u00e9 fin\u00e1le za\u010d\u00edn\u00e1 v\u017edy proslovem na\u0161eho slovutn\u00e9ho prezidenta pana Ladislava Jakla. Ten zd\u016fraznil mimo jin\u00fdch t\u00e9mat tak\u00e9 hodnoty, na kter\u00fdch je PPE postavena. P\u0159ipomn\u011bl, \u017ee jsme vpravd\u011b unik\u00e1tn\u00edm kolektivem a na z\u00e1v\u011br si odpov\u011bd\u011bl na ot\u00e1zku, pro\u010d to d\u011bl\u00e1me \u2013 \u0159ka, \u017ee to nikdo jin\u00fd takhle poctiv\u011b ned\u011bl\u00e1! Pot\u00e9 p\u0159iv\u00edtal novin\u00e1\u0159e a vz\u00e1cn\u00e9 hosty, z&nbsp;nich\u017e nejvz\u00e1cn\u011bj\u0161\u00edm byl pan V\u00e1clav Berka, emeritn\u00ed hlavn\u00ed sl\u00e1dek plze\u0148sk\u00e9ho Prazdroje.<\/p>\n<p>Viceprezident Jan \u0160ur\u00e1\u0148 ve sv\u00e9m kr\u00e1tk\u00e9m vstupu p\u0159ipomn\u011bl z\u00e1sady hodnocen\u00ed Prvn\u00ed pivn\u00ed extraligy a opr\u00e1\u0161il definici \u010desk\u00e9ho le\u017e\u00e1ku, jeho\u017e senzorick\u00e9 vlastnosti by m\u011bli b\u00fdt p\u0159edev\u0161\u00edm harmonicky vyv\u00e1\u017een\u00e9.<\/p>\n<p>To u\u017e si ale p\u0159\u00edtomn\u00ed novin\u00e1\u0159i za\u010dali \u010dinit pozn\u00e1mky, nebo\u0165 se daly do pr\u00e1ce na\u0161e pivono\u0161ky. Fin\u00e1lov\u00e9 kolo m\u00e1 v\u017edy deset vzork\u016f, kter\u00e9 \u010din\u00ed v\u017edy 5 z ka\u017ed\u00e9ho semifin\u00e1lov\u00e9ho kola. Tentokr\u00e1t je Mark\u00e9tka p\u0159inesla na degusta\u010dn\u00ed st\u016fl v \u010dase 5:58, co\u017e lze pova\u017eovat za nov\u00fd sv\u011btov\u00fd rekord. K pivono\u0161k\u00e1m snad jen pozn\u00e1mku, to ony rozhoduj\u00ed o tom, v jak\u00e9m po\u0159ad\u00ed budou jednotliv\u00e9 vzorky nasazeny. Ostatn\u011b v\u00edce u\u017e Mark\u00e9ta:&nbsp;<em>\u201eMy ty vzorky nijak nehodnot\u00edme. Na fin\u00e1le m\u00e1me p\u0159ipraveno 30 lahv\u00ed, kter\u00e9 mus\u00edme rozl\u00edt tak, aby ka\u017ed\u00e1 polovina stolu, tedy v\u017edy 4 komisa\u0159i, dostali jednu lahev a jednu m\u00e1me na p\u0159\u00edpadn\u00fd rozpij. Co se konkr\u00e9tn\u00edho nasazen\u00ed vzork\u016f t\u00fd\u010de, bereme to sp\u00ed\u0161 tak, jak n\u00e1m to p\u0159ijde pod ruku. \u017d\u00e1dn\u00e1 v\u011bda v&nbsp;tom nen\u00ed.\u201c<\/em><\/p>\n<p>Ne\u017e p\u0159istoup\u00edme ke jmenov\u00e1n\u00ed v\u00edt\u011bze, je pot\u0159eba zd\u016fraznit, \u017ee se jednalo o velmi vyrovnan\u00e9 fin\u00e1le. Nejen\u017ee mezi vzorky nebyl \u017e\u00e1dn\u00fd havarovan\u00fd, ale ani jeden nebyl vylo\u017een\u011b \u0161patn\u00fd, \u010di podpr\u016fm\u011brn\u00fd. Ostatn\u011b sv\u011bd\u010d\u00ed o tom bodov\u00e9 hodnocen\u00ed u jednotliv\u00fdch vzork\u016f a tak\u00e9 2 rozpije, kter\u00e9 z&nbsp;fin\u00e1le vze\u0161li. Ten, kter\u00fd jsme nazvali BOJ O DRUH\u00c9 M\u00cdSTO, skon\u010dil v\u00edt\u011bzstv\u00edm Prazdroje v&nbsp;pom\u011bru 5:3. O \u0161est\u00e9 a sedm\u00e9 m\u00edsto rozpij realizov\u00e1n nebyl, proto\u017ee k&nbsp;tomu nebyl d\u016fvod.<\/p>\n<p>&nbsp;<\/p>\n<p>Z\u00e1v\u011brem se slu\u0161\u00ed poblahop\u0159\u00e1t v\u00edt\u011bz\u016fm a rovn\u011b\u017e p\u0159ipomenout, \u017ee prvn\u00edch 5 titul\u016f postupuje do \u010cesko Slovensk\u00e9ho superfin\u00e1le, kde se st\u0159etnou s&nbsp;p\u011btic\u00ed nejlep\u0161\u00edch slovensk\u00fdch le\u017eiakov.<\/p>\n<p>&nbsp;<\/p>\n<p>Milan Kabrna<\/p>\n<p><strong>V\u00fdsledky 14. ro\u010dn\u00edku Nejlep\u0161\u00ed le\u017e\u00e1k 2023:<\/strong><\/p>\n<table width=\"547\">\n<tbody>\n<tr>\n<td width=\"64\">1.&nbsp;<\/td>\n<td width=\"114\">B\u0159ez\u0148\u00e1k&nbsp;<\/td>\n<td width=\"212\">Heineken \u010cesk\u00e1 republika, a. s.<\/td>\n<td width=\"64\">28<\/td>\n<\/tr>\n<tr>\n<td>2.&nbsp;<\/td>\n<td>Pilsner Urquell<\/td>\n<td>Plze\u0148sk\u00fd Prazdroj, a. s.<\/td>\n<td>29<\/td>\n<\/tr>\n<tr>\n<td>3.<\/td>\n<td>Bohemia Regent<\/td>\n<td>Bohemia Regent spol. s r.o.<\/td>\n<td>29<\/td>\n<\/tr>\n<tr>\n<td>4.<\/td>\n<td>Litovel premium<\/td>\n<td>Pivovary CZ Group a. s.<\/td>\n<td>30<\/td>\n<\/tr>\n<tr>\n<td>5.<\/td>\n<td>Starobrno<\/td>\n<td>Pivovar Starobrno<\/td>\n<td>31<\/td>\n<\/tr>\n<tr>\n<td>6.-7.<\/td>\n<td>Budvar<\/td>\n<td>Bud\u011bjovick\u00fd Burvar n.p.<\/td>\n<td>33<\/td>\n<\/tr>\n<tr>\n<td>6.-7.<\/td>\n<td>Gambrinus<\/td>\n<td>Plze\u0148sk\u00fd Prazdroj, a. s.<\/td>\n<td>33<\/td>\n<\/tr>\n<tr>\n<td>8.<\/td>\n<td>Zlatopramen<\/td>\n<td>Heineken \u010cesk\u00e1 republika, a. s.<\/td>\n<td>35<\/td>\n<\/tr>\n<tr>\n<td>9.<\/td>\n<td>Je\u017eek<\/td>\n<td>Pivovary Lobkowicz Group, a. s.<\/td>\n<td>36<\/td>\n<\/tr>\n<tr>\n<td>10.<\/td>\n<td>\u010cern\u00e1 Hora<\/td>\n<td>Pivovary Lobkowicz Group, a. s.<\/td>\n<td>37<\/td>\n<\/tr>\n<\/tbody>\n<\/table>\n<p>Foto naleznete po otev\u0159en\u00ed Zdroje<\/p>\n<p><a href=\"http:\/\/www.prvnipivniextraliga.cz\/novinky\/finale-2023-boj-o-druhe-misto\/\">Zdroj<\/a><\/p>\n","protected":false},"excerpt":{"rendered":"<p>Foto naleznete po otev\u0159en\u00ed Zdroje Dne 11. \u0159\u00edjna, tedy na den p\u0159esn\u011b rok po lo\u0148sk\u00e9m, kter\u00e9 bylo na den p\u0159esn\u011b rok po p\u0159edlo\u0148sk\u00e9m, bylo na programu fin\u00e1lov\u00e9 kolo sout\u011b\u017ee o Nejlep\u0161\u00ed \u010desk\u00fd le\u017e\u00e1k 2023. Takhle kr\u00e1sn\u011b na den p\u0159esn\u011b to vy\u0161lo. Tradi\u010dn\u00edm m\u00edstem se stala op\u011bt Prvn\u00ed pivn\u00ed tramway, nebo\u0165 jinde si n\u00e1s nev\u00e1\u017e\u00ed tolik, [&hellip;]<\/p>\n","protected":false},"author":9,"featured_media":0,"comment_status":"open","ping_status":"open","sticky":false,"template":"","format":"standard","meta":{"ngg_post_thumbnail":0,"footnotes":""},"categories":[11,20],"tags":[],"class_list":["post-13746","post","type-post","status-publish","format-standard","hentry","category-ozvena","category-pivo"],"_links":{"self":[{"href":"https:\/\/www.ladislavjakl.cz\/index.php?rest_route=\/wp\/v2\/posts\/13746","targetHints":{"allow":["GET"]}}],"collection":[{"href":"https:\/\/www.ladislavjakl.cz\/index.php?rest_route=\/wp\/v2\/posts"}],"about":[{"href":"https:\/\/www.ladislavjakl.cz\/index.php?rest_route=\/wp\/v2\/types\/post"}],"author":[{"embeddable":true,"href":"https:\/\/www.ladislavjakl.cz\/index.php?rest_route=\/wp\/v2\/users\/9"}],"replies":[{"embeddable":true,"href":"https:\/\/www.ladislavjakl.cz\/index.php?rest_route=%2Fwp%2Fv2%2Fcomments&post=13746"}],"version-history":[{"count":3,"href":"https:\/\/www.ladislavjakl.cz\/index.php?rest_route=\/wp\/v2\/posts\/13746\/revisions"}],"predecessor-version":[{"id":13749,"href":"https:\/\/www.ladislavjakl.cz\/index.php?rest_route=\/wp\/v2\/posts\/13746\/revisions\/13749"}],"wp:attachment":[{"href":"https:\/\/www.ladislavjakl.cz\/index.php?rest_route=%2Fwp%2Fv2%2Fmedia&parent=13746"}],"wp:term":[{"taxonomy":"category","embeddable":true,"href":"https:\/\/www.ladislavjakl.cz\/index.php?rest_route=%2Fwp%2Fv2%2Fcategories&post=13746"},{"taxonomy":"post_tag","embeddable":true,"href":"https:\/\/www.ladislavjakl.cz\/index.php?rest_route=%2Fwp%2Fv2%2Ftags&post=13746"}],"curies":[{"name":"wp","href":"https:\/\/api.w.org\/{rel}","templated":true}]}}