{"id":13755,"date":"2023-10-20T14:39:23","date_gmt":"2023-10-20T12:39:23","guid":{"rendered":"https:\/\/www.ladislavjakl.cz\/?p=13755"},"modified":"2023-10-20T14:41:50","modified_gmt":"2023-10-20T12:41:50","slug":"bruselsti-levicaci-dobyli-polsko-znamy-model-vitez-vladu-neslozi-duda-jim-jeste-muze-zavarit-proc-cesi-polaky-pohrdaji-polsko-neni-proukrajinske-je-to-jen-karta-proti-rusku-bude-tajemnik-jakl","status":"publish","type":"post","link":"https:\/\/www.ladislavjakl.cz\/?p=13755","title":{"rendered":"Brusel\u0161t\u00ed levi\u010d\u00e1ci dobyli Polsko: Zn\u00e1m\u00fd model &#8211; v\u00edt\u011bz vl\u00e1du neslo\u017e\u00ed. Duda jim je\u0161t\u011b m\u016f\u017ee zava\u0159it. Pro\u010d \u010ce\u0161i Pol\u00e1ky pohrdaj\u00ed? Polsko nen\u00ed proukrajinsk\u00e9, je to jen karta proti Rusku. Bude tajemn\u00edk Jakl kandidovat na prezidenta?"},"content":{"rendered":"<p>PROTIPROUD TV&nbsp;vys\u00edl\u00e1 rozhovor Petra H\u00e1jka s Ladislavem Jaklem (polovi\u010dn\u00edm Pol\u00e1kem) nejen o v\u00fdsledc\u00edch polsk\u00fdch voleb, ale p\u0159edev\u0161\u00edm o tom, jak podivn\u00e9 vztahy m\u00e1me k na\u0161emu severn\u00edmu sousedovi &#8211; a co to pro n\u00e1s m\u016f\u017ee v kontextu doby znamenat<br \/>\n<!--more--><\/p>\n<div id=\"cphCONTENT_pnlLeft\" class=\"leftPanel\">&nbsp;<\/div>\n<div id=\"Article\">\n<p class=\"p1\">\u017div\u00e9 vys\u00edl\u00e1n\u00ed s bezprost\u0159edn\u00edmi reakcemi na dotazy a n\u00e1zory div\u00e1k\u016f (chat je v prav\u00e9 \u010d\u00e1sti obrazovky na kan\u00e1le Protiproudu na YouTube, kam m\u016f\u017eete sv\u00e9 dotazy a n\u00e1zory ps\u00e1t ji\u017e p\u0159ed za\u010d\u00e1tkem p\u0159enosu) za\u010dne&nbsp;<strong>ve \u010dtvrtek 19. 10. 2023 v 17:00<\/strong>. Po ukon\u010den\u00ed p\u0159\u00edm\u00e9ho p\u0159enosu zde bude k dispozici jeho z\u00e1znam.&nbsp;<\/p>\n<p><iframe loading=\"lazy\" src=\"https:\/\/www.youtube.com\/embed\/TiaPg8YUpMw?si=H2fVE34ASGKAKdIX\" width=\"546\" height=\"410\" data-mce-fragment=\"1\"><\/iframe><\/p>\n<p><em>Pokud si chcete b\u011bhem p\u0159ehr\u00e1v\u00e1n\u00ed z tohoto vlo\u017een\u00e9ho okna pustit video na celou obrazovku, klikn\u011bte vlevo dole na logo YouTube, a pot\u00e9 na \u010dtvercov\u00fd symbol v prav\u00e9m doln\u00edm rohu. V\u0161echny \u010dl\u00e1nky k vide\u00edm PPTV&nbsp;<a href=\"https:\/\/protiproud.info\/tags\/pptv.htm\">naleznete ZDE<\/a>.<\/em><\/p>\n<p><span class=\"s3\">Obsah:<\/span><\/p>\n<p><span class=\"s3\">00:00 V\u00edtejte nepodvolen\u00ed!<\/span><\/p>\n<p><span class=\"s3\">02:10 Jak \u010d\u00edst v\u00fdsledek polsk\u00fdch voleb<\/span><\/p>\n<p><span class=\"s3\">04:20 \u010cesk\u00e1 realita p\u0159es kop\u00edr\u00e1k?<\/span><\/p>\n<p><span class=\"s3\">07:40 Koalice ultralevicov\u00fdch boj\u016fvek?<\/span><\/p>\n<p><span class=\"s3\">09:03 Ani Tusk nebude \u00fapln\u011b bruselsk\u00fd ps\u00edk?<\/span><\/p>\n<p><span class=\"s3\">09:50 Duda m\u016f\u017ee vznikaj\u00edc\u00ed vl\u00e1d\u011b zava\u0159it<\/span><\/p>\n<p><span class=\"s3\">12:05 Vyd\u00edrac\u00ed potenci\u00e1l se teprve projev\u00ed<\/span><\/p>\n<p><span class=\"s3\">16:07 Ko\u0159en probl\u00e9mu<\/span><\/p>\n<p><span class=\"s3\">17:25 Pro\u010d je Orb\u00e1n tak \u00fasp\u011b\u0161n\u00fd?<\/span><\/p>\n<p><span class=\"s3\">20:45 Kouzlo men\u0161inov\u00e9 vl\u00e1dy<\/span><\/p>\n<p><span class=\"s3\">&nbsp;23:40 Je ideovost neslu\u0161n\u00e9 slovo?<\/span><\/p>\n<p><span class=\"s3\">25:10 Pro\u010d z\u016fstalo Malopolsko z\u010d\u00e1sti doma?<\/span><\/p>\n<p><span class=\"s3\">27:20 Velk\u00e1 m\u011bsta proti venkovu<\/span><\/p>\n<p><span class=\"s3\">31:21 Progresivist\u00e9? Liber\u00e1lov\u00e9? Nebo prost\u011b levi\u010d\u00e1ci?<\/span><\/p>\n<p><span class=\"s3\">34:47 Tusk je odklon od polsk\u00fdch z\u00e1jm\u016f<\/span><\/p>\n<p><span class=\"s3\">37:20 Pro\u010d \u010ce\u0161i Pol\u00e1ky pohrdaj\u00ed?<\/span><\/p>\n<p><span class=\"s3\">38:07 Ve skute\u010dnosti Polsko nen\u00ed proukrajinsk\u00e9, je to jen karta proti Rusku<\/span><\/p>\n<p><span class=\"s3\">40:36 Kyjevsk\u00fd re\u017eim je p\u0159\u00edm\u00fdm d\u011bdicem Banderovc\u016f<\/span><\/p>\n<p><span class=\"s3\">44:34&nbsp; USA kdykoli Polsko v jeho protirusk\u00e9 hysterii opust\u00ed<\/span><\/p>\n<p><span class=\"s3\">47:22 Bude Ladislav Jakl kandidovat na prezidenta?<\/span><\/p>\n<p><span class=\"s3\">51:16 Maj\u00ed Pol\u00e1ci ve sv\u011bt\u011b \u0161patnou pov\u011bst?<\/span><\/p>\n<p><span class=\"s3\">55:13 Pro\u010d se prezidentka \u010caputov\u00e1 vzp\u00edr\u00e1 jmenovat Ficovi ministra?<\/span><\/p>\n<p><span class=\"s3\">57:56 Udr\u017eovat a p\u011bstovat vztahy<\/span><\/p>\n<\/div>\n","protected":false},"excerpt":{"rendered":"<p>PROTIPROUD TV&nbsp;vys\u00edl\u00e1 rozhovor Petra H\u00e1jka s Ladislavem Jaklem (polovi\u010dn\u00edm Pol\u00e1kem) nejen o v\u00fdsledc\u00edch polsk\u00fdch voleb, ale p\u0159edev\u0161\u00edm o tom, jak podivn\u00e9 vztahy m\u00e1me k na\u0161emu severn\u00edmu sousedovi &#8211; a co to pro n\u00e1s m\u016f\u017ee v kontextu doby znamenat<\/p>\n","protected":false},"author":9,"featured_media":0,"comment_status":"open","ping_status":"open","sticky":false,"template":"","format":"standard","meta":{"ngg_post_thumbnail":0,"footnotes":""},"categories":[11,12],"tags":[],"class_list":["post-13755","post","type-post","status-publish","format-standard","hentry","category-ozvena","category-video"],"_links":{"self":[{"href":"https:\/\/www.ladislavjakl.cz\/index.php?rest_route=\/wp\/v2\/posts\/13755","targetHints":{"allow":["GET"]}}],"collection":[{"href":"https:\/\/www.ladislavjakl.cz\/index.php?rest_route=\/wp\/v2\/posts"}],"about":[{"href":"https:\/\/www.ladislavjakl.cz\/index.php?rest_route=\/wp\/v2\/types\/post"}],"author":[{"embeddable":true,"href":"https:\/\/www.ladislavjakl.cz\/index.php?rest_route=\/wp\/v2\/users\/9"}],"replies":[{"embeddable":true,"href":"https:\/\/www.ladislavjakl.cz\/index.php?rest_route=%2Fwp%2Fv2%2Fcomments&post=13755"}],"version-history":[{"count":3,"href":"https:\/\/www.ladislavjakl.cz\/index.php?rest_route=\/wp\/v2\/posts\/13755\/revisions"}],"predecessor-version":[{"id":13758,"href":"https:\/\/www.ladislavjakl.cz\/index.php?rest_route=\/wp\/v2\/posts\/13755\/revisions\/13758"}],"wp:attachment":[{"href":"https:\/\/www.ladislavjakl.cz\/index.php?rest_route=%2Fwp%2Fv2%2Fmedia&parent=13755"}],"wp:term":[{"taxonomy":"category","embeddable":true,"href":"https:\/\/www.ladislavjakl.cz\/index.php?rest_route=%2Fwp%2Fv2%2Fcategories&post=13755"},{"taxonomy":"post_tag","embeddable":true,"href":"https:\/\/www.ladislavjakl.cz\/index.php?rest_route=%2Fwp%2Fv2%2Ftags&post=13755"}],"curies":[{"name":"wp","href":"https:\/\/api.w.org\/{rel}","templated":true}]}}