{"id":1376,"date":"2011-11-18T14:47:16","date_gmt":"2011-11-18T13:47:16","guid":{"rendered":"http:\/\/www.ladislavjakl.cz\/?p=1376"},"modified":"2011-11-18T14:47:16","modified_gmt":"2011-11-18T13:47:16","slug":"plat-je-soukroma-vec-haji-jakl-proc-ten-svuj-nezverejni","status":"publish","type":"post","link":"https:\/\/www.ladislavjakl.cz\/?p=1376","title":{"rendered":"Plat je soukrom\u00e1 v\u011bc, h\u00e1j\u00ed Jakl, pro\u010d ten sv\u016fj nezve\u0159ejn\u00ed"},"content":{"rendered":"<p>\u00dadaje o v\u00fd\u0161i plat\u016f a  odm\u011bn jsou soukromou v\u011bc\u00ed ka\u017ed\u00e9ho z n\u00e1s. Roztrubovat to do pl\u00e9na k  ni\u010demu nen\u00ed, jen to jit\u0159\u00ed z\u00e1vist a frustraci. Proto ani prezident\u016fv  tajemn\u00edk Ladislav Jakl v\u00fd\u0161i sv\u00fdch p\u0159\u00edjm\u016f nehodl\u00e1 zve\u0159ej\u0148ovat.<\/p>\n<p><strong><!--more--><br \/>\n<\/strong><\/p>\n<p>Lidov\u00e9 noviny se Jakla dot\u00e1zaly na v\u00fd\u0161i jeho odm\u011bn v leto\u0161n\u00edm roce.  &#8222;Pen\u00edze na odm\u011bny jsou ka\u017ed\u00e9mu \u00fa\u0159adu p\u0159id\u011blov\u00e1ny a ty m\u00e9 by tud\u00ed\u017e mohly  b\u00fdt vy\u0161\u0161\u00ed ne\u017e u stovek \u0159editel\u016f odbor\u016f \u00fast\u0159edn\u00edch org\u00e1n\u016f st\u00e1tn\u00ed spr\u00e1vy  jen tehdy, kdyby vedouc\u00ed Kancel\u00e1\u0159e prezidenta republiky z ur\u010den\u00e9ho  bal\u00edku po cel\u00fd rok ned\u00e1val m\u00fdm koleg\u016fm nic a mn\u011b v\u0161e, co\u017e by ned\u00e1valo  smysl,&#8220; popsal \u00favahy, kter\u00e9 ho vedly k tomu, \u017ee o sv\u00fdch odm\u011bn\u00e1ch nakonec  necht\u011bl s den\u00edkem mluvit.<\/p>\n<p>LN pak reagovaly \u010dl\u00e1nkem, kter\u00fd m\u011bl podle Jakla ve\u0159ejnost proti  n\u011bmu\u00a0pobou\u0159it. Dostal i n\u011bkolik roz\u010dilen\u00fdch email\u016f od da\u0148ov\u00fdch  poplatn\u00edk\u016f, kte\u0159\u00ed p\u0159eci &#8222;maj\u00ed pr\u00e1vo v\u011bd\u011bt, kolik bere&#8220;. Odpov\u00eddal  n\u00e1sledovn\u011b: &#8222;Nejd\u0159\u00edv V\u00e1m mohu sd\u011blit, \u017ee jsem \u0159editelem odboru jednoho z  \u00fast\u0159edn\u00edch org\u00e1n\u016f st\u00e1tn\u00ed spr\u00e1vy. M\u00e1m tedy plat jako stovky jin\u00fdch  \u0159editel\u016f st\u00e1tn\u00ed spr\u00e1vy a odm\u011bny asi tak\u00e9 takov\u00e9, mo\u017en\u00e1 sp\u00ed\u0161e o n\u011bco  ni\u017e\u0161\u00ed, proto\u017ee Hrad ur\u010dit\u011b nedost\u00e1v\u00e1 v\u00edce ne\u017e nap\u0159\u00edklad ministerstva.\u00a0J\u00e1  jsem si tu v\u00fd\u0161i nevymyslel a nijak ji ovlivnit nemohu. Je stanovena  p\u0159\u00edslu\u0161n\u00fdmi p\u0159edpisy, p\u0159edev\u0161\u00edm vl\u00e1dn\u00edm na\u0159\u00edzen\u00edm o platov\u00fdch t\u0159\u00edd\u00e1ch.  Ty jsou ve\u0159ejn\u011b zn\u00e1m\u00e9.&#8220;<\/p>\n<p><strong>Ten u\u010ditel bere dvacku, d\u00e1me mu na budku<\/strong><\/p>\n<p>U\u010dinit je ov\u0161em p\u0159edm\u011btem medi\u00e1ln\u00ed honi\u010dky podle Jakla nen\u00ed spr\u00e1vn\u00e9.  V\u011bd\u011bt objem pen\u011bz, kter\u00e9 na ve\u0159ejn\u00e9 instituce jdou, samoz\u0159ejm\u011b m\u00e1 pr\u00e1vo  v\u011bd\u011bt ka\u017ed\u00fd. Kolik ale kdo bere konkr\u00e9tn\u011b, to je soukrom\u00e1 v\u011bc.<\/p>\n<p>&#8222;Lid\u00ed placen\u00fdch ze st\u00e1tn\u00edho rozpo\u010dtu jsou stovky tis\u00edc. Jsou to l\u00e9ka\u0159i,  u\u010ditel\u00e9, soudci, policist\u00e9, \u00fa\u0159edn\u00edci, voj\u00e1ci&#8230; Mysl\u00edte, \u017ee je spr\u00e1vn\u00e9,  aby ka\u017ed\u00fd m\u011bs\u00edc n\u011bkde na internetu vy\u0161el kompletn\u00ed seznam v\u0161ech odm\u011bn  v\u0161ech lid\u00ed placen\u00fdch ze st\u00e1tn\u00edho rozpo\u010dtu? Jsem si jist, \u017ee lid\u00e9, kte\u0159\u00ed  pracuj\u00ed ve st\u00e1tn\u00edm sektoru, nemohou po\u017e\u00edvat ni\u017e\u0161\u00ed ochrany sv\u00fdch dat ne\u017e  kdokoli jin\u00fd. Mysl\u00edm, \u017ee \u00fa\u0159edn\u00edk \u010di zdravotn\u00ed sestra nem\u00e1 m\u00edt ni\u017e\u0161\u00ed  ochranu ne\u017e \u0159idi\u010d n\u00e1kla\u010f\u00e1ku v soukrom\u00e9 firm\u011b. Informace o platu \u010di  odm\u011bn\u00e1ch tradi\u010dn\u011b pat\u0159\u00ed mezi osobn\u00ed data. M\u00e1 to sv\u00e9 dobr\u00e9 d\u016fvody. Ne\u017eij\u00ed  mezi n\u00e1mi jen lid\u00e9 dob\u0159\u00ed, ale tak\u00e9 z\u00e1vistivci, lid\u00e9 nen\u00e1vistn\u00ed,  n\u00e1siln\u00ed, zlod\u011bji \u010di intrik\u00e1ni. V jejich rukou se intimn\u00ed \u00fadaje mohou  st\u00e1t n\u00e1strojem \u0161patnosti proti druh\u00e9mu. Je na ka\u017ed\u00e9m, aby rozhodl, do  jak\u00e9 m\u00edry sv\u00e9 soukrom\u00ed otev\u0159e.&#8220;<\/p>\n<p>Spousta lid\u00ed m\u00e1 spoustu d\u016fvod\u016f, pro\u010d by nerada vid\u011bla, aby ostatn\u00ed  vid\u011bli v\u00fd\u0161i jejich platu. A medi\u00e1ln\u00ed honi\u010dka za v\u00fd\u0161\u00ed odm\u011bn stejn\u011b nevede  k v\u011bt\u0161\u00edmu \u0161et\u0159en\u00ed. &#8222;Rozd\u011bluje se p\u0159edem stanoven\u00e1 celkov\u00e1 \u010d\u00e1stka.  Ve\u0159ejnost nem\u00e1 \u0161anci posoudit, jestli fakt, \u017ee jeden \u00fa\u0159edn\u00edk dostal  tento m\u011bs\u00edc dvakr\u00e1t v\u00edc na odm\u011bn\u00e1ch ne\u017e druh\u00fd, je spravedliv\u00fd nebo je,&#8220;  psal Jakl. &#8222;Ta \u0161tvanice m\u00e1 jen p\u0159ikl\u00e1dat pod kotel frustrac\u00ed a  vz\u00e1jemn\u00fdch nen\u00e1vist\u00ed. Hele, tamhle ten vedle u stolu je u\u010ditel, tady m\u00e1m  jeho lo\u0148sk\u00e9 odm\u011bny. Jestli n\u00e1m ned\u00e1 na pivo, d\u00e1me mu na budku.&#8220;<\/p>\n<p><a href=\"http:\/\/www.parlamentnilisty.cz\/arena\/monitor\/213942.aspx\" target=\"_blank\">Zdroj<\/a><\/p>\n","protected":false},"excerpt":{"rendered":"<p>\u00dadaje o v\u00fd\u0161i plat\u016f a odm\u011bn jsou soukromou v\u011bc\u00ed ka\u017ed\u00e9ho z n\u00e1s. Roztrubovat to do pl\u00e9na k ni\u010demu nen\u00ed, jen to jit\u0159\u00ed z\u00e1vist a frustraci. Proto ani prezident\u016fv tajemn\u00edk Ladislav Jakl v\u00fd\u0161i sv\u00fdch p\u0159\u00edjm\u016f nehodl\u00e1 zve\u0159ej\u0148ovat.<\/p>\n","protected":false},"author":1,"featured_media":0,"comment_status":"open","ping_status":"open","sticky":false,"template":"","format":"standard","meta":{"ngg_post_thumbnail":0,"footnotes":""},"categories":[11],"tags":[],"class_list":["post-1376","post","type-post","status-publish","format-standard","hentry","category-ozvena"],"_links":{"self":[{"href":"https:\/\/www.ladislavjakl.cz\/index.php?rest_route=\/wp\/v2\/posts\/1376","targetHints":{"allow":["GET"]}}],"collection":[{"href":"https:\/\/www.ladislavjakl.cz\/index.php?rest_route=\/wp\/v2\/posts"}],"about":[{"href":"https:\/\/www.ladislavjakl.cz\/index.php?rest_route=\/wp\/v2\/types\/post"}],"author":[{"embeddable":true,"href":"https:\/\/www.ladislavjakl.cz\/index.php?rest_route=\/wp\/v2\/users\/1"}],"replies":[{"embeddable":true,"href":"https:\/\/www.ladislavjakl.cz\/index.php?rest_route=%2Fwp%2Fv2%2Fcomments&post=1376"}],"version-history":[{"count":1,"href":"https:\/\/www.ladislavjakl.cz\/index.php?rest_route=\/wp\/v2\/posts\/1376\/revisions"}],"predecessor-version":[{"id":1377,"href":"https:\/\/www.ladislavjakl.cz\/index.php?rest_route=\/wp\/v2\/posts\/1376\/revisions\/1377"}],"wp:attachment":[{"href":"https:\/\/www.ladislavjakl.cz\/index.php?rest_route=%2Fwp%2Fv2%2Fmedia&parent=1376"}],"wp:term":[{"taxonomy":"category","embeddable":true,"href":"https:\/\/www.ladislavjakl.cz\/index.php?rest_route=%2Fwp%2Fv2%2Fcategories&post=1376"},{"taxonomy":"post_tag","embeddable":true,"href":"https:\/\/www.ladislavjakl.cz\/index.php?rest_route=%2Fwp%2Fv2%2Ftags&post=1376"}],"curies":[{"name":"wp","href":"https:\/\/api.w.org\/{rel}","templated":true}]}}