{"id":13762,"date":"2023-10-25T18:05:46","date_gmt":"2023-10-25T16:05:46","guid":{"rendered":"https:\/\/www.ladislavjakl.cz\/?p=13762"},"modified":"2023-10-25T18:08:43","modified_gmt":"2023-10-25T16:08:43","slug":"dnesni-atmosfera-pripomina-predvecer-1-svetove-valky-jakl-uvedl-k-cemu-vedou-ztratova-spojenectvi","status":"publish","type":"post","link":"https:\/\/www.ladislavjakl.cz\/?p=13762","title":{"rendered":"Dne\u0161n\u00ed atmosf\u00e9ra p\u0159ipom\u00edn\u00e1 p\u0159edve\u010der 1. sv\u011btov\u00e9 v\u00e1lky. Jakl uvedl, k \u010demu vedou ztr\u00e1tov\u00e1 spojenectv\u00ed"},"content":{"rendered":"<div class=\"article__lead\">V sobotu dne 28. \u0159\u00edjna se bude slavit 105. v\u00fdro\u010d\u00ed obnoven\u00ed \u010desk\u00e9 st\u00e1tnosti a n\u00e1sledn\u00e9ho vzniku samostatn\u00e9ho \u010ceskoslovenska. K v\u00fdznamn\u00e9mu datu v souvislosti s aktu\u00e1ln\u00ed politickou situac\u00ed se pro ne\u010cT24 vyj\u00e1d\u0159il Ladislav Jakl, publicista a \u0159editel Centra spole\u010densk\u00fdch studi\u00ed Institutu V\u00e1clava Klause.<br \/>\n<!--more--><b><\/b><\/div>\n<div>&nbsp;<\/div>\n<div class=\"article__lead\">\n<p><b>Pane Jakle, \u010d\u00edm bude pro V\u00e1s leto\u0161n\u00ed v\u00fdro\u010d\u00ed p\u0159\u00edzna\u010dn\u00e9? Nakolik jsou \u010cesk\u00e1 republika a Slovensk\u00e1 republika \u00fasp\u011b\u0161n\u00e9 v bojov\u00e1n\u00ed o sv\u00e9 suver\u00e9nn\u00ed z\u00e1jmy v zahrani\u010dn\u00ed politice? <\/b><\/p>\n<p>Svou suverenitu ka\u017ed\u00fd den horliv\u011b odevzd\u00e1v\u00e1me ve prosp\u011bch ciz\u00edch z\u00e1jm\u016f ka\u017edou novou p\u0159ijatou unijn\u00ed implementac\u00ed. Mu\u017ei 28. \u0159\u00edjna by asi dne\u0161n\u00ed politickou reprezentaci nakopali do zadnice, proto\u017ee by se museli zhrozit nad t\u00edm, jak republiku, kterou oni vyrvali z rukou V\u00eddn\u011b, dne\u0161n\u00ed na\u0161i politici d\u00e1vaj\u00ed zdarma Bruselu a Berl\u00ednu.<\/p>\n<p><b>Premi\u00e9r Petr Fiala a \u0161\u00e9fov\u00e9 obou komor parlamentu se za\u010d\u00e1tkem t\u00fddne z\u00fa\u010dastnili summitu Krymsk\u00e1 platforma v Praze, kde vyslovili p\u0159ipravenost poskytovat Ukrajin\u011b pomoc v konfliktu s Ruskem tak dlouho, jak bude t\u0159eba. Jsou ob\u010dan\u00e9 p\u0159ipraveni sd\u00edlet z\u00e1m\u011br vl\u00e1dy se stejn\u00fdm odhodl\u00e1n\u00edm?<\/b><\/p>\n<p>Mn\u011b v t\u00e9to souvislosti zaj\u00edm\u00e1 jedin\u00e1 v\u011bc. Cht\u011bj\u00ed b\u00fdt dva miliony obyvatel Krymu \u201eosvobozeni\u201c od n\u011bjak\u00e9 Krymsk\u00e9 platformy? Kdy\u017e se p\u0159ed 32 lety rozpadal Sov\u011btsk\u00fd svaz, sta\u010dilo svazov\u00fdm republik\u00e1m na vyhl\u00e1\u0161en\u00ed samostatnosti usnesen\u00ed republikov\u00e9ho parlamentu. Jen na jednom m\u00edst\u011b prob\u011bhlo tehdy referendum: na Krymu. Tehdej\u0161\u00edmu osamostatn\u011bn\u00ed Krymu, kter\u00fd byl v pades\u00e1t\u00fdch letech k Ukrajin\u011b p\u0159i\u010dlen\u011bn osobn\u00edm rozmarem Ukrajince Chru\u0161\u010dova, v\u0161ak nov\u011b osamostatn\u011bn\u00e1 Ukrajina moc\u00ed zabr\u00e1nila. O osudu Krymu maj\u00ed rozhodnout jeho obyvatel\u00e9, ne n\u011bjak\u00e1 samozvan\u00e1 platforma ze zahrani\u010d\u00ed.<\/p>\n<p><b>Jak si p\u0159edstavujete v\u00fdvoj zem\u011b v nejbli\u017e\u0161\u00edch letech, kdy\u017e vezmeme v \u00favahu aktivn\u00ed realizaci evropsk\u00e9ho pl\u00e1nu cenzurov\u00e1n\u00ed m\u00e9di\u00ed a zelen\u00e9ho \u00fad\u011blu, pokra\u010duj\u00edc\u00ed konflikt na Ukrajin\u011b? M\u016f\u017eeme hovo\u0159it, \u017ee v\u0161echny vyjmenovan\u00e9 procesy znamenaj\u00ed postupn\u00e9 odm\u00edtnut\u00ed hodnot evropsk\u00e9 civilizace v podob\u011b svobody slova, pr\u016fmyslov\u00e9ho pokroku a diplomatick\u00e9ho um\u011bn\u00ed?<\/b><\/p>\n<p>Dne\u0161n\u00ed atmosf\u00e9ra nen\u00ed nepodobn\u00e1 t\u00e9 z p\u0159edve\u010dera prvn\u00ed sv\u011btov\u00e9 v\u00e1lky. Tehdy si tak\u00e9 nikdo neum\u011bl p\u0159edstavit, \u017ee tehdej\u0161\u00ed \u201e\u0161roubov\u00e1n\u00ed s\u00e1zek\u201c, nev\u00fdhodn\u00e1 spojenectv\u00ed a nemoudr\u00e1 sil\u00e1ck\u00e1 gesta povedou k tomu, \u017ee v ka\u017ed\u00e9 na\u0161\u00ed vesnici bude pomn\u00ed\u010dek se jm\u00e9ny des\u00edtek \u017eivitel\u016f m\u00edstn\u00edch \u010desk\u00fdch rodin.<\/p>\n<p><a href=\"https:\/\/42tcen.com\/entry\/dnesni-atmosfera-pripomina-predvecer-1-svetove-valky-jakl-uvedl-k-cemu-vedou-ztratova-spojenectvi\">Zdroj<\/a><\/p>\n<\/div>\n","protected":false},"excerpt":{"rendered":"<p>V sobotu dne 28. \u0159\u00edjna se bude slavit 105. v\u00fdro\u010d\u00ed obnoven\u00ed \u010desk\u00e9 st\u00e1tnosti a n\u00e1sledn\u00e9ho vzniku samostatn\u00e9ho \u010ceskoslovenska. K v\u00fdznamn\u00e9mu datu v souvislosti s aktu\u00e1ln\u00ed politickou situac\u00ed se pro ne\u010cT24 vyj\u00e1d\u0159il Ladislav Jakl, publicista a \u0159editel Centra spole\u010densk\u00fdch studi\u00ed Institutu V\u00e1clava Klause.<\/p>\n","protected":false},"author":9,"featured_media":0,"comment_status":"open","ping_status":"open","sticky":false,"template":"","format":"standard","meta":{"ngg_post_thumbnail":0,"footnotes":""},"categories":[13],"tags":[],"class_list":["post-13762","post","type-post","status-publish","format-standard","hentry","category-rozhovory"],"_links":{"self":[{"href":"https:\/\/www.ladislavjakl.cz\/index.php?rest_route=\/wp\/v2\/posts\/13762","targetHints":{"allow":["GET"]}}],"collection":[{"href":"https:\/\/www.ladislavjakl.cz\/index.php?rest_route=\/wp\/v2\/posts"}],"about":[{"href":"https:\/\/www.ladislavjakl.cz\/index.php?rest_route=\/wp\/v2\/types\/post"}],"author":[{"embeddable":true,"href":"https:\/\/www.ladislavjakl.cz\/index.php?rest_route=\/wp\/v2\/users\/9"}],"replies":[{"embeddable":true,"href":"https:\/\/www.ladislavjakl.cz\/index.php?rest_route=%2Fwp%2Fv2%2Fcomments&post=13762"}],"version-history":[{"count":4,"href":"https:\/\/www.ladislavjakl.cz\/index.php?rest_route=\/wp\/v2\/posts\/13762\/revisions"}],"predecessor-version":[{"id":13766,"href":"https:\/\/www.ladislavjakl.cz\/index.php?rest_route=\/wp\/v2\/posts\/13762\/revisions\/13766"}],"wp:attachment":[{"href":"https:\/\/www.ladislavjakl.cz\/index.php?rest_route=%2Fwp%2Fv2%2Fmedia&parent=13762"}],"wp:term":[{"taxonomy":"category","embeddable":true,"href":"https:\/\/www.ladislavjakl.cz\/index.php?rest_route=%2Fwp%2Fv2%2Fcategories&post=13762"},{"taxonomy":"post_tag","embeddable":true,"href":"https:\/\/www.ladislavjakl.cz\/index.php?rest_route=%2Fwp%2Fv2%2Ftags&post=13762"}],"curies":[{"name":"wp","href":"https:\/\/api.w.org\/{rel}","templated":true}]}}