{"id":13767,"date":"2023-10-26T10:00:45","date_gmt":"2023-10-26T08:00:45","guid":{"rendered":"https:\/\/www.ladislavjakl.cz\/?p=13767"},"modified":"2023-10-25T22:34:08","modified_gmt":"2023-10-25T20:34:08","slug":"kam-po-fialovi-doprava-nebo-doleva","status":"publish","type":"post","link":"https:\/\/www.ladislavjakl.cz\/?p=13767","title":{"rendered":"Kam po Fialovi: Doprava nebo doleva?"},"content":{"rendered":"<p>Podle mezin\u00e1rodn\u00edho pr\u016fzkumu, kter\u00fd pravideln\u011b kon\u00e1 spole\u010dnost Morning Consult, je dnes Petr Fiala nejm\u00e9n\u011b obl\u00edben\u00fdm premi\u00e9rem na sv\u011bt\u011b. Alespo\u0148 z&nbsp;t\u011bch mnoha des\u00edtek zem\u00ed, kde je tento pr\u016fzkum kon\u00e1n. D\u016fv\u011b\u0159uje mu jen 18 procent obyvatel, zat\u00edmco 78 mu nev\u011b\u0159\u00ed a za premi\u00e9ra ho nechce. Nav\u00edc se jeho obliba propad\u00e1 od lo\u0148sk\u00e9ho b\u0159ezna vlastn\u011b nep\u0159etr\u017eit\u011b.<\/p>\n<p><!--more--><\/p>\n<p>Jestli to p\u016fjde takhle d\u00e1l, dostane se jeho podpora do z\u00e1porn\u00fdch \u010d\u00edsel. No, to asi nejde, ale vyhl\u00eddky m\u00e1 p\u0159ed sebou n\u00e1\u0161 um\u011blohmotn\u00fd premi\u00e9r stra\u0161liv\u00e9. A ani on, ani jeho p\u0159\u00edznivci se nemohou konej\u0161it t\u00edm, \u017ee dna u\u017e bylo dosa\u017eeno, \u017ee lidem se za\u010dne tak n\u011bjak l\u00e9pe vysv\u011btlovat vl\u00e1dn\u00ed politika, ta pak tak\u00e9 nav\u00edc p\u0159inese viditeln\u00e9 zlep\u0161en\u00ed soci\u00e1ln\u00ed situace a z&nbsp;o\u0161kliv\u00e9ho fialov\u00e9ho k\u00e1\u010d\u00e1tka se stane kr\u00e1sn\u00e1 fialov\u00e1 labu\u0165.<\/p>\n<p>No, nestane. Proto\u017ee daleko sp\u00ed\u0161e p\u0159ijdou je\u0161t\u011b hor\u0161\u00ed \u010dasy. A to jak objektivn\u011b (dal\u0161\u00ed pokles re\u00e1ln\u00fdch p\u0159\u00edjm\u016f, dal\u0161\u00ed ekonomick\u00e1 stagnace, dal\u0161\u00ed vlna drahoty, dal\u0161\u00ed znehodnocov\u00e1n\u00ed \u00faspor), tak i ve vn\u00edm\u00e1n\u00ed lid\u00ed, v&nbsp;celkov\u00e9 spole\u010densk\u00e9 atmosf\u00e9\u0159e. Setrva\u010dnost negativn\u00edch trend\u016f, nastartovan\u00fdch v&nbsp;posledn\u00edch letech, bude obrovsk\u00e1. P\u0159ipravme se na to.<\/p>\n<p>Fialova vl\u00e1da se m\u016f\u017ee stokr\u00e1t vymlouvat na to, \u017ee to Putin a Babi\u0161 a v\u016fbec v\u0161echny ty objektivn\u00ed pot\u00ed\u017ee. No, pro\u010d bychom objektivn\u00ed pot\u00ed\u017ee m\u011bli m\u00edt nejhor\u0161\u00ed na sv\u011bt\u011b zrovna my a pro\u010d by zrovna u n\u00e1s m\u011bly b\u00fdt nejznateln\u011bj\u0161\u00ed pokra\u010duj\u00edc\u00ed negativn\u00ed trendy, to u\u017e nikdo z&nbsp;ministr\u016f a koali\u010dn\u00edch politik\u016f neokec\u00e1. B\u00fdt posledn\u00ed v&nbsp;oblib\u011b na sv\u011bt\u011b prost\u011b nutn\u00e9 nen\u00ed. Objektivn\u00ed pot\u00ed\u017ee m\u00e1 kdekdo.<\/p>\n<p><strong>Sc\u00e9n\u00e1\u0159 p\u00e1du vl\u00e1dy<\/strong><\/p>\n<p>Padne tedy vl\u00e1da, kdy\u017e u\u017e ji skoro nikdo nechce? No, to by musela padnout nejsp\u00ed\u0161 tak do konce jara, to by m\u011blo je\u0161t\u011b smysl vypisovat p\u0159ed\u010dasn\u00e9 volby. Kdy\u017e ale vl\u00e1da p\u0159e\u017eije p\u0159\u00ed\u0161t\u00ed jaro, n\u011bjak u\u017e to nejsp\u00ed\u0161 doklepe do \u0159\u00e1dn\u00fdch voleb, kter\u00e9 j\u00ed pak zasad\u00ed posledn\u00ed r\u00e1nu z&nbsp;milosti. Ale dobr\u00e1, m\u016f\u017ee tedy p\u0159eci jen padnout do t\u0159e\u0161n\u00ed? A jak by se to m\u011blo st\u00e1t?<\/p>\n<p>Vlastn\u011b p\u0159ich\u00e1z\u00ed v&nbsp;\u00favahu skoro jedin\u00fd sc\u00e9n\u00e1\u0159. Spole\u010densk\u00e9 klima a nevra\u017eivost v\u016f\u010di vl\u00e1d\u011b se zost\u0159\u00ed natolik, \u017ee jednomu z&nbsp;koali\u010dn\u00edch partner\u016f (krom\u011b Pir\u00e1t\u016f, ti nejsou ani do po\u010dtu) dojde, \u017ee nechce b\u00fdt spole\u010dn\u011b s&nbsp;Fialou chycen a ob\u011b\u0161en a \u017ee v\u00fdnosy z&nbsp;\u00fa\u010dinkov\u00e1n\u00ed ve vl\u00e1d\u011b u\u017e nevyv\u00e1\u017e\u00ed hroz\u00edc\u00ed politick\u00e9 n\u00e1klady. Tento partner (zat\u00edm to b\u00fdvali obvykle lidovci) se okat\u011b v&nbsp;jistou chv\u00edli od vl\u00e1dy distancuje, za\u0159ad\u00ed se mezi kritiky, a aby u\u017e nebyl s\u00e1m ter\u010dem, za\u010dne spolu s&nbsp;on\u011bmi kritiky prstem ukazovat na to, co v&nbsp;ten okam\u017eik z&nbsp;vl\u00e1dy zbyde.<\/p>\n<p>Opozice pos\u00edlen\u00e1 o tohoto odpadl\u00e9ho koali\u010dn\u00edho partnera vyvol\u00e1 v&nbsp;Poslaneck\u00e9 sn\u011bmovn\u011b hlasov\u00e1n\u00ed o ned\u016fv\u011b\u0159e v\u016f\u010di vl\u00e1d\u011b, ta bude nyn\u00ed snadno vyslovena, vl\u00e1da bude nucena podat demisi a nepokus\u00ed-li se prezident\u016fv t\u00fdm o n\u011bjak\u00e9 podivn\u00e9 \u010dachry, kter\u00e9 by se hlav\u011b st\u00e1tu zcela jist\u011b hodn\u011b vymstily, budou vyps\u00e1ny p\u0159ed\u010dasn\u00e9 volby. Do t\u00e9 doby povl\u00e1dne Fial\u016fv t\u00fdm v&nbsp;demisi nebo n\u011bkolikam\u011bs\u00ed\u010dn\u00ed \u00fa\u0159ednick\u00e1 vl\u00e1da. Pak p\u0159ijdou volby a v\u0161echno se zm\u011bn\u00ed.<\/p>\n<p><strong>Co se zm\u011bn\u00ed?<\/strong><\/p>\n<p>No ale co bude d\u00e1l? Vl\u00e1da bude smetena a p\u0159ijde nov\u00e1 garnitura. Nebo \u010d\u00e1ste\u010dn\u011b staronov\u00e1. Budou lidi najednou spokojeni? P\u0159estanou si st\u011b\u017eovat na pom\u011bry i na svou osobn\u00ed soci\u00e1ln\u00ed situaci? Objektivn\u00ed d\u016fvody pro to m\u00edt nebudou. Ekonomick\u00e1 a soci\u00e1ln\u00ed situace se setrva\u010dn\u011b bude ur\u010dit\u011b zhor\u0161ovat je\u0161t\u011b n\u011bkolik let, a\u0165 bude ve vl\u00e1d\u011b sed\u011bt kdokoli. Na n\u011bjakou \u0161t\u011bdrou soci\u00e1ln\u00ed politiku mohou lid\u00e9 tak\u00e9 zapomenout, t\u00e9 by se s&nbsp;jakoukoli zm\u011bnou ve Strakov\u011b akademii nedo\u010dkali. Nen\u00ed z&nbsp;\u010deho br\u00e1t, a tedy ani nen\u00ed z&nbsp;\u010deho rozd\u00e1vat.<\/p>\n<p>Ale ve\u0159ejn\u00e9 klima by se p\u0159eci jen zlep\u0161it mohlo. Rychle a v\u00fdrazn\u011b. Ono by k&nbsp;tomu sta\u010dilo p\u0159estat trapn\u011b lh\u00e1t, p\u0159estat okat\u011b po\u0161kozovat \u010desk\u00e9 n\u00e1rodn\u00ed z\u00e1jmy, zastavit hujersk\u00e9 a horliv\u00e9 p\u0159ij\u00edm\u00e1n\u00ed ka\u017ed\u00e9 nov\u00e9 hloup\u00e9 bruselsk\u00e9 regulace a p\u0159estat utr\u00e1cet za pitomosti, jako jsou americk\u00e9 st\u00edha\u010dky, ponorky, letadlov\u00e9 lod\u011b, UFO, sv\u011bteln\u00e9 me\u010de a coj\u00e1v\u00edm, za co to tahle vl\u00e1da vlastn\u011b tak stra\u0161n\u011b utr\u00e1c\u00ed.<\/p>\n<p>Tak\u00e9 by nov\u00e1 p\u0159\u00ed\u0161t\u00ed vl\u00e1da mohla skoncovat s&nbsp;bojem proti svobodn\u00e9 sout\u011b\u017ei my\u0161lenek, proti svobod\u011b projevu, proti otev\u0159en\u00e9 diskusi, proti odli\u0161n\u00fdm n\u00e1zor\u016fm. Mohla by p\u0159estat kriminalizovat sv\u00e9 kritiky a zametat pod koberec vlastn\u00ed skand\u00e1ly a pr\u016f\u0161vihy. To v\u0161e by jist\u011b vedlo ke zlep\u0161en\u00ed n\u00e1lady lid\u00ed. Ale jen do\u010dasn\u011b. D\u0159\u00edve nebo pozd\u011bji budou cht\u00edt lid\u00e9 i j\u00edst, topit, jezdit, obl\u00e9kat se, levn\u011b kupovat, levn\u011bji bydlet. Zkr\u00e1tka &#8211; prosperovat.<\/p>\n<p>To ale nelze za\u0159\u00eddit b\u011bhem p\u00e1r let ani s&nbsp;t\u00edm nejlep\u0161\u00edm receptem. A nav\u00edc \u2013 a to je (nebo m\u011blo by b\u00fdt) j\u00e1drem dne\u0161n\u00ed debaty \u2013 je tu n\u011bkdo s&nbsp;dobr\u00fdm alternativn\u00edm receptem, s&nbsp;antitez\u00ed v\u016f\u010di sebedestruk\u010dn\u00ed politice aktu\u00e1ln\u00ed \u010desk\u00e9 vl\u00e1dy? No, to\u0165 ot\u00e1zka, by\u0165 se na p\u00f3di\u00edch demonstrac\u00ed st\u0159\u00eddaj\u00ed r\u016fzn\u00ed odborn\u00edci s&nbsp;v\u0161elijak\u00fdmi doporu\u010den\u00edmi.<\/p>\n<p><strong>&nbsp;<\/strong><strong>Protest nen\u00ed program<\/strong><\/p>\n<p>Ano. Sta\u010d\u00ed si zaj\u00edt na jakoukoli protivl\u00e1dn\u00ed demonstraci i se za\u010d\u00edst do n\u011bjak\u00e9ho alternativn\u00edho m\u00e9dia (takov\u00e9ho, kter\u00e9mu prolhan\u00e1 vl\u00e1da \u0159\u00edk\u00e1 dezinforma\u010dn\u00ed), a hned \u010dlov\u011bk zjist\u00ed, \u017ee krom\u011b nespokojenosti s&nbsp;Fialou u\u017e toho jeho kritici moc spole\u010dn\u00e9ho nemaj\u00ed.&nbsp; Ba dokonce jejich recepty jsou \u010dasto i protich\u016fdn\u00e9.<\/p>\n<p>Dne\u0161n\u00ed protestn\u00ed a opozi\u010dn\u00ed s\u00edly spojuje krom\u011b odporu k&nbsp;vl\u00e1d\u011b snad jen odpor ke Green Dealu a proti nesmysln\u00e9 ukrajinsk\u00e9 politice vl\u00e1dy. Mo\u017en\u00e1 je\u0161t\u011b proti genderov\u00e9mu blbnut\u00ed. A hlavn\u011b (to v&nbsp;\u017e\u00e1dn\u00e9m p\u0159\u00edpad\u011b nen\u00ed m\u00e1lo) je spojuje n\u00e1zor, \u017ee je nutno pos\u00edlit na\u0161i suverenitu a \u017ee o sv\u00e9 zemi si m\u00e1me rozhodovat doma. Tedy j\u00edt p\u0159esn\u011b opa\u010dn\u00fdm sm\u011brem, ne\u017e kter\u00fdm uk\u00e1zal n\u00e1\u0161 (n\u00e1\u0161?) prezident, kdy\u017e navrhl, abychom se v&nbsp;org\u00e1nech EU nap\u0159\u00ed\u0161t\u011b dobrovoln\u011b vzdali pr\u00e1va veta.<\/p>\n<p><strong>V\u00edce, nebo je\u0161t\u011b v\u00edce socialimu?<\/strong><\/p>\n<p>No dobr\u00e1. N\u011bjak\u00fd pr\u016fnik postoj\u016f by v opozi\u010dn\u00ed komunit\u011b byl. Ale v&nbsp;ekonomick\u00e9 oblasti \u017e\u00e1dn\u00e1 velk\u00e1 shoda na t\u00e9to stran\u011b politick\u00e9 (ale i ob\u010dansk\u00e9) sc\u00e9ny nen\u00ed. A to se m\u016f\u017ee uk\u00e1zat jako velik\u00fd probl\u00e9m, a\u0165 u\u017e p\u0159\u00ed\u0161t\u00ed volby budou \u0159\u00e1dn\u00e9, nebo p\u0159ed\u010dasn\u00e9. Dob\u0159e kritiky vl\u00e1dy poslouchejme.<\/p>\n<p>Jedni vid\u00ed sp\u00e1su ve v\u011bt\u0161\u00ed kontrole, v&nbsp;p\u0159\u00edsn\u011bj\u0161\u00ed a d\u016fkladn\u011bj\u0161\u00ed regulaci (nap\u0159. cen), v&nbsp;lep\u0161\u00edm a spravedliv\u011bj\u0161\u00edm p\u0159erozd\u011blov\u00e1n\u00ed, v&nbsp;postihu obchodn\u00edk\u016f a \u0159et\u011bzc\u016f, v&nbsp;omezov\u00e1n\u00ed tr\u017en\u00edch svobod a dokonce ve zn\u00e1rod\u0148ov\u00e1n\u00ed, ve vyvlast\u0148ov\u00e1n\u00ed. Druz\u00ed naopak \u0159\u00edkaj\u00ed, \u017ee vysok\u00e1 m\u00edra regulace trhu a tak\u00e9 vysok\u00e9 zdan\u011bn\u00ed jsou pr\u00e1v\u011b onou pravou p\u0159\u00ed\u010dinou sou\u010dasn\u00e9 ekonomick\u00e9 deprese a \u017ee je t\u0159eba odstranit p\u0159ek\u00e1\u017eky v&nbsp;r\u016fstu bohatstv\u00ed a ne vid\u011bt nad\u011bji v&nbsp;jeho lep\u0161\u00ed distribuci.<\/p>\n<p>Tak\u017ee jedni kritizuj\u00ed vl\u00e1du za nedostatek socialismu, druz\u00ed za nadbytek socialismu. A \u010dasto to o sob\u011b navz\u00e1jem ani nev\u011bd\u00ed, proto\u017ee n\u00e1zory se jen paraleln\u011b deklaruj\u00ed, n\u00e1zory neproch\u00e1zej\u00ed ohn\u011bm polemik, proto\u017ee polemick\u00e9 st\u0159ety jsou pova\u017eov\u00e1ny v&nbsp;r\u00e1mci svat\u00e9ho boje proti vl\u00e1d\u011b za \u0161kodliv\u00e9. O osobn\u00edch sporech toho sly\u0161\u00edme mnoho, ale o meritorn\u00edch rozd\u00edlech v&nbsp;n\u00e1zorech skoro v\u016fbec. A p\u0159edstavitel\u00e9 alternativn\u00ed sc\u00e9ny maj\u00ed mnohdy n\u00e1zory navz\u00e1jem zcela nekompatibiln\u00ed.&nbsp; &nbsp;&nbsp;&nbsp;&nbsp;<\/p>\n<p>Tak jak by tedy mohli spole\u010dn\u011b vl\u00e1dnout? Ano, je mo\u017eno ud\u011blat mnoho pozitivn\u00edch krok\u016f, ani\u017e se s\u00e1hne na toto v\u011b\u010dn\u00e9 pravolev\u00e9 t\u00e9ma. Ale n\u00e1sledn\u011b u\u017e k&nbsp;z\u00e1sadn\u00edmu posunu nem\u016f\u017ee doj\u00edt, dokud nenastane vysok\u00e1 m\u00edra spole\u010densk\u00e9 a politick\u00e9 shody na tom, co je hlavn\u00edm ko\u0159enem sou\u010dasn\u00e9ho chudnut\u00ed, a shody na tom, kudy vede cesta z&nbsp;krize. Jestli prost\u0159ednictv\u00edm odhozen\u00ed b\u0159emen regulac\u00ed, nebo naopak pos\u00edlen\u00edm kontroln\u00ed a regula\u010dn\u00ed role st\u00e1tu a jeho instituc\u00ed.<\/p>\n<p><strong>Doprava, nebo doleva?<\/strong><\/p>\n<p>O t\u00e9to shod\u011b je nutno za\u010d\u00edt mluvit. Tedy vlastn\u011b \u00fapln\u011b nejd\u0159\u00edv o on\u00e9 v\u00fdchoz\u00ed neshod\u011b. Nechodit kolem n\u00ed jako kolem hork\u00e9 ka\u0161e. Protivl\u00e1dn\u00ed s\u00edly se nemusej\u00ed rozh\u00e1dat je\u0161t\u011b d\u0159\u00edv, ne\u017e vystup\u0148uj\u00ed tlak na vl\u00e1du. Ale u\u017e je na\u010dase mluvit o tom, kter\u00e9 recepty maj\u00ed \u0161anci st\u00e1t se hojivou n\u00e1plast\u00ed, a kter\u00e9 naopak budou sol\u00ed sypanou do otev\u0159en\u00e9 r\u00e1ny na\u0161\u00ed ekonomiky.<\/p>\n<p>A nejde jen o ekonomiku. Jde tak\u00e9 o pojet\u00ed role st\u00e1tu, o ch\u00e1p\u00e1n\u00ed, co je ve\u0159ejn\u00fdm statkem a co u\u017e nen\u00ed, o pojet\u00ed vztahu mezi instituc\u00ed a jednotlivcem, jde i o p\u0159\u00edstup k individu\u00e1ln\u00edm svobod\u00e1m, jde o principy soci\u00e1ln\u00ed politiky, o to, zda pot\u0159ebujeme pos\u00edlen\u00ed nebo naopak redukci agendy kolektivn\u00edho rozhodov\u00e1n\u00ed.<\/p>\n<p>Tato debata nesm\u00ed b\u00fdt nad\u00e1le tabu, a to ani mezi dosavadn\u00edmi spojenci. Ne, je\u0161t\u011b ani n\u00e1hodou nen\u00ed protivl\u00e1dn\u00ed masa u sc\u00e9n\u00e1\u0159e operace \u201ep\u0159evzet\u00ed moci\u201c. To zdaleka ne. Te\u010f by m\u011bla vstoupit z&nbsp;f\u00e1ze sebeidentifikace a koordinace akc\u00ed do f\u00e1ze mo\u017en\u00e1 i bolestn\u00e9, ale naprosto nutn\u00e9 debaty o tom, jestli cesta z&nbsp;ba\u017ein vede doprava nebo doleva.&nbsp; &nbsp;&nbsp;&nbsp;<\/p>\n<p>Ps\u00e1no pro \u0159\u00edjnov\u00fd m\u011bs\u00ed\u010dn\u00edk TO&nbsp;&nbsp;&nbsp;&nbsp; &nbsp;&nbsp;&nbsp;<\/p>\n","protected":false},"excerpt":{"rendered":"<p>Podle mezin\u00e1rodn\u00edho pr\u016fzkumu, kter\u00fd pravideln\u011b kon\u00e1 spole\u010dnost Morning Consult, je dnes Petr Fiala nejm\u00e9n\u011b obl\u00edben\u00fdm premi\u00e9rem na sv\u011bt\u011b. Alespo\u0148 z&nbsp;t\u011bch mnoha des\u00edtek zem\u00ed, kde je tento pr\u016fzkum kon\u00e1n. D\u016fv\u011b\u0159uje mu jen 18 procent obyvatel, zat\u00edmco 78 mu nev\u011b\u0159\u00ed a za premi\u00e9ra ho nechce. Nav\u00edc se jeho obliba propad\u00e1 od lo\u0148sk\u00e9ho b\u0159ezna vlastn\u011b nep\u0159etr\u017eit\u011b.<\/p>\n","protected":false},"author":9,"featured_media":0,"comment_status":"open","ping_status":"open","sticky":false,"template":"","format":"standard","meta":{"ngg_post_thumbnail":0,"footnotes":""},"categories":[1],"tags":[],"class_list":["post-13767","post","type-post","status-publish","format-standard","hentry","category-publikovane-clanky"],"_links":{"self":[{"href":"https:\/\/www.ladislavjakl.cz\/index.php?rest_route=\/wp\/v2\/posts\/13767","targetHints":{"allow":["GET"]}}],"collection":[{"href":"https:\/\/www.ladislavjakl.cz\/index.php?rest_route=\/wp\/v2\/posts"}],"about":[{"href":"https:\/\/www.ladislavjakl.cz\/index.php?rest_route=\/wp\/v2\/types\/post"}],"author":[{"embeddable":true,"href":"https:\/\/www.ladislavjakl.cz\/index.php?rest_route=\/wp\/v2\/users\/9"}],"replies":[{"embeddable":true,"href":"https:\/\/www.ladislavjakl.cz\/index.php?rest_route=%2Fwp%2Fv2%2Fcomments&post=13767"}],"version-history":[{"count":1,"href":"https:\/\/www.ladislavjakl.cz\/index.php?rest_route=\/wp\/v2\/posts\/13767\/revisions"}],"predecessor-version":[{"id":13768,"href":"https:\/\/www.ladislavjakl.cz\/index.php?rest_route=\/wp\/v2\/posts\/13767\/revisions\/13768"}],"wp:attachment":[{"href":"https:\/\/www.ladislavjakl.cz\/index.php?rest_route=%2Fwp%2Fv2%2Fmedia&parent=13767"}],"wp:term":[{"taxonomy":"category","embeddable":true,"href":"https:\/\/www.ladislavjakl.cz\/index.php?rest_route=%2Fwp%2Fv2%2Fcategories&post=13767"},{"taxonomy":"post_tag","embeddable":true,"href":"https:\/\/www.ladislavjakl.cz\/index.php?rest_route=%2Fwp%2Fv2%2Ftags&post=13767"}],"curies":[{"name":"wp","href":"https:\/\/api.w.org\/{rel}","templated":true}]}}