{"id":13773,"date":"2023-10-26T18:12:30","date_gmt":"2023-10-26T16:12:30","guid":{"rendered":"https:\/\/www.ladislavjakl.cz\/?p=13773"},"modified":"2023-10-26T18:15:51","modified_gmt":"2023-10-26T16:15:51","slug":"zvetime-se-k-obrane-veta-deti-po-nichz-je-veta","status":"publish","type":"post","link":"https:\/\/www.ladislavjakl.cz\/?p=13773","title":{"rendered":"Zvet\u00edme se k obran\u011b veta? D\u011bti, po nich\u017e je veta"},"content":{"rendered":"<p>Prezident republiky Petr Pavel se ned\u00e1vno nechal sly\u0161et, \u017ee pr\u00e1vo veta \u010dlensk\u00fdch zem\u00ed je brzdou pokroku Evropsk\u00e9 unie a \u017ee by se ho men\u0161\u00ed st\u00e1ty, jako jsme my, m\u011bly vzd\u00e1t. Pozd\u011bji trochu za\u0159adil zp\u00e1te\u010dku a vysv\u011btloval, \u017ee to nemyslel plo\u0161n\u011b, ale jen v&nbsp;oblastech vy\u017eaduj\u00edc\u00edch pru\u017enou spolupr\u00e1ci (asi cht\u011bl \u0159\u00edct direktivn\u011bj\u0161\u00ed veden\u00ed t\u011bch siln\u011bj\u0161\u00edch).<\/p>\n<p><!--more--><\/p>\n<p>T\u00e9m\u011b\u0159 v p\u0159edve\u010der dne, kdy vzpom\u00edn\u00e1me sto p\u00e1t\u00e9 v\u00fdro\u010d\u00ed obnoven\u00ed \u010desk\u00e9 n\u00e1rodn\u00ed suverenity, se kone\u010dn\u011b vyjasnilo, co m\u011bl Pavel na mysli. O zbytky suverenity, kterou u\u017e trochu anachronicky zrovna slav\u00edme, budeme p\u0159ipraveni velmi brzo. V\u00fdbor pro \u00fastavn\u00ed z\u00e1le\u017eitosti Evropsk\u00e9ho parlamentu tento t\u00fdden odhlasoval N\u011bmci a Francouzi p\u0159ipraven\u00fd dokument, kter\u00fd v\u00fdslovn\u011b navrhuje zru\u0161it \u010dlensk\u00fdm st\u00e1t\u016fm pr\u00e1vo veta v 65 oblastech unijn\u00edho pr\u00e1va. Ohledn\u011b nap\u0159\u00edklad obrany, zahrani\u010dn\u00ed politiky \u010di energetiky u\u017e by za ostatn\u00ed nap\u0159\u00ed\u0161t\u011b fakticky rozhodovalo N\u011bmecko za p\u0159izvukov\u00e1n\u00ed Francie.<\/p>\n<p>Podle informac\u00ed z&nbsp;m\u00e9di\u00ed se pr\u00fd v&nbsp;onom v\u00fdboru m\u011blo hlasovat u\u017e 12. \u0159\u00edjna, ale na&nbsp;\u017e\u00e1dost polsk\u00e9 &#8211; tehdy je\u0161t\u011b opozi\u010dn\u00ed &#8211; Ob\u010dansk\u00e9 platformy bylo odlo\u017eeno na&nbsp;25. \u0159\u00edjna, tedy a\u017e&nbsp;po&nbsp;volb\u00e1ch v&nbsp;Polsku. P\u0159esto se nejv\u011bt\u0161\u00ed odpor k&nbsp;t\u011bmto pl\u00e1n\u016fm oz\u00fdv\u00e1 pr\u00e1v\u011b z&nbsp;Polska, kde se objevily i hlasy pro vyps\u00e1n\u00ed referenda v&nbsp;t\u00e9to v\u011bci.<\/p>\n<p>Jak se k&nbsp;tomu postav\u00ed svou suverenitu pr\u00e1v\u011b slav\u00edc\u00ed \u010cesk\u00e1 republika? S&nbsp;prezidentem, kter\u00fd my\u0161lenku konce na\u0161\u00ed suverenity podpo\u0159il u\u017e rovnou dop\u0159edu? S&nbsp;premi\u00e9rem, kter\u00fd ve sv\u00e9 funkci znectil v\u0161e, co hl\u00e1sal za celou svou p\u0159edvl\u00e1dn\u00ed osobn\u00ed historii, kdy o unifikaci a centralizaci EU \u0159\u00edkal jen to nejhor\u0161\u00ed? Tihle lid\u00e9 \u017ee budou na\u0161i suverenitu h\u00e1jit? Ta je jim dobr\u00e1 jen jako p\u0159\u00edle\u017eitost nechat si zahr\u00e1t fanf\u00e1ry ve Vladislavsk\u00e9m s\u00e1le.<\/p>\n<p>Ale z&nbsp;jin\u00e9ho soudku prachu. Autobusov\u00e1 zast\u00e1vka. D\u011bti se chystaj\u00ed do \u0161koly. R\u00e1na. \u010cty\u0159i d\u011bti mrtv\u00e9, rozervan\u00e9 na kusy, dv\u011b d\u011bti zmrza\u010den\u00e9. Jedouc\u00ed narvan\u00fd autobus. Bum. Osm mrtv\u00fdch, z&nbsp;toho t\u0159i d\u011bti. H\u0159i\u0161t\u011b v&nbsp;parku. Pr\u00e1sk. Jedno d\u00edt\u011b zabit\u00e9, jedno t\u011b\u017ece zran\u011bn\u00e9. A dal\u0161\u00ed a dal\u0161\u00ed podobn\u00e9 p\u0159\u00edpady na denn\u00edm po\u0159\u00e1dku.<\/p>\n<p>Tak to hezky chodilo cel\u00fdch osm let. Ani\u017e by to n\u011bjak\u00e9 krasoduchy zaj\u00edmalo. Pro\u010d taky. Mate\u0159\u0161tinou on\u011bch d\u011bt\u00ed byla p\u0159ece ru\u0161tina. A st\u0159elci byli \u017eoldn\u00e9\u0159i ukrajinsk\u00fdch oligarch\u016f. Po dev\u00edti letech jsou ze stejn\u00fdch m\u00edst odv\u00e1\u017eeny d\u011bti pry\u010d. Z&nbsp;m\u00edst, kam denn\u011b padaj\u00ed bomby, minometn\u00e9 gran\u00e1ty, raketov\u00e9 st\u0159ely a dronov\u00e9 syst\u00e9my. Pr\u00fd aby ony d\u011bti byly n\u00e1siln\u011b poru\u0161t\u011bny. Jak lze rusifikovat Rusy, to nen\u00ed \u00fapln\u011b jasn\u00e9. Jak se li\u0161\u00ed deportace od evakuace, to asi tak\u00e9 ne. Je ale ur\u010dit\u011b dobr\u00e9, \u017ee se takov\u00e9 v\u011bci vy\u0161et\u0159uj\u00ed a pomalu objas\u0148uj\u00ed. Snad v&nbsp;n\u011bkter\u00fdch p\u0159\u00edpadech i objektivn\u011b a nez\u00e1visle.<\/p>\n<p>Ur\u010dit\u00ed lid\u00e9 ale \u017e\u00e1dn\u00e9 \u0161et\u0159en\u00ed nepot\u0159ebuj\u00ed. Pot\u0159ebuj\u00ed zaujmout rozhodn\u00fd a spravedliv\u011b nahn\u011bvan\u00fd postoj. Trochu poz\u00e9rsk\u00fd, trochu k\u00fd\u010dovit\u00fd, ale hlavn\u011b pokryteck\u00fd. Roztrhan\u00e1 t\u011bl\u00ed\u010dka je cel\u00e1 l\u00e9ta nezaj\u00edmala, te\u010f doj\u00edmaj\u00ed m\u00e9dia sv\u00fdm hran\u00fdm dojet\u00edm nad mo\u017en\u00e1 masov\u00fdmi \u00fanosy, mo\u017en\u00e1 bezpe\u010dnostn\u00edmi z\u00e1chrann\u00fdmi kroky. Zab\u00edjet d\u011bti v&nbsp;tom kraji lze, to nevad\u00ed, odv\u00e9zt je odtamtud n\u011bkam, kde se nest\u0159\u00edl\u00ed, to je pr\u00fd zlo\u010din.<\/p>\n<p>A kouzlem necht\u011bn\u00e9ho ve stejn\u00fdch dnech, kdy se \u010desk\u00fd Sen\u00e1t takto doj\u00edm\u00e1, zmizelo z&nbsp;\u010desk\u00e9 Wikipedie heslo Alej and\u011bl\u016f. Tak se jmenuj\u00ed pam\u00e1tn\u00ed\u010dky zabit\u00fdm d\u011btem v&nbsp;Don\u011bcku, Luhansku a dal\u0161\u00edch m\u011bstech Donbasu. Vymazat, je\u0161t\u011b by se v&nbsp;tom n\u011bkdo \u0161\u0165oural. Nen\u00ed p\u0159ece v\u016fbec jedno, jak\u00e9 d\u00edt\u011b a k\u00fdm je zab\u00edjeno. N\u011bkter\u00e1 zab\u00edjen\u00ed d\u011bt\u00ed jsou evidentn\u011b pouze vedlej\u0161\u00edm necht\u011bn\u00fdm projevem rozhodn\u00e9 a spravedliv\u00e9 bezpe\u010dnostn\u00ed a odvetn\u00e9 akce, jin\u00e9 zab\u00edjen\u00ed d\u011bt\u00ed je nechutn\u00fdm terorem a v\u00e1le\u010dn\u00fdm zlo\u010dinem. &nbsp;T\u00edm m\u016f\u017ee b\u00fdt i deportace-evakuace. Jen to \u010dlov\u011bku mus\u00ed spr\u00e1vn\u011b politicky myslet, aby v\u011bc nahl\u00e9dl ve spr\u00e1vn\u00e9m kontextu a ve spr\u00e1vn\u00fdch proporc\u00edch.<\/p>\n<p>Na\u0161t\u011bst\u00ed nejsme odk\u00e1z\u00e1ni jen na elektronick\u00e9 slovn\u00edky, \u0159\u00edzen\u00e9 pokrokovou ideologi\u00ed. A tak leckdo mohl vid\u011bt francouzsk\u00e9 \u010di italsk\u00e9 dokumenty o p\u0159\u00edb\u011bz\u00edch d\u011bt\u00ed, kter\u00fdm jsou Aleje and\u011bl\u016f v\u011bnov\u00e1ny.<\/p>\n<p>Zab\u00edjen\u00ed d\u011bt\u00ed je hnusn\u00e9 v\u017edy. A selektivn\u00ed posuzov\u00e1n\u00ed takov\u00e9ho zab\u00edjen\u00ed je hnusn\u00e9 tak\u00e9.<\/p>\n<p><em>Ladislav Jakl, 26. \u0159\u00edjna 2023<\/em><\/p>\n<p><a href=\"https:\/\/www.institutvk.cz\/clanky\/2509.html\">Zdroj<\/a><\/p>\n","protected":false},"excerpt":{"rendered":"<p>Prezident republiky Petr Pavel se ned\u00e1vno nechal sly\u0161et, \u017ee pr\u00e1vo veta \u010dlensk\u00fdch zem\u00ed je brzdou pokroku Evropsk\u00e9 unie a \u017ee by se ho men\u0161\u00ed st\u00e1ty, jako jsme my, m\u011bly vzd\u00e1t. Pozd\u011bji trochu za\u0159adil zp\u00e1te\u010dku a vysv\u011btloval, \u017ee to nemyslel plo\u0161n\u011b, ale jen v&nbsp;oblastech vy\u017eaduj\u00edc\u00edch pru\u017enou spolupr\u00e1ci (asi cht\u011bl \u0159\u00edct direktivn\u011bj\u0161\u00ed veden\u00ed t\u011bch siln\u011bj\u0161\u00edch).<\/p>\n","protected":false},"author":9,"featured_media":0,"comment_status":"open","ping_status":"open","sticky":false,"template":"","format":"standard","meta":{"ngg_post_thumbnail":0,"footnotes":""},"categories":[1],"tags":[],"class_list":["post-13773","post","type-post","status-publish","format-standard","hentry","category-publikovane-clanky"],"_links":{"self":[{"href":"https:\/\/www.ladislavjakl.cz\/index.php?rest_route=\/wp\/v2\/posts\/13773","targetHints":{"allow":["GET"]}}],"collection":[{"href":"https:\/\/www.ladislavjakl.cz\/index.php?rest_route=\/wp\/v2\/posts"}],"about":[{"href":"https:\/\/www.ladislavjakl.cz\/index.php?rest_route=\/wp\/v2\/types\/post"}],"author":[{"embeddable":true,"href":"https:\/\/www.ladislavjakl.cz\/index.php?rest_route=\/wp\/v2\/users\/9"}],"replies":[{"embeddable":true,"href":"https:\/\/www.ladislavjakl.cz\/index.php?rest_route=%2Fwp%2Fv2%2Fcomments&post=13773"}],"version-history":[{"count":2,"href":"https:\/\/www.ladislavjakl.cz\/index.php?rest_route=\/wp\/v2\/posts\/13773\/revisions"}],"predecessor-version":[{"id":13775,"href":"https:\/\/www.ladislavjakl.cz\/index.php?rest_route=\/wp\/v2\/posts\/13773\/revisions\/13775"}],"wp:attachment":[{"href":"https:\/\/www.ladislavjakl.cz\/index.php?rest_route=%2Fwp%2Fv2%2Fmedia&parent=13773"}],"wp:term":[{"taxonomy":"category","embeddable":true,"href":"https:\/\/www.ladislavjakl.cz\/index.php?rest_route=%2Fwp%2Fv2%2Fcategories&post=13773"},{"taxonomy":"post_tag","embeddable":true,"href":"https:\/\/www.ladislavjakl.cz\/index.php?rest_route=%2Fwp%2Fv2%2Ftags&post=13773"}],"curies":[{"name":"wp","href":"https:\/\/api.w.org\/{rel}","templated":true}]}}