{"id":13776,"date":"2023-10-26T19:08:52","date_gmt":"2023-10-26T17:08:52","guid":{"rendered":"https:\/\/www.ladislavjakl.cz\/?p=13776"},"modified":"2023-10-26T19:08:52","modified_gmt":"2023-10-26T17:08:52","slug":"tiskova-zprava-ze-17-zasedani-rady-konaneho-dne-24-10-2023","status":"publish","type":"post","link":"https:\/\/www.ladislavjakl.cz\/?p=13776","title":{"rendered":"Tiskov\u00e1 zpr\u00e1va ze 17. zased\u00e1n\u00ed Rady, konan\u00e9ho dne 24. 10. 2023"},"content":{"rendered":"<p>Rada pro rozhlasov\u00e9 a televizn\u00ed vys\u00edl\u00e1n\u00ed (d\u00e1le jen &#8222;Rada&#8220;) na sv\u00e9m 17. zased\u00e1n\u00ed<br \/>\nprojednala 35 bod\u016f programu. Vyhodnotila 17 st\u00ed\u017enost\u00ed div\u00e1k\u016f a poslucha\u010d\u016f, vydala t\u0159i upozorn\u011bn\u00ed<br \/>\nna poru\u0161en\u00ed z\u00e1kona.<\/p>\n<p><!--more--><br \/>\nRada ulo\u017eila spole\u010dnosti Emporia Style Kft., v likvidaci, I\u010cO: 01-09-170422, se s\u00eddlem 1012<br \/>\nBudape\u0161\u0165, M\u00e1rv\u00e1ny u. 17., respektive Budape\u0161\u0165, Zsolt ut. 6, B. fst. 3, 1016, Ma\u010farsko, DI\u010c:<br \/>\n12239856-2-41, jako\u017eto zpracovateli teleshoppingu, pokutu ve v\u00fd\u0161i 100 000,- K\u010d za poru\u0161en\u00ed<br \/>\nustanoven\u00ed \u00a7 2 odst. 1 p\u00edsm. b) z\u00e1kona \u010d. 40\/1995 Sb., a to zpracov\u00e1n\u00edm reklamy, respektive<br \/>\nteleshoppingu Klenot TV vys\u00edlan\u00e9ho dne 28. dubna 2019 od 11:21 hodin na programu KINO<br \/>\nBARRANDOV, kter\u00fd je nekalou obchodn\u00ed praktikou podle zvl\u00e1\u0161tn\u00edho p\u0159edpisu, tj. podle ustanoven\u00ed<br \/>\n\u00a7 4 odst. 3 z\u00e1kona \u010d. 634\/1992 Sb., o ochran\u011b spot\u0159ebitele, respektive p\u00edsm. p) P\u0159\u00edlohy 1 k tomuto<br \/>\nz\u00e1konu, nebo\u0165 moder\u00e1torka v teleshoppingu opakovan\u011b tvrdila, \u017ee nab\u00edzen\u00e9 v\u00fdrobky, kter\u00fdmi byly<br \/>\n\u0161perky se vsazen\u00fdmi kameny, respektive \u017ee tyto vsazen\u00e9 kameny mohou odstranit r\u016fzn\u00e9 zdravotn\u00ed<br \/>\npot\u00ed\u017ee, p\u0159i\u010dem\u017e nab\u00eddku konkr\u00e9tn\u00edch v\u00fdrobk\u016f podpo\u0159ila formulacemi: \u201esmaragd (&#8230;) l\u00e9\u010d\u00ed<br \/>\nsamoz\u0159ejm\u011b i t\u011blo i duch, ducha\u201c (\u010das 11:41:31-11:41:41 hodin); \u201eTurmal\u00edny jsou nejpozitivn\u011bj\u0161\u00edmi,<br \/>\nnejl\u00e9\u010div\u011bj\u0161\u00edmi kameny. (&#8230;) p\u016fsob\u00ed to, pros\u00edm v\u00e1s, na v\u0161echny snad org\u00e1ny.\u201c (\u010das 12:09:44-<br \/>\n12:10:05 hodin); \u201eAmetysty maj\u00ed velmi rychl\u00e9, siln\u00e9 \u00fa\u010dinky (&#8230;) je to k\u00e1men l\u00e9\u010div\u00fd\u201c (\u010das 12:15:24-<br \/>\n12:15:50 hodin); \u201eJe to dokonce p\u0159\u00edrodn\u00ed sedativum, pr\u00e1v\u011b ametyst\u00edk, a je to k\u00e1men, vlastn\u011b, kter\u00fd,<br \/>\nvlastn\u011b celkov\u011b, celkov\u011b vlastn\u011b pom\u00e1h\u00e1. M\u00e1 silnou l\u00e9\u010divou moc\u201c (\u010das 12:19:15-12:19:34 hodin);<br \/>\n\u201eTopaz je k\u00e1men (&#8230;) l\u00e9\u010den\u00ed.\u201c (\u010das 12:31:50-12:31:55 hodin). T\u011bmito tvrzen\u00edmi moder\u00e1torka<br \/>\nimplikovala, \u017ee kameny v nab\u00edzen\u00fdch \u0161perc\u00edch mohou r\u016fzn\u00e9 zdravotn\u00ed pot\u00ed\u017ee odstranit, resp.<br \/>\nvyl\u00e9\u010dit. Nebezpe\u010d\u00ed t\u011bchto tvrzen\u00ed lze spat\u0159ovat v tom, \u017ee p\u0159\u00edslu\u0161n\u00e9 zdravotn\u00ed probl\u00e9my mohou b\u00fdt<br \/>\nvyvol\u00e1ny z\u00e1va\u017en\u011bj\u0161\u00edmi onemocn\u011bn\u00edmi a signalizovat je, a div\u00e1k pod vlivem citovan\u00fdch tvrzen\u00ed m\u016f\u017ee<br \/>\nzanedbat \u0159\u00e1dnou p\u00e9\u010di o sv\u00e9 zdrav\u00ed. \u00dadajn\u00e9 l\u00e9\u010div\u00e9 \u00fa\u010dinky kamen\u016f ve \u0161perc\u00edch byly opakovan\u011b<br \/>\nzd\u016fraz\u0148ov\u00e1ny, resp. byly prezentov\u00e1ny jako v\u00fdznamn\u00fd d\u016fvod k n\u00e1kupu \u0161perku. Takov\u00fd postup<br \/>\nm\u016f\u017ee spot\u0159ebitele p\u0159im\u011bt u\u010dinit rozhodnut\u00ed (n\u00e1kup produktu), kter\u00e9 by za b\u011b\u017en\u00fdch okolnost\u00ed<br \/>\nneu\u010dinili. D\u016fsledkem takov\u00e9ho jedn\u00e1n\u00ed m\u016f\u017ee b\u00fdt ohro\u017een\u00ed zdrav\u00ed spot\u0159ebitel\u016f, kte\u0159\u00ed tak mohou<br \/>\nzanedbat \u0159\u00e1dnou p\u00e9\u010di o sv\u016fj zdravotn\u00ed stav.<br \/>\nRada na sv\u00e9m 17. zased\u00e1n\u00ed ud\u011blila dv\u011b licence k provozov\u00e1n\u00ed vys\u00edl\u00e1n\u00ed, a to jednu licenci<br \/>\nspole\u010dnosti Black Hornet Productions s.r.o. k provozov\u00e1n\u00ed zemsk\u00e9ho digit\u00e1ln\u00edho rozhlasov\u00e9ho<br \/>\nvys\u00edl\u00e1n\u00ed programu Black Hornet Radio a jednu licenci spole\u010dnosti TP Pohoda s.r.o. k provozov\u00e1n\u00ed<br \/>\nzemsk\u00e9ho digit\u00e1ln\u00edho televizn\u00edho vys\u00edl\u00e1n\u00ed programu Relax.Podrobn\u011bj\u0161\u00ed informace naleznete v<br \/>\np\u0159episech usnesen\u00ed Rady:<br \/>\nROZHLASOV\u00c9 VYS\u00cdL\u00c1N\u00cd<br \/>\n&#8211; Rada v souladu s ustanoven\u00edmi \u00a7 5 p\u00edsm. b), \u00a7 12 a \u00a7 25 z\u00e1kona \u010d. 231\/2001 Sb., o provozov\u00e1n\u00ed<br \/>\nrozhlasov\u00e9ho a televizn\u00edho vys\u00edl\u00e1n\u00ed a o zm\u011bn\u011b dal\u0161\u00edch z\u00e1kon\u016f, v platn\u00e9m zn\u011bn\u00ed (d\u00e1le jen \u201ez\u00e1kon<br \/>\n\u010d. 231\/2001 Sb.\u201c), a ustanoven\u00edm \u00a7 67 z\u00e1kona \u010d. 500\/2004 Sb., spr\u00e1vn\u00edho \u0159\u00e1du (d\u00e1le jen \u201ez\u00e1kon<br \/>\n\u010d. 500\/2004 Sb.\u201c), vyd\u00e1v\u00e1 toto rozhodnut\u00ed: Rada ud\u011bluje spole\u010dnosti Black Hornet Productions<br \/>\ns.r.o., I\u010c: 173 48 838, se s\u00eddlem Bohunick\u00e1 576\/52, PS\u010c 619 00 Brno -Horn\u00ed Her\u0161pice, licenci k<br \/>\nprovozov\u00e1n\u00ed zemsk\u00e9ho digit\u00e1ln\u00edho rozhlasov\u00e9ho vys\u00edl\u00e1n\u00ed programu Black Hornet Radio, \u0161\u00ed\u0159en\u00e9ho<br \/>\nprost\u0159ednictv\u00edm vys\u00edla\u010d\u016f. Licence se ud\u011bluje na dobu ur\u010ditou, a to na dobu 8 let od pr\u00e1vn\u00ed moci<br \/>\ntohoto rozhodnut\u00ed.Rada v r\u00e1mci sv\u00e9 kompetence dan\u00e9 ustanoven\u00edm \u00a7 5 p\u00edsm. b) a v souladu s \u00a7 21 odst. 1 p\u00edsm. b)<br \/>\na odst. 3 z\u00e1kona \u010d. 231\/2001 Sb. p\u0159ijala ve v\u011bci \u017e\u00e1dosti provozovatele RADIO UNITED<br \/>\nBROADCASTING s.r.o., I\u010c: 29131901, se s\u00eddlem Vinohradsk\u00e1 3217\/167, Praha 10, PS\u010c 100 00,<br \/>\no zm\u011bnu skute\u010dnost\u00ed uveden\u00fdch v \u017e\u00e1dosti o licenci k provozov\u00e1n\u00ed rozhlasov\u00e9ho vys\u00edl\u00e1n\u00ed programu<br \/>\nRADIO 1 (licence \u010d.j.: RRTV\/2019\/13\/zab), a to o zm\u011bn\u011b souboru technick\u00fdch parametr\u016f a<br \/>\n\u00fazemn\u00edho rozsahu vys\u00edl\u00e1n\u00ed spo\u010d\u00edvaj\u00edc\u00ed ve zm\u011bn\u011b stanovi\u0161t\u011b kmito\u010dtu \u010cesk\u00e9 Bud\u011bjovice 100,2 MHz<br \/>\n\/ 100 W, toto rozhodnut\u00ed: Rada ud\u011bluje provozovateli RADIO UNITED BROADCASTING s.r.o., I\u010c:<br \/>\n29131901, se s\u00eddlem Vinohradsk\u00e1 3217\/167, Praha 10, PS\u010c 100 00, souhlas se zm\u011bnou<br \/>\nskute\u010dnost\u00ed uveden\u00fdch v \u017e\u00e1dosti o licenci k provozov\u00e1n\u00ed rozhlasov\u00e9ho vys\u00edl\u00e1n\u00ed prost\u0159ednictv\u00edm<br \/>\nvys\u00edla\u010d\u016f, program RADIO 1 (licence \u010d.j.: RRTV\/2019\/13\/zab), a to se zm\u011bnou \u00fazemn\u00edho rozsahu<br \/>\nvys\u00edl\u00e1n\u00ed a souboru technick\u00fdch parametr\u016f spo\u010d\u00edvaj\u00edc\u00ed ve zm\u011bn\u011b stanovi\u0161t\u011b kmito\u010dtu \u010cesk\u00e9<br \/>\nBud\u011bjovice 100,2 MHz \/ 100 W na stanovi\u0161t\u011b \u010cesk\u00e9 Bud\u011bjovice hotel 100,2 MHz \/ 100 W,<br \/>\nsou\u0159adnice WGS 84: 14 28 21 \/ 48 58 54.<br \/>\n&#8211; Rada na z\u00e1klad\u011b ustanoven\u00ed \u00a7 5 odst. 1 p\u00edsm. b) a ustanoven\u00ed \u00a7 25 z\u00e1kona \u010d. 231\/2001 Sb.,<br \/>\no provozov\u00e1n\u00ed rozhlasov\u00e9ho a televizn\u00edho vys\u00edl\u00e1n\u00ed a o zm\u011bn\u011b dal\u0161\u00edch z\u00e1kon\u016f, v platn\u00e9m zn\u011bn\u00ed<br \/>\n(d\u00e1le jen \u201ez\u00e1kon \u010d. 231\/2001 Sb.\u201c) a podle ustanoven\u00ed \u00a7 66 odst. 1 p\u00edsm. a) a ustanoven\u00ed \u00a7 76<br \/>\nz\u00e1kona \u010d. 500\/2004 Sb., spr\u00e1vn\u00edho \u0159\u00e1du, v platn\u00e9m zn\u011bn\u00ed (d\u00e1le jen \u201ez\u00e1kon \u010d. 500\/2004 Sb.\u201c), vydala<br \/>\ntoto usnesen\u00ed: Spr\u00e1vn\u00ed \u0159\u00edzen\u00ed ve v\u011bci \u017e\u00e1dosti spole\u010dnosti Prime Studio s.r.o., I\u010c: 096 49 191, se<br \/>\ns\u00eddlem Kon\u011bvova 2660\/141, PS\u010c 130 00 Praha 3, o ud\u011blen\u00ed licence k provozov\u00e1n\u00ed zemsk\u00e9ho<br \/>\ndigit\u00e1ln\u00edho rozhlasov\u00e9ho vys\u00edl\u00e1n\u00ed programu Radio Context \u0161\u00ed\u0159en\u00e9ho prost\u0159ednictv\u00edm vys\u00edla\u010d\u016f se<br \/>\npodle \u00a7 66 odst. 1 p\u00edsm. a) z\u00e1kona \u010d. 500\/2004 Sb. zastavuje, nebo\u0165 \u017eadatel vzal \u017e\u00e1dost v pln\u00e9m<br \/>\nrozsahu zp\u011bt.<br \/>\n&#8211; Rada na z\u00e1klad\u011b ustanoven\u00ed \u00a7 5 odst. 1 p\u00edsm. b) a ustanoven\u00ed \u00a7 25 z\u00e1kona \u010d. 231\/2001 Sb.,<br \/>\no provozov\u00e1n\u00ed rozhlasov\u00e9ho a televizn\u00edho vys\u00edl\u00e1n\u00ed a o zm\u011bn\u011b dal\u0161\u00edch z\u00e1kon\u016f, v platn\u00e9m zn\u011bn\u00ed<br \/>\n(d\u00e1le jen \u201ez\u00e1kon \u010d. 231\/2001 Sb.\u201c) a podle ustanoven\u00ed \u00a7 66 odst. 1 p\u00edsm. a) a ustanoven\u00ed \u00a7 76<br \/>\nz\u00e1kona \u010d. 500\/2004 Sb., spr\u00e1vn\u00edho \u0159\u00e1du, v platn\u00e9m zn\u011bn\u00ed (d\u00e1le jen \u201ez\u00e1kon \u010d. 500\/2004 Sb.\u201c), vydala<br \/>\ntoto usnesen\u00ed: Spr\u00e1vn\u00ed \u0159\u00edzen\u00ed ve v\u011bci \u017e\u00e1dosti spole\u010dnosti Prime Studio s.r.o., I\u010c: 096 49 191, se<br \/>\ns\u00eddlem Kon\u011bvova 2660\/141, PS\u010c 130 00 Praha 3, o ud\u011blen\u00ed licence k provozov\u00e1n\u00ed zemsk\u00e9ho<br \/>\ndigit\u00e1ln\u00edho rozhlasov\u00e9ho vys\u00edl\u00e1n\u00ed programu Radio Flex \u0161\u00ed\u0159en\u00e9ho prost\u0159ednictv\u00edm vys\u00edla\u010d\u016f se podle<br \/>\n\u00a7 66 odst. 1 p\u00edsm. a) z\u00e1kona \u010d. 500\/2004 Sb. zastavuje, nebo\u0165 \u017eadatel vzal \u017e\u00e1dost v pln\u00e9m rozsahu<br \/>\nzp\u011bt.<br \/>\n&#8211; Rada se sezn\u00e1mila s anal\u00fdzami obchodn\u00edch sd\u011blen\u00ed odvys\u00edlan\u00fdch provozovateli RADIO UNITED<br \/>\nBROADCASTING, s.r.o. (program Radio Spin; Praha 96,2 MHz) dne 5. \u0159\u00edjna 2023, ULTRAVOX,<br \/>\ns.r.o. (program Radio COLOR; Praha 90,7 MHz) dne 5. \u0159\u00edjna 2023, LONDA spol. s r. o. (program<br \/>\nRadio Impuls; Praha 96,6 MHz) dne 5. \u0159\u00edjna 2023, RadioZET s.r.o. (program Radio Prostor; Praha<br \/>\n101,1 MHz) dne 5. \u0159\u00edjna 2023.<br \/>\n&#8211; Rada se sezn\u00e1mila s ozn\u00e1men\u00edm provozovatele RADIO PROGLAS s.r.o., I\u010c: 49435001, se<br \/>\ns\u00eddlem Olomouck\u00e1 3419\/7, \u017didenice, 618 00 Brno, doru\u010den\u00fdm dne 4. 9. 2023 pod \u010d.j.<br \/>\nRRTV\/10468\/2023-vra, spo\u010d\u00edvaj\u00edc\u00edm v informaci o v\u00fdluce vys\u00edl\u00e1n\u00ed programu Radio Proglas za<br \/>\nm\u011bs\u00edc z\u00e1\u0159\u00ed 2023. Rada se sezn\u00e1mila s ozn\u00e1men\u00edm provozovatele RADIO ENERGIC s.r.o., I\u010c:<br \/>\n18016987, Nerudova 566\/9, Mlad\u00e1 Boleslav, PS\u010c 29301, doru\u010den\u00fdm dne 25.09.2023 pod \u010d.j.<br \/>\nRRTV\/11090\/2023-vra, kter\u00fd na z\u00e1klad\u011b ud\u011blen\u00e9 licence k provozov\u00e1n\u00ed zemsk\u00e9ho digit\u00e1ln\u00edho<br \/>\nrozhlasov\u00e9ho vys\u00edl\u00e1n\u00ed zah\u00e1jil dne 25.09.2023 vys\u00edl\u00e1n\u00ed programu R\u00e1dio Energic.<br \/>\n&#8211; Rada se sezn\u00e1mila se st\u00ed\u017enost\u00ed (\u010d. j. RRTV\/10558\/2023-vra) na rozhovor, kter\u00fd byl na<br \/>\nprogramech \u010cRo Radio\u017eurn\u00e1l a \u010cRo Plus odvys\u00edl\u00e1n dne 6. z\u00e1\u0159\u00ed 2023 v p\u0159\u00edsp\u011bvku od 18:10:30 do<br \/>\n18:20:45 hodin. Rada se sezn\u00e1mila se st\u00ed\u017enost\u00ed (\u010d. j. RRTV\/10989\/2023-vra) t\u00fdkaj\u00edc\u00ed se v\u00fdb\u011bru<br \/>\nhost\u016f do po\u0159ad\u016f programu \u010cRo Vltava.<br \/>\n&#8211; Rada v r\u00e1mci sv\u00e9 p\u016fsobnosti dan\u00e9 ustanoven\u00edm \u00a7 5 odst. 1 p\u00edsm. a) z\u00e1kona \u010d. 231\/2001 Sb.,<br \/>\no provozov\u00e1n\u00ed rozhlasov\u00e9ho a televizn\u00edho vys\u00edl\u00e1n\u00ed a o zm\u011bn\u011b dal\u0161\u00edch z\u00e1kon\u016f<\/p>\n<p>(d\u00e1le jen \u201ez\u00e1kon \u010d. 231\/2001 Sb.\u201c), a na z\u00e1klad\u011b ustanoven\u00ed \u00a7 137 odst. 1 z\u00e1kona \u010d. 500\/2004 Sb., spr\u00e1vn\u00ed \u0159\u00e1d,<br \/>\n\u017e\u00e1d\u00e1 provozovatele \u010cesk\u00fd rozhlas, I\u010c 45245053, se s\u00eddlem Vinohradsk\u00e1 12, PS\u010c 120 99 Praha 2,<br \/>\no pod\u00e1n\u00ed vysv\u011btlen\u00ed t\u00fdkaj\u00edc\u00ed se rozhovoru, kter\u00fd byl na programech \u010cRo Radio\u017eurn\u00e1l a \u010cRo Plus<br \/>\nodvys\u00edl\u00e1n dne 6. z\u00e1\u0159\u00ed 2023 v p\u0159\u00edsp\u011bvku od 18:10:30 do 18:20:45 hodin, a to, pro\u010d moder\u00e1tor<br \/>\np\u0159istupoval k jednomu z host\u016f kriti\u010dt\u011bji a konfronta\u010dn\u011bji ne\u017e ke druh\u00e9mu, v \u010deho\u017e d\u016fsledku mohl<br \/>\nrozhovor p\u016fsobit nevyv\u00e1\u017een\u011b. Rada stanovuje lh\u016ftu k pod\u00e1n\u00ed vysv\u011btlen\u00ed 30 dn\u00ed ode dne doru\u010den\u00ed<br \/>\nt\u00e9to v\u00fdzvy.<br \/>\nTELEVIZN\u00cd VYS\u00cdL\u00c1N\u00cd<br \/>\n&#8211; Rada ud\u011bluje spole\u010dnosti TP Pohoda s.r.o., I\u010c: 268 52 683, se s\u00eddlem Stavebn\u00ed 992\/1, Poruba,<br \/>\n708 00 Ostrava, dle ustanoven\u00ed \u00a7 25 z\u00e1kona \u010d. 231\/2001 Sb. licenci k provozov\u00e1n\u00ed celoplo\u0161n\u00e9ho<br \/>\nzemsk\u00e9ho digit\u00e1ln\u00edho televizn\u00edho vys\u00edl\u00e1n\u00ed \u0161\u00ed\u0159en\u00e9ho prost\u0159ednictv\u00edm vys\u00edla\u010d\u016f na 12 let; n\u00e1zev<br \/>\n(ozna\u010den\u00ed) programu: Relax; z\u00e1kladn\u00ed programov\u00e1 specifikace: Tematick\u00fd program zam\u011b\u0159en\u00fd na<br \/>\ndramatickou tvorbu, zejm\u00e9na mimoevropsk\u00e9 provenience; \u00fazemn\u00ed rozsah vys\u00edl\u00e1n\u00ed: \u010cesk\u00e1<br \/>\nrepublika; hlavn\u00ed jazyk vys\u00edl\u00e1n\u00ed: \u010de\u0161tina; \u010dasov\u00fd rozsah vys\u00edl\u00e1n\u00ed: Minim\u00e1ln\u011b 16 hodin denn\u011b; dle<br \/>\n\u017e\u00e1dosti, ze dne 11. \u0159\u00edjna 2023, \u010d.j.: RRTV\/11745\/2023-vra.<br \/>\n&#8211; Rada konstatuje, \u017ee dne 11. z\u00e1\u0159\u00ed 2023 zanikla dle \u00a7 24 p\u00edsm. b) z\u00e1kona \u010d. 231\/2001 Sb., dnem<br \/>\nz\u00e1niku pr\u00e1vnick\u00e9 osoby AIDEM &amp; Vy\u0161\u0161\u00ed odborn\u00e1 \u0161kola televizn\u00ed Brno a.s. v likvidaci, I\u010c 276 95 964,<br \/>\nse s\u00eddlem V\u00edde\u0148sk\u00e1 51\/122, P\u0159\u00edz\u0159enice, 619 00 Brno, kter\u00e9 byla licence ud\u011blena, platnost licence<br \/>\n\u010d.j.: FIA\/3743\/2014, spis. zn.: 2014\/379\/FIA\/AID, ze dne 21.10.2014, k provozov\u00e1n\u00ed televizn\u00edho<br \/>\nvys\u00edl\u00e1n\u00ed programu Brno TV \u0161\u00ed\u0159en\u00e9ho prost\u0159ednictv\u00edm vys\u00edla\u010d\u016f.<br \/>\n&#8211; Rada odn\u00edm\u00e1 provozovateli DBM Media Group s.r.o., I\u010c: 14199815, se s\u00eddlem Rybn\u00e1 716\/21,<br \/>\n110 00 Praha 10, licenci \u010d.j. RRTV\/6700\/2022-zem, sp. zn. RRTV\/2022\/425\/zem ze dne 7. \u010dervna<br \/>\n2022 k provozov\u00e1n\u00ed televizn\u00edho programu Oki-TV, \u0161\u00ed\u0159en\u00e9ho prost\u0159ednictv\u00edm zvl\u00e1\u0161tn\u00edch<br \/>\np\u0159enosov\u00fdch syst\u00e9m\u016f dle \u00a7 63 odst. 2 p\u00edsm. a) z\u00e1kona \u010d. 231\/2001 Sb., nebo\u0165 ve lh\u016ft\u011b nejd\u00e9le do<br \/>\n360 dn\u016f od nabyt\u00ed pr\u00e1vn\u00ed moci rozhodnut\u00ed o ud\u011blen\u00ed licence nezah\u00e1jil vys\u00edl\u00e1n\u00ed.<br \/>\n&#8211; Rada ukl\u00e1d\u00e1 \u00fa\u010dastn\u00edkovi \u0159\u00edzen\u00ed, provozovateli DBM Media Group s.r.o., I\u010c: 14199815, se s\u00eddlem<br \/>\nRybn\u00e1 716\/21, 110 00 Praha 10, podle ustanoven\u00ed \u00a7 79 odst. 5 z\u00e1kona \u010d. 500\/2004 Sb., povinnost<br \/>\nuhradit n\u00e1hradu n\u00e1klad\u016f \u0159\u00edzen\u00ed, kter\u00e9 vyvolal \u00fa\u010dastn\u00edk poru\u0161en\u00edm sv\u00e9 pr\u00e1vn\u00ed povinnosti, a to<br \/>\npau\u0161\u00e1ln\u00ed \u010d\u00e1stkou, kter\u00e1 podle ustanoven\u00ed \u00a7 6 odst. 1 vyhl\u00e1\u0161ky \u010d. 520\/2005 Sb., \u010din\u00ed 1 000,- K\u010d.<br \/>\nTuto \u010d\u00e1stku je \u00fa\u010dastn\u00edk povinen uhradit do p\u011bti pracovn\u00edch dn\u016f od doru\u010den\u00ed tohoto rozhodnut\u00ed na<br \/>\n\u00fa\u010det \u010d. 3711-19223001\/0710, variabiln\u00ed symbol 2023655.<br \/>\n&#8211; Rada bere na v\u011bdom\u00ed, \u017ee provozovateli TV Beskyd s. r. o., I\u010c: 258 44 334, se s\u00eddlem 1. m\u00e1je<br \/>\n1 000, Ro\u017enov pod Radho\u0161t\u011bm, 756 61, zanikla dne 2. \u0159\u00edjna 2023, dle \u00a7 24, p\u00edsm. f) z\u00e1kona<br \/>\n\u010d. 231\/2001 Sb., licence k provozov\u00e1n\u00ed televizn\u00edho vys\u00edl\u00e1n\u00ed programu Televize Beskyd, \u0161\u00ed\u0159en\u00e9ho<br \/>\nprost\u0159ednictv\u00edm kabelov\u00fdch syst\u00e9m\u016f, ud\u011blen\u00e1 rozhodnut\u00edm, sp. zn. 2011\/855\/FIA\/Tv, \u010dj.<br \/>\nFIA\/3467\/2011 ze dne 1. listopadu 2011, dle ozn\u00e1men\u00ed ze dne 2. \u0159\u00edjna 2023, \u010dj. RRTV\/11778\/2023-<br \/>\nzil. O t\u00e9to skute\u010dnosti Rada dle \u00a7 154 a n\u00e1sl., z\u00e1kona \u010d. 500\/2004 Sb., vyd\u00e1v\u00e1 osv\u011bd\u010den\u00ed.<br \/>\n&#8211; Rada konstatuje, \u017ee ke dni 31. prosince 2022 zanikla provozovateli p\u0159evzat\u00e9ho vys\u00edl\u00e1n\u00ed Planet A,<br \/>\na.s., I\u010c: 00537012, se s\u00eddlem: Tom\u00ed\u010dkova 2144\/1, Chodov, 148 00,<br \/>\nPraha 4, registrace sp. zn. 2007\/917\/cun\/Pla, \u010d.j. cun\/2013\/2008, ze dne 19. b\u0159ezna 2008, 148 00,<br \/>\nk provozov\u00e1n\u00ed p\u0159evzat\u00e9ho vys\u00edl\u00e1n\u00ed, \u0161\u00ed\u0159en\u00e9ho prost\u0159ednictv\u00edm kabelov\u00fdch syst\u00e9m\u016f,<br \/>\na to v d\u016fsledku z\u00e1niku pr\u00e1vnick\u00e9 osoby Planet A, a.s., I\u010c: 00537012, dle \u00a7 30 odst. 1 p\u00edsm. a)<br \/>\nz\u00e1kona \u010d. 231\/2001 Sb.<br \/>\n&#8211; Rada, dle ustanoven\u00ed \u00a7 29 odst. 3 z\u00e1kona \u010d. 231\/2001 Sb., se sezn\u00e1mila s ozn\u00e1men\u00edm<br \/>\nprovozovatele p\u0159evzat\u00e9ho vys\u00edl\u00e1n\u00ed \u0161\u00ed\u0159en\u00e9ho prost\u0159ednictv\u00edm kabelov\u00fdch syst\u00e9m\u016f, Vodafone Czech<br \/>\nRepublic a.s., I\u010c: 25788001, se s\u00eddlem: n\u00e1m\u011bst\u00ed Junkov\u00fdch 2802\/2, Stod\u016flky, 155 00 Praha 5,<br \/>\no zm\u011bn\u011b ostatn\u00edch skute\u010dnost\u00ed uveden\u00fdch v p\u0159ihl\u00e1\u0161ce k registraci sp. zn. RRTV\/2019\/395\/smu,<\/p>\n<p>\u010d.j. RRTV\/8190\/2019-smu ze dne 16. kv\u011btna 2019, spo\u010d\u00edvaj\u00edc\u00edm v a) v roz\u0161\u00ed\u0159en\u00ed programov\u00e9 nab\u00eddky<br \/>\no \u010desk\u00fd televizn\u00ed program TV Paprika HD, b) v ukon\u010den\u00ed vys\u00edl\u00e1n\u00ed rozhlasov\u00fdch program\u016f Oldies<br \/>\nRadio a R\u00e1dio HELAX; d\u00e1le v rozsahu dal\u0161\u00edch informac\u00ed, uveden\u00fdch v pod\u00e1n\u00ed \u010d.j.<br \/>\nRRTV\/11286\/2023-vra doru\u010den\u00e9m dne 4. \u0159\u00edjna 2023.<br \/>\n&#8211; Rada, dle ustanoven\u00ed \u00a7 29 odst. 3 z\u00e1kona \u010d. 231\/2001 Sb., se sezn\u00e1mila s ozn\u00e1men\u00edm<br \/>\nprovozovatele p\u0159evzat\u00e9ho vys\u00edl\u00e1n\u00ed \u0161\u00ed\u0159en\u00e9ho prost\u0159ednictv\u00edm zvl\u00e1\u0161tn\u00edch p\u0159enosov\u00fdch syst\u00e9m\u016f,<br \/>\nVodafone Czech Republic a.s., I\u010c: 25788001, se s\u00eddlem: n\u00e1m\u011bst\u00ed Junkov\u00fdch 2802\/2, Stod\u016flky,<br \/>\n155 00 Praha 5, o zm\u011bn\u011b ostatn\u00edch skute\u010dnost\u00ed uveden\u00fdch v p\u0159ihl\u00e1\u0161ce k registraci sp. zn.<br \/>\nRRTV\/2019\/419\/smu, \u010d.j. RRTV\/8188\/2019-smu ze dne 31. kv\u011btna 2019, spo\u010d\u00edvaj\u00edc\u00edm v roz\u0161\u00ed\u0159en\u00ed<br \/>\nprogramov\u00e9 nab\u00eddky o \u010desk\u00fd televizn\u00ed program Spektrum Home (HD); d\u00e1le v rozsahu dal\u0161\u00edch<br \/>\ninformac\u00ed, uveden\u00fdch v pod\u00e1n\u00ed \u010d.j. RRTV\/11286\/2023-vra doru\u010den\u00e9m dne 4. \u0159\u00edjna 2023.<br \/>\n&#8211; Rada se sezn\u00e1mila s ozn\u00e1men\u00edm provozovatele TV Beskyd s.r.o., I\u010c: 25844334, doru\u010den\u00fdm<br \/>\nRad\u011b dne 2. \u0159\u00edjna 2023 pod \u010d.j. RRTV\/11192\/2023-vra, spo\u010d\u00edvaj\u00edc\u00edm v zah\u00e1jen\u00ed vys\u00edl\u00e1n\u00ed programu<br \/>\nTelevize Beskyd, sp. zn. RRTV\/2023\/633\/zil, \u010d.j. RRTV\/9738\/2023-zil, a to ke dni 2. \u0159\u00edjna 2023.<br \/>\n&#8211; Rada se sezn\u00e1mila s ozn\u00e1men\u00edm provozovatele TV Beskyd s.r.o., I\u010c: 25844334, doru\u010den\u00fdm<br \/>\nRad\u011b dne 2. \u0159\u00edjna 2023 pod \u010d.j. RRTV\/11192\/2023-vra, spo\u010d\u00edvaj\u00edc\u00edm v ukon\u010den\u00ed vys\u00edl\u00e1n\u00ed programu<br \/>\nTelevize Beskyd, sp. zn. 2011\/855\/FIA\/Tv, \u010d.j. FIA\/3467\/2011, a to ke dni 2. \u0159\u00edjna 2023.<br \/>\n&#8211; Rada se sezn\u00e1mila s ozn\u00e1men\u00edm provozovatele KVIFF.TV a.s., I\u010c: 10780777, doru\u010den\u00fdm Rad\u011b<br \/>\ndne 11. \u0159\u00edjna 2023 pod \u010d.j. RRTV\/11744\/2023-vra, spo\u010d\u00edvaj\u00edc\u00edm v reakci na upozorn\u011bn\u00ed na poru\u0161en\u00ed<br \/>\nz\u00e1kona.<br \/>\n&#8211; Rada se sezn\u00e1mila s n\u00e1sleduj\u00edc\u00edmi pod\u00e1n\u00edmi k obsahu televizn\u00edch program\u016f doru\u010den\u00fdmi od<br \/>\n29. z\u00e1\u0159\u00ed do 12. \u0159\u00edjna 2023: FTV Prima, spol. s r.o. \/ Prima &#8211; Nov\u00fd den, 25. 9. 2023 od 07:00 hod.;<br \/>\nTV Nova s r.o. \/ NOVA &#8211; Televizn\u00ed noviny &#8211; V\u00e1lka mezi Izraelem a palestinsk\u00fdm Hamasem, 8. 10.<br \/>\n2023 od 19:30 hod.; Barrandov Televizn\u00ed Studio a.s. \/ Televize Barrandov &#8211; PP v po\u0159adu Skand\u00e1ly<br \/>\nslavn\u00fdch, 1. 10. 2023 od 21.27 hod.; \u010cESK\u00c1 TELEVIZE \/ \u010cT1 &#8211; Report\u00e9\u0159i \u010cT, Po \u0161icht\u011b, 11. 9.<br \/>\n2023 od 21:15 hod.; \u010cESK\u00c1 TELEVIZE \/ \u010cT1 &#8211; Report\u00e9\u0159i \u010cT, Upe\u010deno, dope\u010deno, 11. 9. 2023 od<br \/>\n21:15 hod.; \u010cESK\u00c1 TELEVIZE \/ \u010cT1, \u010cT24 &#8211; informov\u00e1n\u00ed o demonstraci \u010cesko proti vl\u00e1d\u011b, 16. 9.<br \/>\n2023; TV Nova s r.o. \/ NOVA &#8211; R\u016fzn\u00e9 &#8211; Ozna\u010den\u00ed teleshoppingov\u00fdch blok\u016f; \u010cESK\u00c1 TELEVIZE \/<br \/>\n\u010cT24 &#8211; Studio \u010cT24 3. 10. 2023 od 15.01 hod.; Raiffeisenbank \/ Nova &#8211; reklama Raiffeisenbank;<br \/>\n\u010cESK\u00c1 TELEVIZE \/ \u010cT24 &#8211; Slovensko vol\u00ed &#8211; 30. 9. 2023 od 21.00 hod.; \u010cESK\u00c1 TELEVIZE &#8211;<br \/>\nnevyv\u00e1\u017eenost vys\u00edl\u00e1n\u00ed s ohledem na neinformov\u00e1n\u00ed o ekosexualit\u011b; \u010cESK\u00c1 TELEVIZE \/ \u010cT24 &#8211;<br \/>\nUd\u00e1losti, koment\u00e1\u0159e, t\u00e9ma Konsolida\u010dn\u00ed bal\u00ed\u010dek pot\u0159et\u00ed ve sn\u011bmovn\u011b, 22. z\u00e1\u0159\u00ed 2023 od 22:00 hod.;<br \/>\n\u010cESK\u00c1 TELEVIZE \/ \u010cT1 &#8211; Osada, 29. 9. 2023 od 20:14 hod.; Kaufland \u010cesk\u00e1 republika, v.o.s. \/<br \/>\nPrima KRIMI &#8211; reklama Kaufland; CS film &#8211; absentuj\u00edc\u00ed logo.<br \/>\n&#8211; Rada v r\u00e1mci sv\u00e9 kompetence dan\u00e9 \u00a7 5 odst. 1 p\u00edsm. a) a f) z\u00e1kona \u010d. 231\/2001 Sb.,<br \/>\no provozov\u00e1n\u00ed rozhlasov\u00e9ho a televizn\u00edho vys\u00edl\u00e1n\u00ed a o zm\u011bn\u011b dal\u0161\u00edch z\u00e1kon\u016f, v platn\u00e9m zn\u011bn\u00ed<br \/>\n(d\u00e1le jen \u201ez\u00e1kon \u010d. 231\/2001 Sb.\u201c) a v souladu s ustanoven\u00edm \u00a7 137 odst. 1 z\u00e1kona \u010d. 500\/2004<br \/>\nSb., spr\u00e1vn\u00ed \u0159\u00e1d, (d\u00e1le jen \u201ez\u00e1kon \u010d. 500\/2004 Sb.\u201c) \u017e\u00e1d\u00e1 provozovatele FTV Prima spol. s r.o., I\u010c:<br \/>\n48115908, s\u00eddlem: Vinohradsk\u00e1 3217\/167, Praha 10, PS\u010c 100 00, o pod\u00e1n\u00ed vysv\u011btlen\u00ed, zda po\u0159ad<br \/>\nNov\u00fd den, odvys\u00edlan\u00fd dne 25. z\u00e1\u0159\u00ed 2023 od 07:00 hodin na programu Prima, obsahoval um\u00edst\u011bn\u00fd<br \/>\nprodukt, a pokud ano, pro\u010d nebylo um\u00edst\u011bn\u00ed produktu \u0159\u00e1dn\u011b ozna\u010deno i na konci po\u0159adu. Rada<br \/>\nstanovuje lh\u016ftu k pod\u00e1n\u00ed vysv\u011btlen\u00ed 30 dn\u00ed ode dne doru\u010den\u00ed t\u00e9to v\u00fdzvy.<br \/>\n&#8211; Rada v r\u00e1mci sv\u00e9 kompetence dan\u00e9 \u00a7 5 odst. 1 p\u00edsm. a) a f) z\u00e1kona \u010d. 231\/2001 Sb.,<br \/>\no provozov\u00e1n\u00ed rozhlasov\u00e9ho a televizn\u00edho vys\u00edl\u00e1n\u00ed a o zm\u011bn\u011b dal\u0161\u00edch z\u00e1kon\u016f, v platn\u00e9m zn\u011bn\u00ed<br \/>\n(d\u00e1le jen \u201ez\u00e1kon \u010d. 231\/2001 Sb.\u201c) a v souladu s ustanoven\u00edm \u00a7 137 odst. 1 z\u00e1kona \u010d. 500\/2004<br \/>\nSb., spr\u00e1vn\u00ed \u0159\u00e1d, (d\u00e1le jen \u201ez\u00e1kon \u010d. 500\/2004 Sb.\u201c) \u017e\u00e1d\u00e1 provozovatele Barrandov Televizn\u00ed Studio<br \/>\na.s., I\u010c: 41693311, s\u00eddlem: K\u0159\u00ed\u017eeneck\u00e9ho n\u00e1m\u011bst\u00ed 322\/5, Praha 5, PS\u010c 152 00, o pod\u00e1n\u00ed<br \/>\nvysv\u011btlen\u00ed, na z\u00e1klad\u011b jak\u00e9ho smluvn\u00edho ujedn\u00e1n\u00ed byl v po\u0159adu Skand\u00e1ly slavn\u00fdch, odvys\u00edlan\u00e9m<br \/>\ndne 1. 10. 2023 od 21.27 hodin na programu Televize Barrandov, prezentov\u00e1n produkt<\/p>\n<p>Maestro spole\u010dnosti McDonald&#8217;s \u010cR spol. s.r.o., a z\u00e1rove\u0148 \u017e\u00e1d\u00e1 o pod\u00e1n\u00ed vysv\u011btlen\u00ed, jak\u00e9 z produkt\u016f<br \/>\nprezentovan\u00fdch v tomto po\u0159adu jsou um\u00edst\u011bn\u00fdm produktem ve smyslu \u00a7 2 odst. 2 p\u00edsm. b) z\u00e1kona<br \/>\n\u010d. 231\/2001 Sb., na kter\u00e9 upozor\u0148uje div\u00e1ky piktogram PP na za\u010d\u00e1tku a na konci po\u0159adu. Rada<br \/>\nstanovuje lh\u016ftu k pod\u00e1n\u00ed vysv\u011btlen\u00ed 30 dn\u00ed ode dne doru\u010den\u00ed t\u00e9to v\u00fdzvy.<br \/>\n&#8211; Rada v r\u00e1mci sv\u00e9 p\u016fsobnosti dan\u00e9 ustanoven\u00edm \u00a7 5 odst. 1 p\u00edsm. a) a f) a \u00a7 59 odst. 1-3 z\u00e1kona<br \/>\n\u010d. 231\/2001 Sb., o provozov\u00e1n\u00ed rozhlasov\u00e9ho a televizn\u00edho vys\u00edl\u00e1n\u00ed a o zm\u011bn\u011b dal\u0161\u00edch z\u00e1kon\u016f (d\u00e1le<br \/>\njen z\u00e1kon \u010d. 231\/2001 Sb.), v platn\u00e9m zn\u011bn\u00ed, upozor\u0148uje provozovatele \u010cESK\u00c1 TELEVIZE, I\u010c<br \/>\n00027383, s\u00eddlem Na h\u0159ebenech II 1132\/4, Praha 4, PS\u010c 14700, na poru\u0161en\u00ed ustanoven\u00ed \u00a7 31<br \/>\nodst. 3 z\u00e1kona \u010d. 231\/2001 Sb., kter\u00e9ho se dopustil t\u00edm, \u017ee v report\u00e1\u017ei Po \u0161icht\u011b, odvys\u00edlan\u00e9 jako<br \/>\nsou\u010d\u00e1st publicistick\u00e9ho po\u0159adu Report\u00e9\u0159i \u010cT, dne 11. z\u00e1\u0159\u00ed 2023 od 21:15 hodin na programu \u010cT1,<br \/>\nzve\u0159ejnil zav\u00e1d\u011bj\u00edc\u00ed informace t\u00fdkaj\u00edc\u00ed se po\u010dtu p\u0159\u00edjemc\u016f soci\u00e1ln\u00edch d\u00e1vek v Karvin\u00e9, kdy\u017e uvedl,<br \/>\n\u017ee 40 000 obyvatel Karvin\u00e9 pat\u0159\u00ed mezi p\u0159\u00edjemce soci\u00e1ln\u00edch d\u00e1vek (\u201ePodle \u00fadaj\u016f, kter\u00e9 jsme z\u00edskali<br \/>\nz \u00da\u0159adu pr\u00e1ce, z 50 000 obyvatel Karvin\u00e9 je 40 000 p\u0159\u00edjemcem soci\u00e1ln\u00ed d\u00e1vky, \u010dasto p\u0159\u00edsp\u011bvku na<br \/>\nbydlen\u00ed.\u201c), zat\u00edmco v repr\u00edze po\u0159adu odvys\u00edlan\u00e9 na programu \u010cT1 dne 15. z\u00e1\u0159\u00ed 2023 od 14:25 hodin<br \/>\na v archivovan\u00e9m vyd\u00e1n\u00ed po\u0159adu, kter\u00e9 je dostupn\u00e9 v r\u00e1mci slu\u017eby iVys\u00edl\u00e1n\u00ed, nam\u00edsto toho uv\u00e1d\u00ed,<br \/>\n\u017ee obyvatel\u016fm Karvin\u00e9 bylo v lo\u0148sk\u00e9m roce vyplaceno t\u00e9m\u011b\u0159 40 000 p\u0159\u00edsp\u011bvk\u016f na bydlen\u00ed (\u201ePodle<br \/>\n\u00fadaj\u016f, kter\u00e9 jsme z\u00edskali z \u00da\u0159adu pr\u00e1ce, v Karvin\u00e9 s 50 000 obyvateli bylo jen loni vyplaceno celkem<br \/>\nt\u00e9m\u011b\u0159 40 000 p\u0159\u00edsp\u011bvk\u016f na bydlen\u00ed.\u201c). Div\u00e1k mohl na z\u00e1klad\u011b t\u011bchto zav\u00e1d\u011bj\u00edc\u00edch informac\u00ed<br \/>\nvyhodnotit probl\u00e9my Karvin\u00e9, kter\u00e9 report\u00e1\u017e popisuje (nedostatek atraktivn\u00edch pracovn\u00edch<br \/>\np\u0159\u00edle\u017eitost\u00ed, n\u00edzk\u00e9 mzdy, nedostupnost bydlen\u00ed atd.), jako v\u00fdrazn\u011b z\u00e1va\u017en\u011bj\u0161\u00ed, ne\u017e je tomu ve<br \/>\nskute\u010dnosti, a nemohl si tak na sledovan\u00e9 t\u00e9ma vytvo\u0159it sv\u016fj vlastn\u00ed nez\u00e1visl\u00fd n\u00e1zor. Provozovatel<br \/>\nse t\u00edm dopustil poru\u0161en\u00ed povinnosti zajistit, aby ve zpravodajsk\u00fdch a politicko-publicistick\u00fdch<br \/>\npo\u0159adech bylo db\u00e1no z\u00e1sad objektivity a vyv\u00e1\u017eenosti. Rada stanovuje lh\u016ftu k n\u00e1prav\u011b 7 dn\u016f od<br \/>\ndoru\u010den\u00ed upozorn\u011bn\u00ed.<br \/>\n&#8211; Rada postupuje pod\u00e1n\u00ed \u010d. j. RRTV\/11053\/2023-vra Rad\u011b \u010cesk\u00e9 televize.<br \/>\n&#8211; Rada v r\u00e1mci sv\u00e9 kompetence dan\u00e9 \u00a7 5 odst. 1 p\u00edsm. a) a f) z\u00e1kona \u010d. 231\/2001 Sb.,<br \/>\no provozov\u00e1n\u00ed rozhlasov\u00e9ho a televizn\u00edho vys\u00edl\u00e1n\u00ed a o zm\u011bn\u011b dal\u0161\u00edch z\u00e1kon\u016f, v platn\u00e9m zn\u011bn\u00ed<br \/>\n(d\u00e1le jen \u201ez\u00e1kon \u010d. 231\/2001 Sb.\u201c) a v souladu s ustanoven\u00edm \u00a7 137 odst. 1 z\u00e1kona \u010d. 500\/2004<br \/>\nSb., spr\u00e1vn\u00ed \u0159\u00e1d, (d\u00e1le jen \u201ez\u00e1kon \u010d. 500\/2004 Sb.\u201c) \u017e\u00e1d\u00e1 provozovatele \u010cESK\u00c1 TELEVIZE, I\u010c<br \/>\n00027383, s\u00eddlem Na h\u0159ebenech II 1132\/4, Praha 4, PS\u010c 14700, o pod\u00e1n\u00ed vysv\u011btlen\u00ed, na z\u00e1klad\u011b<br \/>\njak\u00e9ho kl\u00ed\u010de byli vyb\u00edr\u00e1ni host\u00e9 a odborn\u00edci, kte\u0159\u00ed se vyjad\u0159ovali ke slovensk\u00fdm volb\u00e1m a k situaci<br \/>\nna Slovensku obecn\u011b v r\u00e1mci bloku \u201eSlovensko vol\u00ed\u201c, kter\u00fd byl na programu \u010cT24 za\u0159azen do<br \/>\nvys\u00edl\u00e1n\u00ed dne 30. z\u00e1\u0159\u00ed 2023 od 21.00 hod., a jak\u00fdm zp\u016fsobem provozovatel v tomto bloku zajistil<br \/>\nn\u00e1zorovou pluralitu. Rada stanovuje lh\u016ftu k pod\u00e1n\u00ed vysv\u011btlen\u00ed 30 dn\u00ed ode dne doru\u010den\u00ed t\u00e9to v\u00fdzvy.<br \/>\n&#8211; Rada se sezn\u00e1mila s anal\u00fdzou z\u00e1znamu vys\u00edl\u00e1n\u00ed programu Hobby TV provozovatele S&amp;P<br \/>\nBroadcasting a.s. ze dne 28. srpna 2023 v \u010dasov\u00e9m \u00faseku od 12:00 do 24:00 hodin.<br \/>\n&#8211; Rada se sezn\u00e1mila s anal\u00fdzou z\u00e1znamu vys\u00edl\u00e1n\u00ed programu O2 Info provozovatele O2 Czech<br \/>\nRepublic a.s. ze dne 28. srpna 2023 v \u010dasov\u00e9m \u00faseku od 12:00 do 24:00 hodin.<br \/>\n&#8211; Rada v r\u00e1mci sv\u00e9 p\u016fsobnosti dan\u00e9 ustanoven\u00edm \u00a7 5 p\u00edsm. a) z\u00e1kona \u010d. 231\/2001 Sb.,<br \/>\no provozov\u00e1n\u00ed rozhlasov\u00e9ho a televizn\u00edho vys\u00edl\u00e1n\u00ed a o zm\u011bn\u011b dal\u0161\u00edch z\u00e1kon\u016f (d\u00e1le jen z\u00e1kon<br \/>\n\u010d. 231\/2001 Sb.), v platn\u00e9m zn\u011bn\u00ed, a v souladu s ustanoven\u00edm \u00a7 137 odst. 1 z\u00e1kona \u010d. 500\/2004<br \/>\nSb., spr\u00e1vn\u00ed \u0159\u00e1d (d\u00e1le jen \u201ez\u00e1kon \u010d. 500\/2004 Sb.\u201c) \u017e\u00e1d\u00e1 provozovatele O2 Czech Republic a.s.,<br \/>\nI\u010c 60193336, s\u00eddlem Za Brumlovkou 266\/2, Praha 4 &#8211; Michle, PS\u010c 140 00, o pod\u00e1n\u00ed vysv\u011btlen\u00ed,<br \/>\n1) z jak\u00e9ho d\u016fvodu je na webu (https:\/\/www.o2tv.cz\/videoteka\/podpora\/jak-zacit\/kontakty) jako<br \/>\nprovozovatel programu O2 Info uvedena spole\u010dnost O2 Family, s.r.o. (I\u010c 24215554), kdy\u017e se jej\u00edm<br \/>\npr\u00e1vn\u00edm n\u00e1stupcem po f\u00fazi stala O2 Czech Republic, a.s. (I\u010c 60193336), 2) z jak\u00e9ho d\u016fvodu<br \/>\nnejsou na jeho webu v souvislosti s provozovatelem programu O2 Info<br \/>\n(https:\/\/www.o2tv.cz\/videoteka\/podpora\/jak-zacit\/kontakty) uvedeny \u00fadaje umo\u017e\u0148uj\u00edc\u00ed rychl\u00e9,<br \/>\np\u0159\u00edm\u00e9 a \u00fa\u010dinn\u00e9 nav\u00e1z\u00e1n\u00ed kontaktu s provozovatelem televizn\u00edho vys\u00edl\u00e1n\u00ed<\/p>\n<p>(telefonn\u00ed \u010d\u00edslo, pop\u0159\u00edpad\u011b adresa pro doru\u010dov\u00e1n\u00ed elektronick\u00e9 po\u0161ty) tak, jak ukl\u00e1d\u00e1 ustanoven\u00ed \u00a7 32 odst. 9 p\u00edsm. b) z\u00e1kona<br \/>\n\u010d. 231\/2001 Sb.. Rada stanovuje lh\u016ftu k pod\u00e1n\u00ed vysv\u011btlen\u00ed 30 dn\u00ed ode dne doru\u010den\u00ed t\u00e9to v\u00fdzvy.<br \/>\n&#8211; Rada se sezn\u00e1mila s anal\u00fdzou z\u00e1znamu vys\u00edl\u00e1n\u00ed programu Jiho\u010desk\u00e1 televize (&#8222;JTV&#8220;)<br \/>\nprovozovatele JTV a.s. ze dn\u016f 28. a 29. srpna 2023 v \u010dasov\u00e9m \u00faseku od 0:00 do 24:00 hodin.<br \/>\n&#8211; Rada v r\u00e1mci sv\u00e9 p\u016fsobnosti dan\u00e9 ustanoven\u00edm \u00a7 5 odst. 1 p\u00edsm. a) a f) a \u00a7 59 odst. 1 &#8211; 3 z\u00e1kona<br \/>\n\u010d. 231\/2001 Sb., o provozov\u00e1n\u00ed rozhlasov\u00e9ho a televizn\u00edho vys\u00edl\u00e1n\u00ed a o zm\u011bn\u011b dal\u0161\u00edch z\u00e1kon\u016f (d\u00e1le<br \/>\njen z\u00e1kon \u010d. 231\/2001 Sb.), v platn\u00e9m zn\u011bn\u00ed, \u017e\u00e1d\u00e1 provozovatele JTV a.s., I\u010c: 251 56 527, se<br \/>\ns\u00eddlem K\u0159i\u017e\u00edkova 1696, 370 01, \u010cesk\u00e9 Bud\u011bjovice, o pod\u00e1n\u00ed vysv\u011btlen\u00ed, zda byla \u010d\u00e1st vys\u00edl\u00e1n\u00ed<br \/>\nt\u00fdkaj\u00edc\u00ed se Trocnovsk\u00fdch slavnost\u00ed, odvys\u00edlan\u00e1 nap\u0159\u00edklad dne 27. srpna 2023 od 17:28 hodin, nov\u00e9<br \/>\naplikace \u010deskobud\u011bjovick\u00e9ho dopravn\u00edho podniku, odvys\u00edlan\u00e1 nap\u0159\u00edklad dne 28. srpna 2023 od<br \/>\n17:27 hodin, a iniciativy \u010cesk\u00e9 pole, odvys\u00edlan\u00e1 nap\u0159\u00edklad dne 29. srpna 2023 od 17:10 hodin,<br \/>\nza\u0159azena do vys\u00edl\u00e1n\u00ed programu Jiho\u010desk\u00e1 televize (&#8222;JTV&#8220;) za \u00faplatu \u010di obdobnou protihodnotu, a<br \/>\npokud tomu tak bylo, o jak\u00fd typ obchodn\u00edho sd\u011blen\u00ed se jednalo. Rada stanovuje lh\u016ftu k pod\u00e1n\u00ed<br \/>\nvysv\u011btlen\u00ed 30 dn\u00ed ode dne doru\u010den\u00ed t\u00e9to v\u00fdzvy.<br \/>\n&#8211; Rada se sezn\u00e1mila s anal\u00fdzou z\u00e1znamu vys\u00edl\u00e1n\u00ed programu Informa\u010dn\u00ed TV obce Kam\u00fdk nad<br \/>\nVltavou provozovatele Obec Kam\u00fdk nad Vltavou ze dn\u016f 28. a 29. srpna 2023.<br \/>\n&#8211; Rada v r\u00e1mci sv\u00e9 kompetence dan\u00e9 \u00a7 5 odst. 1 p\u00edsm. a) z\u00e1kona \u010d. 231\/2001 Sb., o provozov\u00e1n\u00ed<br \/>\nrozhlasov\u00e9ho a televizn\u00edho vys\u00edl\u00e1n\u00ed a o zm\u011bn\u011b dal\u0161\u00edch z\u00e1kon\u016f, v platn\u00e9m zn\u011bn\u00ed (d\u00e1le jen \u201ez\u00e1kon<br \/>\n\u010d. 231\/2001 Sb.\u201c) a v souladu s ustanoven\u00edm \u00a7 137 odst. 1 z\u00e1kona \u010d. 500\/2004 Sb., spr\u00e1vn\u00ed \u0159\u00e1d,<br \/>\n(d\u00e1le jen \u201ez\u00e1kon \u010d. 500\/2004 Sb.\u201c) \u017e\u00e1d\u00e1 provozovatele Obec Kam\u00fdk nad Vltavou, I\u010c 00242411,<br \/>\ns\u00eddlem Kam\u00fdk nad Vltavou 69, PS\u010c 262 63, o pod\u00e1n\u00ed vysv\u011btlen\u00ed, jak\u00fdm zp\u016fsobem napl\u0148uje p\u0159i<br \/>\nvys\u00edl\u00e1n\u00ed programu Informa\u010dn\u00ed TV obce Kam\u00fdk nad Vltavou ustanoven\u00ed \u00a7 32 odst. 9 p\u00edsm. c) z\u00e1kona<br \/>\n\u010d. 231\/2001 Sb., ukl\u00e1daj\u00edc\u00ed provozovatel\u016fm povinnost poskytnout div\u00e1k\u016fm snadn\u00fd, p\u0159\u00edm\u00fd a trval\u00fd<br \/>\np\u0159\u00edstup k informaci o tom, \u017ee jeho \u010dinnost se \u0159\u00edd\u00ed pr\u00e1vn\u00edm \u0159\u00e1dem \u010cesk\u00e9 republiky a \u017ee org\u00e1nem<br \/>\ndozoru nad provozov\u00e1n\u00edm televizn\u00edho vys\u00edl\u00e1n\u00ed je Rada. Rada stanovuje lh\u016ftu k pod\u00e1n\u00ed vysv\u011btlen\u00ed<br \/>\n30 dn\u00ed ode dne doru\u010den\u00ed t\u00e9to v\u00fdzvy.<br \/>\n&#8211; Rada se sezn\u00e1mila s Ak\u010dn\u00edmi pl\u00e1ny zp\u0159\u00edstup\u0148ov\u00e1n\u00ed televizn\u00edch po\u0159ad\u016f pro osoby se sluchov\u00fdm<br \/>\nposti\u017een\u00edm a osoby se zrakov\u00fdm posti\u017een\u00edm na obdob\u00ed ode dne 1. \u010dervence 2023 do dne<br \/>\n30. \u010dervna 2025 provozovatel\u016f celoplo\u0161n\u00e9ho televizn\u00edho vys\u00edl\u00e1n\u00ed.<br \/>\n&#8211; Rada se sezn\u00e1mila se Zav\u00e1d\u011bc\u00edmi pl\u00e1ny zp\u0159\u00edstup\u0148ov\u00e1n\u00ed televizn\u00edch po\u0159ad\u016f pro osoby se<br \/>\nsluchov\u00fdm posti\u017een\u00edm a osoby se zrakov\u00fdm posti\u017een\u00edm na obdob\u00ed ode dne 1. \u010dervence 2023 do<br \/>\ndne 30. \u010dervna 2025 provozovatel\u016f jin\u00e9ho ne\u017e celoplo\u0161n\u00e9ho televizn\u00edho vys\u00edl\u00e1n\u00ed.<br \/>\n&#8211; Rada v r\u00e1mci sv\u00e9 kompetence dan\u00e9 \u00a7 5 odst. 1 p\u00edsm. a) a f) z\u00e1kona \u010d. 231\/2001 Sb.,<br \/>\no provozov\u00e1n\u00ed rozhlasov\u00e9ho a televizn\u00edho vys\u00edl\u00e1n\u00ed a o zm\u011bn\u011b dal\u0161\u00edch z\u00e1kon\u016f, v platn\u00e9m zn\u011bn\u00ed<br \/>\n(d\u00e1le jen \u201ez\u00e1kon \u010d. 231\/2001 Sb.\u201c) a v souladu s ustanoven\u00edm \u00a7 137 odst. 1 z\u00e1kona \u010d. 500\/2004<br \/>\nSb., spr\u00e1vn\u00ed \u0159\u00e1d, (d\u00e1le jen \u201ez\u00e1kon \u010d. 500\/2004 Sb.\u201c) \u017e\u00e1d\u00e1 provozovatele \u010cESK\u00c1 TELEVIZE, I\u010c<br \/>\n00027383, s\u00eddlem Na h\u0159ebenech II 1132\/4, Praha 4, PS\u010c 14700, o pod\u00e1n\u00ed vysv\u011btlen\u00ed, z jak\u00e9ho<br \/>\nd\u016fvodu nen\u00ed v r\u00e1mci p\u0159edlo\u017een\u00e9ho Ak\u010dn\u00edho pl\u00e1nu zp\u0159\u00edstup\u0148ov\u00e1n\u00ed televizn\u00edch po\u0159ad\u016f pro osoby se<br \/>\nsluchov\u00fdm posti\u017een\u00edm a osoby se zrakov\u00fdm posti\u017een\u00edm na obdob\u00ed ode dne 1. \u010dervence 2023 do<br \/>\ndne 30. \u010dervna 2025 (d\u00e1le jen \u201eAk\u010dn\u00ed pl\u00e1n na zkr\u00e1cen\u00e9 hodnocen\u00e9 obdob\u00ed\u201c) deklarov\u00e1n n\u00e1r\u016fst<br \/>\npod\u00edlu zp\u0159\u00edstupn\u011bn\u00fdch po\u0159ad\u016f na programech \u010cT sport (pro osoby se sluchov\u00fdm i osoby se<br \/>\nzrakov\u00fdm posti\u017een\u00edm) a \u010cT24 (pro osoby se zrakov\u00fdm posti\u017een\u00edm), d\u00e1le z jak\u00e9ho d\u016fvodu p\u0159ijal<br \/>\nzejm\u00e9na v p\u0159\u00edpad\u011b program\u016f \u010cT1, \u010cT2 a \u010cT \ud83d\ude00 v\u00fdrazn\u011b ni\u017e\u0161\u00ed z\u00e1vazky ohledn\u011b zp\u0159\u00edstupn\u011bn\u00ed po\u0159ad\u016f<br \/>\npro osoby se sluchov\u00fdm i osoby se zrakov\u00fdm posti\u017een\u00edm, ne\u017e by odpov\u00eddalo vyk\u00e1zan\u00e9mu pod\u00edlu<br \/>\nre\u00e1ln\u011b zp\u0159\u00edstupn\u011bn\u00fdch po\u0159ad\u016f na t\u011bchto programech v p\u0159edchoz\u00edch letech, a d\u00e1le, z jak\u00e9ho d\u016fvodu<br \/>\nv r\u00e1mci Ak\u010dn\u00edho pl\u00e1nu na zkr\u00e1cen\u00e9 hodnocen\u00e9 obdob\u00ed vyk\u00e1zal z\u00e1vazek zp\u0159\u00edstupn\u011bn\u00ed po\u0159ad\u016f pro<br \/>\nosoby se sluchov\u00fdm a osoby se zrakov\u00fdm posti\u017een\u00edm na z\u00e1klad\u011b metodiky v\u00fdpo\u010dtu vych\u00e1zej\u00edc\u00edho<br \/>\nz po\u010dtu po\u0159ad\u016f, a\u010dkoli ustanoven\u00ed \u00a7 16 odst. 7 z\u00e1kona \u010d. 242\/2022 Sb., o slu\u017eb\u00e1ch platforem<\/p>\n<p>pro sd\u00edlen\u00ed videonahr\u00e1vek, explicitn\u011b vy\u017eaduje, aby se celkov\u00fd pod\u00edl zp\u0159\u00edstupn\u011bn\u00fdch po\u0159ad\u016f po\u010d\u00edtal z<br \/>\nvys\u00edlac\u00edho \u010dasu. Rada stanovuje lh\u016ftu k pod\u00e1n\u00ed vysv\u011btlen\u00ed 30 dn\u00ed ode dne doru\u010den\u00ed t\u00e9to v\u00fdzvy.<br \/>\n&#8211; Rada v r\u00e1mci sv\u00e9 kompetence dan\u00e9 \u00a7 5 odst. 1 p\u00edsm. a) a f) z\u00e1kona \u010d. 231\/2001 Sb.,<br \/>\no provozov\u00e1n\u00ed rozhlasov\u00e9ho a televizn\u00edho vys\u00edl\u00e1n\u00ed a o zm\u011bn\u011b dal\u0161\u00edch z\u00e1kon\u016f, v platn\u00e9m zn\u011bn\u00ed<br \/>\n(d\u00e1le jen \u201ez\u00e1kon \u010d. 231\/2001 Sb.\u201c) a v souladu s ustanoven\u00edm \u00a7 137 odst. 1 z\u00e1kona \u010d. 500\/2004<br \/>\nSb., spr\u00e1vn\u00ed \u0159\u00e1d, (d\u00e1le jen \u201ez\u00e1kon \u010d. 500\/2004 Sb.\u201c) \u017e\u00e1d\u00e1 provozovatele Seznam.cz TV s.r.o., I\u010c<br \/>\n06387233, s\u00eddlem Radlick\u00e1 3294\/10, Praha 5, PS\u010c 15000, o pod\u00e1n\u00ed vysv\u011btlen\u00ed, jak\u00fdm zp\u016fsobem<br \/>\npl\u00e1nuje zajistit zp\u0159\u00edstup\u0148ov\u00e1n\u00ed po\u0159ad\u016f pro osoby se sluchov\u00fdm posti\u017een\u00edm a pro osoby se zrakov\u00fdm<br \/>\nposti\u017een\u00edm na programu Seznam.cz TV, \u0161\u00ed\u0159en\u00e9m prost\u0159ednictv\u00edm kabelov\u00fdch syst\u00e9m\u016f, zvl\u00e1\u0161tn\u00edch<br \/>\np\u0159enosov\u00fdch syst\u00e9m\u016f a dru\u017eice, v obdob\u00ed do 30. \u010dervna 2025. Rada stanovuje lh\u016ftu k pod\u00e1n\u00ed<br \/>\nvysv\u011btlen\u00ed 30 dn\u00ed ode dne doru\u010den\u00ed t\u00e9to v\u00fdzvy.<br \/>\n&#8211; Rada v r\u00e1mci sv\u00e9 kompetence dan\u00e9 \u00a7 5 odst. 1 p\u00edsm. a) a f) z\u00e1kona \u010d. 231\/2001 Sb.,<br \/>\no provozov\u00e1n\u00ed rozhlasov\u00e9ho a televizn\u00edho vys\u00edl\u00e1n\u00ed a o zm\u011bn\u011b dal\u0161\u00edch z\u00e1kon\u016f, v platn\u00e9m zn\u011bn\u00ed<br \/>\n(d\u00e1le jen \u201ez\u00e1kon \u010d. 231\/2001 Sb.\u201c) a v souladu s ustanoven\u00edm \u00a7 137 odst. 1 z\u00e1kona \u010d. 500\/2004<br \/>\nSb., spr\u00e1vn\u00ed \u0159\u00e1d, (d\u00e1le jen \u201ez\u00e1kon \u010d. 500\/2004 Sb.\u201c) \u017e\u00e1d\u00e1 provozovatele Magical roof s.r.o., I\u010c<br \/>\n04899784, s\u00eddlem V\u00e1clavsk\u00e9 n\u00e1m\u011bst\u00ed 831\/21, Praha 1, PS\u010c 11000, o pod\u00e1n\u00ed vysv\u011btlen\u00ed ohledn\u011b<br \/>\nne\u00fapln\u00e9 podoby p\u0159edlo\u017een\u00e9ho Ak\u010dn\u00edho pl\u00e1nu zp\u0159\u00edstup\u0148ov\u00e1n\u00ed televizn\u00edch po\u0159ad\u016f pro osoby se<br \/>\nsluchov\u00fdm posti\u017een\u00edm a osoby se zrakov\u00fdm posti\u017een\u00edm na obdob\u00ed ode dne 1. \u010dervence 2023 do<br \/>\ndne 30. \u010dervna 2025 (d\u00e1le jen \u201eAk\u010dn\u00ed pl\u00e1n na zkr\u00e1cen\u00e9 hodnocen\u00e9 obdob\u00ed\u201c) pro program JOJ<br \/>\nFamily a vyz\u00fdv\u00e1 jej k dopln\u011bn\u00ed Ak\u010dn\u00edho pl\u00e1nu na zkr\u00e1cen\u00e9 hodnocen\u00e9 obdob\u00ed o konkr\u00e9tn\u00ed z\u00e1vazky<br \/>\nt\u00fdkaj\u00edc\u00ed se zp\u0159\u00edstupn\u011bn\u00ed po\u0159ad\u016f pro osoby se zrakov\u00fdm posti\u017een\u00edm, a d\u00e1le k dopln\u011bn\u00ed potvrzen\u00ed o<br \/>\nprojedn\u00e1n\u00ed Ak\u010dn\u00edho pl\u00e1nu na zkr\u00e1cen\u00e9 hodnocen\u00e9 obdob\u00ed od organizace ASNEP. Rada stanovuje<br \/>\nlh\u016ftu k pod\u00e1n\u00ed vysv\u011btlen\u00ed 30 dn\u00ed ode dne doru\u010den\u00ed t\u00e9to v\u00fdzvy.<br \/>\n&#8211; Rada v r\u00e1mci sv\u00e9 kompetence dan\u00e9 \u00a7 5 odst. 1 p\u00edsm. a) a f) z\u00e1kona \u010d. 231\/2001 Sb.,<br \/>\no provozov\u00e1n\u00ed rozhlasov\u00e9ho a televizn\u00edho vys\u00edl\u00e1n\u00ed a o zm\u011bn\u011b dal\u0161\u00edch z\u00e1kon\u016f, v platn\u00e9m zn\u011bn\u00ed<br \/>\n(d\u00e1le jen \u201ez\u00e1kon \u010d. 231\/2001 Sb.\u201c) a v souladu s ustanoven\u00edm \u00a7 137 odst. 1 z\u00e1kona \u010d. 500\/2004<br \/>\nSb., spr\u00e1vn\u00ed \u0159\u00e1d, (d\u00e1le jen \u201ez\u00e1kon \u010d. 500\/2004 Sb.\u201c) \u017e\u00e1d\u00e1 provozovatele AMC Networks Central<br \/>\nEurope s.r.o., I\u010c 27112501, s\u00eddlem Pob\u0159e\u017en\u00ed 620\/3, Praha 8, PS\u010c 18600, o pod\u00e1n\u00ed vysv\u011btlen\u00ed, z<br \/>\njak\u00e9ho d\u016fvodu j\u00edm p\u0159edlo\u017een\u00fd Ak\u010dn\u00ed pl\u00e1n zp\u0159\u00edstup\u0148ov\u00e1n\u00ed televizn\u00edch po\u0159ad\u016f pro osoby se<br \/>\nsluchov\u00fdm posti\u017een\u00edm a osoby se zrakov\u00fdm posti\u017een\u00edm na obdob\u00ed ode dne 1. \u010dervence 2023 do<br \/>\ndne 30. \u010dervna 2025 (d\u00e1le jen \u201eAk\u010dn\u00ed pl\u00e1n na zkr\u00e1cen\u00e9 hodnocen\u00e9 obdob\u00ed\u201c) pro program<br \/>\nSPEKTRUM HOME zpracoval v rozporu se z\u00e1konn\u00fdmi po\u017eadavky a vyz\u00fdv\u00e1 jej k p\u0159epracov\u00e1n\u00ed<br \/>\nAk\u010dn\u00edho pl\u00e1nu na zkr\u00e1cen\u00e9 hodnocen\u00e9 obdob\u00ed tak, aby ve druh\u00e9m roce hodnocen\u00e9ho obdob\u00ed (od<br \/>\n1. 7. 2024 do 30. 6. 2025) z\u00e1vazky zp\u0159\u00edstupn\u011bn\u00ed po\u0159ad\u016f pro osoby se sluchov\u00fdm a zrakov\u00fdm<br \/>\nposti\u017een\u00edm odpov\u00eddaly z\u00e1konn\u00fdm po\u017eadavk\u016fm stanoven\u00fdm pro Ak\u010dn\u00ed pl\u00e1ny na zkr\u00e1cen\u00e9<br \/>\nhodnocen\u00e9 obdob\u00ed, jimi\u017e jsou v\u00e1z\u00e1ni provozovatel\u00e9 celoplo\u0161n\u00e9ho televizn\u00edho vys\u00edl\u00e1n\u00ed dle<br \/>\nustanoven\u00ed \u00a7 16 odst. 7 z\u00e1kona \u010d. 242\/2022 Sb., o slu\u017eb\u00e1ch platforem pro sd\u00edlen\u00ed videonahr\u00e1vek.<br \/>\nRada stanovuje lh\u016ftu k pod\u00e1n\u00ed vysv\u011btlen\u00ed 30 dn\u00ed ode dne doru\u010den\u00ed t\u00e9to v\u00fdzvy.<br \/>\n&#8211; Rada v r\u00e1mci sv\u00e9 kompetence dan\u00e9 \u00a7 5 odst. 1 p\u00edsm. a) a f) z\u00e1kona \u010d. 231\/2001 Sb.,<br \/>\no provozov\u00e1n\u00ed rozhlasov\u00e9ho a televizn\u00edho vys\u00edl\u00e1n\u00ed a o zm\u011bn\u011b dal\u0161\u00edch z\u00e1kon\u016f, v platn\u00e9m zn\u011bn\u00ed<br \/>\n(d\u00e1le jen \u201ez\u00e1kon \u010d. 231\/2001 Sb.\u201c) a v souladu s ustanoven\u00edm \u00a7 137 odst. 1 z\u00e1kona \u010d. 500\/2004<br \/>\nSb., spr\u00e1vn\u00ed \u0159\u00e1d, (d\u00e1le jen \u201ez\u00e1kon \u010d. 500\/2004 Sb.\u201c) \u017e\u00e1d\u00e1 provozovatele Region\u00e1ln\u00ed televize CZ<br \/>\ns.r.o., I\u010c 24141372, s\u00eddlem Vinohradsk\u00e1 1597\/174, Praha 3, PS\u010c 13000, o pod\u00e1n\u00ed vysv\u011btlen\u00ed, z<br \/>\njak\u00e9ho d\u016fvodu se v p\u0159edlo\u017een\u00e9m Ak\u010dn\u00edm pl\u00e1nu zp\u0159\u00edstup\u0148ov\u00e1n\u00ed televizn\u00edch po\u0159ad\u016f pro osoby se<br \/>\nsluchov\u00fdm posti\u017een\u00edm a osoby se zrakov\u00fdm posti\u017een\u00edm na obdob\u00ed ode dne 1. \u010dervence 2023 do<br \/>\ndne 30. \u010dervna 2025 (d\u00e1le jen \u201eAk\u010dn\u00ed pl\u00e1n na zkr\u00e1cen\u00e9 hodnocen\u00e9 obdob\u00ed\u201c) pro program A11<br \/>\nnezavazuje opat\u0159it minim\u00e1ln\u011b 30 % vys\u00edlan\u00fdch po\u0159ad\u016f skryt\u00fdmi nebo otev\u0159en\u00fdmi titulky pro osoby<br \/>\nse sluchov\u00fdm posti\u017een\u00edm tak, jak vy\u017eaduje ustanoven\u00ed \u00a7 16 odst. 7 z\u00e1kona \u010d. 242\/2022 Sb., o<br \/>\nslu\u017eb\u00e1ch platforem pro sd\u00edlen\u00ed videonahr\u00e1vek, a d\u00e1le zda infoli\u0161ta s kr\u00e1tk\u00fdmi textov\u00fdmi<br \/>\ninformacemi, o kter\u00e9 Ak\u010dn\u00ed pl\u00e1n na zkr\u00e1cen\u00e9 hodnocen\u00e9 obdob\u00ed hovo\u0159\u00ed v souvislosti se zp\u0159\u00edstupn\u011bn\u00edm<\/p>\n<p>vys\u00edl\u00e1n\u00ed pro osoby se sluchov\u00fdm posti\u017een\u00edm, bude souviset s audio stopou<br \/>\nvys\u00edlan\u00e9ho po\u0159adu. Rada stanovuje lh\u016ftu k pod\u00e1n\u00ed vysv\u011btlen\u00ed 30 dn\u00ed ode dne doru\u010den\u00ed t\u00e9to v\u00fdzvy.<br \/>\n&#8211; Rada v r\u00e1mci sv\u00e9 kompetence dan\u00e9 \u00a7 5 odst. 1 p\u00edsm. a) a f) z\u00e1kona \u010d. 231\/2001 Sb.,<br \/>\no provozov\u00e1n\u00ed rozhlasov\u00e9ho a televizn\u00edho vys\u00edl\u00e1n\u00ed a o zm\u011bn\u011b dal\u0161\u00edch z\u00e1kon\u016f, v platn\u00e9m zn\u011bn\u00ed<br \/>\n(d\u00e1le jen \u201ez\u00e1kon \u010d. 231\/2001 Sb.\u201c) a v souladu s ustanoven\u00edm \u00a7 137 odst. 1 z\u00e1kona \u010d. 500\/2004<br \/>\nSb., spr\u00e1vn\u00ed \u0159\u00e1d, (d\u00e1le jen \u201ez\u00e1kon \u010d. 500\/2004 Sb.\u201c) \u017e\u00e1d\u00e1 provozovatele FTV Prima, spol. s r.o., I\u010c<br \/>\n48115908, s\u00eddlem Vinohradsk\u00e1 3217\/167, Praha 10, PS\u010c 10000, o pod\u00e1n\u00ed vysv\u011btlen\u00ed, z jak\u00e9ho<br \/>\nd\u016fvodu v r\u00e1mci p\u0159edlo\u017een\u00e9ho Ak\u010dn\u00edho pl\u00e1nu zp\u0159\u00edstup\u0148ov\u00e1n\u00ed televizn\u00edch po\u0159ad\u016f pro osoby se<br \/>\nsluchov\u00fdm posti\u017een\u00edm a osoby se zrakov\u00fdm posti\u017een\u00edm na obdob\u00ed ode dne 1. \u010dervence 2023 do<br \/>\ndne 30. \u010dervna 2025 (d\u00e1le jen \u201eAk\u010dn\u00ed pl\u00e1n na zkr\u00e1cen\u00e9 hodnocen\u00e9 obdob\u00ed\u201c) pro programy Prima,<br \/>\nPrima +1, Prima COOL, Prima love, Prima ZOOM, Prima Max, Prima KRIMI, CNN Prima News,<br \/>\nPrima STAR a Prima SHOW, uvedl souhrnn\u00e9 \u00fadaje t\u00fdkaj\u00edc\u00ed se z\u00e1vazk\u016f zp\u0159\u00edstupn\u011bn\u00ed po\u0159ad\u016f pro<br \/>\nosoby se sluchov\u00fdm a osoby se zrakov\u00fdm posti\u017een\u00edm, p\u0159esto\u017ee ustanoven\u00ed \u00a7 16 odst. 7 z\u00e1kona<br \/>\n\u010d. 242\/2022 Sb., o slu\u017eb\u00e1ch platforem pro sd\u00edlen\u00ed videonahr\u00e1vek, explicitn\u011b stanovuje, \u017ee<br \/>\nprovozovatel Ak\u010dn\u00ed pl\u00e1n na zkr\u00e1cen\u00e9 hodnocen\u00e9 obdob\u00ed zpracuje v \u010dlen\u011bn\u00ed podle jednotliv\u00fdch<br \/>\nprogram\u016f. Rada stanovuje lh\u016ftu k pod\u00e1n\u00ed vysv\u011btlen\u00ed 30 dn\u00ed ode dne doru\u010den\u00ed t\u00e9to v\u00fdzvy.<br \/>\n&#8211; Rada v r\u00e1mci sv\u00e9 kompetence dan\u00e9 \u00a7 5 odst. 1 p\u00edsm. a) a f) z\u00e1kona \u010d. 231\/2001 Sb.,<br \/>\no provozov\u00e1n\u00ed rozhlasov\u00e9ho a televizn\u00edho vys\u00edl\u00e1n\u00ed a o zm\u011bn\u011b dal\u0161\u00edch z\u00e1kon\u016f, v platn\u00e9m zn\u011bn\u00ed<br \/>\n(d\u00e1le jen \u201ez\u00e1kon \u010d. 231\/2001 Sb.\u201c) a v souladu s ustanoven\u00edm \u00a7 137 odst. 1 z\u00e1kona \u010d. 500\/2004<br \/>\nSb., spr\u00e1vn\u00ed \u0159\u00e1d, (d\u00e1le jen \u201ez\u00e1kon \u010d. 500\/2004 Sb.\u201c) \u017e\u00e1d\u00e1 provozovatele TV Nova s.r.o., I\u010c<br \/>\n45800456, s\u00eddlem K\u0159\u00ed\u017eeneck\u00e9ho n\u00e1m\u011bst\u00ed 1078\/5a, Praha 5, PS\u010c 15200, o pod\u00e1n\u00ed vysv\u011btlen\u00ed, z<br \/>\njak\u00e9ho d\u016fvodu v r\u00e1mci p\u0159edlo\u017een\u00e9ho Ak\u010dn\u00edho pl\u00e1nu zp\u0159\u00edstup\u0148ov\u00e1n\u00ed televizn\u00edch po\u0159ad\u016f pro osoby<br \/>\nse sluchov\u00fdm posti\u017een\u00edm a osoby se zrakov\u00fdm posti\u017een\u00edm na obdob\u00ed ode dne 1. \u010dervence 2023<br \/>\ndo dne 30. \u010dervna 2025 (d\u00e1le jen \u201eAk\u010dn\u00ed pl\u00e1n na zkr\u00e1cen\u00e9 hodnocen\u00e9 obdob\u00ed\u201c) pro programy<br \/>\nNOVA, Nova Cinema, Nova Action, Nova Fun, Nova Gold a Nova Lady, uvedl souhrnn\u00e9 \u00fadaje<br \/>\nt\u00fdkaj\u00edc\u00ed se z\u00e1vazk\u016f zp\u0159\u00edstupn\u011bn\u00ed po\u0159ad\u016f pro osoby se sluchov\u00fdm a osoby se zrakov\u00fdm posti\u017een\u00edm,<br \/>\np\u0159esto\u017ee ustanoven\u00ed \u00a7 16 odst. 7 z\u00e1kona \u010d. 242\/2022 Sb., o slu\u017eb\u00e1ch platforem pro sd\u00edlen\u00ed<br \/>\nvideonahr\u00e1vek, explicitn\u011b stanovuje, \u017ee provozovatel Ak\u010dn\u00ed pl\u00e1n na zkr\u00e1cen\u00e9 hodnocen\u00e9 obdob\u00ed<br \/>\nzpracuje v \u010dlen\u011bn\u00ed podle jednotliv\u00fdch program\u016f. Rada stanovuje lh\u016ftu k pod\u00e1n\u00ed vysv\u011btlen\u00ed 30 dn\u00ed<br \/>\node dne doru\u010den\u00ed t\u00e9to v\u00fdzvy.<br \/>\n&#8211; Rada v r\u00e1mci sv\u00e9 kompetence dan\u00e9 \u00a7 5 odst. 1 p\u00edsm. a) a f) z\u00e1kona \u010d. 231\/2001 Sb.,<br \/>\no provozov\u00e1n\u00ed rozhlasov\u00e9ho a televizn\u00edho vys\u00edl\u00e1n\u00ed a o zm\u011bn\u011b dal\u0161\u00edch z\u00e1kon\u016f, v platn\u00e9m zn\u011bn\u00ed<br \/>\n(d\u00e1le jen \u201ez\u00e1kon \u010d. 231\/2001 Sb.\u201c) a v souladu s ustanoven\u00edm \u00a7 137 odst. 1 z\u00e1kona \u010d. 500\/2004<br \/>\nSb., spr\u00e1vn\u00ed \u0159\u00e1d, (d\u00e1le jen \u201ez\u00e1kon \u010d. 500\/2004 Sb.\u201c) \u017e\u00e1d\u00e1 provozovatele Brno TV, s.r.o., I\u010c<br \/>\n06191941, s\u00eddlem Moravsk\u00e9 n\u00e1m\u011bst\u00ed 127\/3, Brno, PS\u010c 60200, o pod\u00e1n\u00ed vysv\u011btlen\u00ed, z jak\u00e9ho<br \/>\nd\u016fvodu na p\u00edsemnou v\u00fdzvu Rady nep\u0159edlo\u017eil Zav\u00e1d\u011bc\u00ed pl\u00e1n zp\u0159\u00edstup\u0148ov\u00e1n\u00ed televizn\u00edch po\u0159ad\u016f pro<br \/>\nosoby se sluchov\u00fdm posti\u017een\u00edm a osoby se zrakov\u00fdm posti\u017een\u00edm na obdob\u00ed ode dne 1. \u010dervence<br \/>\n2023 do dne 30. \u010dervna 2025, pro program TV BRNO 1, jak ukl\u00e1d\u00e1 ustanoven\u00ed \u00a7 16 odst. 10 z\u00e1kona<br \/>\n\u010d. 242\/2022 Sb., o slu\u017eb\u00e1ch platforem pro sd\u00edlen\u00ed videonahr\u00e1vek. Rada stanovuje lh\u016ftu k pod\u00e1n\u00ed<br \/>\nvysv\u011btlen\u00ed 30 dn\u00ed ode dne doru\u010den\u00ed t\u00e9to v\u00fdzvy.<br \/>\n&#8211; Rada v r\u00e1mci sv\u00e9 kompetence dan\u00e9 \u00a7 5 odst. 1 p\u00edsm. a) a f) z\u00e1kona \u010d. 231\/2001 Sb.,<br \/>\no provozov\u00e1n\u00ed rozhlasov\u00e9ho a televizn\u00edho vys\u00edl\u00e1n\u00ed a o zm\u011bn\u011b dal\u0161\u00edch z\u00e1kon\u016f, v platn\u00e9m zn\u011bn\u00ed<br \/>\n(d\u00e1le jen \u201ez\u00e1kon \u010d. 231\/2001 Sb.\u201c) a v souladu s ustanoven\u00edm \u00a7 137 odst. 1 z\u00e1kona \u010d. 500\/2004<br \/>\nSb., spr\u00e1vn\u00ed \u0159\u00e1d, (d\u00e1le jen \u201ez\u00e1kon \u010d. 500\/2004 Sb.\u201c) \u017e\u00e1d\u00e1 provozovatele DWP s.r.o., I\u010c 27608883,<br \/>\ns\u00eddlem U libe\u0148sk\u00e9ho pivovaru 2442\/6, Praha 8, PS\u010c 18000, o pod\u00e1n\u00ed vysv\u011btlen\u00ed, z jak\u00e9ho d\u016fvodu<br \/>\nna p\u00edsemnou v\u00fdzvu Rady nep\u0159edlo\u017eil Zav\u00e1d\u011bc\u00ed pl\u00e1n zp\u0159\u00edstup\u0148ov\u00e1n\u00ed televizn\u00edch po\u0159ad\u016f pro osoby<br \/>\nse sluchov\u00fdm posti\u017een\u00edm a osoby se zrakov\u00fdm posti\u017een\u00edm na obdob\u00ed ode dne 1. \u010dervence 2023<br \/>\ndo dne 30. \u010dervna 2025, pro program TV REGIO, jak ukl\u00e1d\u00e1 ustanoven\u00ed \u00a7 16 odst. 10 z\u00e1kona<br \/>\n\u010d. 242\/2022 Sb., o slu\u017eb\u00e1ch platforem pro sd\u00edlen\u00ed videonahr\u00e1vek. Rada stanovuje lh\u016ftu k pod\u00e1n\u00ed<br \/>\nvysv\u011btlen\u00ed 30 dn\u00ed ode dne doru\u010den\u00ed t\u00e9to v\u00fdzvyRada v r\u00e1mci sv\u00e9 kompetence dan\u00e9<\/p>\n<p>\u00a7 5 odst. 1 p\u00edsm. a) a f) z\u00e1kona \u010d. 231\/2001 Sb.,<br \/>\no provozov\u00e1n\u00ed rozhlasov\u00e9ho a televizn\u00edho vys\u00edl\u00e1n\u00ed a o zm\u011bn\u011b dal\u0161\u00edch z\u00e1kon\u016f, v platn\u00e9m zn\u011bn\u00ed<br \/>\n(d\u00e1le jen \u201ez\u00e1kon \u010d. 231\/2001 Sb.\u201c) a v souladu s ustanoven\u00edm \u00a7 137 odst. 1 z\u00e1kona \u010d. 500\/2004<br \/>\nSb., spr\u00e1vn\u00ed \u0159\u00e1d, (d\u00e1le jen \u201ez\u00e1kon \u010d. 500\/2004 Sb.\u201c) \u017e\u00e1d\u00e1 provozovatele Romana Gronsk\u00e9ho, I\u010c<br \/>\n62505882, s\u00eddlem B\u0159ez\u00ed 30, Kamenn\u00fd \u00fajezd, PS\u010c 37007, o pod\u00e1n\u00ed vysv\u011btlen\u00ed, z jak\u00e9ho d\u016fvodu<br \/>\nna p\u00edsemnou v\u00fdzvu Rady nep\u0159edlo\u017eil Zav\u00e1d\u011bc\u00ed pl\u00e1n zp\u0159\u00edstup\u0148ov\u00e1n\u00ed televizn\u00edch po\u0159ad\u016f pro osoby<br \/>\nse sluchov\u00fdm posti\u017een\u00edm a osoby se zrakov\u00fdm posti\u017een\u00edm na obdob\u00ed ode dne 1. \u010dervence 2023<br \/>\ndo dne 30. \u010dervna 2025, pro program J\u010c1 televize Ji\u017en\u00ed \u010cechy, jak ukl\u00e1d\u00e1 ustanoven\u00ed \u00a7 16 odst.<br \/>\n10 z\u00e1kona \u010d. 242\/2022 Sb., o slu\u017eb\u00e1ch platforem pro sd\u00edlen\u00ed videonahr\u00e1vek. Rada stanovuje lh\u016ftu<br \/>\nk pod\u00e1n\u00ed vysv\u011btlen\u00ed 30 dn\u00ed ode dne doru\u010den\u00ed t\u00e9to v\u00fdzvy.<br \/>\n&#8211; Rada v r\u00e1mci sv\u00e9 kompetence dan\u00e9 \u00a7 5 odst. 1 p\u00edsm. a) a f) z\u00e1kona \u010d. 231\/2001 Sb.,<br \/>\no provozov\u00e1n\u00ed rozhlasov\u00e9ho a televizn\u00edho vys\u00edl\u00e1n\u00ed a o zm\u011bn\u011b dal\u0161\u00edch z\u00e1kon\u016f, v platn\u00e9m zn\u011bn\u00ed<br \/>\n(d\u00e1le jen \u201ez\u00e1kon \u010d. 231\/2001 Sb.\u201c) a v souladu s ustanoven\u00edm \u00a7 137 odst. 1 z\u00e1kona \u010d. 500\/2004<br \/>\nSb., spr\u00e1vn\u00ed \u0159\u00e1d, (d\u00e1le jen \u201ez\u00e1kon \u010d. 500\/2004 Sb.\u201c) \u017e\u00e1d\u00e1 provozovatelku Janu Peterkovou, I\u010c<br \/>\n16893085, s\u00eddlem K\u0159enovice 106, Dubn\u00e9, PS\u010c 37384, o pod\u00e1n\u00ed vysv\u011btlen\u00ed, z jak\u00e9ho d\u016fvodu na<br \/>\np\u00edsemnou v\u00fdzvu Rady nep\u0159edlo\u017eila Zav\u00e1d\u011bc\u00ed pl\u00e1n zp\u0159\u00edstup\u0148ov\u00e1n\u00ed televizn\u00edch po\u0159ad\u016f pro osoby se<br \/>\nsluchov\u00fdm posti\u017een\u00edm a osoby se zrakov\u00fdm posti\u017een\u00edm na obdob\u00ed ode dne 1. \u010dervence 2023 do<br \/>\ndne 30. \u010dervna 2025, pro program TELEVIZE NATURA, jak ukl\u00e1d\u00e1 ustanoven\u00ed \u00a7 16 odst. 10<br \/>\nz\u00e1kona \u010d. 242\/2022 Sb., o slu\u017eb\u00e1ch platforem pro sd\u00edlen\u00ed videonahr\u00e1vek. Rada stanovuje lh\u016ftu k<br \/>\npod\u00e1n\u00ed vysv\u011btlen\u00ed 30 dn\u00ed ode dne doru\u010den\u00ed t\u00e9to v\u00fdzvy.<br \/>\n&#8211; Rada v r\u00e1mci sv\u00e9 kompetence dan\u00e9 \u00a7 5 odst. 1 p\u00edsm. a) a f) z\u00e1kona \u010d. 231\/2001 Sb.,<br \/>\no provozov\u00e1n\u00ed rozhlasov\u00e9ho a televizn\u00edho vys\u00edl\u00e1n\u00ed a o zm\u011bn\u011b dal\u0161\u00edch z\u00e1kon\u016f, v platn\u00e9m zn\u011bn\u00ed<br \/>\n(d\u00e1le jen \u201ez\u00e1kon \u010d. 231\/2001 Sb.\u201c) a v souladu s ustanoven\u00edm \u00a7 137 odst. 1 z\u00e1kona \u010d. 500\/2004<br \/>\nSb., spr\u00e1vn\u00ed \u0159\u00e1d, (d\u00e1le jen \u201ez\u00e1kon \u010d. 500\/2004 Sb.\u201c) \u017e\u00e1d\u00e1 provozovatele JTV a.s., I\u010c 25156527,<br \/>\ns\u00eddlem K\u0159i\u017e\u00edkova 1696, \u010cesk\u00e9 Bud\u011bjovice, PS\u010c 37001, o pod\u00e1n\u00ed vysv\u011btlen\u00ed, z jak\u00e9ho d\u016fvodu na<br \/>\np\u00edsemnou v\u00fdzvu Rady nep\u0159edlo\u017eil Zav\u00e1d\u011bc\u00ed pl\u00e1n zp\u0159\u00edstup\u0148ov\u00e1n\u00ed televizn\u00edch po\u0159ad\u016f pro osoby se<br \/>\nsluchov\u00fdm posti\u017een\u00edm a osoby se zrakov\u00fdm posti\u017een\u00edm na obdob\u00ed ode dne 1. \u010dervence 2023 do<br \/>\ndne 30. \u010dervna 2025, pro program Jiho\u010desk\u00e1 televize (\u201eJTV\u201c), jak ukl\u00e1d\u00e1 ustanoven\u00ed \u00a7 16 odst. 10<br \/>\nz\u00e1kona \u010d. 242\/2022 Sb., o slu\u017eb\u00e1ch platforem pro sd\u00edlen\u00ed videonahr\u00e1vek. Rada stanovuje lh\u016ftu k<br \/>\npod\u00e1n\u00ed vysv\u011btlen\u00ed 30 dn\u00ed ode dne doru\u010den\u00ed t\u00e9to v\u00fdzvy.<br \/>\n&#8211; Rada v r\u00e1mci sv\u00e9 kompetence dan\u00e9 \u00a7 5 odst. 1 p\u00edsm. a) a f) z\u00e1kona \u010d. 231\/2001 Sb.,<br \/>\no provozov\u00e1n\u00ed rozhlasov\u00e9ho a televizn\u00edho vys\u00edl\u00e1n\u00ed a o zm\u011bn\u011b dal\u0161\u00edch z\u00e1kon\u016f, v platn\u00e9m zn\u011bn\u00ed<br \/>\n(d\u00e1le jen \u201ez\u00e1kon \u010d. 231\/2001 Sb.\u201c) a v souladu s ustanoven\u00edm \u00a7 137 odst. 1 z\u00e1kona \u010d. 500\/2004<br \/>\nSb., spr\u00e1vn\u00ed \u0159\u00e1d, (d\u00e1le jen \u201ez\u00e1kon \u010d. 500\/2004 Sb.\u201c) \u017e\u00e1d\u00e1 provozovatele Nej Kan\u00e1l s.r.o., I\u010c<br \/>\n02738252, s\u00eddlem Kaplanova 2252\/8, Praha, 14800, o pod\u00e1n\u00ed vysv\u011btlen\u00ed, z jak\u00e9ho d\u016fvodu na<br \/>\np\u00edsemnou v\u00fdzvu Rady nep\u0159edlo\u017eil Zav\u00e1d\u011bc\u00ed pl\u00e1n zp\u0159\u00edstup\u0148ov\u00e1n\u00ed televizn\u00edch po\u0159ad\u016f pro osoby se<br \/>\nsluchov\u00fdm posti\u017een\u00edm a osoby se zrakov\u00fdm posti\u017een\u00edm na obdob\u00ed ode dne 1. \u010dervence 2023 do<br \/>\ndne 30. \u010dervna 2025, pro program Infokan\u00e1l NEJ-TV, jak ukl\u00e1d\u00e1 ustanoven\u00ed \u00a7 16 odst. 10 z\u00e1kona<br \/>\n\u010d. 242\/2022 Sb., o slu\u017eb\u00e1ch platforem pro sd\u00edlen\u00ed videonahr\u00e1vek. Rada stanovuje lh\u016ftu k pod\u00e1n\u00ed<br \/>\nvysv\u011btlen\u00ed 30 dn\u00ed ode dne doru\u010den\u00ed t\u00e9to v\u00fdzvy.<br \/>\n&#8211; Rada v r\u00e1mci sv\u00e9 kompetence dan\u00e9 \u00a7 5 odst. 1 p\u00edsm. a) a f) z\u00e1kona \u010d. 231\/2001 Sb.,<br \/>\no provozov\u00e1n\u00ed rozhlasov\u00e9ho a televizn\u00edho vys\u00edl\u00e1n\u00ed a o zm\u011bn\u011b dal\u0161\u00edch z\u00e1kon\u016f, v platn\u00e9m zn\u011bn\u00ed<br \/>\n(d\u00e1le jen \u201ez\u00e1kon \u010d. 231\/2001 Sb.\u201c) a v souladu s ustanoven\u00edm \u00a7 137 odst. 1 z\u00e1kona \u010d. 500\/2004<br \/>\nSb., spr\u00e1vn\u00ed \u0159\u00e1d, (d\u00e1le jen \u201ez\u00e1kon \u010d. 500\/2004 Sb.\u201c) \u017e\u00e1d\u00e1 provozovatele S&amp;P Broadcasting a.s., I\u010c<br \/>\n04117310, s\u00eddlem Dukelsk\u00fdch hrdin\u016f 976\/12, Praha 7, PS\u010c 17000, o pod\u00e1n\u00ed vysv\u011btlen\u00ed, z jak\u00e9ho<br \/>\nd\u016fvodu na p\u00edsemnou v\u00fdzvu Rady nep\u0159edlo\u017eil Zav\u00e1d\u011bc\u00ed pl\u00e1n zp\u0159\u00edstup\u0148ov\u00e1n\u00ed televizn\u00edch po\u0159ad\u016f pro<br \/>\nosoby se sluchov\u00fdm posti\u017een\u00edm a osoby se zrakov\u00fdm posti\u017een\u00edm na obdob\u00ed ode dne 1. \u010dervence<br \/>\n2023 do dne 30. \u010dervna 2025, pro programy M\u0148am TV, M\u0148au TV a Hobby TV, jak ukl\u00e1d\u00e1<br \/>\nustanoven\u00ed \u00a7 16 odst. 10 z\u00e1kona \u010d. 242\/2022 Sb., o slu\u017eb\u00e1ch platforem pro sd\u00edlen\u00ed videonahr\u00e1vek.<br \/>\nRada stanovuje lh\u016ftu k pod\u00e1n\u00ed vysv\u011btlen\u00ed 30 dn\u00ed ode dne doru\u010den\u00ed t\u00e9to v\u00fdzvy.Rada<\/p>\n<p>v r\u00e1mci sv\u00e9 kompetence dan\u00e9 \u00a7 5 odst. 1 p\u00edsm. a) a f) z\u00e1kona \u010d. 231\/2001 Sb.,<br \/>\no provozov\u00e1n\u00ed rozhlasov\u00e9ho a televizn\u00edho vys\u00edl\u00e1n\u00ed a o zm\u011bn\u011b dal\u0161\u00edch z\u00e1kon\u016f, v platn\u00e9m zn\u011bn\u00ed<br \/>\n(d\u00e1le jen \u201ez\u00e1kon \u010d. 231\/2001 Sb.\u201c) a v souladu s ustanoven\u00edm \u00a7 137 odst. 1 z\u00e1kona \u010d. 500\/2004<br \/>\nSb., spr\u00e1vn\u00ed \u0159\u00e1d, (d\u00e1le jen \u201ez\u00e1kon \u010d. 500\/2004 Sb.\u201c) \u017e\u00e1d\u00e1 provozovatele FTV Prima, spol. s r.o., I\u010c<br \/>\n48115908, s\u00eddlem Vinohradsk\u00e1 3217\/167, Praha 10, PS\u010c 10000, o pod\u00e1n\u00ed vysv\u011btlen\u00ed, z jak\u00e9ho<br \/>\nd\u016fvodu na p\u00edsemnou v\u00fdzvu Rady nep\u0159edlo\u017eil Zav\u00e1d\u011bc\u00ed pl\u00e1n zp\u0159\u00edstup\u0148ov\u00e1n\u00ed televizn\u00edch po\u0159ad\u016f pro<br \/>\nosoby se sluchov\u00fdm posti\u017een\u00edm a osoby se zrakov\u00fdm posti\u017een\u00edm na obdob\u00ed ode dne 1. \u010dervence<br \/>\n2023 do dne 30. \u010dervna 2025, pro program Prima Plus, jak ukl\u00e1d\u00e1 ustanoven\u00ed \u00a7 16 odst. 10 z\u00e1kona<br \/>\n\u010d. 242\/2022 Sb., o slu\u017eb\u00e1ch platforem pro sd\u00edlen\u00ed videonahr\u00e1vek. Rada stanovuje lh\u016ftu k pod\u00e1n\u00ed<br \/>\nvysv\u011btlen\u00ed 30 dn\u00ed ode dne doru\u010den\u00ed t\u00e9to v\u00fdzvy.<br \/>\n&#8211; Rada v r\u00e1mci sv\u00e9 kompetence dan\u00e9 \u00a7 5 odst. 1 p\u00edsm. a) a f) z\u00e1kona \u010d. 231\/2001 Sb.,<br \/>\no provozov\u00e1n\u00ed rozhlasov\u00e9ho a televizn\u00edho vys\u00edl\u00e1n\u00ed a o zm\u011bn\u011b dal\u0161\u00edch z\u00e1kon\u016f, v platn\u00e9m zn\u011bn\u00ed<br \/>\n(d\u00e1le jen \u201ez\u00e1kon \u010d. 231\/2001 Sb.\u201c) a v souladu s ustanoven\u00edm \u00a7 137 odst. 1 z\u00e1kona \u010d. 500\/2004<br \/>\nSb., spr\u00e1vn\u00ed \u0159\u00e1d, (d\u00e1le jen \u201ez\u00e1kon \u010d. 500\/2004 Sb.\u201c) \u017e\u00e1d\u00e1 provozovatele KVIFF.TV a.s., I\u010c<br \/>\n10780777, s\u00eddlem Pansk\u00e1 892\/1, Praha 1, PS\u010c 11000, o pod\u00e1n\u00ed vysv\u011btlen\u00ed, z jak\u00e9ho d\u016fvodu na<br \/>\np\u00edsemnou v\u00fdzvu Rady nep\u0159edlo\u017eil Zav\u00e1d\u011bc\u00ed pl\u00e1n zp\u0159\u00edstup\u0148ov\u00e1n\u00ed televizn\u00edch po\u0159ad\u016f pro osoby se<br \/>\nsluchov\u00fdm posti\u017een\u00edm a osoby se zrakov\u00fdm posti\u017een\u00edm na obdob\u00ed ode dne 1. \u010dervence 2023 do<br \/>\ndne 30. \u010dervna 2025, pro program KVIFF.TV live, jak ukl\u00e1d\u00e1 ustanoven\u00ed \u00a7 16 odst. 10 z\u00e1kona<br \/>\n\u010d. 242\/2022 Sb., o slu\u017eb\u00e1ch platforem pro sd\u00edlen\u00ed videonahr\u00e1vek. Rada stanovuje lh\u016ftu k pod\u00e1n\u00ed<br \/>\nvysv\u011btlen\u00ed 30 dn\u00ed ode dne doru\u010den\u00ed t\u00e9to v\u00fdzvy.<br \/>\n&#8211; Rada v r\u00e1mci sv\u00e9 kompetence dan\u00e9 \u00a7 5 odst. 1 p\u00edsm. a) a f) z\u00e1kona \u010d. 231\/2001 Sb.,<br \/>\no provozov\u00e1n\u00ed rozhlasov\u00e9ho a televizn\u00edho vys\u00edl\u00e1n\u00ed a o zm\u011bn\u011b dal\u0161\u00edch z\u00e1kon\u016f, v platn\u00e9m zn\u011bn\u00ed<br \/>\n(d\u00e1le jen \u201ez\u00e1kon \u010d. 231\/2001 Sb.\u201c) a v souladu s ustanoven\u00edm \u00a7 137 odst. 1 z\u00e1kona \u010d. 500\/2004<br \/>\nSb., spr\u00e1vn\u00ed \u0159\u00e1d, (d\u00e1le jen \u201ez\u00e1kon \u010d. 500\/2004 Sb.\u201c) \u017e\u00e1d\u00e1 provozovatele ViacomCBS Networks<br \/>\nInternational Czech s.r.o., I\u010c 28970438, s\u00eddlem Perlov\u00e1 371\/5, Praha 1, PS\u010c 11000, o pod\u00e1n\u00ed<br \/>\nvysv\u011btlen\u00ed, z jak\u00e9ho d\u016fvodu se v r\u00e1mci p\u0159edlo\u017een\u00e9ho Zav\u00e1d\u011bc\u00edho pl\u00e1nu zp\u0159\u00edstup\u0148ov\u00e1n\u00ed televizn\u00edch<br \/>\npo\u0159ad\u016f pro osoby se sluchov\u00fdm posti\u017een\u00edm a osoby se zrakov\u00fdm posti\u017een\u00edm na obdob\u00ed ode dne<br \/>\n1. \u010dervence 2023 do dne 30. \u010dervna 2025 (d\u00e1le jen \u201eZav\u00e1d\u011bc\u00ed pl\u00e1n na zkr\u00e1cen\u00e9 hodnocen\u00e9<br \/>\nobdob\u00ed\u201c) nezav\u00e1zal zah\u00e1jit zp\u0159\u00edstupn\u011bn\u00ed program\u016f Paramount Network Polska (licence sp. zn.<br \/>\nRRTV\/2020\/899\/fia), Polsat Comedy Central Extra (RRTV\/2020\/896\/fia), Nickelodeon<br \/>\n(RRTV\/2022\/234\/fia), Nickelodeon Global (RRTV\/2021\/654\/fia), Nickelodeon<br \/>\n(RRTV\/2018\/195\/fia), Nickelodeon Austria (RRTV\/2021\/804\/fia), NickToons (RRTV\/2019\/511\/fia),<br \/>\nNICK TOONS (2016\/923\/SMU\/MTV), TeenNick (RRTV\/2020\/894\/fia), TeenNick<br \/>\n(RRTV\/2020\/872\/fia), MTV Spain (RRTV\/2021\/622\/hou), MTV Wallonia (RRTV\/2021\/630\/zil), MTV<br \/>\nFrance (RRTV\/2022\/643\/fia) a MTV Italy (RRTV\/2023\/103\/zil) pro osoby se sluchov\u00fdm posti\u017een\u00edm<br \/>\nani pro osoby se zrakov\u00fdm posti\u017een\u00edm, a program\u016f Paramount Network (2015\/1056\/SMU\/MTV),<br \/>\nParamount Network (RRTV\/2020\/846\/fia), Comedy Central Hungary (2010\/520\/sve\/MTV),<br \/>\nComedy Central (2016\/524\/FIA\/MTV), Comedy Central Family (2017\/712\/spm), MTV<br \/>\n(2014\/589\/FIA\/MTV), MTV Global (RRTV\/2021\/02\/fia), MTV Portugal (RRTV\/2021\/611\/zil), MTV<br \/>\nNetherlands (RRTV\/2021\/893\/zil) a MTV Flanders (RRTV\/2022\/160\/smu) pro osoby se zrakov\u00fdm<br \/>\nposti\u017een\u00edm, a vyz\u00fdv\u00e1 jej k dopln\u011bn\u00ed Zav\u00e1d\u011bc\u00edho pl\u00e1nu na zkr\u00e1cen\u00e9 hodnocen\u00e9 obdob\u00ed tak, aby jeho<br \/>\npodoba byla v souladu se zn\u011bn\u00edm ustanoven\u00ed \u00a7 16 odst. 10 z\u00e1kona \u010d. 242\/2022 Sb., o slu\u017eb\u00e1ch<br \/>\nplatforem pro sd\u00edlen\u00ed videonahr\u00e1vek. Rada stanovuje lh\u016ftu k pod\u00e1n\u00ed vysv\u011btlen\u00ed 30 dn\u00ed ode dne<br \/>\ndoru\u010den\u00ed t\u00e9to v\u00fdzvy.<br \/>\n&#8211; Rada v r\u00e1mci sv\u00e9 kompetence dan\u00e9 \u00a7 5 odst. 1 p\u00edsm. a) a f) z\u00e1kona \u010d. 231\/2001 Sb.,<br \/>\no provozov\u00e1n\u00ed rozhlasov\u00e9ho a televizn\u00edho vys\u00edl\u00e1n\u00ed a o zm\u011bn\u011b dal\u0161\u00edch z\u00e1kon\u016f, v platn\u00e9m zn\u011bn\u00ed<br \/>\n(d\u00e1le jen \u201ez\u00e1kon \u010d. 231\/2001 Sb.\u201c) a v souladu s ustanoven\u00edm \u00a7 137 odst. 1 z\u00e1kona \u010d. 500\/2004<br \/>\nSb., spr\u00e1vn\u00ed \u0159\u00e1d, (d\u00e1le jen \u201ez\u00e1kon \u010d. 500\/2004 Sb.\u201c) \u017e\u00e1d\u00e1 provozovatele AMC Networks Central<br \/>\nEurope s.r.o., I\u010c 27112501, s\u00eddlem Pob\u0159e\u017en\u00ed 620\/3, Praha 8, PS\u010c 18600, o pod\u00e1n\u00ed vysv\u011btlen\u00ed, z<br \/>\njak\u00e9ho d\u016fvodu v r\u00e1mci p\u0159edlo\u017een\u00e9ho Zav\u00e1d\u011bc\u00edho pl\u00e1nu zp\u0159\u00edstup\u0148ov\u00e1n\u00ed televizn\u00edch po\u0159ad\u016f<\/p>\n<p>pro osoby se sluchov\u00fdm posti\u017een\u00edm a osoby se zrakov\u00fdm posti\u017een\u00edm na obdob\u00ed ode dne 1. \u010dervence<br \/>\n2023 do dne 30. \u010dervna 2025 (d\u00e1le jen \u201eZav\u00e1d\u011bc\u00ed pl\u00e1n na zkr\u00e1cen\u00e9 hodnocen\u00e9 obdob\u00ed\u201c), se v<br \/>\np\u0159\u00edpad\u011b program\u016f Sport1 Czechia and Slovakia, Sport1 Hungary, SPORT 2, Sport2 Hungary,<br \/>\nSPORT 3 a SPORT3 HU, nezav\u00e1zal zah\u00e1jit zp\u0159\u00edstupn\u011bn\u00ed po\u0159ad\u016f pro osoby se zrakov\u00fdm<br \/>\nposti\u017een\u00edm a nespecifikoval z\u00e1vazky zp\u0159\u00edstupn\u011bn\u00ed pro osoby se sluchov\u00fdm posti\u017een\u00edm, a v p\u0159\u00edpad\u011b<br \/>\nprogram\u016f TV Paprika, TV PAPRIKA CHEZCH-SLOVAK, TV PARIKA CENTRAL EUROPE,<br \/>\nSPEKTRUM HOME HUNGARY a SPEKTRUM HOME+ se nezav\u00e1zal zah\u00e1jit zp\u0159\u00edstupn\u011bn\u00ed po\u0159ad\u016f<br \/>\npro osoby se zrakov\u00fdm posti\u017een\u00edm, a vyz\u00fdv\u00e1 jej k dopln\u011bn\u00ed Zav\u00e1d\u011bc\u00edho pl\u00e1nu na zkr\u00e1cen\u00e9<br \/>\nhodnocen\u00e9 obdob\u00ed tak, aby jeho podoba byla v souladu se zn\u011bn\u00edm ustanoven\u00ed \u00a7 16 odst. 10 z\u00e1kona<br \/>\n\u010d. 242\/2022 Sb., o slu\u017eb\u00e1ch platforem pro sd\u00edlen\u00ed videonahr\u00e1vek. Rada stanovuje lh\u016ftu k pod\u00e1n\u00ed<br \/>\nvysv\u011btlen\u00ed 30 dn\u00ed ode dne doru\u010den\u00ed t\u00e9to v\u00fdzvy.<br \/>\n&#8211; Rada v r\u00e1mci sv\u00e9 kompetence dan\u00e9 \u00a7 5 odst. 1 p\u00edsm. a) a f) z\u00e1kona \u010d. 231\/2001 Sb.,<br \/>\no provozov\u00e1n\u00ed rozhlasov\u00e9ho a televizn\u00edho vys\u00edl\u00e1n\u00ed a o zm\u011bn\u011b dal\u0161\u00edch z\u00e1kon\u016f, v platn\u00e9m zn\u011bn\u00ed<br \/>\n(d\u00e1le jen \u201ez\u00e1kon \u010d. 231\/2001 Sb.\u201c) a v souladu s ustanoven\u00edm \u00a7 137 odst. 1 z\u00e1kona \u010d. 500\/2004<br \/>\nSb., spr\u00e1vn\u00ed \u0159\u00e1d, (d\u00e1le jen \u201ez\u00e1kon \u010d. 500\/2004 Sb.\u201c) \u017e\u00e1d\u00e1 provozovatele TV PRODUKCE DAKR,<br \/>\ns.r.o., I\u010c 28696921, s\u00eddlem Obchodn\u00ed 41, Most, 43401, o pod\u00e1n\u00ed vysv\u011btlen\u00ed, z jak\u00e9ho d\u016fvodu se v<br \/>\nr\u00e1mci p\u0159edlo\u017een\u00e9ho Zav\u00e1d\u011bc\u00edho pl\u00e1nu zp\u0159\u00edstup\u0148ov\u00e1n\u00ed televizn\u00edch po\u0159ad\u016f pro osoby se sluchov\u00fdm<br \/>\nposti\u017een\u00edm a osoby se zrakov\u00fdm posti\u017een\u00edm na obdob\u00ed ode dne 1. \u010dervence 2023 do dne<br \/>\n30. \u010dervna 2025 (d\u00e1le jen \u201eZav\u00e1d\u011bc\u00ed pl\u00e1n na zkr\u00e1cen\u00e9 hodnocen\u00e9 obdob\u00ed\u201c), nezav\u00e1zal zah\u00e1jit<br \/>\nzp\u0159\u00edstupn\u011bn\u00ed programu TV DAKR pro osoby se zrakov\u00fdm posti\u017een\u00edm a vyz\u00fdv\u00e1 jej k dopln\u011bn\u00ed<br \/>\nZav\u00e1d\u011bc\u00edho pl\u00e1nu na zkr\u00e1cen\u00e9 hodnocen\u00e9 obdob\u00ed tak, aby jeho podoba byla v souladu se zn\u011bn\u00edm<br \/>\nustanoven\u00ed \u00a7 16 odst. 10 z\u00e1kona \u010d. 242\/2022 Sb., o slu\u017eb\u00e1ch platforem pro sd\u00edlen\u00ed videonahr\u00e1vek.<br \/>\nRada stanovuje lh\u016ftu k pod\u00e1n\u00ed vysv\u011btlen\u00ed 30 dn\u00ed ode dne doru\u010den\u00ed t\u00e9to v\u00fdzvy.<br \/>\n&#8211; Rada v r\u00e1mci sv\u00e9 kompetence dan\u00e9 \u00a7 5 odst. 1 p\u00edsm. a) a f) z\u00e1kona \u010d. 231\/2001 Sb.,<br \/>\no provozov\u00e1n\u00ed rozhlasov\u00e9ho a televizn\u00edho vys\u00edl\u00e1n\u00ed a o zm\u011bn\u011b dal\u0161\u00edch z\u00e1kon\u016f, v platn\u00e9m zn\u011bn\u00ed<br \/>\n(d\u00e1le jen \u201ez\u00e1kon \u010d. 231\/2001 Sb.\u201c) a v souladu s ustanoven\u00edm \u00a7 137 odst. 1 z\u00e1kona \u010d. 500\/2004<br \/>\nSb., spr\u00e1vn\u00ed \u0159\u00e1d, (d\u00e1le jen \u201ez\u00e1kon \u010d. 500\/2004 Sb.\u201c) \u017e\u00e1d\u00e1 provozovatele \u010ceskoslovensk\u00e1 filmov\u00e1<br \/>\nspole\u010dnost, s.r.o., I\u010c 27168425, s\u00eddlem V\u00e1clavsk\u00e9 n\u00e1m. 831\/21, Praha, PS\u010c 11360, o pod\u00e1n\u00ed<br \/>\nvysv\u011btlen\u00ed, z jak\u00e9ho d\u016fvodu v r\u00e1mci p\u0159edlo\u017een\u00e9ho Zav\u00e1d\u011bc\u00edho pl\u00e1nu zp\u0159\u00edstup\u0148ov\u00e1n\u00ed televizn\u00edch<br \/>\npo\u0159ad\u016f pro osoby se sluchov\u00fdm posti\u017een\u00edm a osoby se zrakov\u00fdm posti\u017een\u00edm na obdob\u00ed ode dne<br \/>\n1. \u010dervence 2023 do dne 30. \u010dervna 2025 (d\u00e1le jen \u201eZav\u00e1d\u011bc\u00ed pl\u00e1n na zkr\u00e1cen\u00e9 hodnocen\u00e9<br \/>\nobdob\u00ed\u201c), nespecifikoval sv\u00e9 z\u00e1vazky ohledn\u011b zp\u0159\u00edstup\u0148ov\u00e1n\u00ed po\u0159ad\u016f osob\u00e1m se sluchov\u00fdm a<br \/>\nosob\u00e1m se zrakov\u00fdm posti\u017een\u00edm na programech CS Horror, CS Mystery, CS History a CS Film, a<br \/>\nvyz\u00fdv\u00e1 jej k dopln\u011bn\u00ed Zav\u00e1d\u011bc\u00edho pl\u00e1nu na zkr\u00e1cen\u00e9 hodnocen\u00e9 obdob\u00ed o konkr\u00e9tn\u00ed z\u00e1vazky<br \/>\nzp\u0159\u00edstupn\u011bn\u00ed. Rada stanovuje lh\u016ftu k pod\u00e1n\u00ed vysv\u011btlen\u00ed 30 dn\u00ed ode dne doru\u010den\u00ed t\u00e9to v\u00fdzvy.<br \/>\n&#8211; Rada v r\u00e1mci sv\u00e9 kompetence dan\u00e9 \u00a7 5 odst. 1 p\u00edsm. a) a f) z\u00e1kona \u010d. 231\/2001 Sb.,<br \/>\no provozov\u00e1n\u00ed rozhlasov\u00e9ho a televizn\u00edho vys\u00edl\u00e1n\u00ed a o zm\u011bn\u011b dal\u0161\u00edch z\u00e1kon\u016f, v platn\u00e9m zn\u011bn\u00ed<br \/>\n(d\u00e1le jen \u201ez\u00e1kon \u010d. 231\/2001 Sb.\u201c) a v souladu s ustanoven\u00edm \u00a7 137 odst. 1 z\u00e1kona \u010d. 500\/2004<br \/>\nSb., spr\u00e1vn\u00ed \u0159\u00e1d, (d\u00e1le jen \u201ez\u00e1kon \u010d. 500\/2004 Sb.\u201c) \u017e\u00e1d\u00e1 provozovatele DONEAL, s.r.o., I\u010c<br \/>\n29135451, s\u00eddlem V\u00e1clavsk\u00e9 n\u00e1m. 831\/21, Praha 1, PS\u010c 11000, o pod\u00e1n\u00ed vysv\u011btlen\u00ed, z jak\u00e9ho<br \/>\nd\u016fvodu v r\u00e1mci p\u0159edlo\u017een\u00e9ho Zav\u00e1d\u011bc\u00edho pl\u00e1nu zp\u0159\u00edstup\u0148ov\u00e1n\u00ed televizn\u00edch po\u0159ad\u016f pro osoby se<br \/>\nsluchov\u00fdm posti\u017een\u00edm a osoby se zrakov\u00fdm posti\u017een\u00edm na obdob\u00ed ode dne 1. \u010dervence 2023 do<br \/>\ndne 30. \u010dervna 2025 (d\u00e1le jen \u201eZav\u00e1d\u011bc\u00ed pl\u00e1n na zkr\u00e1cen\u00e9 hodnocen\u00e9 obdob\u00ed\u201c), nespecifikoval sv\u00e9<br \/>\nz\u00e1vazky ohledn\u011b zp\u0159\u00edstup\u0148ov\u00e1n\u00ed po\u0159ad\u016f osob\u00e1m se sluchov\u00fdm a osob\u00e1m se zrakov\u00fdm posti\u017een\u00edm<br \/>\nna programu JOJ Cinema, a vyz\u00fdv\u00e1 je k dopln\u011bn\u00ed Zav\u00e1d\u011bc\u00edho pl\u00e1nu na zkr\u00e1cen\u00e9 hodnocen\u00e9<br \/>\nobdob\u00ed o konkr\u00e9tn\u00ed z\u00e1vazky zp\u0159\u00edstupn\u011bn\u00ed. Rada stanovuje lh\u016ftu k pod\u00e1n\u00ed vysv\u011btlen\u00ed 30 dn\u00ed ode dne<br \/>\ndoru\u010den\u00ed t\u00e9to v\u00fdzvy.<br \/>\n&#8211; Rada v r\u00e1mci sv\u00e9 kompetence dan\u00e9 \u00a7 5 odst. 1 p\u00edsm. a) a f) z\u00e1kona \u010d. 231\/2001 Sb.,<br \/>\no provozov\u00e1n\u00ed rozhlasov\u00e9ho a televizn\u00edho vys\u00edl\u00e1n\u00ed a o zm\u011bn\u011b dal\u0161\u00edch z\u00e1kon\u016f, v platn\u00e9m zn\u011bn\u00ed<br \/>\n(d\u00e1le jen \u201ez\u00e1kon \u010d. 231\/2001 Sb.\u201c) a v souladu s ustanoven\u00edm \u00a7 137 odst. 1 z\u00e1kona \u010d. 500\/2004 Sb.,<\/p>\n<p>spr\u00e1vn\u00ed \u0159\u00e1d, (d\u00e1le jen \u201ez\u00e1kon \u010d. 500\/2004 Sb.\u201c) \u017e\u00e1d\u00e1 provozovatele TV Nova s.r.o., I\u010c<br \/>\n45800456, s\u00eddlem K\u0159\u00ed\u017eeneck\u00e9ho n\u00e1m\u011bst\u00ed 1078\/5a, Praha 5, PS\u010c 15200, o pod\u00e1n\u00ed vysv\u011btlen\u00ed, z<br \/>\njak\u00e9ho d\u016fvodu v r\u00e1mci p\u0159edlo\u017een\u00e9ho Zav\u00e1d\u011bc\u00edho pl\u00e1nu zp\u0159\u00edstup\u0148ov\u00e1n\u00ed televizn\u00edch po\u0159ad\u016f pro<br \/>\nosoby se sluchov\u00fdm posti\u017een\u00edm a osoby se zrakov\u00fdm posti\u017een\u00edm na obdob\u00ed ode dne 1. \u010dervence<br \/>\n2023 do dne 30. \u010dervna 2025 (d\u00e1le jen \u201eZav\u00e1d\u011bc\u00ed pl\u00e1n na zkr\u00e1cen\u00e9 hodnocen\u00e9 obdob\u00ed\u201c),<br \/>\nnespecifikoval sv\u00e9 z\u00e1vazky ohledn\u011b zp\u0159\u00edstup\u0148ov\u00e1n\u00ed po\u0159ad\u016f osob\u00e1m se sluchov\u00fdm a osob\u00e1m se<br \/>\nzrakov\u00fdm posti\u017een\u00edm na programech Nova sport 1, Nova sport 2, Nova sport 3 a Nova sport 4, a<br \/>\nvyz\u00fdv\u00e1 jej k dopln\u011bn\u00ed Zav\u00e1d\u011bc\u00edho pl\u00e1nu na zkr\u00e1cen\u00e9 hodnocen\u00e9 obdob\u00ed o konkr\u00e9tn\u00ed z\u00e1vazky<br \/>\nzp\u0159\u00edstupn\u011bn\u00ed. Rada stanovuje lh\u016ftu k pod\u00e1n\u00ed vysv\u011btlen\u00ed 30 dn\u00ed ode dne doru\u010den\u00ed t\u00e9to v\u00fdzvy.<br \/>\n&#8211; Rada v r\u00e1mci sv\u00e9 kompetence dan\u00e9 \u00a7 5 odst. 1 p\u00edsm. a) a f) z\u00e1kona \u010d. 231\/2001 Sb.,<br \/>\no provozov\u00e1n\u00ed rozhlasov\u00e9ho a televizn\u00edho vys\u00edl\u00e1n\u00ed a o zm\u011bn\u011b dal\u0161\u00edch z\u00e1kon\u016f, v platn\u00e9m zn\u011bn\u00ed<br \/>\n(d\u00e1le jen \u201ez\u00e1kon \u010d. 231\/2001 Sb.\u201c) a v souladu s ustanoven\u00edm \u00a7 137 odst. 1 z\u00e1kona \u010d. 500\/2004<br \/>\nSb., spr\u00e1vn\u00ed \u0159\u00e1d, (d\u00e1le jen \u201ez\u00e1kon \u010d. 500\/2004 Sb.\u201c) \u017e\u00e1d\u00e1 provozovatele TV FASHION s.r.o., I\u010c<br \/>\n01897845, s\u00eddlem Th\u00e1mova 166\/18, Praha, PS\u010c 18600, o pod\u00e1n\u00ed vysv\u011btlen\u00ed ohledn\u011b<br \/>\np\u0159edlo\u017een\u00e9ho Zav\u00e1d\u011bc\u00edho pl\u00e1nu zp\u0159\u00edstup\u0148ov\u00e1n\u00ed televizn\u00edch po\u0159ad\u016f pro osoby se sluchov\u00fdm<br \/>\nposti\u017een\u00edm a osoby se zrakov\u00fdm posti\u017een\u00edm na obdob\u00ed ode dne 1. \u010dervence 2023 do dne<br \/>\n30. \u010dervna 2025 (d\u00e1le jen \u201eZav\u00e1d\u011bc\u00ed pl\u00e1n na zkr\u00e1cen\u00e9 hodnocen\u00e9 obdob\u00ed\u201c), resp. vyz\u00fdv\u00e1<br \/>\nprovozovatele ke specifikaci procentu\u00e1ln\u00edho pod\u00edlu zp\u0159\u00edstupn\u011bn\u00fdch po\u0159ad\u016f ve vys\u00edl\u00e1n\u00ed programu<br \/>\nFASHION TV pro osoby se sluchov\u00fdm a pro osoby se zrakov\u00fdm posti\u017een\u00edm. Rada stanovuje lh\u016ftu<br \/>\nk pod\u00e1n\u00ed vysv\u011btlen\u00ed 30 dn\u00ed ode dne doru\u010den\u00ed t\u00e9to v\u00fdzvy.<br \/>\n&#8211; Rada v r\u00e1mci sv\u00e9 kompetence dan\u00e9 \u00a7 5 odst. 1 p\u00edsm. a) a f) z\u00e1kona \u010d. 231\/2001 Sb.,<br \/>\no provozov\u00e1n\u00ed rozhlasov\u00e9ho a televizn\u00edho vys\u00edl\u00e1n\u00ed a o zm\u011bn\u011b dal\u0161\u00edch z\u00e1kon\u016f, v platn\u00e9m zn\u011bn\u00ed<br \/>\n(d\u00e1le jen \u201ez\u00e1kon \u010d. 231\/2001 Sb.\u201c) a v souladu s ustanoven\u00edm \u00a7 137 odst. 1 z\u00e1kona \u010d. 500\/2004<br \/>\nSb., spr\u00e1vn\u00ed \u0159\u00e1d, (d\u00e1le jen \u201ez\u00e1kon \u010d. 500\/2004 Sb.\u201c) \u017e\u00e1d\u00e1 provozovatele FILM EUROPE, s.r.o., I\u010c<br \/>\n28922921, s\u00eddlem V j\u00e1m\u011b 699\/1, Praha 1, PS\u010c 11000, o pod\u00e1n\u00ed vysv\u011btlen\u00ed, z jak\u00e9ho d\u016fvodu v<br \/>\nr\u00e1mci p\u0159edlo\u017een\u00e9ho Zav\u00e1d\u011bc\u00edho pl\u00e1nu zp\u0159\u00edstup\u0148ov\u00e1n\u00ed televizn\u00edch po\u0159ad\u016f pro osoby se sluchov\u00fdm<br \/>\nposti\u017een\u00edm a osoby se zrakov\u00fdm posti\u017een\u00edm na obdob\u00ed ode dne 1. \u010dervence 2023 do dne<br \/>\n30. \u010dervna 2025 (d\u00e1le jen \u201eZav\u00e1d\u011bc\u00ed pl\u00e1n na zkr\u00e1cen\u00e9 hodnocen\u00e9 obdob\u00ed\u201c), pro programy Film<br \/>\nEurope a Film Europe +, deklaroval z\u00e1vazky zp\u0159\u00edstupn\u011bn\u00ed po\u0159ad\u016f pro osoby se sluchov\u00fdm a osoby<br \/>\nse zrakov\u00fdm posti\u017een\u00edm pouze pro prvn\u00ed rok hodnocen\u00e9ho obdob\u00ed (1. 7. 2023 &#8211; 30. 6. 2024), a<br \/>\nvyz\u00fdv\u00e1 jej, aby doplnil z\u00e1vazky zp\u0159\u00edstupn\u011bn\u00ed vztahuj\u00edc\u00ed se ke druh\u00e9mu roku hodnocen\u00e9ho obdob\u00ed<br \/>\n(1.7. 2024 &#8211; 30. 6. 2025). Rada stanovuje lh\u016ftu k pod\u00e1n\u00ed vysv\u011btlen\u00ed 30 dn\u00ed ode dne doru\u010den\u00ed t\u00e9to<br \/>\nv\u00fdzvy.<br \/>\n&#8211; Rada jako\u017eto \u00fast\u0159edn\u00ed spr\u00e1vn\u00ed \u00fa\u0159ad, v r\u00e1mci sv\u00e9 kompetence dan\u00e9 ustanoven\u00edm \u00a7 7 p\u00edsm. a)<br \/>\nz\u00e1kona \u010d. 40\/1995 Sb., o regulaci reklamy a o zm\u011bn\u011b a dopln\u011bn\u00ed z\u00e1kona \u010d. 468\/1991 Sb.,<br \/>\no provozov\u00e1n\u00ed rozhlasov\u00e9ho a televizn\u00edho vys\u00edl\u00e1n\u00ed, ve zn\u011bn\u00ed platn\u00fdch p\u0159edpis\u016f (d\u00e1le jen \u201ez\u00e1kon<br \/>\n\u010d. 40\/1995 Sb.\u201c), dle ustanoven\u00ed \u00a7 8a odst. 3 p\u00edsm. b) a ustanoven\u00ed \u00a7 8a odst. 7 p\u00edsm. c) z\u00e1kona<br \/>\n\u010d. 40\/1995 Sb., v platn\u00e9m zn\u011bn\u00ed, v \u0159\u00edzen\u00ed o p\u0159estupku veden\u00e9m podle z\u00e1kona \u010d. 250\/2016 Sb., o<br \/>\nodpov\u011bdnosti za p\u0159estupky a \u0159\u00edzen\u00ed o nich (d\u00e1le jen \u201ez\u00e1kon o odpov\u011bdnosti za p\u0159estupky\u201c), rozhodla<br \/>\ndne 24. \u0159\u00edjna 2023 takto: I. Obvin\u011bn\u00e1 spole\u010dnost Emporia Style Kft., v likvidaci, I\u010cO: 01-09-170422,<br \/>\nse s\u00eddlem 1012 Budape\u0161\u0165, M\u00e1rv\u00e1ny u. 17., respektive Budape\u0161\u0165, Zsolt ut. 6, B. fst. 3, 1016,<br \/>\nMa\u010farsko, DI\u010c: 12239856-2-41, jako\u017eto zpracovatel teleshoppingu, se uzn\u00e1v\u00e1 vinnou za sp\u00e1ch\u00e1n\u00ed<br \/>\np\u0159estupku dle ustanoven\u00ed \u00a7 8a odst. 3 p\u00edsm. b) z\u00e1kona \u010d. 40\/1995 Sb., kter\u00e9ho se dopustila<br \/>\nporu\u0161en\u00edm ustanoven\u00ed \u00a7 2 odst. 1 p\u00edsm. b) z\u00e1kona \u010d. 40\/1995 Sb., a to zpracov\u00e1n\u00edm reklamy,<br \/>\nrespektive teleshoppingu Klenot TV vys\u00edlan\u00e9ho dne 28. dubna 2019 od 11:21 hodin na programu<br \/>\nKINO BARRANDOV, kter\u00fd je nekalou obchodn\u00ed praktikou podle zvl\u00e1\u0161tn\u00edho p\u0159edpisu, tj. podle<br \/>\nustanoven\u00ed \u00a7 4 odst. 3 z\u00e1kona \u010d. 634\/1992 Sb., o ochran\u011b spot\u0159ebitele, respektive p\u00edsm. p) P\u0159\u00edlohy<br \/>\n1 k tomuto z\u00e1konu, nebo\u0165 moder\u00e1torka v teleshoppingu opakovan\u011b tvrdila, \u017ee nab\u00edzen\u00e9 v\u00fdrobky,<br \/>\nkter\u00fdmi byly \u0161perky se vsazen\u00fdmi kameny, respektive \u017ee tyto vsazen\u00e9 kameny mohou odstranit<br \/>\nr\u016fzn\u00e9 zdravotn\u00ed pot\u00ed\u017ee, p\u0159i\u010dem\u017e nab\u00eddku konkr\u00e9tn\u00edch v\u00fdrobk\u016f podpo\u0159ila formulacemi:<\/p>\n<p>\u201esmaragd (&#8230;)l\u00e9\u010d\u00ed samoz\u0159ejm\u011b i t\u011blo i duch, ducha\u201c (\u010das 11:41:31-11:41:41 hodin); \u201eTurmal\u00edny jsou<br \/>\nnejpozitivn\u011bj\u0161\u00edmi, nejl\u00e9\u010div\u011bj\u0161\u00edmi kameny. (&#8230;) p\u016fsob\u00ed to, pros\u00edm v\u00e1s, na v\u0161echny snad org\u00e1ny.\u201c (\u010das<br \/>\n12:09:44-12:10:05 hodin); \u201eAmetysty maj\u00ed velmi rychl\u00e9, siln\u00e9 \u00fa\u010dinky (&#8230;) je to k\u00e1men l\u00e9\u010div\u00fd\u201c (\u010das<br \/>\n12:15:24-12:15:50 hodin); \u201eJe to dokonce p\u0159\u00edrodn\u00ed sedativum, pr\u00e1v\u011b ametyst\u00edk, a je to k\u00e1men,<br \/>\nvlastn\u011b, kter\u00fd, vlastn\u011b celkov\u011b, celkov\u011b vlastn\u011b pom\u00e1h\u00e1. M\u00e1 silnou l\u00e9\u010divou moc\u201c (\u010das 12:19:15-<br \/>\n12:19:34 hodin); \u201eTopaz je k\u00e1men (&#8230;) l\u00e9\u010den\u00ed.\u201c (\u010das 12:31:50-12:31:55 hodin). T\u011bmito tvrzen\u00edmi<br \/>\nmoder\u00e1torka implikovala, \u017ee kameny v nab\u00edzen\u00fdch \u0161perc\u00edch mohou r\u016fzn\u00e9 zdravotn\u00ed pot\u00ed\u017ee<br \/>\nodstranit, resp. vyl\u00e9\u010dit. Nebezpe\u010d\u00ed t\u011bchto tvrzen\u00ed lze spat\u0159ovat v tom, \u017ee p\u0159\u00edslu\u0161n\u00e9 zdravotn\u00ed<br \/>\nprobl\u00e9my mohou b\u00fdt vyvol\u00e1ny z\u00e1va\u017en\u011bj\u0161\u00edmi onemocn\u011bn\u00edmi a signalizovat je, a div\u00e1k pod vlivem<br \/>\ncitovan\u00fdch tvrzen\u00ed m\u016f\u017ee zanedbat \u0159\u00e1dnou p\u00e9\u010di o sv\u00e9 zdrav\u00ed. \u00dadajn\u00e9 l\u00e9\u010div\u00e9 \u00fa\u010dinky kamen\u016f ve<br \/>\n\u0161perc\u00edch byly opakovan\u011b zd\u016fraz\u0148ov\u00e1ny, resp. byly prezentov\u00e1ny jako v\u00fdznamn\u00fd d\u016fvod k n\u00e1kupu<br \/>\n\u0161perku. Takov\u00fd postup m\u016f\u017ee spot\u0159ebitele p\u0159im\u011bt u\u010dinit rozhodnut\u00ed (n\u00e1kup produktu), kter\u00e9 by za<br \/>\nb\u011b\u017en\u00fdch okolnost\u00ed neu\u010dinili. D\u016fsledkem takov\u00e9ho jedn\u00e1n\u00ed m\u016f\u017ee b\u00fdt ohro\u017een\u00ed zdrav\u00ed spot\u0159ebitel\u016f,<br \/>\nkte\u0159\u00ed tak mohou zanedbat \u0159\u00e1dnou p\u00e9\u010di o sv\u016fj zdravotn\u00ed stav. II. Za p\u0159estupek se pachateli v souladu<br \/>\ns ustanoven\u00edm \u00a7 8a odst. 7 p\u00edsm. c) z\u00e1kona \u010d. 40\/1995 Sb., a ustanoven\u00edm \u00a7 35 p\u00edsm. b) a \u00a7 46<br \/>\nodst. 1 z\u00e1kona \u010d. 250\/2016 Sb., ukl\u00e1d\u00e1 pokuta ve v\u00fd\u0161i 100 000,- K\u010d Pokuta je splatn\u00e1 ve lh\u016ft\u011b 30<br \/>\ndn\u016f ode dne pr\u00e1vn\u00ed moci tohoto rozhodnut\u00ed na \u00fa\u010det 3754-19223001\/0710, variabiln\u00ed symbol<br \/>\n2020281. III. V souladu s ustanoven\u00edm \u00a7 95 odst. 1 z\u00e1kona \u010d. 250\/2016 Sb. a ustanoven\u00edm \u00a7 6<br \/>\nvyhl\u00e1\u0161ky \u010d. 520\/2005 Sb., o rozsahu hotov\u00fdch v\u00fddaj\u016f a u\u0161l\u00e9ho v\u00fdd\u011blku, kter\u00e9 spr\u00e1vn\u00ed org\u00e1n hrad\u00ed<br \/>\njin\u00fdm osob\u00e1m, a o v\u00fd\u0161i pau\u0161\u00e1ln\u00ed \u010d\u00e1stky n\u00e1klad\u016f \u0159\u00edzen\u00ed, ukl\u00e1d\u00e1 Rada pachateli povinnost uhradit<br \/>\npau\u0161\u00e1ln\u00ed \u010d\u00e1stku n\u00e1klad\u016f \u0159\u00edzen\u00ed ve v\u00fd\u0161i 1 000,- K\u010d. \u00dahrada n\u00e1klad\u016f \u0159\u00edzen\u00ed je splatn\u00e1 do p\u011bti<br \/>\npracovn\u00edch dn\u016f ode dne doru\u010den\u00ed tohoto rozhodnut\u00ed na \u00fa\u010det \u010d. 3711-19223001\/0710, variabiln\u00ed<br \/>\nsymbol 2020281.<br \/>\n&#8211; Rada se sezn\u00e1mila s podan\u00fdm vysv\u011btlen\u00edm FTV Prima, spol. s r.o., I\u010c 48115908, s\u00eddlem<br \/>\nVinohradsk\u00e1 3217\/167, Stra\u0161nice, 100 00 Praha 10, z jak\u00e9ho d\u016fvodu neoslovil v report\u00e1\u017ei nazvan\u00e9<br \/>\nKritika konsolida\u010dn\u00edho bal\u00ed\u010dku, odvys\u00edlan\u00e9 v relaci Hlavn\u00ed zpr\u00e1vy na programu CNN Prima News<br \/>\ndne 18. kv\u011btna 2023 v \u010dase od 18.55 hodin, n\u011bkter\u00e9ho z vl\u00e1dn\u00edch p\u0159edstavitel\u016f \u010di jej\u00edch z\u00e1stupc\u016f,<br \/>\naby se k t\u00e9matu, resp. k v\u00fdtk\u00e1m sm\u011b\u0159ovan\u00fdm k vl\u00e1dn\u00edmu konsolida\u010dn\u00edmu bal\u00ed\u010dku vyj\u00e1d\u0159il.<br \/>\n&#8211; Rada v r\u00e1mci sv\u00e9 p\u016fsobnosti dan\u00e9 ustanoven\u00edm \u00a7 5 odst. 1 p\u00edsm. a) a f) a \u00a7 59 odst. 1-3 z\u00e1kona<br \/>\n\u010d. 231\/2001 Sb., o provozov\u00e1n\u00ed rozhlasov\u00e9ho a televizn\u00edho vys\u00edl\u00e1n\u00ed a o zm\u011bn\u011b dal\u0161\u00edch z\u00e1kon\u016f (d\u00e1le<br \/>\njen z\u00e1kon \u010d. 231\/2001 Sb.), v platn\u00e9m zn\u011bn\u00ed, upozor\u0148uje provozovatele FTV Prima, spol. s r.o., I\u010c<br \/>\n48115908, s\u00eddlem Vinohradsk\u00e1 3217\/167, Stra\u0161nice, 100 00 Praha 10, na poru\u0161en\u00ed ustanoven\u00ed<br \/>\n\u00a7 31 odst. 3 z\u00e1kona \u010d. 231\/2001 Sb., kter\u00e9ho se dopustil odvys\u00edl\u00e1n\u00edm report\u00e1\u017ee nazvan\u00e9 Kritika<br \/>\nkonsolida\u010dn\u00edho bal\u00ed\u010dku v po\u0159adu Hlavn\u00ed zpr\u00e1vy na programu CNN Prima News dne 18. kv\u011btna 2023<br \/>\nv \u010dase od 18.55 hodin, nebo\u0165 do report\u00e1\u017ee neza\u0159adil \u017e\u00e1dnou reakci n\u011bkter\u00e9ho z vl\u00e1dn\u00edch<br \/>\np\u0159edstavitel\u016f \u010di jejich z\u00e1stupc\u016f k p\u0159ednesen\u00fdm v\u00fdtk\u00e1m sm\u011b\u0159ovan\u00fdm k vl\u00e1dn\u00edmu konsolida\u010dn\u00edmu<br \/>\nbal\u00ed\u010dku, a report\u00e1\u017e tak byla zpracov\u00e1na jednostrannou optikou s nastaven\u00fdm negativn\u00edm r\u00e1mcem<br \/>\nv\u016f\u010di konsolida\u010dn\u00edmu bal\u00ed\u010dku. T\u00edm se provozovatel dopustil poru\u0161en\u00ed povinnosti provozovatele<br \/>\nvys\u00edl\u00e1n\u00ed zajistit, aby ve zpravodajsk\u00fdch a politicko-publicistick\u00fdch po\u0159adech bylo db\u00e1no z\u00e1sad<br \/>\nobjektivity a vyv\u00e1\u017eenosti a zejm\u00e9na nebyla v celku vys\u00edlan\u00e9ho programu jednostrann\u011b<br \/>\nzv\u00fdhod\u0148ov\u00e1na \u017e\u00e1dn\u00e1 politick\u00e1 strana nebo hnut\u00ed, pop\u0159\u00edpad\u011b jejich n\u00e1zory nebo n\u00e1zory jednotliv\u00fdch<br \/>\nskupin ve\u0159ejnosti, a to s p\u0159ihl\u00e9dnut\u00edm k jejich re\u00e1ln\u00e9mu postaven\u00ed v politick\u00e9m a spole\u010densk\u00e9m<br \/>\n\u017eivot\u011b. Rada stanovuje lh\u016ftu k n\u00e1prav\u011b 7 dn\u016f od doru\u010den\u00ed upozorn\u011bn\u00ed.<br \/>\n&#8211; Rada se sezn\u00e1mila s odep\u0159en\u00edm pod\u00e1n\u00ed vysv\u011btlen\u00ed provozovatele Barrandov Televizn\u00ed Studio<br \/>\na.s., I\u010c: 41693311, s\u00eddlem: K\u0159\u00ed\u017eeneck\u00e9ho n\u00e1m\u011bst\u00ed 322\/5, Praha 5, PS\u010c 152 00, jak\u00fdm zp\u016fsobem<br \/>\nv m\u011bs\u00edci \u010dervenci 2023 napl\u0148oval ve vys\u00edl\u00e1n\u00ed programu Televize Barrandov licen\u010dn\u00ed podm\u00ednku, \u017ee<br \/>\nbude na tomto programu zpravodajsk\u00fd p\u0159ehled vys\u00edl\u00e1n n\u011bkolikr\u00e1t denn\u011b.<br \/>\n&#8211; Rada v r\u00e1mci sv\u00e9 p\u016fsobnosti dan\u00e9 ustanoven\u00edm \u00a7 5 odst. 1 p\u00edsm. a) a f) a \u00a7 59 odst. 1-3 z\u00e1kona<br \/>\n\u010d. 231\/2001 Sb., o provozov\u00e1n\u00ed rozhlasov\u00e9ho a televizn\u00edho vys\u00edl\u00e1n\u00ed a o zm\u011bn\u011b dal\u0161\u00edch z\u00e1kon\u016f (d\u00e1le<br \/>\njen z\u00e1kon \u010d. 231\/2001 Sb.), v platn\u00e9m zn\u011bn\u00ed, upozor\u0148uje provozovatele Barrandov<\/p>\n<p>Televizn\u00ed Studio a.s., I\u010c 41693311, s\u00eddlem K\u0159\u00ed\u017eeneck\u00e9ho n\u00e1m\u011bst\u00ed 322\/5, Praha 5, PS\u010c 152 00, na poru\u0161en\u00ed<br \/>\nlicen\u010dn\u00edch podm\u00ednek programu Televize Barrandov \u0161\u00ed\u0159en\u00e9ho prost\u0159ednictv\u00edm pozemn\u00edch vys\u00edla\u010d\u016f<br \/>\nv syst\u00e9mu DVB-T (licence Sp. zn.\/Ident.: 2013\/378\/FIA\/Bar, \u010d. j. FIA\/2148\/2013), dle kter\u00fdch m\u00e1<br \/>\nprogram nab\u00edzet n\u011bkolikr\u00e1t denn\u011b zpravodajsk\u00fd p\u0159ehled, kter\u00e9ho se provozovatel dopustil t\u00edm, \u017ee<br \/>\nv obdob\u00ed od 26. \u010dervna 2023 do 23. srpna 2023 vys\u00edlal zpravodajsk\u00fd po\u0159ad Na\u0161e zpr\u00e1vy pouze<br \/>\njednou denn\u011b. Rada stanovuje lh\u016ftu k n\u00e1prav\u011b 30 dn\u016f od doru\u010den\u00ed upozorn\u011bn\u00ed.<br \/>\n&#8211; Rada se sezn\u00e1mila s podan\u00fdm vysv\u011btlen\u00edm provozovatele Barrandov Televizn\u00ed Studio a.s., na<br \/>\nz\u00e1klad\u011b jak\u00e9ho smluvn\u00edho ujedn\u00e1n\u00ed byly v r\u00e1mci po\u0159adu Barrandovsk\u00fd Silvestr &#8211; To nejlep\u0161\u00ed III<br \/>\nodvys\u00edlan\u00e9m na programu Televize Barrandov dne 29. 7. 2023 od 20:00 hodin prezentov\u00e1ny<br \/>\nprodukty zna\u010dky Mattoni.<br \/>\n&#8211; Rada coby \u00fast\u0159edn\u00ed spr\u00e1vn\u00ed \u00fa\u0159ad v r\u00e1mci sv\u00e9 kompetence dan\u00e9 ustanoven\u00edm \u00a7 5 odst. 1 p\u00edsm.<br \/>\na) z\u00e1kona \u010d. 231\/2001 Sb., o provozov\u00e1n\u00ed rozhlasov\u00e9ho a televizn\u00edho vys\u00edl\u00e1n\u00ed a o zm\u011bn\u011b dal\u0161\u00edch<br \/>\nz\u00e1kon\u016f (d\u00e1le jen z\u00e1kon \u010d. 231\/2001 Sb.), rozhodla v souladu s ustanoven\u00edm \u00a7 76 odst. 1 p\u00edsm. a)<br \/>\nz\u00e1kona \u010d. 250\/2016 Sb., o odpov\u011bdnosti za p\u0159estupky a \u0159\u00edzen\u00ed o nich, v platn\u00e9m zn\u011bn\u00ed, ve v\u011bci<br \/>\nmo\u017en\u00e9ho p\u0159estupku sp\u00e1chan\u00e9ho odvys\u00edl\u00e1n\u00edm po\u0159adu Barrandovsk\u00fd Silvestr &#8211; To nejlep\u0161\u00ed III, dne<br \/>\n29. 7. 2023 od 20:00 hodin na programu Televize Barrandov, \u017ee v\u011bc odkl\u00e1d\u00e1.<br \/>\n&#8211; Rada se sezn\u00e1mila s podan\u00fdm vysv\u011btlen\u00edm provozovatele HBO Europe s.r.o., z jak\u00e9ho d\u016fvodu<br \/>\nodvys\u00edlal dne 5. \u010dervna 2023 na programu Cartoonito Benelux CEE GAS sc\u00e9nky z r\u016fzn\u00fdch<br \/>\nanimovan\u00fdch po\u0159ad\u016f bez ozna\u010den\u00ed televizn\u00edho programu.<br \/>\n&#8211; Rada se sezn\u00e1mila s rozsudkem M\u011bstsk\u00e9ho soudu v Praze ze dne 30. srpna 2023, \u010d. j. 9A<br \/>\n81\/2020, kter\u00fdm zru\u0161il rozhodnut\u00ed Rady ze dne 6. kv\u011btna 2020, \u010d. j. RRTV\/8507\/2020-had, sp. zn.<br \/>\nRRTV\/2019\/784\/had, j\u00edm\u017e byla ulo\u017eena pokuta 100 000,- K\u010d spole\u010dnosti Emporia Style Kft., I\u010cO:<br \/>\n01-09-170422, se s\u00eddlem 1012 Budapest, M\u00e1rv\u00e1ny (v likvidaci) u. 17., DI\u010c: 12239856-2-41 pro<br \/>\nporu\u0161en\u00ed povinnosti stanoven\u00e9 \u00a7 5d odst. 2 z\u00e1kona \u010d. 40\/1995 Sb., dle \u010dl. 7 odst. 3 a 4 p\u00edsm. a)<br \/>\nNa\u0159\u00edzen\u00ed EP a Rady (EU) \u010d. 1169\/2011, jeho\u017e se m\u011bla dopustit zad\u00e1n\u00edm reklamy\/teleshoppingu<br \/>\nKlenot TV, odvys\u00edlan\u00e9ho dne 9. 7. 2019 od 12:41 hodin na programu KINO BARRANDOV.<br \/>\n&#8211; Rada souhlas\u00ed s pod\u00e1n\u00edm kasa\u010dn\u00ed st\u00ed\u017enosti proti rozsudku M\u011bstsk\u00e9ho soudu v Praze ze dne<br \/>\n30. srpna 2023, \u010d. j. 9A 81\/2020, kter\u00fdm M\u011bstsk\u00fd soud v Praze zru\u0161il rozhodnut\u00ed Rady ze dne<br \/>\n6. kv\u011btna 2020, \u010d. j. RRTV\/8507\/2020-had, sp. zn. RRTV\/2019\/784\/had o ulo\u017een\u00ed pokutu ve v\u00fd\u0161i<br \/>\n100 000,- K\u010d spole\u010dnosti Emporia Style Kft. pro poru\u0161en\u00ed povinnosti stanoven\u00e9 \u00a7 5d odst. 2 z\u00e1kona<br \/>\n\u010d. 40\/1995 Sb., dle \u010dl. 7 odst. 3 a 4 p\u00edsm. a) Na\u0159\u00edzen\u00ed EP a Rady (EU) \u010d. 1169\/2011, jeho\u017e se m\u011bla<br \/>\nspole\u010dnost dopustit zad\u00e1n\u00edm reklamy\/teleshoppingu Klenot TV, odvys\u00edlan\u00e9ho dne 9. 7. 2019 od<br \/>\n12:41 hodin na programu KINO BARRANDOV.<br \/>\n&#8211; Rada se sezn\u00e1mila s rozhodnut\u00edm Arbitr\u00e1\u017en\u00ed komise Rady pro reklamu ve v\u011bci obchodn\u00edho<br \/>\nsd\u011blen\u00ed Connectit &#8211; Doodle mouse 3.<br \/>\n&#8211; Rada se sezn\u00e1mila s ozn\u00e1men\u00edm provozovatele ATV CZ, s.r.o., I\u010c: 27647234, Olbrachtova<br \/>\n1980\/5, Kr\u010d, 140 00 Praha 4, ve v\u011bci samoregulace a standard\u016f etiky provozovatele vys\u00edl\u00e1n\u00ed.<br \/>\nAUDIOVIZU\u00c1LN\u00cd MEDI\u00c1LN\u00cd SLU\u017dBY NA VY\u017d\u00c1D\u00c1N\u00cd A SLU\u017dBY PLATFOREM PRO SD\u00cdLEN\u00cd<br \/>\nVIDEONAHR\u00c1VEK<br \/>\n&#8211; Rada se sezn\u00e1mila s anal\u00fdzou obsahu potenci\u00e1ln\u00ed audiovizu\u00e1ln\u00ed medi\u00e1ln\u00ed slu\u017eby na vy\u017e\u00e1d\u00e1n\u00ed<br \/>\nNetflix, um\u00edst\u011bn\u00e9 na internetov\u00e9 str\u00e1nce https:\/\/www.netflix.com\/cz\/ dle z\u00e1konn\u00fdch defini\u010dn\u00edch<br \/>\nznak\u016f AVMSnV.<br \/>\n&#8211; Rada se sezn\u00e1mila s anal\u00fdzou obsahu potenci\u00e1ln\u00ed audiovizu\u00e1ln\u00ed medi\u00e1ln\u00ed slu\u017eby na vy\u017e\u00e1d\u00e1n\u00ed<br \/>\nDisney+, um\u00edst\u011bn\u00e9 na internetov\u00e9 str\u00e1nce https:\/\/www.disneyplus.com\/cs-cz dle z\u00e1konn\u00fdch<br \/>\ndefini\u010dn\u00edch znak\u016f AVMSnV.Rada se sezn\u00e1mila s anal\u00fdzou obsahu potenci\u00e1ln\u00ed audiovizu\u00e1ln\u00ed medi\u00e1ln\u00ed<\/p>\n<p>slu\u017eby na vy\u017e\u00e1d\u00e1n\u00ed<br \/>\nPrime video, um\u00edst\u011bn\u00e9 na internetov\u00e9 str\u00e1nce https:\/\/www.primevideo.com\/ dle z\u00e1konn\u00fdch<br \/>\ndefini\u010dn\u00edch znak\u016f AVMSnV.<br \/>\nOSTATN\u00cd<br \/>\n&#8211; Rada se sezn\u00e1mila s vyrozum\u011bn\u00edm Ministerstva financ\u00ed, Odboru od\u0161kod\u0148ov\u00e1n\u00ed a n\u00e1hrady, ve<br \/>\nv\u011bci n\u00e1roku Unie obh\u00e1jc\u016f na n\u00e1hradu nemajetkov\u00e9 \u00fajmy.<br \/>\n&#8211; Rada pro rozhlasov\u00e9 a televizn\u00ed vys\u00edl\u00e1n\u00ed podle ustanoven\u00ed \u00a7 7 odst. 1, p\u00edsm. b) z\u00e1kona<br \/>\n\u010d.634\/2004 Sb., o spr\u00e1vn\u00edch poplatc\u00edch, ve zn\u011bn\u00ed pozd\u011bj\u0161\u00edch p\u0159edpis\u016f, vrac\u00ed spole\u010dnosti RadioZET<br \/>\ns.r.o., I\u010c: 25616803, se s\u00eddlem K\u0159\u00ed\u017eov\u00e1 2598\/4,150 00 Praha 5, spr\u00e1vn\u00ed poplatek ve v\u00fd\u0161i 5 000,- K\u010d<br \/>\nzaplacen\u00fd dne 21. z\u00e1\u0159\u00ed 2023 na \u00fa\u010det \u010d. 3711-19223001\/0710 pod variabiln\u00edm symbolem<br \/>\n0010230120, proto\u017ee byl zaplacen poplatek, kter\u00fd nen\u00ed stanoven v sazebn\u00edku.<br \/>\n&#8211; Rada se sezn\u00e1mila s p\u0159ehledem odpov\u011bd\u00ed poskytnut\u00fdch podle z\u00e1kona \u010d.106\/1999 Sb.<\/p>\n<p>V Praze dne 26. 10. 2023<\/p>\n<p>Ing. arch. V\u00e1clav Mencl<br \/>\np\u0159edseda Rady pro rozhlasov\u00e9<br \/>\na televizn\u00ed vys\u00edl\u00e1n\u00ed<\/p>\n<p>kontakt: podatelna@rrtv.gov.cz<br \/>\n274 813 830<\/p>\n","protected":false},"excerpt":{"rendered":"<p>Rada pro rozhlasov\u00e9 a televizn\u00ed vys\u00edl\u00e1n\u00ed (d\u00e1le jen &#8222;Rada&#8220;) na sv\u00e9m 17. zased\u00e1n\u00ed projednala 35 bod\u016f programu. Vyhodnotila 17 st\u00ed\u017enost\u00ed div\u00e1k\u016f a poslucha\u010d\u016f, vydala t\u0159i upozorn\u011bn\u00ed na poru\u0161en\u00ed z\u00e1kona.<\/p>\n","protected":false},"author":9,"featured_media":0,"comment_status":"open","ping_status":"open","sticky":false,"template":"","format":"standard","meta":{"ngg_post_thumbnail":0,"footnotes":""},"categories":[11],"tags":[],"class_list":["post-13776","post","type-post","status-publish","format-standard","hentry","category-ozvena"],"_links":{"self":[{"href":"https:\/\/www.ladislavjakl.cz\/index.php?rest_route=\/wp\/v2\/posts\/13776","targetHints":{"allow":["GET"]}}],"collection":[{"href":"https:\/\/www.ladislavjakl.cz\/index.php?rest_route=\/wp\/v2\/posts"}],"about":[{"href":"https:\/\/www.ladislavjakl.cz\/index.php?rest_route=\/wp\/v2\/types\/post"}],"author":[{"embeddable":true,"href":"https:\/\/www.ladislavjakl.cz\/index.php?rest_route=\/wp\/v2\/users\/9"}],"replies":[{"embeddable":true,"href":"https:\/\/www.ladislavjakl.cz\/index.php?rest_route=%2Fwp%2Fv2%2Fcomments&post=13776"}],"version-history":[{"count":1,"href":"https:\/\/www.ladislavjakl.cz\/index.php?rest_route=\/wp\/v2\/posts\/13776\/revisions"}],"predecessor-version":[{"id":13777,"href":"https:\/\/www.ladislavjakl.cz\/index.php?rest_route=\/wp\/v2\/posts\/13776\/revisions\/13777"}],"wp:attachment":[{"href":"https:\/\/www.ladislavjakl.cz\/index.php?rest_route=%2Fwp%2Fv2%2Fmedia&parent=13776"}],"wp:term":[{"taxonomy":"category","embeddable":true,"href":"https:\/\/www.ladislavjakl.cz\/index.php?rest_route=%2Fwp%2Fv2%2Fcategories&post=13776"},{"taxonomy":"post_tag","embeddable":true,"href":"https:\/\/www.ladislavjakl.cz\/index.php?rest_route=%2Fwp%2Fv2%2Ftags&post=13776"}],"curies":[{"name":"wp","href":"https:\/\/api.w.org\/{rel}","templated":true}]}}