{"id":13779,"date":"2023-10-27T14:48:50","date_gmt":"2023-10-27T12:48:50","guid":{"rendered":"https:\/\/www.ladislavjakl.cz\/?p=13779"},"modified":"2023-10-27T14:48:50","modified_gmt":"2023-10-27T12:48:50","slug":"tihle-lide-ze-budou-nasi-suverenitu-hajit-jakl-vytahl-tezky-kalibr-na-pavla-i-fialu","status":"publish","type":"post","link":"https:\/\/www.ladislavjakl.cz\/?p=13779","title":{"rendered":"\u201eTihle lid\u00e9 \u017ee budou na\u0161i suverenitu h\u00e1jit?!\u201c Jakl vyt\u00e1hl t\u011b\u017ek\u00fd kalibr na Pavla i Fialu"},"content":{"rendered":"<p><strong>O zbytky suverenity budeme p\u0159ipraveni velmi brzo, varuje Ladislav Jakl, n\u011bkdej\u0161\u00ed tajemn\u00edk b\u00fdval\u00e9ho prezidenta V\u00e1clava Klause. \u010cin\u00ed tak po vyj\u00e1d\u0159en\u00ed prezidenta republiky Petra Pavla o tom, \u017ee pr\u00e1vo veta \u010dlensk\u00fdch zem\u00ed je brzdou pokroku Evropsk\u00e9 unie a \u017ee by se ho men\u0161\u00ed st\u00e1ty, jako je nap\u0159\u00edklad \u010cesk\u00e1 republika, m\u011bly vzd\u00e1t. Sv\u00e1 slova podle n\u011bj hlava st\u00e1tu op\u00edr\u00e1 o skute\u010dnost, \u017ee V\u00fdbor pro \u00fastavn\u00ed z\u00e1le\u017eitosti Evropsk\u00e9ho parlamentu tento t\u00fdden odhlasoval N\u011bmci a Francouzi p\u0159ipraven\u00fd dokument, kter\u00fd v\u00fdslovn\u011b navrhuje zru\u0161it \u010dlensk\u00fdm st\u00e1t\u016fm pr\u00e1vo veta v 65 oblastech unijn\u00edho pr\u00e1va.<\/strong><\/p>\n<p><!--more--><\/p>\n<div>\n<div class=\"social-media-buttons clearfix\">&nbsp;<\/div>\n<\/div>\n<figure>\n<div class=\"img\"><img loading=\"lazy\" decoding=\"async\" class=\"\" src=\"https:\/\/cms.parlamentnilisty.cz\/image.ashx?w=632&amp;h=307&amp;f=IMG_3151_637665434925716166.jpg&amp;id=161652\" alt=\"\u201eTihle lid\u00e9 \u017ee budou na\u0161i suverenitu h\u00e1jit?!\u201c Jakl vyt\u00e1hl t\u011b\u017ek\u00fd kalibr na Pavla i Fialu\" width=\"389\" height=\"189\"><\/div><figcaption class=\"photo-info\"><small>Foto:&nbsp;<strong>Hans \u0160tembera<\/strong><br \/>\nPopisek:&nbsp;<strong>Ladislav Jakl<\/strong><\/small><\/figcaption><\/figure>\n<section class=\"article-content\">\u201eO zbytky suverenity, kterou u\u017e trochu anachronicky zrovna slav\u00edme, budeme p\u0159ipraveni velmi brzo. Ohledn\u011b nap\u0159\u00edklad obrany, zahrani\u010dn\u00ed politiky \u010di energetiky u\u017e by za ostatn\u00ed nap\u0159\u00ed\u0161t\u011b fakticky rozhodovalo N\u011bmecko za p\u0159izvukov\u00e1n\u00ed Francie,\u201c uv\u00e1d\u00ed Jakl ve sv\u00e9m textu na webu&nbsp;<a href=\"https:\/\/www.institutvk.cz\/clanky\/2509.html\" target=\"_blank\" rel=\"nofollow noopener\">Institutu V\u00e1clava Klause<\/a>.Podle informac\u00ed z m\u00e9di\u00ed se pr\u00fd v onom v\u00fdboru m\u011blo hlasovat u\u017e 12. \u0159\u00edjna, ale na \u017e\u00e1dost polsk\u00e9 \u2013 tehdy je\u0161t\u011b opozi\u010dn\u00ed \u2013 Ob\u010dansk\u00e9 platformy bylo odlo\u017eeno na 25. \u0159\u00edjna, tedy a\u017e po volb\u00e1ch v Polsku. P\u0159esto se nejv\u011bt\u0161\u00ed odpor k t\u011bmto pl\u00e1n\u016fm oz\u00fdv\u00e1 pr\u00e1v\u011b z Polska, kde se objevily i hlasy pro vyps\u00e1n\u00ed referenda v t\u00e9to v\u011bci, dod\u00e1v\u00e1 Jakl.&nbsp;<\/p>\n<p>V&nbsp;tomto kontextu si klade ot\u00e1zky, kdo bude br\u00e1nit na\u0161i suverenitu: \u201eJak se k&nbsp;tomu postav\u00ed svou suverenitu pr\u00e1v\u011b slav\u00edc\u00ed \u010cesk\u00e1 republika? S&nbsp;prezidentem, kter\u00fd my\u0161lenku konce na\u0161\u00ed suverenity podpo\u0159il u\u017e rovnou dop\u0159edu? S&nbsp;premi\u00e9rem, kter\u00fd ve sv\u00e9 funkci znectil v\u0161e, co hl\u00e1sal za celou svou p\u0159edvl\u00e1dn\u00ed osobn\u00ed historii, kdy o unifikaci a centralizaci EU \u0159\u00edkal jen to nejhor\u0161\u00ed?\u201c<\/p>\n<div class=\"google-auto-placed ap_container\">\n<p>A z\u00e1v\u011brem nab\u00edz\u00ed i nepot\u011b\u0161ivou odpov\u011b\u010f: \u201eTihle lid\u00e9 \u017ee budou na\u0161i suverenitu h\u00e1jit? Ta je jim dobr\u00e1 jen jako p\u0159\u00edle\u017eitost nechat si zahr\u00e1t fanf\u00e1ry ve Vladislavsk\u00e9m s\u00e1le,\u201c konstatuje Ladislav Jakl.<\/p>\n<p><a href=\"https:\/\/www.parlamentnilisty.cz\/arena\/monitor\/-Tihle-lide-ze-budou-nasi-suverenitu-hajit-Jakl-vytahl-tezky-kalibr-na-Pavla-i-Fialu-745100\">Zdroj<\/a><\/p>\n<\/div>\n<\/section>\n","protected":false},"excerpt":{"rendered":"<p>O zbytky suverenity budeme p\u0159ipraveni velmi brzo, varuje Ladislav Jakl, n\u011bkdej\u0161\u00ed tajemn\u00edk b\u00fdval\u00e9ho prezidenta V\u00e1clava Klause. \u010cin\u00ed tak po vyj\u00e1d\u0159en\u00ed prezidenta republiky Petra Pavla o tom, \u017ee pr\u00e1vo veta \u010dlensk\u00fdch zem\u00ed je brzdou pokroku Evropsk\u00e9 unie a \u017ee by se ho men\u0161\u00ed st\u00e1ty, jako je nap\u0159\u00edklad \u010cesk\u00e1 republika, m\u011bly vzd\u00e1t. Sv\u00e1 slova podle n\u011bj hlava [&hellip;]<\/p>\n","protected":false},"author":9,"featured_media":0,"comment_status":"open","ping_status":"open","sticky":false,"template":"","format":"standard","meta":{"ngg_post_thumbnail":0,"footnotes":""},"categories":[11],"tags":[],"class_list":["post-13779","post","type-post","status-publish","format-standard","hentry","category-ozvena"],"_links":{"self":[{"href":"https:\/\/www.ladislavjakl.cz\/index.php?rest_route=\/wp\/v2\/posts\/13779","targetHints":{"allow":["GET"]}}],"collection":[{"href":"https:\/\/www.ladislavjakl.cz\/index.php?rest_route=\/wp\/v2\/posts"}],"about":[{"href":"https:\/\/www.ladislavjakl.cz\/index.php?rest_route=\/wp\/v2\/types\/post"}],"author":[{"embeddable":true,"href":"https:\/\/www.ladislavjakl.cz\/index.php?rest_route=\/wp\/v2\/users\/9"}],"replies":[{"embeddable":true,"href":"https:\/\/www.ladislavjakl.cz\/index.php?rest_route=%2Fwp%2Fv2%2Fcomments&post=13779"}],"version-history":[{"count":1,"href":"https:\/\/www.ladislavjakl.cz\/index.php?rest_route=\/wp\/v2\/posts\/13779\/revisions"}],"predecessor-version":[{"id":13780,"href":"https:\/\/www.ladislavjakl.cz\/index.php?rest_route=\/wp\/v2\/posts\/13779\/revisions\/13780"}],"wp:attachment":[{"href":"https:\/\/www.ladislavjakl.cz\/index.php?rest_route=%2Fwp%2Fv2%2Fmedia&parent=13779"}],"wp:term":[{"taxonomy":"category","embeddable":true,"href":"https:\/\/www.ladislavjakl.cz\/index.php?rest_route=%2Fwp%2Fv2%2Fcategories&post=13779"},{"taxonomy":"post_tag","embeddable":true,"href":"https:\/\/www.ladislavjakl.cz\/index.php?rest_route=%2Fwp%2Fv2%2Ftags&post=13779"}],"curies":[{"name":"wp","href":"https:\/\/api.w.org\/{rel}","templated":true}]}}