{"id":13783,"date":"2023-11-03T12:27:48","date_gmt":"2023-11-03T11:27:48","guid":{"rendered":"https:\/\/www.ladislavjakl.cz\/?p=13783"},"modified":"2023-11-03T12:27:48","modified_gmt":"2023-11-03T11:27:48","slug":"vyznamenani-od-komouse-ale-lepsiho-masinove-a-novy-hrad","status":"publish","type":"post","link":"https:\/\/www.ladislavjakl.cz\/?p=13783","title":{"rendered":"Vyznamen\u00e1n\u00ed od \u201ekomou\u0161e\u201c. Ale lep\u0161\u00edho. Ma\u0161\u00ednov\u00e9 a nov\u00fd Hrad"},"content":{"rendered":"<p>\u201eN\u00e1\u0161 komou\u0161 je lep\u0161\u00ed ne\u017e v\u00e1\u0161 komou\u0161.\u201c Odpustila Zdena Ma\u0161\u00ednov\u00e1 prezidentu Pavlovi jeho komunistickou minulost? \u010cesk\u00e1 politika m\u00e1 rad\u011bji l\u00edbiv\u00e9 tv\u00e1\u0159e ne\u017e \u201estar\u00e9 proroky\u201c, kter\u00fdm d\u00e1v\u00e1 b\u011bh \u010dasu za pravdu. Tolik zazn\u011blo k tomu, zda bylo lep\u0161\u00ed z\u00edskat vyznamen\u00e1n\u00ed z rukou Milo\u0161e Zemana, nebo Petra Pavla. Parlamentn\u00edListy.cz se ptaly dvou znalc\u016f hradn\u00edho prost\u0159ed\u00ed i \u010desk\u00e9 politiky.<\/p>\n<p><!--more--><\/p>\n<div class=\"img\"><img decoding=\"async\" src=\"https:\/\/cms.parlamentnilisty.cz\/image.ashx?w=632&amp;h=307&amp;f=Pavel_Partie_638226763638583246.jpg&amp;id=180716\" alt=\"Vyznamen\u00e1n\u00ed od \u201ekomou\u0161e\u201c. Ale lep\u0161\u00edho. Ma\u0161\u00ednov\u00e9 a nov\u00fd Hrad\"><\/div>\n<p><small>Foto:&nbsp;<strong>Screen: CNN Prima News<\/strong><br \/>\nPopisek:&nbsp;<strong>Prezident Petr Pavel v po\u0159adu Partie na CNN Prima News.<\/strong><\/small><\/p>\n<section class=\"article-content\">Prezidenta Petra Pavla \u010dek\u00e1 v \u00fa\u0159adu premi\u00e9ra. V sobotu bude u p\u0159\u00edle\u017eitosti oslav st\u00e1tn\u00edho sv\u00e1tku v\u00fdro\u010d\u00ed vzniku samostatn\u00e9 \u010ceskoslovensk\u00e9 republiky ud\u011blovat nebo prop\u016fj\u010dovat nejvy\u0161\u0161\u00ed st\u00e1tn\u00ed vyznamen\u00e1n\u00ed.&nbsp;&nbsp;<\/p>\n<section class=\"section-brown section-inarticle poll pollNormal\">\n<div class=\"well well-rounded\">\n<div>&nbsp;<\/div>\n<div>T\u00edm se do medi\u00e1ln\u00ed diskuse op\u011bt dostaly politick\u00e9 spory a p\u016ftky kolem d\u0159\u00edv\u011bj\u0161\u00edho ud\u00edlen\u00ed st\u00e1tn\u00edch vyznamen\u00e1n\u00ed b\u00fdval\u00fdm prezidentem republiky Milo\u0161em Zemanem. Tehdy m\u011bly toti\u017e n\u011bkter\u00e9 ve\u0159ejn\u011b zn\u00e1m\u00e9 osobnosti pot\u0159ebu se vyjad\u0159ovat, \u017ee vyznamen\u00e1n\u00ed \u201eod Zemana\u201c nep\u0159evezmou. Anebo dokonce pouze hypoteticky, \u017ee kdyby jim ho n\u00e1hodou cht\u011bl ud\u011blit, odm\u00edtnou to.<\/div>\n<\/div>\n<\/section>\n<p>Tyto n\u00e1zory byly n\u011bkter\u00fdmi m\u00e9dii vyzdvihnuty z archiv\u016f, proto\u017ee n\u011bkolik takov\u00fdch osobnost\u00ed se letos do\u010dk\u00e1 a ocen\u011bn\u00ed z rukou prezidenta p\u0159evezme. Nap\u0159\u00edklad hudebn\u00edk Vladim\u00edr Mi\u0161\u00edk. Ten medaili odm\u00edtl v roce 2013. Dal\u0161\u00edm podobn\u00fdm p\u0159\u00edkladem m\u00e1 b\u00fdt zp\u011bva\u010dka Ida Kelarov\u00e1.<\/p>\n<p>Co ov\u0161em mezi n\u011bkter\u00fdmi koment\u00e1tory a p\u0159i diskus\u00edch na soci\u00e1ln\u00edch s\u00edt\u00edch vzbudilo nejv\u011bt\u0161\u00ed pozornost a m\u00edsty i \u00fadiv, je \u00fadajn\u011b p\u0159ipravovan\u00e9 vyznamen\u00e1n\u00ed Zdeny Ma\u0161\u00ednov\u00e9, sestry Josefa a Ctirada, kte\u0159\u00ed se v 50. letech prost\u0159\u00edleli na Z\u00e1pad a nechali za sebou n\u011bkolik nevinn\u00fdch mrtv\u00fdch v\u010detn\u011b pod\u0159ezan\u00e9ho spoutan\u00e9ho \u010dlov\u011bka.&nbsp;<\/p>\n<div class=\"google-auto-placed ap_container\">\n<p>Jak brat\u0159i (\u017eije u\u017e pouze Josef), tak jejich sestra Zdena cel\u00e9 roky uv\u00e1d\u011bli, \u017ee nikdy nevezmou jak\u00e9koli ocen\u011bn\u00ed z rukou \u010desk\u00e9ho st\u00e1tn\u00edho p\u0159edstavitele, kter\u00fd je b\u00fdval\u00fd komunista. Bez debat je, \u017ee Zdena Ma\u0161\u00ednov\u00e1, kter\u00e1 na rozd\u00edl od sv\u00fdch bratr\u016f celou dobu v \u010ceskoslovensku a pozd\u011bji v \u010cesk\u00e9 republice \u017eila, pat\u0159\u00ed mezi hlavn\u00ed antikomunisty, pam\u011btn\u00edky a p\u0159edstavitele lid\u00ed, kte\u0159\u00ed ze strany b\u00fdval\u00e9ho re\u017eimu za\u017e\u00edvali peklo.&nbsp;<\/p>\n<\/div>\n<p>P\u0159ed \u010dasem se ov\u0161em Zdena Ma\u0161\u00ednov\u00e1 setkala s nov\u00fdm prezidentem Petrem Pavlem a pozd\u011bji v&nbsp;<a href=\"https:\/\/olomoucky.denik.cz\/zpravy_region\/zdena-masinova-bratri-masinovi-vyznamenani-prezident-pavel.html\" target=\"_blank\" rel=\"nofollow noopener\"><strong>rozhovoru pro Olomouck\u00fd den\u00edk nazna\u010dila<\/strong><\/a>,&nbsp;\u017ee z rukou prezidenta Pavla p\u0159evezme nejvy\u0161\u0161\u00ed st\u00e1tn\u00ed vyznamen\u00e1n\u00ed. V z\u00e1\u0159ijov\u00e9m interview uvedla, \u017ee na hradn\u00ed oslavy 28. \u0159\u00edjna zat\u00edm obdr\u017eela pouze \u00fastn\u00ed pozv\u00e1nku. To se d\u011bje pouze v p\u0159\u00edpad\u011b vyznamenan\u00fdch, kte\u0159\u00ed jsou obvol\u00e1v\u00e1ni pracovn\u00edky odboru protokolu, aby si s dostate\u010dn\u00fdm p\u0159edstihem ud\u011blali \u010das. B\u011b\u017en\u00ed host\u00e9 jsou zv\u00e1ni jednotky t\u00fddn\u016f p\u0159edem pouze p\u00edsemn\u011b.<\/p>\n<p>\u201ePanu prezidentovi jsem \u0159ekla, \u017ee o&nbsp;tom budu p\u0159em\u00fd\u0161let. Abych \u0159ekla pravdu, je\u0161t\u011b \u00fapln\u011b rozhodnuta nejsem, ale sp\u00ed\u0161e bych se na Pra\u017esk\u00fd hrad dostavila. Takto to z\u0159ejm\u011b dopadne,\u201c sd\u011blila Ma\u0161\u00ednov\u00e1 pro Olomouck\u00fd den\u00edk.<\/p>\n<p>Komunistick\u00e1 minulost v p\u0159\u00edpad\u011b Petra Pavla j\u00ed patrn\u011b nevad\u00ed. Je zn\u00e1m\u00fdm faktem, \u017ee zat\u00edmco Milo\u0161 Zeman byl po roce 1968 z KS\u010c vyhozen pro nesouhlas se sov\u011btskou okupac\u00ed, nyn\u011bj\u0161\u00ed prezident do KS\u010c vstoupil a\u017e po srpnu 1968, a musel s touto okupac\u00ed tedy souhlasit. Pozd\u011bji \u0161\u00e9foval i m\u00edstn\u00ed bu\u0148ce KS\u010c a vstoupil do zpravodajsk\u00e9ho kurzu, kter\u00fd m\u011bl vychov\u00e1vat agenty vysazovan\u00e9 na Z\u00e1pad \u201edo t\u00fdlu nep\u0159\u00edtele\u201c pod diplomatick\u00fdm kryt\u00edm.&nbsp;<\/p>\n<p>Nakolik je spr\u00e1vn\u00e9 o tom diskutovat, jak je to mo\u017en\u00e9 vysv\u011btlit a \u010d\u00edm jsou politick\u00e9 spory okolo st\u00e1tn\u00edch vyznamen\u00e1n\u00ed dan\u00e9, se Parlamentn\u00edListy.cz zeptaly dvou osobnost\u00ed, kter\u00e9 prost\u0159ed\u00ed Pra\u017esk\u00e9ho hradu, politick\u00e9 d\u011bn\u00ed s t\u00edm spojen\u00e9 i p\u0159\u00edpravy oslav 28. \u0159\u00edjna, d\u016fv\u011brn\u011b znaj\u00ed.&nbsp;<\/p>\n<p>Na dotazy redakce odpov\u00eddal b\u00fdval\u00fd \u0161\u00e9f politick\u00e9ho odboru Kancel\u00e1\u0159e prezidenta republiky z dob V\u00e1clava Klause&nbsp;<strong>Ladislav Jakl<\/strong>&nbsp;a tak\u00e9 n\u011bkdej\u0161\u00ed \u0159editel tiskov\u00e9ho odboru a prezidentsk\u00fd mluv\u010d\u00ed Milo\u0161e Zemana&nbsp;<strong>Ji\u0159\u00ed Ov\u010d\u00e1\u010dek<\/strong>.<\/p>\n<p>\u201eNe\u017e se dostanu k&nbsp;va\u0161\u00ed ot\u00e1zce, neodpust\u00edm si jednu pozn\u00e1mku. Akce, kter\u00e1 ka\u017edoro\u010dn\u011b prob\u00edh\u00e1 28. \u0159\u00edjna ve Vladislavsk\u00e9m s\u00e1le Pra\u017esk\u00e9ho hradu, se nejmenuje Slavnostn\u00ed ud\u011blov\u00e1n\u00ed st\u00e1tn\u00edch vyznamen\u00e1n\u00ed. Ostatn\u011b m\u00e1me i jin\u00e9 \u0159\u00e1dov\u00e9 dny. Vyznamen\u00e1n\u00ed je jen doprovodn\u00fdm programem, takovou ozdobou ve\u010dera. Samotn\u00e1 akce se jmenuje Slavnostn\u00ed shrom\u00e1\u017ed\u011bn\u00ed u p\u0159\u00edle\u017eitosti st\u00e1tn\u00edho sv\u00e1tku Den vzniku samostatn\u00e9ho \u010deskoslovensk\u00e9ho st\u00e1tu. Jeho hlavn\u00edm bodem je (nebo sp\u00ed\u0161e m\u011bl by b\u00fdt) nejz\u00e1sadn\u011bj\u0161\u00ed projev hlavy st\u00e1tu v roce, cosi jako Zpr\u00e1va o stavu Unie. Prost\u011b shrnuj\u00edc\u00ed bilan\u010dn\u00ed projev, zachycuj\u00edc\u00ed to, jak se aktu\u00e1ln\u00ed prezident republiky d\u00edv\u00e1 na odkaz 28. \u0159\u00edjna a na na\u0161i sou\u010dasnost, na na\u0161i demokracii \u010di na \u017eivotnost p\u016fvodn\u00edch ide\u00e1l\u016f. Tak to alespo\u0148 d\u011blali prvn\u00ed dva polistopadov\u00ed prezidenti. Prezident Zeman se od t\u00e9to tradice odklonil, \u017e\u00e1dn\u00fd projev o stavu republiky si nep\u0159ipravoval a omezoval se jen na obhajobu sv\u00e9ho v\u00fdb\u011bru vyznamenan\u00fdch lid\u00ed. Prost\u011b si nechal od m\u00e9di\u00ed vnutit, \u017ee vyznamen\u00e1n\u00ed jsou t\u00edm prav\u00fdm obsahem onoho slavnostn\u00edho aktu. S&nbsp;projevy na\u0161ich prezident\u016f m\u016f\u017eeme souhlasit \u010di nesouhlasit, ale m\u011bly by p\u0159i t\u00e9hle p\u0159\u00edle\u017eitosti zazn\u00edt. Kdy jindy. Projev by m\u011bla b\u00fdt polo\u017eka na programu dne nutn\u00e1, vyznamen\u00e1n\u00ed b\u00fdt mohou, nebo tak\u00e9 mohou prob\u011bhnout t\u0159eba prvn\u00edho ledna. Ale abych neut\u00edkal z&nbsp;va\u0161\u00ed ot\u00e1zky. Prezident republiky je vrcholn\u00fd \u00fastavn\u00ed \u010dinitel. Nemus\u00ed to b\u00fdt m\u016fj obl\u00edbenec. Ale ne\u00factou k&nbsp;jeho \u00fastavn\u00edmu aktu d\u00e1vaj\u00ed n\u011bkte\u0159\u00ed lid\u00e9, kter\u00e9 m\u00e1te namysli, najevo svou ne\u00factu k&nbsp;na\u0161emu s\u00e1tu a jeho symbol\u016fm,\u201c uv\u00e1d\u00ed pro Parlamentn\u00edListy.cz Ladislav Jakl.<\/p>\n<div class=\"google-auto-placed ap_container\">\n<p>Dne\u0161n\u00edm postoj\u016fm v\u016f\u010di prezidentu Pavlovi, kter\u00fd byl v r\u00e1mci sv\u00e9ho vojensk\u00e9ho povol\u00e1n\u00ed kari\u00e9rn\u00edm komunistou, se nediv\u00ed. \u201eV\u00edme p\u0159ece, \u017ee posledn\u00ed prezidentsk\u00e9 volby prob\u011bhly podle hesla \u201an\u00e1\u0161 komou\u0161 je lep\u0161\u00ed ne\u017e v\u00e1\u0161 komou\u0161\u2018. Pokud sou\u010dasn\u00fd prezident poslouch\u00e1 ty \u201aspr\u00e1vn\u00e9\u2018 lidi, jde principi\u00e1lnost pohledu na komunisty stranou. Najednou je odpu\u0161t\u011bno i p\u0159edsedov\u00e1n\u00ed z\u00e1kladn\u00ed organizaci KS\u010c nebo p\u0159ijet\u00ed fale\u0161n\u00e9 identity v p\u0159\u00edprav\u011b k nasazen\u00ed v boji proti kapitalistick\u00e9mu nep\u0159\u00edteli. Milo\u0161 Zeman byl v obdob\u00ed normalizace upozad\u011bn, Pavel byl jej\u00edm aktivn\u00edm spolutv\u016frcem. Ale to jde stranou. Te\u010f je n\u00e1\u0161. Takov\u00e1 je asi logika n\u011bkter\u00fdch,\u201c m\u00edn\u00ed Jakl.<\/p>\n<\/div>\n<p>Ji\u0159\u00ed Ov\u010d\u00e1\u010dek p\u0159edeslal, \u017ee nerad kohokoliv soud\u00ed za jeho \u010diny. \u201eJe to v\u011bc vlastn\u00edho sv\u011bdom\u00ed, jak si zd\u016fvodnit takov\u00fd postoj, a prost\u011b takov\u00e9 rozhodnut\u00ed beru na v\u011bdom\u00ed. Obecn\u011b ale mohu \u0159\u00edci, \u017ee m\u00e1m pocit, \u017ee se zas a znova opakuje staroz\u00e1konn\u00ed p\u0159\u00edb\u011bh. Lid\u00e9 nen\u00e1vid\u00ed a o\u0161kliv\u00ed si star\u00e9ho proroka, ale miluj\u00ed kr\u00e1sn\u00e9 a lib\u011b hovo\u0159\u00edc\u00ed tv\u00e1\u0159e. A pak s\u00e1m \u017eivot potvrzuje, \u017ee m\u011bl star\u00fd prorok pravdu. S muslimskou migrac\u00ed, Izraelem, Green Dealem, islamismem, \u00falohou dron\u016f ve v\u00e1lk\u00e1ch, Evropskou uni\u00ed. Jen\u017ee to u\u017e je v\u011bt\u0161inou pozd\u011b a zb\u00fdv\u00e1 jen pl\u00e1\u010d a sk\u0159\u00edp\u011bn\u00ed zub\u016f,\u201c p\u0159ipomn\u011bl d\u0159\u00edv\u011bj\u0161\u00ed varov\u00e1n\u00ed a progn\u00f3zy b\u00fdval\u00e9ho prezidenta, kter\u00e9ho ozna\u010duje \u201estar\u00fdm prorokem\u201c.<\/p>\n<p>Postoje v\u00fd\u0161e uveden\u00fdch osobnost\u00ed a jejich motivace se podle jeho slov velmi t\u011b\u017eko rozeb\u00edraj\u00ed. \u201eZm\u00edn\u011bn\u00ed by asi \u0159ekli, \u017ee se jim zamlouvaj\u00ed postoje sou\u010dasn\u00e9ho prezidenta po roce 1989 a nel\u00edb\u00ed se jim n\u00e1zory Milo\u0161e Zemana po roce 1989. Budi\u017e. Pro mne je kl\u00ed\u010dov\u00e9, \u017ee Milo\u0161 Zeman byl odv\u00e1\u017en\u00fd v dob\u00e1ch, kdy to byl opravdov\u00fd risk, neslo to v\u00e1\u017en\u00e9 n\u00e1sledky a dopady na \u017eivot. Prost\u011b, Milo\u0161 Zeman nikdy nebyl n\u011bco jako n\u00e1hl\u00fd partyz\u00e1n z 9. kv\u011btna 1945. Odm\u00edtl souhlasit s okupac\u00ed vlastn\u00ed zem\u011b. To byla obrovsk\u00e1 odvaha a tu u\u017e nikdo z jeho \u017eivotopisu nesma\u017ee,\u201c konstatuje Ov\u010d\u00e1\u010dek.<\/p>\n<p>\u201eLogiku v tom nevid\u00edm, jen politick\u00e9 emoce,\u201c reaguje na motivaci Zdeny Ma\u0161\u00ednov\u00e9 p\u0159evz\u00edt ocen\u011bn\u00ed z rukou b\u00fdval\u00e9ho komunisty. \u201eOno n\u011bkdy zazn\u00edv\u00e1, \u017ee sou\u010dasn\u00fd prezident si svou minulost odpracoval po roce 1989. Jist\u011b, dal se do slu\u017eeb demokratick\u00e9ho st\u00e1tu. Pro mne ale je vy\u0161\u0161\u00ed hodnotou, jak t\u00e9to zemi pomohl Milo\u0161 Zeman v dob\u011b sov\u011btsk\u00e9 okupace a v listopadu 1989. V \u010cech\u00e1ch ale nikdy ne\u010dekejte vd\u011bk, politika je zde minim\u00e1ln\u011b od po\u010d\u00e1tku 19. stolet\u00ed zm\u00edt\u00e1na emocemi a hysterick\u00fdmi gesty. Chyb\u00ed zde z\u00e1padn\u00ed politick\u00fd racionalimus, politickou kulturou jsme st\u00e1le na V\u00fdchod\u011b. V\u011bd\u011bl to u\u017e T. G. Masaryk, velk\u00fd politick\u00fd realista,\u201c dopl\u0148uje pro Parlamentn\u00edListy.cz Ji\u0159\u00ed Ov\u010d\u00e1\u010dek.<\/p>\n<p><a href=\"https:\/\/www.parlamentnilisty.cz\/zpravy\/kauzy\/Vyznamenani-od-komouse-Ale-lepsiho-Masinove-a-novy-Hrad-745103\">Zdroj<\/a><\/p>\n<\/section>\n","protected":false},"excerpt":{"rendered":"<p>\u201eN\u00e1\u0161 komou\u0161 je lep\u0161\u00ed ne\u017e v\u00e1\u0161 komou\u0161.\u201c Odpustila Zdena Ma\u0161\u00ednov\u00e1 prezidentu Pavlovi jeho komunistickou minulost? \u010cesk\u00e1 politika m\u00e1 rad\u011bji l\u00edbiv\u00e9 tv\u00e1\u0159e ne\u017e \u201estar\u00e9 proroky\u201c, kter\u00fdm d\u00e1v\u00e1 b\u011bh \u010dasu za pravdu. Tolik zazn\u011blo k tomu, zda bylo lep\u0161\u00ed z\u00edskat vyznamen\u00e1n\u00ed z rukou Milo\u0161e Zemana, nebo Petra Pavla. Parlamentn\u00edListy.cz se ptaly dvou znalc\u016f hradn\u00edho prost\u0159ed\u00ed i \u010desk\u00e9 [&hellip;]<\/p>\n","protected":false},"author":9,"featured_media":0,"comment_status":"open","ping_status":"open","sticky":false,"template":"","format":"standard","meta":{"ngg_post_thumbnail":0,"footnotes":""},"categories":[11,13],"tags":[],"class_list":["post-13783","post","type-post","status-publish","format-standard","hentry","category-ozvena","category-rozhovory"],"_links":{"self":[{"href":"https:\/\/www.ladislavjakl.cz\/index.php?rest_route=\/wp\/v2\/posts\/13783","targetHints":{"allow":["GET"]}}],"collection":[{"href":"https:\/\/www.ladislavjakl.cz\/index.php?rest_route=\/wp\/v2\/posts"}],"about":[{"href":"https:\/\/www.ladislavjakl.cz\/index.php?rest_route=\/wp\/v2\/types\/post"}],"author":[{"embeddable":true,"href":"https:\/\/www.ladislavjakl.cz\/index.php?rest_route=\/wp\/v2\/users\/9"}],"replies":[{"embeddable":true,"href":"https:\/\/www.ladislavjakl.cz\/index.php?rest_route=%2Fwp%2Fv2%2Fcomments&post=13783"}],"version-history":[{"count":1,"href":"https:\/\/www.ladislavjakl.cz\/index.php?rest_route=\/wp\/v2\/posts\/13783\/revisions"}],"predecessor-version":[{"id":13784,"href":"https:\/\/www.ladislavjakl.cz\/index.php?rest_route=\/wp\/v2\/posts\/13783\/revisions\/13784"}],"wp:attachment":[{"href":"https:\/\/www.ladislavjakl.cz\/index.php?rest_route=%2Fwp%2Fv2%2Fmedia&parent=13783"}],"wp:term":[{"taxonomy":"category","embeddable":true,"href":"https:\/\/www.ladislavjakl.cz\/index.php?rest_route=%2Fwp%2Fv2%2Fcategories&post=13783"},{"taxonomy":"post_tag","embeddable":true,"href":"https:\/\/www.ladislavjakl.cz\/index.php?rest_route=%2Fwp%2Fv2%2Ftags&post=13783"}],"curies":[{"name":"wp","href":"https:\/\/api.w.org\/{rel}","templated":true}]}}