{"id":13786,"date":"2023-11-03T12:32:39","date_gmt":"2023-11-03T11:32:39","guid":{"rendered":"https:\/\/www.ladislavjakl.cz\/?p=13786"},"modified":"2023-11-03T12:32:39","modified_gmt":"2023-11-03T11:32:39","slug":"pred-rokem-vznikla-iniciativa-zachranme-nas-stat","status":"publish","type":"post","link":"https:\/\/www.ladislavjakl.cz\/?p=13786","title":{"rendered":"P\u0159ed rokem vznikla iniciativa Zachra\u0148me n\u00e1\u0161 st\u00e1t"},"content":{"rendered":"<p>P\u0159ed 105 lety vznikl n\u00e1\u0161 modern\u00ed st\u00e1t. P\u0159e\u010dkal t\u011b\u017ek\u00e9 i tragick\u00e9 \u010dasy a p\u0159ed necel\u00fdmi 31 lety se o n\u011bco zmen\u0161il, proto\u017ee se ne v\u0161ichni c\u00edtili v na\u0161em spole\u010dn\u00e9m st\u00e1t\u011b komfortn\u011b. Je to ale st\u00e1le n\u00e1\u0161 st\u00e1t, n\u00e1\u0161 domov, n\u00e1\u0161 prostor, na\u0161e krajina. Le\u017e\u00ed tu na\u0161i p\u0159edkov\u00e9 a kolem sebe vid\u00edme jejich d\u00edlo. Vid\u00edme ho i v sob\u011b. V tom, \u010d\u00edm jsme, co m\u00e1me r\u00e1di, k \u010demu chov\u00e1me \u00factu, co respektujeme, co chr\u00e1n\u00edme, o co se boj\u00edme.<\/p>\n<p><!--more--><\/p>\n<p>Nyn\u00ed chov\u00e1me nal\u00e9hav\u00e9 p\u0159esv\u011bd\u010den\u00ed, \u017ee n\u00e1\u0161 st\u00e1t je nutno zachra\u0148ovat. Op\u011bt je ohro\u017eena jeho suverenita, ba i jeho existence. Jsou zpochybn\u011bny kulturn\u00ed, mor\u00e1ln\u00ed a civiliza\u010dn\u00ed praz\u00e1klady na\u0161eho st\u00e1tn\u00edho a n\u00e1rodn\u00edho spole\u010denstv\u00ed. Je ohro\u017eena svoboda ka\u017ed\u00e9ho z n\u00e1s. V\u0161e, na \u010dem n\u00e1m tak z\u00e1le\u017e\u00ed, je rozlept\u00e1v\u00e1no nebo je dokonce p\u0159edm\u011btem z\u00e1sadn\u00edho p\u0159ehodnocov\u00e1n\u00ed, ba i \u00fatok\u016f. Proto p\u0159ed rokem vznikla iniciativa Zachra\u0148me n\u00e1\u0161 st\u00e1t.<\/p>\n<p>Nechceme se pasivn\u011b d\u00edvat na to, jak sou\u010dasn\u00e9 vl\u00e1dnouc\u00ed garnitury ve prosp\u011bch ciz\u00edch z\u00e1jm\u016f ohro\u017euj\u00ed kvalitu \u017eivota obyvatel na\u0161eho st\u00e1tu, jak ni\u010d\u00ed svobodu slova, svobodu podnik\u00e1n\u00ed, jak n\u00e1s zatahuj\u00ed do sv\u00fdch geopolitick\u00fdch her i do v\u0161ech rizik s t\u00edm spojen\u00fdch.<\/p>\n<p>Jsme si jisti, \u017ee podobn\u011b to vid\u00ed i velk\u00e1 \u010d\u00e1st na\u0161\u00ed ve\u0159ejnosti. Na\u0161e iniciativa vznikla proto, aby se nikdo s podobn\u00fdmi postoji u\u017e nec\u00edtil b\u00fdt na v\u0161echno s\u00e1m a v izolaci. Chceme spojovat ty, kter\u00fdm na na\u0161em st\u00e1tu z\u00e1le\u017e\u00ed a kte\u0159\u00ed se o n\u011bj boj\u00ed. Nab\u00edz\u00edme platformu pro komunikaci, pro krystalizaci n\u00e1zor\u016f na to, jak vyb\u0159ednout ze sou\u010dasn\u00e9 politick\u00e9 a spole\u010densk\u00e9 krize.<\/p>\n<p>Po roce m\u016f\u017eeme \u0159\u00edci, \u017ee se n\u00e1m poda\u0159ilo na mnoh\u00e9 hrozby nal\u00e9hav\u011b upozornit a \u017ee hodn\u011b lid\u00ed z\u00edskalo d\u016fv\u011bru, \u017ee je tu nad\u011bje na zm\u011bnu. \u017d\u00e1dn\u00e1 z na\u0161ich obav p\u0159ed rokem formulovan\u00fdch nepozbyla na nal\u00e9havosti. Ba mo\u017en\u00e1 n\u011bkter\u00e9 dal\u0161\u00ed p\u0159ibyly. Proto tu mus\u00edme b\u00fdt i my. A nab\u00edz\u00edme svou ruku v\u0161em, kter\u00fdm nen\u00ed jedno, co se s na\u0161\u00edm st\u00e1tem, s na\u0161\u00ed \u010ceskou republikou bude d\u00edt.<\/p>\n<p>V Praze 28. \u0159\u00edjna 2023<\/p>\n<p>Ladislav Jakl, publicista<\/p>\n<p>Zuzana Majerov\u00e1, p\u0159edsedkyn\u011b Trikolory<\/p>\n<p>Mgr. Ji\u0159\u00ed Kobza, poslanec SPD<\/p>\n<p>Mgr. Petr Bahn\u00edk, p\u0159edseda Akce D.O.S.T.<\/p>\n<p>Ing. V\u00e1clav Hrab\u00e1k, publicista, N\u00e1rodn\u00ed proud<\/p>\n<p>JUDr. Daniela Kov\u00e1\u0159ov\u00e1, sen\u00e1torka<\/p>\n<p>Mgr. Michal Sem\u00edn, publicista, m\u00edstop\u0159edseda Akce D.O.S.T.<\/p>\n<p>Ing. Bc. Ivan Novesk\u00fd, energetik<\/p>\n<p>Mgr. Petr \u0160t\u011bp\u00e1nek, hudebn\u00edk a spisovatel, 1. m\u00edstop\u0159edseda Trikolory<\/p>\n<p>PhDr. Ji\u0159\u00ed Hejlek, filosof<\/p>\n<p>RNDr. Otto Jarol\u00edmek, CSc., podnikatel, vysoko\u0161kolsk\u00fd pedagog<\/p>\n<p>Mgr. Josef Neru\u0161il, p\u0159edseda SPD Praha<\/p>\n<p>Ing. Tom\u00e1\u0161 Dole\u017eal, ekonom, politick\u00fd analytik<\/p>\n<p>Franti\u0161ek \u010cervenka, publicista<\/p>\n<p>Josef Nos, p\u00edsni\u010dk\u00e1\u0159<\/p>\n<p>PhDr. Radom\u00edr Mal\u00fd, signat\u00e1\u0159 Charty 77, historik<\/p>\n<p>Ji\u0159\u00ed Fuchs, filosof<\/p>\n<p>Ing. Pynelopi Cimprichov\u00e1, farmaceutka<\/p>\n<p>https:\/\/zachranmenasstat.cz\/<\/p>\n","protected":false},"excerpt":{"rendered":"<p>P\u0159ed 105 lety vznikl n\u00e1\u0161 modern\u00ed st\u00e1t. P\u0159e\u010dkal t\u011b\u017ek\u00e9 i tragick\u00e9 \u010dasy a p\u0159ed necel\u00fdmi 31 lety se o n\u011bco zmen\u0161il, proto\u017ee se ne v\u0161ichni c\u00edtili v na\u0161em spole\u010dn\u00e9m st\u00e1t\u011b komfortn\u011b. Je to ale st\u00e1le n\u00e1\u0161 st\u00e1t, n\u00e1\u0161 domov, n\u00e1\u0161 prostor, na\u0161e krajina. Le\u017e\u00ed tu na\u0161i p\u0159edkov\u00e9 a kolem sebe vid\u00edme jejich d\u00edlo. Vid\u00edme ho [&hellip;]<\/p>\n","protected":false},"author":9,"featured_media":0,"comment_status":"open","ping_status":"open","sticky":false,"template":"","format":"standard","meta":{"ngg_post_thumbnail":0,"footnotes":""},"categories":[11],"tags":[],"class_list":["post-13786","post","type-post","status-publish","format-standard","hentry","category-ozvena"],"_links":{"self":[{"href":"https:\/\/www.ladislavjakl.cz\/index.php?rest_route=\/wp\/v2\/posts\/13786","targetHints":{"allow":["GET"]}}],"collection":[{"href":"https:\/\/www.ladislavjakl.cz\/index.php?rest_route=\/wp\/v2\/posts"}],"about":[{"href":"https:\/\/www.ladislavjakl.cz\/index.php?rest_route=\/wp\/v2\/types\/post"}],"author":[{"embeddable":true,"href":"https:\/\/www.ladislavjakl.cz\/index.php?rest_route=\/wp\/v2\/users\/9"}],"replies":[{"embeddable":true,"href":"https:\/\/www.ladislavjakl.cz\/index.php?rest_route=%2Fwp%2Fv2%2Fcomments&post=13786"}],"version-history":[{"count":1,"href":"https:\/\/www.ladislavjakl.cz\/index.php?rest_route=\/wp\/v2\/posts\/13786\/revisions"}],"predecessor-version":[{"id":13787,"href":"https:\/\/www.ladislavjakl.cz\/index.php?rest_route=\/wp\/v2\/posts\/13786\/revisions\/13787"}],"wp:attachment":[{"href":"https:\/\/www.ladislavjakl.cz\/index.php?rest_route=%2Fwp%2Fv2%2Fmedia&parent=13786"}],"wp:term":[{"taxonomy":"category","embeddable":true,"href":"https:\/\/www.ladislavjakl.cz\/index.php?rest_route=%2Fwp%2Fv2%2Fcategories&post=13786"},{"taxonomy":"post_tag","embeddable":true,"href":"https:\/\/www.ladislavjakl.cz\/index.php?rest_route=%2Fwp%2Fv2%2Ftags&post=13786"}],"curies":[{"name":"wp","href":"https:\/\/api.w.org\/{rel}","templated":true}]}}