{"id":13793,"date":"2023-11-06T21:24:02","date_gmt":"2023-11-06T20:24:02","guid":{"rendered":"https:\/\/www.ladislavjakl.cz\/?p=13793"},"modified":"2023-11-06T21:24:02","modified_gmt":"2023-11-06T20:24:02","slug":"dohnat-predehnat-zakopnout-upadnout","status":"publish","type":"post","link":"https:\/\/www.ladislavjakl.cz\/?p=13793","title":{"rendered":"Dohnat, p\u0159edehnat, zakopnout, upadnout"},"content":{"rendered":"<div class=\"opener\">T\u0159iadvacet. Dokonce t\u0159iadvacet a p\u016fl. Tolik let uplynulo od velkohub\u00e9ho vyhl\u00e1\u0161en\u00ed tzv. Lisabonsk\u00e9 strategie. Podle n\u00ed se Evropsk\u00e1 unie m\u011bla st\u00e1t do deseti let \u201e&#8230;nejdynami\u010dt\u011bj\u0161\u00ed a nejkonkurenceschopn\u011bj\u0161\u00ed ekonomiku sv\u011bta&#8230;\u201c<br \/>\n<!--more--><br \/>\nJak to s rozvojem EU vypad\u00e1 dnes, t\u0159in\u00e1ct let po term\u00ednu, dokdy m\u011bly b\u00fdt tehdej\u0161\u00ed budovatelsk\u00e9 c\u00edle spln\u011bny a p\u0159ekro\u010deny? Evropsk\u00e1 unie je nejpomaleji rozv\u00edjej\u00edc\u00ed (do \u010de\u0161tiny p\u0159elo\u017eeno nejrapidn\u011bji zaost\u00e1vaj\u00edc\u00ed) ekonomickou z\u00f3nou sv\u011bta. Konstatovali to i p\u0159edn\u00ed ekonomov\u00e9, kte\u0159\u00ed se dnes v Praze se\u0161li na konferenci Global Investment Summit.<\/p>\n<p>Lisabonsk\u00e1 strategie byla p\u0159ijata Evropskou radou v b\u0159eznu rok 2000 v Lisabonu. K dosa\u017een\u00ed sv\u00e9ho ambici\u00f3zn\u00edho c\u00edle se Unie rozhodla zam\u011b\u0159it (jak se jazykem \u0161ust\u00edc\u00edm pap\u00edrem a fr\u00e1zemi \u0159\u00edk\u00e1 v tehdy p\u0159ijet\u00e9m dokumentu) na tyto oblasti: Ekonomika a spole\u010dnost zalo\u017een\u00e1 na znalostech, opat\u0159en\u00ed pro vytv\u00e1\u0159en\u00ed informa\u010dn\u00ed spole\u010dnosti, v\u00fdzkum a technologick\u00fd rozvoj, struktur\u00e1ln\u00ed reformy pro zv\u00fd\u0161en\u00ed konkurenceschopnosti, inovace a dokon\u010den\u00ed vnit\u0159n\u00edho trhu, modernizace evropsk\u00e9ho soci\u00e1ln\u00edho modelu, investice do lid\u00ed a omezen\u00ed vylu\u010dov\u00e1n\u00ed ze spole\u010dnosti, zdrav\u00e1 ekonomick\u00e1 perspektiva a p\u0159\u00edzniv\u00fd r\u016fstov\u00fd v\u00fdhled ekonomiky, makroekonomick\u00e1 opat\u0159en\u00ed. Mimochodem: v\u0161imn\u011bte si, jak si v t\u011bchto dokumentech nev\u0161imnete slov, jako jsou \u201ederegulace\u201c, svoboda podnik\u00e1n\u00ed\u201c, \u201evoln\u00e9 sout\u011b\u017en\u00ed prost\u0159ed\u00ed\u201c, \u201eomezen\u00ed st\u00e1tn\u00edch agend ingeruj\u00edc\u00edch do ekonomiky\u201c nebo \u201eliberalizace trhu a omezen\u00ed dotac\u00ed.\u201c<\/p>\n<p>Dohnat a p\u0159edehnat. My\u0161leno tehdy USA. Roz\u0161\u00ed\u0159it, prohloubit, upevnit, rozv\u00edjet. Evropsk\u00e1 rada se od komunistick\u00fdch pl\u00e1nova\u010d\u016f nau\u010dila ty nejbly\u0161tiv\u011bj\u0161\u00ed perly. Skoro by se to dalo p\u0159irovnat i k Velk\u00e9mu skoku v \u010c\u00edn\u011b za Maa Cetunga. U n\u00e1s to skon\u010dilo stagnac\u00ed z 80. let, v \u010c\u00edn\u011b v 60. letech b\u00eddou a hladomorem, v EU po\u010d\u00e1tkem t\u0159et\u00edho tis\u00edcilet\u00ed \u201ejen\u201c ututlanou ostudou a \u201ener\u016fstem\u201c.<\/p>\n<p>Po p\u00e1r letech pak EU p\u0159ijala \u201erevidovanou\u201c verzi Lisabonsk\u00e9 strategie. \u0160pidlovsky \u0159e\u010deno, p\u016fvodn\u00ed v\u00fdhledy asi nebyly zasazeny do re\u00e1ln\u00e9ho ekonomick\u00e9ho r\u00e1mce, tak se potichu upravily. Jen\u017ee se nikdy nesplnily ani ony upraven\u00e9 a USA se Evropsk\u00e9 unii nad\u00e1le trvale vzdalovaly. O dnes tolik se rozv\u00edjej\u00edc\u00edch ekonomik\u00e1ch asijsk\u00fdch i jin\u00fdch rad\u011bji ani nemluvit.<\/p>\n<p>Dnes u\u017e Lisabonskou strategii nikdo rad\u011bji nep\u0159ipom\u00edn\u00e1, proto\u017ee by to bylo trapn\u00e9. A proto\u017ee by mohl n\u011bkdo zvolat, \u017ee kr\u00e1l je nah\u00fd a \u017ee dnes znovu vytrubovan\u00e9 budovatelsk\u00e9 fr\u00e1ze t\u0159eba o tom, jak re\u00e1ln\u011b zb\u00edda\u010duj\u00edc\u00ed fantasmagorick\u00fd projet Geen Deal je pr\u00fd ohromnou \u0161anc\u00ed pro rozvoj a modernizaci, jsou \u00fapln\u011b stejn\u011b od za\u010d\u00e1tku nere\u00e1ln\u00e9, jako byly od za\u010d\u00e1tku pro v\u0161echny soudn\u00e9 pozorovatele nere\u00e1ln\u00fdmi c\u00edle EU z doby p\u0159ed t\u0159iadvaceti lety.<\/p>\n<p>A jak je to s n\u00e1mi a s EU dnes? Podle ekonomick\u00fdch expert\u016f, kte\u0159\u00ed se se\u0161li na on\u00e9 konferenci Global Investment Summit, m\u00e1 \u010cesk\u00e1 ekonomika m\u00e1 p\u0159ed sebou obt\u00ed\u017en\u00e1 l\u00e9ta. Hospod\u00e1\u0159stv\u00ed \u010cR i cel\u00e9 EU podle nich svazuje siln\u00e9 regula\u010dn\u00ed prost\u0159ed\u00ed i dlouhodob\u011b chybn\u00e1 energetick\u00e1 politika. A ve Spojen\u00fdch st\u00e1tech, kter\u00e9 jsme m\u011bli p\u0159ed 13 lety dohnat a p\u0159edehnat, se nastartovalo ekonomick\u00e9 o\u017eiven\u00ed mnohem rychleji.<\/p>\n<p>Ekonom Luk\u00e1\u0161 Kovanda na on\u00e9 konferenci natvrdo \u0159ekl: \u201eO budoucnost \u010desk\u00e9 ekonomiky se v p\u0159\u00ed\u0161t\u00edch letech ob\u00e1v\u00e1m. Mysl\u00edm si, \u017ee je pot\u0159eba nav\u00e1zat na devades\u00e1t\u00e1 l\u00e9ta. Liberalizace, deregulace. Ekonomika nesm\u00ed b\u00fdt dota\u010dn\u00edm byznysem.\u201c<\/p>\n<p>Na konferenci zazn\u011blo i to, \u017ee z porovn\u00e1n\u00ed evropsk\u00e9 a americk\u00e9 ekonomiky vy\u0161ly v\u00edt\u011bzn\u011b Spojen\u00e9 st\u00e1ty. Rozd\u00edly jsou patrn\u00e9 u\u017e skoro ve v\u0161ech oblastech, v\u010detn\u011b energetiky, kapit\u00e1lov\u00fdch trh\u016f nebo vysok\u00e9ho \u0161kolstv\u00ed. Je evidentn\u00ed, \u017ee prohlubuj\u00edc\u00ed se hospod\u00e1\u0159sk\u00e1 zaostalost Evropsk\u00e9 unie za USA bude m\u00edt negativn\u00ed vliv i na \u017eivotn\u00ed \u00farove\u0148 lid\u00ed.<\/p>\n<p>N\u011bkdej\u0161\u00ed guvern\u00e9r \u010cNB Miroslav Singer na on\u00e9 konferenci pravil, \u017ee \u201eve Spojen\u00fdch st\u00e1tech m\u016f\u017eeme pozorovat velmi siln\u00fd stimula\u010dn\u00ed bal\u00ed\u010dek. Abychom se ale dostali na podobnou \u00farove\u0148 jako tam, bude kl\u00ed\u010dov\u00e1 dob\u0159e zvolen\u00e1 a funguj\u00edc\u00ed energetick\u00e1 politika. Samoz\u0159ejmost\u00ed je i podnikatelsk\u00e9 prost\u0159ed\u00ed, respektive m\u00edra regulac\u00ed. Vid\u00edm, \u017ee v Evrop\u011b lid\u00e9 cht\u011bj\u00ed \u017e\u00edt, nikdo se sem ale nehrne podnikat nebo vyd\u011blat pen\u00edze. V Evrop\u011b moment\u00e1ln\u011b nen\u00ed touha po zm\u011bn\u011b.\u201c<\/p>\n<p>Tak\u017ee evidentn\u011b p\u0159ich\u00e1zej\u00ed hor\u0161\u00ed \u010dasy, kter\u00e9 jsme si chybnou hospod\u00e1\u0159skou politikou zavinili sami. Co te\u010f s t\u00edm? To je p\u0159ece jednoduch\u00e9. Vyt\u00fd\u010d\u00edme si dal\u0161\u00ed nere\u00e1ln\u00e9 budovatelsk\u00e9 c\u00edle. N\u00e1s pan premi\u00e9r u\u017e s t\u00edm zrovna za\u010dal, kdy\u017e nechal oblepit republiku sv\u00fdmi plak\u00e1ty, tentokr\u00e1t s jist\u011b u\u017e zcela seri\u00f3zn\u00ed viz\u00ed o tom, jak \u017ee se \u010cR do deseti let (vzpom\u00edn\u00e1te na Lisabon?) stane k\u0159i\u017eovatkou Evropy.<\/p>\n<p>Ach, to zn\u00ed tak kr\u00e1sn\u011b, odhodlan\u011b, ambici\u00f3zn\u011b, \u00fadernicky! No, dobr\u00e1. T\u0159eba t\u00edm Fiala mysl\u00ed, \u017ee na k\u0159i\u017eovatce bez dopravn\u00edho zna\u010den\u00ed se d\u00e1v\u00e1 p\u0159ednost zprava.<\/p>\n<\/div>\n<div class=\"authors\">Autor: Ladislav Jakl&nbsp;| \u010dtvrtek 2.11.2023 20:47 | karma \u010dl\u00e1nku: 37.71 | p\u0159e\u010dteno: 872x<\/div>\n<p>Zdroj:&nbsp;<a href=\"https:\/\/jakl.blog.idnes.cz\/blog.aspx?c=808608\">https:\/\/jakl.blog.idnes.cz\/blog.aspx?c=808608<\/a><\/p>\n","protected":false},"excerpt":{"rendered":"<p>T\u0159iadvacet. Dokonce t\u0159iadvacet a p\u016fl. Tolik let uplynulo od velkohub\u00e9ho vyhl\u00e1\u0161en\u00ed tzv. Lisabonsk\u00e9 strategie. Podle n\u00ed se Evropsk\u00e1 unie m\u011bla st\u00e1t do deseti let \u201e&#8230;nejdynami\u010dt\u011bj\u0161\u00ed a nejkonkurenceschopn\u011bj\u0161\u00ed ekonomiku sv\u011bta&#8230;\u201c<\/p>\n","protected":false},"author":9,"featured_media":0,"comment_status":"open","ping_status":"open","sticky":false,"template":"","format":"standard","meta":{"ngg_post_thumbnail":0,"footnotes":""},"categories":[1],"tags":[],"class_list":["post-13793","post","type-post","status-publish","format-standard","hentry","category-publikovane-clanky"],"_links":{"self":[{"href":"https:\/\/www.ladislavjakl.cz\/index.php?rest_route=\/wp\/v2\/posts\/13793","targetHints":{"allow":["GET"]}}],"collection":[{"href":"https:\/\/www.ladislavjakl.cz\/index.php?rest_route=\/wp\/v2\/posts"}],"about":[{"href":"https:\/\/www.ladislavjakl.cz\/index.php?rest_route=\/wp\/v2\/types\/post"}],"author":[{"embeddable":true,"href":"https:\/\/www.ladislavjakl.cz\/index.php?rest_route=\/wp\/v2\/users\/9"}],"replies":[{"embeddable":true,"href":"https:\/\/www.ladislavjakl.cz\/index.php?rest_route=%2Fwp%2Fv2%2Fcomments&post=13793"}],"version-history":[{"count":1,"href":"https:\/\/www.ladislavjakl.cz\/index.php?rest_route=\/wp\/v2\/posts\/13793\/revisions"}],"predecessor-version":[{"id":13794,"href":"https:\/\/www.ladislavjakl.cz\/index.php?rest_route=\/wp\/v2\/posts\/13793\/revisions\/13794"}],"wp:attachment":[{"href":"https:\/\/www.ladislavjakl.cz\/index.php?rest_route=%2Fwp%2Fv2%2Fmedia&parent=13793"}],"wp:term":[{"taxonomy":"category","embeddable":true,"href":"https:\/\/www.ladislavjakl.cz\/index.php?rest_route=%2Fwp%2Fv2%2Fcategories&post=13793"},{"taxonomy":"post_tag","embeddable":true,"href":"https:\/\/www.ladislavjakl.cz\/index.php?rest_route=%2Fwp%2Fv2%2Ftags&post=13793"}],"curies":[{"name":"wp","href":"https:\/\/api.w.org\/{rel}","templated":true}]}}