{"id":13803,"date":"2023-11-13T00:36:04","date_gmt":"2023-11-12T23:36:04","guid":{"rendered":"https:\/\/www.ladislavjakl.cz\/?p=13803"},"modified":"2023-11-13T00:36:04","modified_gmt":"2023-11-12T23:36:04","slug":"tiskova-zprava-z-18-zasedani-rady-konaneho-dne-7-11-2023","status":"publish","type":"post","link":"https:\/\/www.ladislavjakl.cz\/?p=13803","title":{"rendered":"Tiskov\u00e1 zpr\u00e1va z 18. zased\u00e1n\u00ed Rady, konan\u00e9ho dne 7. 11. 2023"},"content":{"rendered":"<p>Rada pro rozhlasov\u00e9 a televizn\u00ed vys\u00edl\u00e1n\u00ed (d\u00e1le jen &#8222;Rada&#8220;) na sv\u00e9m 18. zased\u00e1n\u00ed<br \/>\nprojednala 29 bod\u016f programu. Vyhodnotila 18 st\u00ed\u017enost\u00ed div\u00e1k\u016f a poslucha\u010d\u016f, vydala t\u0159i upozorn\u011bn\u00ed<br \/>\nna poru\u0161en\u00ed z\u00e1kona.<\/p>\n<p><!--more--><br \/>\nPodrobn\u011bj\u0161\u00ed informace naleznete v p\u0159episech usnesen\u00ed Rady:<br \/>\nROZHLASOV\u00c9 VYS\u00cdL\u00c1N\u00cd<br \/>\n&#8211; Rada v r\u00e1mci sv\u00e9 kompetence dan\u00e9 ustanoven\u00edm \u00a7 5 p\u00edsm. b) a v souladu s \u00a7 21 odst. 1 p\u00edsm. b)<br \/>\na odst. 3 z\u00e1kona \u010d. 231\/2001 Sb. p\u0159ijala ve v\u011bci \u017e\u00e1dosti provozovatele RADIO UNITED<br \/>\nBROADCASTING s.r.o., I\u010c: 29131901, se s\u00eddlem Vinohradsk\u00e1 3217\/167, Praha 10, PS\u010c 100 00,<br \/>\no zm\u011bnu skute\u010dnost\u00ed uveden\u00fdch v \u017e\u00e1dosti o licenci k provozov\u00e1n\u00ed rozhlasov\u00e9ho vys\u00edl\u00e1n\u00ed programu<br \/>\nRadio Beat (licence \u010d.j. Ru\/138\/01), a to o zm\u011bn\u011b \u00fazemn\u00edho rozsahu vys\u00edl\u00e1n\u00ed a souboru<br \/>\ntechnick\u00fdch parametr\u016f spo\u010d\u00edvaj\u00edc\u00ed ve zm\u011bn\u011b stanovi\u0161t\u011b kmito\u010dtu Brno 91,0 MHz \/ 500 W, toto<br \/>\nrozhodnut\u00ed: Rada ud\u011bluje provozovateli RADIO UNITED BROADCASTING s.r.o., I\u010c: 29131901,<br \/>\nse s\u00eddlem Vinohradsk\u00e1 3217\/167, Praha 10, PS\u010c 100 00, souhlas se zm\u011bnou skute\u010dnost\u00ed<br \/>\nuveden\u00fdch v \u017e\u00e1dosti o licenci k provozov\u00e1n\u00ed rozhlasov\u00e9ho vys\u00edl\u00e1n\u00ed prost\u0159ednictv\u00edm vys\u00edla\u010d\u016f,<br \/>\nprogram Radio Beat (licence \u010d.j. Ru\/138\/01), a to o zm\u011bn\u011b \u00fazemn\u00edho rozsahu vys\u00edl\u00e1n\u00ed a souboru<br \/>\ntechnick\u00fdch parametr\u016f spo\u010d\u00edvaj\u00edc\u00ed ve zm\u011bn\u011b stanovi\u0161t\u011b kmito\u010dtu Brno 91,0 MHz \/ 500 W na<br \/>\nstanovi\u0161t\u011b Brno Nebovid 91,0 MHz \/ 500 W sou\u0159adnice WGS 84: 16 32 41 \/ 49 08 04.<br \/>\n&#8211; Rada v r\u00e1mci sv\u00e9 kompetence dan\u00e9 ustanoven\u00edm \u00a7 5 p\u00edsm. b) a \u00a7 12 a n\u00e1sl. z\u00e1kona \u010d. 231\/2001<br \/>\nSb., o provozov\u00e1n\u00ed rozhlasov\u00e9ho a televizn\u00edho vys\u00edl\u00e1n\u00ed, a podle ustanoven\u00ed \u00a7 66 odst. 1 p\u00edsm. g)<br \/>\nz\u00e1kona \u010d. 500\/2004 Sb., spr\u00e1vn\u00edho \u0159\u00e1du, vyd\u00e1v\u00e1 toto usnesen\u00ed: Rada zastavuje \u0159\u00edzen\u00ed o \u017e\u00e1dosti<br \/>\nprovozovatele MEDIA BOHEMIA a.s., I\u010c: 26765586, se s\u00eddlem B\u011blehradsk\u00e1 299\/132, Vinohrady,<br \/>\n120 00 Praha 2, o zm\u011bnu skute\u010dnost\u00ed uveden\u00fdch v \u017e\u00e1dosti o licenci k provozov\u00e1n\u00ed rozhlasov\u00e9ho<br \/>\nvys\u00edl\u00e1n\u00ed prost\u0159ednictv\u00edm vys\u00edla\u010d\u016f programu R\u00e1dio BLAN\u00cdK (licence sp. zn. RRTV\/2016\/1027\/str),<br \/>\na to o zm\u011bn\u011b \u00fazemn\u00edho rozsahu vys\u00edl\u00e1n\u00ed a souboru technick\u00fdch parametr\u016f spo\u010d\u00edvaj\u00edc\u00ed v p\u0159id\u011blen\u00ed<br \/>\nkmito\u010dtu Mikulov 94,2 MHz \/ 50 W, nebo\u0165 \u017e\u00e1dost se stala zjevn\u011b bezp\u0159edm\u011btnou.<br \/>\n&#8211; Rada v r\u00e1mci sv\u00e9 kompetence dan\u00e9 ustanoven\u00edm \u00a7 5 p\u00edsm. b) a \u00a7 12 a n\u00e1sl. z\u00e1kona \u010d. 231\/2001<br \/>\nSb., o provozov\u00e1n\u00ed rozhlasov\u00e9ho a televizn\u00edho vys\u00edl\u00e1n\u00ed, a podle ustanoven\u00ed \u00a7 66 odst. 1 p\u00edsm. g)<br \/>\nz\u00e1kona \u010d. 500\/2004 Sb., spr\u00e1vn\u00edho \u0159\u00e1du, vyd\u00e1v\u00e1 toto usnesen\u00ed: Rada zastavuje \u0159\u00edzen\u00ed o \u017e\u00e1dosti<br \/>\nprovozovatele MEDIA BOHEMIA a.s., I\u010c: 26765586, se s\u00eddlem B\u011blehradsk\u00e1 299\/132, Vinohrady,<br \/>\n120 00 Praha 2, o zm\u011bnu skute\u010dnost\u00ed uveden\u00fdch v \u017e\u00e1dosti o licenci k provozov\u00e1n\u00ed rozhlasov\u00e9ho<br \/>\nvys\u00edl\u00e1n\u00ed prost\u0159ednictv\u00edm vys\u00edla\u010d\u016f programu Hitr\u00e1dio City (licence \u010d.j.: Ru\/116\/04), a to o zm\u011bn\u011b<br \/>\n\u00fazemn\u00edho rozsahu vys\u00edl\u00e1n\u00ed a souboru technick\u00fdch parametr\u016f spo\u010d\u00edvaj\u00edc\u00ed v p\u0159id\u011blen\u00ed kmito\u010dtu<br \/>\nVy\u0161kov 91,9 MHz \/ 50 W, nebo\u0165 \u017e\u00e1dost se stala zjevn\u011b bezp\u0159edm\u011btnou.<br \/>\n&#8211; Rada se sezn\u00e1mila s p\u0159edb\u011b\u017enou koordinac\u00ed spo\u010d\u00edvaj\u00edc\u00ed ve stanoven\u00ed po\u010dtu obyvatel \u010cR<br \/>\npokryt\u00fdch sign\u00e1lem a \u00fazemn\u00edm rozsahem vys\u00edl\u00e1n\u00ed p\u0159ed zm\u011bnou a po zm\u011bn\u011b kmito\u010dtu Z\u00e1b\u0159eh 103,7<br \/>\nMHz \/ 100 W na Z\u00e1b\u0159eh 100,3 MHz \/ 100 W, \u017eadatele HAMCO, s.r.o., I\u010c: 47668962, se s\u00eddlem<br \/>\nBla\u017eejsk\u00e9 n\u00e1m\u011bst\u00ed 97\/7, 779 00 Olomouc, program RADIO HAN\u00c1 (licence \u010d.j.: Ru\/101\/01) a<br \/>\nsouhlas\u00ed s dokon\u010den\u00edm p\u0159edm\u011btn\u00e9 koordinace.<br \/>\n&#8211; Rada v souladu s ustanoven\u00edm \u00a7 21 odst. 1 p\u00edsm. e) a \u00a7 21 odst. 3 z\u00e1kona \u010d. 231\/2001 Sb.,<br \/>\no provozov\u00e1n\u00ed rozhlasov\u00e9ho a televizn\u00edho vys\u00edl\u00e1n\u00ed a o zm\u011bn\u011b dal\u0161\u00edch z\u00e1kon\u016f, v platn\u00e9m zn\u011bn\u00ed<\/p>\n<p>(d\u00e1le jen \u201ez\u00e1kon \u010d. 231\/2001 Sb.\u201c), a ustanoven\u00edm \u00a7 67 a n\u00e1sl. z\u00e1kona \u010d. 500\/2004 Sb., spr\u00e1vn\u00ed<br \/>\n\u0159\u00e1d, v platn\u00e9m zn\u011bn\u00ed (d\u00e1le jen \u201ez\u00e1kon \u010d. 500\/2004 Sb.\u201c), vydala toto rozhodnut\u00ed: Rada ud\u011bluje<br \/>\nprovozovateli RadioZET s.r.o., I\u010c: 256 16 803, se s\u00eddlem K\u0159\u00ed\u017eov\u00e1 2598\/4, 150 00 Praha 5 &#8211;<br \/>\nSm\u00edchov, souhlas se zm\u011bnou zakladatelsk\u00e9 listiny podle \u00a7 21 odst. 1 p\u00edsm. a) z\u00e1kona \u010d. 231\/2001<br \/>\nSb., spo\u010d\u00edvaj\u00edc\u00ed ve zm\u011bn\u011b n\u00e1zvu provozovatele z RadioZET s.r.o. na Radio Prostor s.r.o. a ve<br \/>\nzm\u011bn\u011b po\u010dtu jednatel\u016f a zp\u016fsobu jejich jedn\u00e1n\u00ed, nebo\u0165 tyto zm\u011bny by nevedly k neud\u011blen\u00ed licence<br \/>\nna z\u00e1klad\u011b ve\u0159ejn\u00e9ho sly\u0161en\u00ed.<br \/>\n&#8211; Rada v souladu s ustanoven\u00edm \u00a7 5 p\u00edsm. b), \u00a7 21 odst. 1 p\u00edsm. e) a \u00a7 21 odst. 6 z\u00e1kona<br \/>\n\u010d. 231\/2001 Sb., o provozov\u00e1n\u00ed rozhlasov\u00e9ho a televizn\u00edho vys\u00edl\u00e1n\u00ed a o zm\u011bn\u011b dal\u0161\u00edch z\u00e1kon\u016f, v<br \/>\nplatn\u00e9m zn\u011bn\u00ed (d\u00e1le jen \u201ez\u00e1kon \u010d. 231\/2001 Sb.\u201c), a ustanoven\u00edm \u00a7 67 a n\u00e1sl. z\u00e1kona \u010d. 500\/2004<br \/>\nSb., spr\u00e1vn\u00edho \u0159\u00e1du, v platn\u00e9m zn\u011bn\u00ed (d\u00e1le jen \u201ez\u00e1kon \u010d. 500\/2004 Sb.\u201c), vydala toto rozhodnut\u00ed:<br \/>\nRada ud\u011bluje provozovateli LONDA spol. s r. o., I\u010c: 492 41 931, se s\u00eddlem Na P\u0159\u00edkop\u011b 859\/22,<br \/>\n110 00 Praha 1 -Nov\u00e9 M\u011bsto, souhlas se zm\u011bnou skute\u010dnost\u00ed uveden\u00fdch v \u017e\u00e1dosti o licenci k<br \/>\nprovozov\u00e1n\u00ed rozhlasov\u00e9ho vys\u00edl\u00e1n\u00ed \u0161\u00ed\u0159en\u00e9ho prost\u0159ednictv\u00edm vys\u00edla\u010d\u016f dle \u00a7 21 odst. 1 p\u00edsm. e)<br \/>\nz\u00e1kona \u010d. 231\/2001 Sb., spo\u010d\u00edvaj\u00edc\u00ed v p\u0159evodu obchodn\u00edho pod\u00edlu ze spole\u010dnosti Agrofert a.s., I\u010c:<br \/>\n261 85 610, se s\u00eddlem Py\u0161elsk\u00e1 2327\/2, 149 00 Praha 4 &#8211; Chodov, na spole\u010dnost KAPRAIN<br \/>\nCHEMICAL LIMITED, identifika\u010dn\u00ed \u010d\u00edslo HE 381813, se s\u00eddlem na adrese Giannou Kranidioti 9,<br \/>\nNikosie 1065, Kypersk\u00e1 republiky, nebo\u0165 tato zm\u011bna by nevedla k neud\u011blen\u00ed licenc\u00ed na z\u00e1klad\u011b<br \/>\nve\u0159ejn\u00fdch sly\u0161en\u00ed.<br \/>\n&#8211; Rada vyhla\u0161uje licen\u010dn\u00ed \u0159\u00edzen\u00ed k provozov\u00e1n\u00ed rozhlasov\u00e9ho vys\u00edl\u00e1n\u00ed prost\u0159ednictv\u00edm vys\u00edla\u010d\u016f se<br \/>\nsoubory technick\u00fdch parametr\u016f T\u0159inec nemocnice 99,4 MHz \/ 100 W, sou\u0159adnice WGS 84: 18 41<br \/>\n26 \/ 49 40 28, \u00dast\u00ed nad Labem P\u0159edlice 100,2 MHz \/ 100 W, sou\u0159adnice WGS 84: 13 57 13 \/<br \/>\n50 40 50 se lh\u016ftou pro doru\u010den\u00ed \u017e\u00e1dost\u00ed do 7. prosince 2023.<br \/>\n&#8211; Rada se sezn\u00e1mila s anal\u00fdzou programu Hitr\u00e1dio \u010cern\u00e1 Hora ( frekvence 107.3 MHz Ji\u010d\u00edn),<br \/>\nprovozovatele MEDIA BOHEMIA, a.s. ze st\u0159edy 27.9. 2023 od 00:00 do 24:00 hodin a shledala, \u017ee<br \/>\nvys\u00edl\u00e1n\u00ed bylo v souladu se z\u00e1konem o rozhlasov\u00e9m a televizn\u00edm vys\u00edl\u00e1n\u00ed a v souladu s platn\u00fdmi<br \/>\nlicen\u010dn\u00edmi podm\u00ednkami<br \/>\n&#8211; Rada se sezn\u00e1mila s anal\u00fdzami obchodn\u00edch sd\u011blen\u00ed odvys\u00edlan\u00fdch provozovateli MEDIA<br \/>\nBOHEMIA, a.s. (program Rock radio; Praha 103,7 MHz) dne 19. \u0159\u00edjna 2023, LONDA, spol. s r. o.<br \/>\n(program Rock zone; Praha 105,9 MHz) dne 19. \u0159\u00edjna 2023, RADIO UNITED BROADCASTING<br \/>\ns.r.o. (program Sign\u00e1l r\u00e1dio Praha; Praha 95,7 MHz) dne 19. \u0159\u00edjna 2023, MAX LOYD s.r.o. (program<br \/>\nDance radio; Praha 102,9 MHz) dne 19. \u0159\u00edjna 2023.<br \/>\n&#8211; Rada se sezn\u00e1mila s informac\u00ed \u010cesk\u00e9ho telekomunika\u010dn\u00edho \u00fa\u0159adu o vyd\u00e1n\u00ed kr\u00e1tkodob\u00e9ho<br \/>\nopr\u00e1vn\u011bn\u00ed k vyu\u017e\u00edv\u00e1n\u00ed r\u00e1diov\u00fdch kmito\u010dt\u016f rozhlasov\u00e9 slu\u017eby na provoz VKV vys\u00edla\u010de.<br \/>\n&#8211; Rada se sezn\u00e1mila se st\u00ed\u017enost\u00ed (\u010d. j. RRTV\/11693\/2023-vra) na po\u0159ad Vinohradsk\u00e1 12, kter\u00fd byl<br \/>\n9. \u0159\u00edjna 2023 odvys\u00edl\u00e1n na programu \u010cRo Plus. Rada se sezn\u00e1mila se st\u00ed\u017enost\u00ed (\u010d. j.<br \/>\nRRTV\/11758\/2023-vra) t\u00fdkaj\u00edc\u00ed se rozhovoru, kter\u00fd byl na programech \u010cRo Radio\u017eurn\u00e1l a \u010cRo<br \/>\nPlus odvys\u00edl\u00e1n dne 11. \u0159\u00edjna 2023 v p\u0159\u00edsp\u011bvku od 18:10:18 do 18:15:32 hodin. Rada se sezn\u00e1mila<br \/>\nse st\u00ed\u017enost\u00ed (\u010d. j. \u010d. j. RRTV\/11790\/2023-vra) na po\u0159ad Vinohradsk\u00e1 12, kter\u00fd byl 25. dubna 2023<br \/>\nod 10:06 hodin odvys\u00edl\u00e1n na programu \u010cRo Plus. Rada se sezn\u00e1mila se st\u00ed\u017enost\u00ed (\u010d. j.<br \/>\nRRTV\/11853\/2023-vra) t\u00fdkaj\u00edc\u00ed se serveru irozhlas.cz.<br \/>\nTELEVIZN\u00cd VYS\u00cdL\u00c1N\u00cd<br \/>\n&#8211; Rada ud\u011bluje spole\u010dnosti Perinvest, a.s., I\u010c: 26750520, se s\u00eddlem Jan\u00e1\u010dkovo n\u00e1b\u0159e\u017e\u00ed 157\/53,<br \/>\nPraha 5, 150 00, souhlas se zm\u011bnou skute\u010dnost\u00ed uveden\u00fdch v \u017e\u00e1dosti o licenci, sp. zn.:<br \/>\nRRTV\/2023\/398\/blu, \u010d.j. RRTV\/2023\/398\/blu, ze dne 11. kv\u011btna 2023, podle \u00a7 21 odst. 1 p\u00edsm. a)<br \/>\nz\u00e1kona \u010d. 231\/2001 Sb., spo\u010d\u00edvaj\u00edc\u00ed v zm\u011bn\u011b n\u00e1zvu programu A11 Sport, \u0161\u00ed\u0159en\u00e9ho prost\u0159ednictv\u00edm<br \/>\nvys\u00edla\u010d\u016f, na Sporty TV, dle \u017e\u00e1dosti ze dne 24. \u0159\u00edjna 2023, \u010d.j.: RRTV\/12467\/2023-vra.-<\/p>\n<p>Rada se sezn\u00e1mila s ozn\u00e1men\u00edm provozovatele TV Nova s.r.o., I\u010c 45800456, doru\u010den\u00fdm Rad\u011b<br \/>\ndne 27. z\u00e1\u0159\u00ed 2023 pod \u010d.j. RRTV\/11148\/2023-vra, spo\u010d\u00edvaj\u00edc\u00edm v ozn\u00e1men\u00ed zah\u00e1jen\u00ed vys\u00edl\u00e1n\u00ed<br \/>\nprogramu TN Live, \u0161\u00ed\u0159en\u00e9ho pomoc\u00ed zvl\u00e1\u0161tn\u00edch p\u0159enosov\u00fdch syst\u00e9m\u016f.<br \/>\n&#8211; Rada se sezn\u00e1mila s n\u00e1sleduj\u00edc\u00edmi pod\u00e1n\u00edmi k obsahu televizn\u00edch program\u016f a audiovizu\u00e1ln\u00edch<br \/>\nmedi\u00e1ln\u00edch slu\u017eeb na vy\u017e\u00e1d\u00e1n\u00ed doru\u010den\u00fdmi od 13. 10. 2023 do 26. 10. 2023 (celkem 14 pod\u00e1n\u00ed):<br \/>\nBarrandov Televizn\u00ed Studio a.s. \/ Televize Barrandov &#8211; Nikdo nen\u00ed perfektn\u00ed, 14. 10. 2023 od 22:28<br \/>\nhodin, chyb\u011bj\u00edc\u00ed PP; Barrandov Televizn\u00ed Studio a.s. \/ Televize Barrandov &#8211; Tajemstv\u00ed Ji\u0159iny<br \/>\nBohdalov\u00e9, 11. 10. 2023 od 20:36 hodin, chyb\u011bj\u00edc\u00ed PP; FTV Prima, spol. s r.o. \/ CNN Prima NEWS<br \/>\n&#8211; Co na to va\u0161e pen\u011b\u017eenka, 18. 10. 2023 od 17:55 hodin, chyb\u011bj\u00edc\u00ed PP; \u010cesk\u00e1 televize \/ \u010cT 2 &#8211;<br \/>\nDobr\u00e9 r\u00e1no, 9. 10. 2023 od 05:59 hodin, chyb\u011bj\u00edc\u00ed PP; Clash of the stars &#8211; reklama na produkty<br \/>\nobsahuj\u00edc\u00ed nikotin; \u010cesk\u00e1 televize \/ \u010cT 24 &#8211; Slovensk\u00e9 parlamentn\u00ed volby, 28. 9. 2023 od 14:00<br \/>\nhodin, poru\u0161en\u00ed moratoria; \u010cesk\u00e1 televize \/ \u010cT Sport, 15. 10. 2023, opakovan\u00e9 nedodr\u017eov\u00e1n\u00ed<br \/>\nprogramu a nedostupnost iVys\u00edl\u00e1n\u00ed; FTV Prima, spol. s r.o. \/ Prima Zoom &#8211; De\u0161ifrovan\u00e9 konspirace,<br \/>\n15. 10. 2023 od 09:07 hodin, nevhodn\u00fd obsah; FTV Prima, spol. s r.o. \/ Prima COOL &#8211; Parti\u010dka<br \/>\nXXL, 16. 10. 2023 od 20:17 hodin, rasistick\u00fd a xenofobii \u0161\u00ed\u0159\u00edc\u00ed humor; \u010cesk\u00e1 televize \/ \u010cT24 &#8211;<br \/>\nInterview \u010cT24, 17. 10. 2023 od 18:28 hodin, objektivita a vyv\u00e1\u017eenost; \u010cesk\u00e1 televize \/ \u010cT Sport &#8211;<br \/>\nMS v ragby, 15. 10. 2023, chyba v sout\u011b\u017ei v \u010cT; \u010cesk\u00e1 televize \/ \u010cT Art &#8211; J.A.R. &#8211; Eskalace dobra,<br \/>\n22. 10. 2023 od 20:18 hodin, propagace drog; FTV Prima, spol. s r.o. \/ Prima Max &#8211; Mortal<br \/>\nInstruments: M\u011bsto z kost\u00ed, 15. 10. 2023 od 20:00 hodin, explicitn\u00ed obsah; HBO Europe s.r.o. \/<br \/>\nCinemax 2 &#8211; Rimini, 3. 10. 2023 od 16:45 hodin, erotick\u00fd obsah;<br \/>\n&#8211; Rada v r\u00e1mci sv\u00e9 p\u016fsobnosti dan\u00e9 ustanoven\u00edm \u00a7 5 odst. 1 p\u00edsm. a) a f) a \u00a7 59 odst. 1-3 z\u00e1kona<br \/>\n\u010d. 231\/2001 Sb., o provozov\u00e1n\u00ed rozhlasov\u00e9ho a televizn\u00edho vys\u00edl\u00e1n\u00ed a o zm\u011bn\u011b dal\u0161\u00edch z\u00e1kon\u016f (d\u00e1le<br \/>\njen z\u00e1kon \u010d. 231\/2001 Sb.), v platn\u00e9m zn\u011bn\u00ed, upozor\u0148uje provozovatele \u010ceskoslovensk\u00e1 filmov\u00e1<br \/>\nspole\u010dnost, s.r.o., s\u00eddlem V\u00e1clavsk\u00e9 n\u00e1m\u011bst\u00ed 831\/21, 110 00 Praha, I\u010c 27168425, na poru\u0161en\u00ed<br \/>\nustanoven\u00ed \u00a7 32 odst. 1 p\u00edsm. n) z\u00e1kona \u010d. 231\/2001 Sb., kter\u00e9ho se dopustil t\u00edm, \u017ee na programu<br \/>\nCS Film dne 29. z\u00e1\u0159\u00ed 2023 v \u010dase 13:59 &#8211; 15:37 hod. (v pr\u016fb\u011bhu vys\u00edl\u00e1n\u00ed po\u0159adu Martin a Venu\u0161e)<br \/>\nneuv\u00e1d\u011bl ozna\u010den\u00ed televizn\u00edho programu (logo), \u010d\u00edm\u017e se dopustil poru\u0161en\u00ed povinnosti uv\u00e1d\u011bt<br \/>\nozna\u010den\u00ed televizn\u00edho programu (logo) v televizn\u00edm vys\u00edl\u00e1n\u00ed, s v\u00fdjimkou vys\u00edl\u00e1n\u00ed reklamy a<br \/>\nteleshoppingu. Rada stanovuje lh\u016ftu k n\u00e1prav\u011b 7 dn\u016f od doru\u010den\u00ed upozorn\u011bn\u00ed.<br \/>\n&#8211; Rada v r\u00e1mci sv\u00e9 p\u016fsobnosti dan\u00e9 ustanoven\u00edm \u00a7 5 odst. 1 p\u00edsm. a) a f) a \u00a7 59 odst. 1-3 z\u00e1kona<br \/>\n\u010d. 231\/2001 Sb., o provozov\u00e1n\u00ed rozhlasov\u00e9ho a televizn\u00edho vys\u00edl\u00e1n\u00ed a o zm\u011bn\u011b dal\u0161\u00edch z\u00e1kon\u016f (d\u00e1le<br \/>\njen z\u00e1kon \u010d. 231\/2001 Sb.), v platn\u00e9m zn\u011bn\u00ed, upozor\u0148uje provozovatele Barrandov Televizn\u00ed Studio<br \/>\na.s., I\u010c 416 93 311, Praha 5, K\u0159\u00ed\u017eeneck\u00e9ho n\u00e1m. 322, 15200, na poru\u0161en\u00ed ustanoven\u00ed \u00a7 53a odst.<br \/>\n3 z\u00e1kona \u010d. 231\/2001 Sb., kter\u00e9ho se dopustil t\u00edm, \u017ee dne 14. 10. 2023 od 22:28 hodin na programu<br \/>\nTelevize Barrandov odvys\u00edlal po\u0159ad Nikdo nen\u00ed perfektn\u00ed, kter\u00fd je po\u0159adem s um\u00edst\u011bn\u00edm produktu,<br \/>\np\u0159i\u010dem\u017e po\u0159ad byl jako\u017eto po\u0159ad obsahuj\u00edc\u00ed um\u00edst\u011bn\u00ed produktu ozna\u010den pouze na sv\u00e9m za\u010d\u00e1tku a<br \/>\nkonci, nikoli po skon\u010den\u00ed p\u0159eru\u0161en\u00ed celkem dv\u011bma reklamn\u00edmi bloky. Po\u0159ady obsahuj\u00edc\u00ed um\u00edst\u011bn\u00ed<br \/>\nproduktu musej\u00ed b\u00fdt na za\u010d\u00e1tku, na konci a v p\u0159\u00edpad\u011b p\u0159eru\u0161en\u00ed reklamou nebo teleshoppingov\u00fdmi<br \/>\n\u0161oty rovn\u011b\u017e po tomto p\u0159eru\u0161en\u00ed z\u0159eteln\u011b ozna\u010deny jako po\u0159ady obsahuj\u00edc\u00ed um\u00edst\u011bn\u00ed produktu, aby<br \/>\ndiv\u00e1ci nemohli b\u00fdt \u017e\u00e1dn\u00fdm zp\u016fsobem uvedeni v omyl o povaze t\u011bchto po\u0159ad\u016f. Rada stanovuje<br \/>\nlh\u016ftu k n\u00e1prav\u011b 7 dn\u016f ode dne doru\u010den\u00ed tohoto upozorn\u011bn\u00ed.<br \/>\n&#8211; Rada v r\u00e1mci sv\u00e9 kompetence dan\u00e9 \u00a7 5 odst. 1 p\u00edsm. a) a f) z\u00e1kona \u010d. 231\/2001 Sb.,<br \/>\no provozov\u00e1n\u00ed rozhlasov\u00e9ho a televizn\u00edho vys\u00edl\u00e1n\u00ed a o zm\u011bn\u011b dal\u0161\u00edch z\u00e1kon\u016f, v platn\u00e9m zn\u011bn\u00ed<br \/>\n(d\u00e1le jen \u201ez\u00e1kon \u010d. 231\/2001 Sb.\u201c) a v souladu s ustanoven\u00edm \u00a7 137 odst. 1 z\u00e1kona \u010d. 500\/2004<br \/>\nSb., spr\u00e1vn\u00ed \u0159\u00e1d, (d\u00e1le jen \u201ez\u00e1kon \u010d. 500\/2004 Sb.\u201c) \u017e\u00e1d\u00e1 provozovatele Barrandov Televizn\u00ed Studio<br \/>\na.s., I\u010c 416 93 311, Praha 5, K\u0159\u00ed\u017eeneck\u00e9ho n\u00e1m. 322, 15200, o pod\u00e1n\u00ed vysv\u011btlen\u00ed, z jak\u00e9ho d\u016fvodu<br \/>\nbyl po\u0159ad Tajemstv\u00ed Ji\u0159iny Bohdalov\u00e9, odvys\u00edlan\u00fd dne 11. 10. 2023 od 20:36 hodin na programu<br \/>\nTelevize Barrandov, ozna\u010den symbolem PP upozor\u0148uj\u00edc\u00edm na um\u00edst\u011bn\u00fd produkt a jak\u00fd um\u00edst\u011bn\u00fd<br \/>\nprodukt byl v po\u0159adu za\u0159azen, a jestli\u017ee se jednalo o po\u0159ad s um\u00edst\u011bn\u00fdm produktem, pro\u010d nebyl<\/p>\n<p>po\u0159ad \u0159\u00e1dn\u011b ozna\u010den symbolem PP i po skon\u010den\u00ed p\u0159eru\u0161en\u00ed reklamou a na konci po\u0159adu. Rada<br \/>\nstanovuje lh\u016ftu k pod\u00e1n\u00ed vysv\u011btlen\u00ed 30 dn\u00ed ode dne doru\u010den\u00ed t\u00e9to v\u00fdzvy.<br \/>\n&#8211; Rada v r\u00e1mci sv\u00e9 kompetence dan\u00e9 \u00a7 5 odst. 1 p\u00edsm. a) a f) z\u00e1kona \u010d. 231\/2001 Sb.,<br \/>\no provozov\u00e1n\u00ed rozhlasov\u00e9ho a televizn\u00edho vys\u00edl\u00e1n\u00ed a o zm\u011bn\u011b dal\u0161\u00edch z\u00e1kon\u016f, v platn\u00e9m zn\u011bn\u00ed<br \/>\n(d\u00e1le jen \u201ez\u00e1kon \u010d. 231\/2001 Sb.\u201c) a v souladu s ustanoven\u00edm \u00a7 137 odst. 1 z\u00e1kona \u010d. 500\/2004<br \/>\nSb., spr\u00e1vn\u00ed \u0159\u00e1d, (d\u00e1le jen \u201ez\u00e1kon \u010d. 500\/2004 Sb.\u201c) \u017e\u00e1d\u00e1 provozovatele FTV Prima, spol. s r.o., I\u010c:<br \/>\n481 15 908, Vinohradsk\u00e1 3217\/167, Stra\u0161nice, 100 00, Praha 10, o pod\u00e1n\u00ed vysv\u011btlen\u00ed, zda v po\u0159adu<br \/>\nCo na to va\u0161e pen\u011b\u017eenka, odvys\u00edlan\u00e9m dne 18. 10. 2023 od 17:55 hodin na programu CNN Prima<br \/>\nNews, byl um\u00edst\u011bn produkt ve smyslu \u00a7 2 odst. 2 p\u00edsm. b) z\u00e1kona \u010d. 231\/2001 Sb., a jestli\u017ee po\u0159ad<br \/>\nskute\u010dn\u011b obsahoval um\u00edst\u011bn\u00fd produkt, pro\u010d nebyl \u0159\u00e1dn\u011b ozna\u010den i na sv\u00e9m konci, kdy\u017e byl<br \/>\nsymbolem PP ozna\u010den na sv\u00e9m za\u010d\u00e1tku. Rada stanovuje lh\u016ftu k pod\u00e1n\u00ed vysv\u011btlen\u00ed 30 dn\u016f ode<br \/>\ndne doru\u010den\u00ed t\u00e9to v\u00fdzvy.<br \/>\n&#8211; Rada v r\u00e1mci sv\u00e9 kompetence dan\u00e9 \u00a7 5 odst. 1 p\u00edsm. a) a f) z\u00e1kona \u010d. 231\/2001 Sb.,<br \/>\no provozov\u00e1n\u00ed rozhlasov\u00e9ho a televizn\u00edho vys\u00edl\u00e1n\u00ed a o zm\u011bn\u011b dal\u0161\u00edch z\u00e1kon\u016f, v platn\u00e9m zn\u011bn\u00ed<br \/>\n(d\u00e1le jen \u201ez\u00e1kon \u010d. 231\/2001 Sb.\u201c) a v souladu s ustanoven\u00edm \u00a7 137 odst. 1 z\u00e1kona \u010d. 500\/2004<br \/>\nSb., spr\u00e1vn\u00ed \u0159\u00e1d, (d\u00e1le jen \u201ez\u00e1kon \u010d. 500\/2004 Sb.\u201c) \u017e\u00e1d\u00e1 provozovatele \u010cesk\u00e1 televize, I\u010c<br \/>\n00027383, s\u00eddlem Na h\u0159ebenech II 1132\/4, Praha 4, PS\u010c 14700, o pod\u00e1n\u00ed vysv\u011btlen\u00ed, zda v po\u0159adu<br \/>\nDobr\u00e9 r\u00e1no, odvys\u00edlan\u00e9m dne 9. 10. 2023 od 05:59 hodin na programu \u010cT2, byl um\u00edst\u011bn produkt<br \/>\nve smyslu \u00a7 2 odst. 2 p\u00edsm. b) z\u00e1kona \u010d. 231\/2001 Sb., a jestli\u017ee po\u0159ad skute\u010dn\u011b obsahoval<br \/>\num\u00edst\u011bn\u00fd produkt, pro\u010d nebyl \u0159\u00e1dn\u011b ozna\u010den na sv\u00e9m za\u010d\u00e1tku. Po\u0159ady obsahuj\u00edc\u00ed um\u00edst\u011bn\u00ed<br \/>\nproduktu musej\u00ed b\u00fdt na za\u010d\u00e1tku, na konci a v p\u0159\u00edpad\u011b p\u0159eru\u0161en\u00ed reklamou nebo teleshoppingov\u00fdmi<br \/>\n\u0161oty rovn\u011b\u017e po tomto p\u0159eru\u0161en\u00ed z\u0159eteln\u011b ozna\u010deny jako po\u0159ady obsahuj\u00edc\u00ed um\u00edst\u011bn\u00ed produktu, aby<br \/>\ndiv\u00e1ci nemohli b\u00fdt \u017e\u00e1dn\u00fdm zp\u016fsobem uvedeni v omyl o povaze t\u011bchto po\u0159ad\u016f. Rada stanovuje<br \/>\nlh\u016ftu k pod\u00e1n\u00ed vysv\u011btlen\u00ed 30 dn\u016f ode dne doru\u010den\u00ed t\u00e9to v\u00fdzvy.<br \/>\n&#8211; Rada v r\u00e1mci sv\u00e9 kompetence dan\u00e9 \u00a7 5 odst. 1 p\u00edsm. a) a f) z\u00e1kona \u010d. 231\/2001 Sb.,<br \/>\no provozov\u00e1n\u00ed rozhlasov\u00e9ho a televizn\u00edho vys\u00edl\u00e1n\u00ed a o zm\u011bn\u011b dal\u0161\u00edch z\u00e1kon\u016f, v platn\u00e9m zn\u011bn\u00ed<br \/>\n(d\u00e1le jen \u201ez\u00e1kon \u010d. 231\/2001 Sb.\u201c) a v souladu s ustanoven\u00edm \u00a7 137 odst. 1 z\u00e1kona \u010d. 500\/2004<br \/>\nSb., spr\u00e1vn\u00ed \u0159\u00e1d, (d\u00e1le jen \u201ez\u00e1kon \u010d. 500\/2004 Sb.\u201c) \u017e\u00e1d\u00e1 spole\u010dnost Clash of the Stars s.r.o., U<br \/>\nLesa 764\/10, R\u00e1j, 734 01, Karvin\u00e1, I\u010c 10941959, o pod\u00e1n\u00ed vysv\u011btlen\u00ed k obsahu postoupen\u00e9ho<br \/>\npodn\u011btu \u010d.j. RRTV\/12450\/2023-vra a d\u00e1le k objasn\u011bn\u00ed formy \u0161\u00ed\u0159en\u00ed a charakteru poskytov\u00e1n\u00ed<br \/>\naudiovizu\u00e1ln\u00edho medi\u00e1ln\u00edho obsahu prost\u0159ednictv\u00edm https:\/\/clashofthestars.tv\/#\/. Rada stanovuje<br \/>\nlh\u016ftu k pod\u00e1n\u00ed vysv\u011btlen\u00ed 30 dn\u00ed ode dne doru\u010den\u00ed t\u00e9to v\u00fdzvy.<br \/>\n&#8211; Rada se sezn\u00e1mila s anal\u00fdzou z\u00e1znamu vys\u00edl\u00e1n\u00ed programu Prima provozovatele FTV Prima,<br \/>\nspol. s r.o. ze dne 1. 9. 2023 od 11:00 do 23:00 hodin.<br \/>\n&#8211; Rada v r\u00e1mci sv\u00e9 kompetence dan\u00e9 \u00a7 5 odst. 1 p\u00edsm. a) a f) z\u00e1kona \u010d. 231\/2001 Sb.,<br \/>\no provozov\u00e1n\u00ed rozhlasov\u00e9ho a televizn\u00edho vys\u00edl\u00e1n\u00ed a o zm\u011bn\u011b dal\u0161\u00edch z\u00e1kon\u016f, v platn\u00e9m zn\u011bn\u00ed<br \/>\n(d\u00e1le jen \u201ez\u00e1kon \u010d. 231\/2001 Sb.\u201c) a v souladu s ustanoven\u00edm \u00a7 137 odst. 1 z\u00e1kona \u010d. 500\/2004<br \/>\nSb., spr\u00e1vn\u00ed \u0159\u00e1d, (d\u00e1le jen \u201ez\u00e1kon \u010d. 500\/2004 Sb.\u201c) \u017e\u00e1d\u00e1 provozovatele FTV Prima, spol. s r.o., I\u010c<br \/>\n48115908, s\u00eddlem Vinohradsk\u00e1 3217\/167, Stra\u0161nice, 100 00 Praha 10, o pod\u00e1n\u00ed vysv\u011btlen\u00ed, na<br \/>\nz\u00e1klad\u011b jak\u00e9ho smluvn\u00edho ujedn\u00e1n\u00ed byly v po\u0159adu M\u00e1me r\u00e1di \u010cesko odvys\u00edlan\u00e9m dne 1. z\u00e1\u0159\u00ed 2023<br \/>\nv \u010dase od 20:20:56 hodin na programu Prima prezentov\u00e1ny produkty obchodn\u00edho \u0159et\u011bzce Lidl.<br \/>\nRada stanovuje lh\u016ftu k pod\u00e1n\u00ed vysv\u011btlen\u00ed 30 dn\u00ed ode dne doru\u010den\u00ed t\u00e9to v\u00fdzvy.<br \/>\n&#8211; Rada v r\u00e1mci sv\u00e9 kompetence dan\u00e9 \u00a7 5 odst. 1 p\u00edsm. a) a f) z\u00e1kona \u010d. 231\/2001 Sb.,<br \/>\no provozov\u00e1n\u00ed rozhlasov\u00e9ho a televizn\u00edho vys\u00edl\u00e1n\u00ed a o zm\u011bn\u011b dal\u0161\u00edch z\u00e1kon\u016f, v platn\u00e9m zn\u011bn\u00ed<br \/>\n(d\u00e1le jen \u201ez\u00e1kon \u010d. 231\/2001 Sb.\u201c) a v souladu s ustanoven\u00edm \u00a7 137 odst. 1 z\u00e1kona \u010d. 500\/2004<br \/>\nSb., spr\u00e1vn\u00ed \u0159\u00e1d, (d\u00e1le jen \u201ez\u00e1kon \u010d. 500\/2004 Sb.\u201c) \u017e\u00e1d\u00e1 provozovatele FTV Prima, spol. s r.o., I\u010c<br \/>\n48115908, s\u00eddlem Vinohradsk\u00e1 3217\/167, Stra\u0161nice, 100 00 Praha 10, o pod\u00e1n\u00ed vysv\u011btlen\u00ed t\u00fdkaj\u00edc\u00ed<br \/>\nse: 1) po\u0159adu Prost\u0159eno! odvys\u00edlan\u00e9ho dne 1. z\u00e1\u0159\u00ed 2023 na programu Prima v \u010dase od 17:50:59<br \/>\nhodin, a to zda sponzory tohoto po\u0159adu ve smyslu definice z\u00e1kona o vys\u00edl\u00e1n\u00ed byly subjekty: Ive<br \/>\n5<br \/>\nInkontinStop a Pssst Forte!, a pokud ano, z jak\u00e9ho d\u016fvodu byly odvys\u00edl\u00e1ny sponzorsk\u00e9 vzkazy<\/p>\n<p>t\u011bchto subjekt\u016f pouze v pr\u016fb\u011bhu vys\u00edl\u00e1n\u00ed po\u0159adu Prost\u0159eno! (konkr\u00e9tn\u011b v \u010dase 18:30:46 a 18:39:52<br \/>\nhodin) a ne na za\u010d\u00e1tku jeho vys\u00edl\u00e1n\u00ed tak, jak ukl\u00e1d\u00e1 ustanoven\u00ed \u00a7 53 odst. 4 z\u00e1kona \u010d. 231\/2001<br \/>\nSb.; 2) po\u0159adu Ano, \u0161\u00e9fe! odvys\u00edlan\u00e9ho dne 1. z\u00e1\u0159\u00ed 2023 na programu Prima v \u010dase od 14:43:06<br \/>\nhodin, a to zda sponzory tohoto po\u0159adu ve smyslu definice z\u00e1kona o vys\u00edl\u00e1n\u00ed byly subjekty: FOOD<br \/>\na Interspar, a pokud ano, z jak\u00e9ho d\u016fvodu byly tyto subjekty ozna\u010deny jako sponzo\u0159i pouze v<br \/>\nz\u00e1v\u011bre\u010dn\u00e9 zn\u011blce po\u0159adu (v \u010dase 15:50:54 hodin) a ne tak, jak stanovuje \u00a7 53 odst. 4 z\u00e1kona<br \/>\n\u010d. 231\/2001 Sb., dle kter\u00e9ho je provozovatel vys\u00edl\u00e1n\u00ed povinen zajistit, aby byl ka\u017ed\u00fd zcela nebo<br \/>\nz\u010d\u00e1sti sponzorovan\u00fd po\u0159ad v\u017edy na za\u010d\u00e1tku a d\u00e1le v pr\u016fb\u011bhu nebo na konci z\u0159eteln\u011b ozna\u010den<br \/>\njm\u00e9nem nebo n\u00e1zvem, obrazov\u00fdm symbolem (logem) nebo jinou zna\u010dkou sponzora, kterou se<br \/>\nrozum\u00ed zejm\u00e9na odkaz na jeho v\u00fdrobky, slu\u017eby nebo na jejich charakteristick\u00fd znak. Rada<br \/>\nstanovuje lh\u016ftu k pod\u00e1n\u00ed vysv\u011btlen\u00ed 30 dn\u00ed ode dne doru\u010den\u00ed t\u00e9to v\u00fdzvy.<br \/>\n&#8211; Rada se sezn\u00e1mila s anal\u00fdzou z\u00e1znamu vys\u00edl\u00e1n\u00ed programu Prima +1 provozovatele FTV Prima,<br \/>\nspol. s r.o. ze dne 1. 9. 2023 od 12:00 do 24:00 hodin.<br \/>\n&#8211; Rada v r\u00e1mci sv\u00e9 kompetence dan\u00e9 \u00a7 5 odst. 1 p\u00edsm. a) a f) z\u00e1kona \u010d. 231\/2001 Sb.,<br \/>\no provozov\u00e1n\u00ed rozhlasov\u00e9ho a televizn\u00edho vys\u00edl\u00e1n\u00ed a o zm\u011bn\u011b dal\u0161\u00edch z\u00e1kon\u016f, v platn\u00e9m zn\u011bn\u00ed<br \/>\n(d\u00e1le jen \u201ez\u00e1kon \u010d. 231\/2001 Sb.\u201c) a v souladu s ustanoven\u00edm \u00a7 137 odst. 1 z\u00e1kona \u010d. 500\/2004<br \/>\nSb., spr\u00e1vn\u00ed \u0159\u00e1d, (d\u00e1le jen \u201ez\u00e1kon \u010d. 500\/2004 Sb.\u201c) \u017e\u00e1d\u00e1 provozovatele FTV Prima, spol. s r.o., I\u010c<br \/>\n48115908, s\u00eddlem Vinohradsk\u00e1 3217\/167, Stra\u0161nice, 100 00 Praha 10, o pod\u00e1n\u00ed vysv\u011btlen\u00ed, z<br \/>\njak\u00e9ho d\u016fvodu odvys\u00edlal na programu Prima +1 dne 1. 9. 2023 v \u010dasov\u00e9m \u00faseku od 18:00 do 24:00<br \/>\nhodin celkem dvan\u00e1ct blok\u016f reklamn\u00edch sd\u011blen\u00ed v celkov\u00e9 d\u00e9lce 81 minut, kdy\u017e \u00a7 50 odst. 2 z\u00e1kona<br \/>\n\u010d. 231\/2001 Sb. stanovuje, \u017ee \u201e\u010das vyhrazen\u00fd reklam\u011b a teleshoppingov\u00fdm \u0161ot\u016fm v televizn\u00edm<br \/>\nvys\u00edl\u00e1n\u00ed provozovatel\u016f vys\u00edl\u00e1n\u00ed nesm\u00ed p\u0159es\u00e1hnout v dob\u011b od 18:00 do 24:00 hodin 20 % t\u00e9to doby\u201c,<br \/>\nco\u017e \u010din\u00ed 72 minut. Rada stanovuje lh\u016ftu k pod\u00e1n\u00ed vysv\u011btlen\u00ed 30 dn\u00ed ode dne doru\u010den\u00ed t\u00e9to v\u00fdzvy.<br \/>\n&#8211; Rada se sezn\u00e1mila s anal\u00fdzou z\u00e1znamu vys\u00edl\u00e1n\u00ed programu TV DAKR provozovatele<br \/>\nTV PRODUKCE DAKR, s.r.o.ze dn\u016f 28. a 29. srpna 2023 v \u010dasov\u00e9m \u00faseku od 0:00 do 24:00<br \/>\nhodin.<br \/>\n&#8211; Rada v r\u00e1mci sv\u00e9 p\u016fsobnosti dan\u00e9 ustanoven\u00edm \u00a7 5 odst.1 p\u00edsm. a) a f) a \u00a7 59 odst. 1-3 z\u00e1kona<br \/>\n\u010d. 231\/2001 Sb., o provozov\u00e1n\u00ed rozhlasov\u00e9ho a televizn\u00edho vys\u00edl\u00e1n\u00ed a o zm\u011bn\u011b dal\u0161\u00edch z\u00e1kon\u016f (d\u00e1le<br \/>\njen \u201ez\u00e1kon \u010d. 231\/2001Sb.\u201c), v platn\u00e9m zn\u011bn\u00ed, upozor\u0148uje provozovatele TV PRODUKCE DAKR,<br \/>\ns.r.o., I\u010c 286 96 921, s\u00eddlem Obchodn\u00ed 41, 434 01 Most, na poru\u0161en\u00ed licen\u010dn\u00edch podm\u00ednek<br \/>\ntelevizn\u00edho programu TV DAKR, jeho\u017e se dopustil t\u00edm, \u017ee dne 29. srpna 2023 neaktualizoval v<br \/>\n16.00 hodin vys\u00edlanou smy\u010dku, jak ukl\u00e1daj\u00ed dal\u0161\u00ed programov\u00e9 podm\u00ednky licence programu. Rada<br \/>\nstanovuje lh\u016ftu k n\u00e1prav\u011b 30 dn\u00ed ode dne doru\u010den\u00ed upozorn\u011bn\u00ed.<br \/>\n&#8211; Rada v r\u00e1mci sv\u00e9 kompetence dan\u00e9 \u00a7 5 odst. 1 p\u00edsm. a) a f) z\u00e1kona \u010d. 231\/2001 Sb.,<br \/>\no provozov\u00e1n\u00ed rozhlasov\u00e9ho a televizn\u00edho vys\u00edl\u00e1n\u00ed a o zm\u011bn\u011b dal\u0161\u00edch z\u00e1kon\u016f, v platn\u00e9m zn\u011bn\u00ed<br \/>\n(d\u00e1le jen \u201ez\u00e1kon \u010d. 231\/2001 Sb.\u201c) a v souladu s ustanoven\u00edm \u00a7 137 odst. 1 z\u00e1kona \u010d. 500\/2004<br \/>\nSb., spr\u00e1vn\u00ed \u0159\u00e1d, (d\u00e1le jen \u201ez\u00e1kon \u010d. 500\/2004 Sb.\u201c) \u017e\u00e1d\u00e1 provozovatele TV PRODUKCE DAKR,<br \/>\ns.r.o., I\u010c 286 96 921, s\u00eddlem Obchodn\u00ed 41, 434 01 Most, o pod\u00e1n\u00ed vysv\u011btlen\u00ed, z jak\u00e9ho d\u016fvodu<br \/>\nneobsahuj\u00ed z\u00e1znamy programu TV DAKR ze dn\u016f 28. a 29. srpna 2023, poskytnut\u00e9 Rad\u011b na<br \/>\nz\u00e1klad\u011b \u017e\u00e1dosti \u010d. j. RRTV\/9825\/2023-bur, ozna\u010den\u00ed televizn\u00edho programu (logo). Rada stanovuje<br \/>\nlh\u016ftu k pod\u00e1n\u00ed vysv\u011btlen\u00ed 30 dn\u00ed ode dne doru\u010den\u00ed t\u00e9to v\u00fdzvy.<br \/>\n&#8211; Rada v r\u00e1mci sv\u00e9 kompetence dan\u00e9 \u00a7 5 odst. 1 p\u00edsm. a) a f) z\u00e1kona \u010d. 231\/2001 Sb.,<br \/>\no provozov\u00e1n\u00ed rozhlasov\u00e9ho a televizn\u00edho vys\u00edl\u00e1n\u00ed a o zm\u011bn\u011b dal\u0161\u00edch z\u00e1kon\u016f, v platn\u00e9m zn\u011bn\u00ed<br \/>\n(d\u00e1le jen \u201ez\u00e1kon \u010d. 231\/2001 Sb.\u201c) a v souladu s ustanoven\u00edm \u00a7 137 odst. 1 z\u00e1kona \u010d. 500\/2004<br \/>\nSb., spr\u00e1vn\u00ed \u0159\u00e1d, (d\u00e1le jen \u201ez\u00e1kon \u010d. 500\/2004 Sb.\u201c) \u017e\u00e1d\u00e1 provozovatele TV PRODUKCE DAKR,<br \/>\ns.r.o., I\u010c 286 96 921, s\u00eddlem Obchodn\u00ed 41, 434 01 Most, o pod\u00e1n\u00ed vysv\u011btlen\u00ed, jak\u00fdm zp\u016fsobem pln\u00ed<br \/>\npovinnosti plynouc\u00ed z ustanoven\u00ed \u00a7 32 odst. 9 p\u00edsm. a) z\u00e1kona \u010d. 231\/2001 Sb., konkr\u00e9tn\u011b,<\/p>\n<p>jak\u00fdm zp\u016fsobem umo\u017e\u0148uje div\u00e1k\u016fm televizn\u00edho programu TV DAKR p\u0159\u00edstup ke sv\u00e9mu identifika\u010dn\u00edmu<br \/>\n\u010d\u00edslu.Rada stanovuje lh\u016ftu k pod\u00e1n\u00ed vysv\u011btlen\u00ed 30 dn\u00ed ode dne doru\u010den\u00ed t\u00e9to v\u00fdzvy.<br \/>\n&#8211; Rada se sezn\u00e1mila s anal\u00fdzou z\u00e1znamu vys\u00edl\u00e1n\u00ed programu SPORT3 HU provozovatele AMC<br \/>\nNetworks Central Europe s.r.o. ze dne 2. \u0159\u00edjna 2023 v \u010dasov\u00e9m \u00faseku od 12:00 do 24:00 hodin.<br \/>\n&#8211; Rada v r\u00e1mci sv\u00e9 kompetence dan\u00e9 \u00a7 5 odst. 1 p\u00edsm. a) a f) z\u00e1kona \u010d. 231\/2001 Sb.,<br \/>\no provozov\u00e1n\u00ed rozhlasov\u00e9ho a televizn\u00edho vys\u00edl\u00e1n\u00ed a o zm\u011bn\u011b dal\u0161\u00edch z\u00e1kon\u016f, v platn\u00e9m zn\u011bn\u00ed<br \/>\n(d\u00e1le jen \u201ez\u00e1kon \u010d. 231\/2001 Sb.\u201c) a v souladu s ustanoven\u00edm \u00a7 137 odst. 1 z\u00e1kona \u010d. 500\/2004<br \/>\nSb., spr\u00e1vn\u00ed \u0159\u00e1d, (d\u00e1le jen \u201ez\u00e1kon \u010d. 500\/2004 Sb.\u201c) \u017e\u00e1d\u00e1 provozovatele AMC Networks Central<br \/>\nEurope s.r.o., I\u010c: 27112501, se s\u00eddlem Pob\u0159e\u017en\u00ed 620\/3, 186 00 Praha, o pod\u00e1n\u00ed vysv\u011btlen\u00ed,zda se<br \/>\nv p\u0159\u00edpad\u011b z\u00e1znamu programu SPORT3 HU poskytnut\u00e9ho Rad\u011b na z\u00e1klad\u011b \u017e\u00e1dosti \u010d. j.<br \/>\nRRTV\/11269\/2023-bur jedn\u00e1 skute\u010dn\u011b o kompletn\u00ed z\u00e1znam kontinu\u00e1ln\u00edho \u00faseku vys\u00edl\u00e1n\u00ed, tedy<br \/>\nz\u00e1znam vys\u00edl\u00e1n\u00ed v podob\u011b, v jak\u00e9 byl distribuov\u00e1n div\u00e1kovi, tj. v\u010detn\u011b v\u0161ech po\u0159ad\u016f, dal\u0161\u00edch \u010d\u00e1st\u00ed<br \/>\nvys\u00edl\u00e1n\u00ed a loga programu, zaznamenan\u00fd v re\u00e1ln\u00e9m \u010dase, bez jak\u00fdchkoli st\u0159ihov\u00fdch \u010di jin\u00fdch<br \/>\ntechnick\u00fdch \u00faprav. Konkr\u00e9tn\u011b, zda ve vymezen\u00e9m \u010dasov\u00e9m \u00faseku odvys\u00edlal pouze p\u0159enos jednoho<br \/>\nfotbalov\u00e9ho utk\u00e1n\u00ed, zda se jednalo o p\u0159\u00edm\u00fd p\u0159enos a pokud ano, z jak\u00e9ho d\u016fvodu zaslan\u00fd z\u00e1znam<br \/>\nnijak nezohled\u0148uje polo\u010dasovou p\u0159est\u00e1vku. Rada stanovuje lh\u016ftu k pod\u00e1n\u00ed vysv\u011btlen\u00ed 30 dn\u00ed ode<br \/>\ndne doru\u010den\u00ed t\u00e9to v\u00fdzvy.<br \/>\n&#8211; Rada se sezn\u00e1mila s anal\u00fdzou z\u00e1znamu vys\u00edl\u00e1n\u00ed programu Cartoon Network Nordic<br \/>\nprovozovatele HBO Europe s.r.o. ze dne 2. 10. 2023 od 12:00 do 24:00 hodin.<br \/>\n&#8211; Rada se sezn\u00e1mila s anal\u00fdzou z\u00e1znamu vys\u00edl\u00e1n\u00ed programu Cartoon Network French<br \/>\nprovozovatele HBO Europe s.r.o. ze dne 2. 10. 2023 od 12:00 do 24:00 hodin.<br \/>\n&#8211; Rada se sezn\u00e1mila s anal\u00fdzou z\u00e1znamu vys\u00edl\u00e1n\u00ed programu Premier Sport 2 CZ provozovatele<br \/>\nO2 TV s.r.o. ze dne 28. srpna 2023, \u010dasov\u00e9ho \u00faseku od 12:00 do 24:00 hodin.<br \/>\n&#8211; Rada v r\u00e1mci sv\u00e9 kompetence dan\u00e9 \u00a7 5 odst. 1 p\u00edsm. a) a f) z\u00e1kona \u010d. 231\/2001 Sb.,<br \/>\no provozov\u00e1n\u00ed rozhlasov\u00e9ho a televizn\u00edho vys\u00edl\u00e1n\u00ed a o zm\u011bn\u011b dal\u0161\u00edch z\u00e1kon\u016f, v platn\u00e9m zn\u011bn\u00ed<br \/>\n(d\u00e1le jen \u201ez\u00e1kon \u010d. 231\/2001 Sb.\u201c) a v souladu s ustanoven\u00edm \u00a7 137 odst. 1 z\u00e1kona \u010d. 500\/2004<br \/>\nSb., spr\u00e1vn\u00ed \u0159\u00e1d, (d\u00e1le jen \u201ez\u00e1kon \u010d. 500\/2004 Sb.\u201c) \u017e\u00e1d\u00e1 provozovatele O2 TV s.r.o., I\u010c<br \/>\n039 98 3801, se s\u00eddlem Za Brumlovkou 266\/2, Praha 4 Michle, PS\u010c 140 00, o pod\u00e1n\u00ed vysv\u011btlen\u00ed,<br \/>\nz jak\u00e9ho d\u016fvodu byl po\u0159ad UFC Fight Night: Holloway vs The Korean Zombie (z\u00e1znam galave\u010dera<br \/>\nbojov\u00fdch sport\u016f organizace UFC &#8211; Singapur), odvys\u00edlan\u00fd dne 28. srpna 2023 od 20:00 hodin na<br \/>\nprogramu Premier Sport 2 CZ, opat\u0159en grafick\u00fdm znakem \u201e18+\u201c, ur\u010duj\u00edc\u00edm potenci\u00e1ln\u00ed z\u00e1vadnost<br \/>\njeho obsahu pro nezletil\u00e9 osoby, zat\u00edmco stejn\u00fd po\u0159ad odvys\u00edlan\u00fd t\u00e9ho\u017e dne ve stejn\u00e9m \u010dase na<br \/>\nprogramu Premier Sport 2 SK byl opat\u0159en grafick\u00fdm znakem \u201e15\u201c. Podle \u00a7 32 odst. 1 p\u00edsm. u)<br \/>\nz\u00e1kona \u010d. 231\/2001 Sb. je provozovatel povinen ozna\u010dit grafick\u00fdm znakem \u201e18+\u201c takov\u00e9 po\u0159ady,<br \/>\nna kter\u00e9 se vztahuj\u00ed omezen\u00ed podle \u00a7 32 odst. 1 p\u00edsm. g) t\u00e9ho\u017e z\u00e1kona. Pokud tedy byl po\u0159ad UFC<br \/>\nFight Night: Holloway vs The Korean Zombie ozna\u010den grafick\u00fdm znakem \u201e18+\u201c, bylo by nezbytn\u00e9<br \/>\ntakov\u00fd po\u0159ad za\u0159adit do vys\u00edl\u00e1n\u00ed v dob\u011b od 06.00 do 22.00 hodin. Rada stanovuje lh\u016ftu k pod\u00e1n\u00ed<br \/>\nvysv\u011btlen\u00ed 30 dn\u00ed ode dne doru\u010den\u00ed t\u00e9to v\u00fdzvy.<br \/>\n&#8211; Rada se sezn\u00e1mila s anal\u00fdzou z\u00e1znamu vys\u00edl\u00e1n\u00ed programu Premier Sport 2 SK provozovatele<br \/>\nO2 TV s.r.o. ze dne 28. srpna 2023, \u010dasov\u00e9ho \u00faseku od 12:00 do 24:00 hodin.<br \/>\n&#8211; Rada se sezn\u00e1mila s v\u00fdsledky anal\u00fdzy obchodn\u00edch sd\u011blen\u00ed za m\u011bs\u00edc \u010dervenec 2023.<br \/>\n&#8211; Rada coby \u00fast\u0159edn\u00ed spr\u00e1vn\u00ed \u00fa\u0159ad v r\u00e1mci sv\u00e9 p\u016fsobnosti dan\u00e9 \u00a7 5 odst. 1 p\u00edsm. a) a f) z\u00e1kona<br \/>\n\u010d. 231\/2001 Sb., o provozov\u00e1n\u00ed rozhlasov\u00e9ho a televizn\u00edho vys\u00edl\u00e1n\u00ed a o zm\u011bn\u011b dal\u0161\u00edch z\u00e1kon\u016f (d\u00e1le<br \/>\njen z\u00e1kon \u010d. 231\/2001 Sb.) a podle ustanoven\u00ed \u00a7 86 odst. 1 p\u00edsm. k) z\u00e1kona \u010d. 250\/2016 Sb.,<br \/>\no odpov\u011bdnosti za p\u0159estupky a \u0159\u00edzen\u00ed o nich (d\u00e1le jen z\u00e1kon \u010d. 250\/2016 Sb.), vydala toto usnesen\u00ed:<br \/>\nRada zastavuje se spole\u010dnost\u00ed AIDEM &amp; Vy\u0161\u0161\u00ed odborn\u00e1 \u0161kola televizn\u00ed Brno a.s., v likvidaci, I\u010c<br \/>\n276 95 964, V\u00edde\u0148sk\u00e1 51\/122, P\u0159\u00edz\u0159enice, PS\u010c 619 00, Brno, \u0159\u00edzen\u00ed o p\u0159estupku veden\u00e9 pro mo\u017en\u00e9<br \/>\nporu\u0161en\u00ed ustanoven\u00ed \u00a7 32 odst. 1 p\u00edsm. l) z\u00e1kona \u010d. 231\/2001 Sb., kter\u00e9ho se tato spole\u010dnost,<br \/>\njako\u017eto provozovatel televizn\u00edho vys\u00edl\u00e1n\u00ed, mohla dopustit t\u00edm, \u017ee neposkytla Rad\u011b na jej\u00ed vy\u017e\u00e1d\u00e1n\u00ed<\/p>\n<p>z\u00e1znam vys\u00edl\u00e1n\u00ed programu Brno TV ze dn\u016f 23. &#8211; 24. dubna 2023 v \u010dasov\u00e9m \u00faseku od 00.00 do<br \/>\n24.00 hodin, respektive ze dn\u016f 6. -7. srpna 2023 v \u010dasov\u00e9m \u00faseku 00.00 &#8211; 24.00 hodin, nebo\u0165<br \/>\nspole\u010dnost jako\u017eto pr\u00e1vnick\u00e1 osoba zanikla.<br \/>\n&#8211; Rada se sezn\u00e1mila s podan\u00fdm vysv\u011btlen\u00edm provozovatele FTV Prima, spol. s r.o., I\u010c:<br \/>\n481 15 908, Vinohradsk\u00e1 3217\/167, Stra\u0161nice, 100 00, Praha 10, na z\u00e1klad\u011b jak\u00e9ho smluvn\u00edho<br \/>\nujedn\u00e1n\u00ed byly v po\u0159adu ZOO, kter\u00fd nebyl ozna\u010den symbolem PP upozor\u0148uj\u00edc\u00edm na um\u00edst\u011bn\u00ed<br \/>\nproduktu, odvys\u00edlan\u00e9m na programu Prima dne 6. 6. 2023 od 20:20 hodin a dne 8. 6. 2023 od<br \/>\n20:21 hodin, prezentov\u00e1ny produkty KFC.<br \/>\n&#8211; Rada coby \u00fast\u0159edn\u00ed spr\u00e1vn\u00ed \u00fa\u0159ad v r\u00e1mci sv\u00e9 kompetence dan\u00e9 ustanoven\u00edm \u00a7 5 odst. 1 p\u00edsm.<br \/>\na) z\u00e1kona \u010d. 231\/2001 Sb., o provozov\u00e1n\u00ed rozhlasov\u00e9ho a televizn\u00edho vys\u00edl\u00e1n\u00ed a o zm\u011bn\u011b dal\u0161\u00edch<br \/>\nz\u00e1kon\u016f, rozhodla v souladu s ustanoven\u00edm \u00a7 76 odst. 1 p\u00edsm. a) z\u00e1kona \u010d. 250\/2016 Sb.,<br \/>\no-odpov\u011bdnosti za p\u0159estupky a \u0159\u00edzen\u00ed o nich, v platn\u00e9m zn\u011bn\u00ed, ve v\u011bci mo\u017en\u00e9ho p\u0159estupku<br \/>\nsp\u00e1chan\u00e9ho odvys\u00edl\u00e1n\u00edm po\u0159adu ZOO na programu Prima dne 6. 6. 2023 od 20:20 hodin a dne<br \/>\n8. 6. 2023 od 20:21 hodin, \u017ee v\u011bc odkl\u00e1d\u00e1.<br \/>\nAUDIOVIZU\u00c1LN\u00cd MEDI\u00c1LN\u00cd SLU\u017dBY NA VY\u017d\u00c1D\u00c1N\u00cd A SLU\u017dBY PLATFOREM PRO SD\u00cdLEN\u00cd<br \/>\nVIDEONAHR\u00c1VEK<br \/>\n&#8211; Rada se sezn\u00e1mila s Ak\u010dn\u00edmi pl\u00e1ny zp\u0159\u00edstup\u0148ov\u00e1n\u00ed nab\u00edzen\u00fdch po\u0159ad\u016f pro osoby se sluchov\u00fdm<br \/>\nposti\u017een\u00edm a osoby se zrakov\u00fdm posti\u017een\u00edm na obdob\u00ed ode dne 1. \u010dervence 2023 do dne<br \/>\n30. \u010dervna 2025 poskytovatel\u016f audiovizu\u00e1ln\u00edch medi\u00e1ln\u00edch slu\u017eeb na vy\u017e\u00e1d\u00e1n\u00ed.<br \/>\n&#8211; Rada v r\u00e1mci sv\u00e9 p\u016fsobnosti dan\u00e9 ustanoven\u00edm \u00a7 4 odst. 2 z\u00e1kona \u010d. 132\/2010 Sb.,<br \/>\no audiovizu\u00e1ln\u00edch medi\u00e1ln\u00edch slu\u017eb\u00e1ch na vy\u017e\u00e1d\u00e1n\u00ed, v platn\u00e9m zn\u011bn\u00ed, a na z\u00e1klad\u011b ustanoven\u00ed<br \/>\n\u00a7 137 odst. 1 z\u00e1kona \u010d. 500\/2004 Sb., spr\u00e1vn\u00ed \u0159\u00e1d, \u017e\u00e1d\u00e1 poskytovatele audiovizu\u00e1ln\u00ed medi\u00e1ln\u00ed<br \/>\nslu\u017eby na vy\u017e\u00e1d\u00e1n\u00ed CICO TV, dostupn\u00e9 na internetov\u00e9 adrese www.cico.tv, spole\u010dnost CICO s.r.o.,<br \/>\nI\u010c 070 06 039, se s\u00eddlem V H\u00e1j\u00edch 381\/4, Praha, PS\u010c 149 00, o pod\u00e1n\u00ed vysv\u011btlen\u00ed, z jak\u00e9ho d\u016fvodu<br \/>\nna p\u00edsemnou v\u00fdzvu Rady nep\u0159edlo\u017eil Ak\u010dn\u00ed pl\u00e1n zp\u0159\u00edstup\u0148ov\u00e1n\u00ed nab\u00edzen\u00fdch po\u0159ad\u016f pro osoby se<br \/>\nsluchov\u00fdm posti\u017een\u00edm a osoby se zrakov\u00fdm posti\u017een\u00edm na obdob\u00ed ode dne 1. \u010dervence 2023 do<br \/>\ndne 30. \u010dervna 2025. Rada stanovuje lh\u016ftu k pod\u00e1n\u00ed vysv\u011btlen\u00ed 30 dn\u00ed ode dne doru\u010den\u00ed t\u00e9to v\u00fdzvy.<br \/>\n&#8211; Rada v r\u00e1mci sv\u00e9 p\u016fsobnosti dan\u00e9 ustanoven\u00edm \u00a7 4 odst. 2 z\u00e1kona \u010d. 132\/2010 Sb.,<br \/>\no audiovizu\u00e1ln\u00edch medi\u00e1ln\u00edch slu\u017eb\u00e1ch na vy\u017e\u00e1d\u00e1n\u00ed, v platn\u00e9m zn\u011bn\u00ed, a na z\u00e1klad\u011b ustanoven\u00ed<br \/>\n\u00a7 137 odst. 1 z\u00e1kona \u010d. 500\/2004 Sb., spr\u00e1vn\u00ed \u0159\u00e1d, \u017e\u00e1d\u00e1 poskytovatele audiovizu\u00e1ln\u00ed medi\u00e1ln\u00ed<br \/>\nslu\u017eby na vy\u017e\u00e1d\u00e1n\u00ed FILM POPULAR, dostupn\u00e9 na internetov\u00e9 adrese www.filmpopular.cz,<br \/>\nspole\u010dnost \u010ceskoslovensk\u00e1 filmov\u00e1 spole\u010dnost, s.r.o., I\u010c 271 68 425, se s\u00eddlem V\u00e1clavsk\u00e9 n\u00e1m\u011bst\u00ed<br \/>\n831\/21, Praha, PS\u010c 113 60, o pod\u00e1n\u00ed vysv\u011btlen\u00ed, z jak\u00e9ho d\u016fvodu na p\u00edsemnou v\u00fdzvu Rady<br \/>\nnep\u0159edlo\u017eil Ak\u010dn\u00ed pl\u00e1n zp\u0159\u00edstup\u0148ov\u00e1n\u00ed nab\u00edzen\u00fdch po\u0159ad\u016f pro osoby se sluchov\u00fdm posti\u017een\u00edm a<br \/>\nosoby se zrakov\u00fdm posti\u017een\u00edm na obdob\u00ed ode dne 1. \u010dervence 2023 do dne 30. \u010dervna 2025. Rada<br \/>\nstanovuje lh\u016ftu k pod\u00e1n\u00ed vysv\u011btlen\u00ed 30 dn\u00ed ode dne doru\u010den\u00ed t\u00e9to v\u00fdzvy.<br \/>\n&#8211; Rada v r\u00e1mci sv\u00e9 p\u016fsobnosti dan\u00e9 ustanoven\u00edm \u00a7 4 odst. 2 z\u00e1kona \u010d. 132\/2010 Sb.,<br \/>\no audiovizu\u00e1ln\u00edch medi\u00e1ln\u00edch slu\u017eb\u00e1ch na vy\u017e\u00e1d\u00e1n\u00ed, v platn\u00e9m zn\u011bn\u00ed, a na z\u00e1klad\u011b ustanoven\u00ed<br \/>\n\u00a7 137 odst. 1 z\u00e1kona \u010d. 500\/2004 Sb., spr\u00e1vn\u00ed \u0159\u00e1d, \u017e\u00e1d\u00e1 poskytovatele audiovizu\u00e1ln\u00ed medi\u00e1ln\u00ed<br \/>\nslu\u017eby na vy\u017e\u00e1d\u00e1n\u00ed Dramox.cz, dostupn\u00e9 na internetov\u00e9 adrese http:\/\/www.dramox.cz, spole\u010dnost<br \/>\nDramox s.r.o., I\u010c 092 22 103, se s\u00eddlem Bucharova 2928\/14a, Praha, PS\u010c 158 00, o pod\u00e1n\u00ed<br \/>\nvysv\u011btlen\u00ed, z jak\u00e9ho d\u016fvodu na p\u00edsemnou v\u00fdzvu Rady nep\u0159edlo\u017eil Ak\u010dn\u00ed pl\u00e1n zp\u0159\u00edstup\u0148ov\u00e1n\u00ed<br \/>\nnab\u00edzen\u00fdch po\u0159ad\u016f pro osoby se sluchov\u00fdm posti\u017een\u00edm a osoby se zrakov\u00fdm posti\u017een\u00edm na<br \/>\nobdob\u00ed ode dne 1. \u010dervence 2023 do dne 30. \u010dervna 2025. Rada stanovuje lh\u016ftu k pod\u00e1n\u00ed<br \/>\nvysv\u011btlen\u00ed 30 dn\u00ed ode dne doru\u010den\u00ed t\u00e9to v\u00fdzvy.<br \/>\n&#8211; Rada v r\u00e1mci sv\u00e9 p\u016fsobnosti dan\u00e9 ustanoven\u00edm \u00a7 4 odst. 2 z\u00e1kona \u010d. 132\/2010 Sb.,<br \/>\no audiovizu\u00e1ln\u00edch medi\u00e1ln\u00edch slu\u017eb\u00e1ch na vy\u017e\u00e1d\u00e1n\u00ed, v platn\u00e9m zn\u011bn\u00ed, a na z\u00e1klad\u011b ustanoven\u00ed<br \/>\n\u00a7 137 odst. 1 z\u00e1kona \u010d. 500\/2004 Sb., spr\u00e1vn\u00ed \u0159\u00e1d, \u017e\u00e1d\u00e1 poskytovatele audiovizu\u00e1ln\u00ed medi\u00e1ln\u00ed slu\u017eby<\/p>\n<p>na vy\u017e\u00e1d\u00e1n\u00ed VIDEOPORT\u00c1L, dostupn\u00e9 na internetov\u00e9 adrese www.onetv.cz, spole\u010dnost<br \/>\nExtra Online Media s. r. o., I\u010c 243 16 920, se s\u00eddlem Olbrachtova 2006\/9, Praha, PS\u010c 140 00,<br \/>\no pod\u00e1n\u00ed vysv\u011btlen\u00ed, z jak\u00e9ho d\u016fvodu na p\u00edsemnou v\u00fdzvu Rady nep\u0159edlo\u017eil Ak\u010dn\u00ed pl\u00e1n<br \/>\nzp\u0159\u00edstup\u0148ov\u00e1n\u00ed nab\u00edzen\u00fdch po\u0159ad\u016f pro osoby se sluchov\u00fdm posti\u017een\u00edm a osoby se zrakov\u00fdm<br \/>\nposti\u017een\u00edm na obdob\u00ed ode dne 1. \u010dervence 2023 do dne 30. \u010dervna 2025. Rada stanovuje lh\u016ftu k<br \/>\npod\u00e1n\u00ed vysv\u011btlen\u00ed 30 dn\u00ed ode dne doru\u010den\u00ed t\u00e9to v\u00fdzvy.<br \/>\n&#8211; Rada v r\u00e1mci sv\u00e9 p\u016fsobnosti dan\u00e9 ustanoven\u00edm \u00a7 4 odst. 2 z\u00e1kona \u010d. 132\/2010 Sb.,<br \/>\no audiovizu\u00e1ln\u00edch medi\u00e1ln\u00edch slu\u017eb\u00e1ch na vy\u017e\u00e1d\u00e1n\u00ed, v platn\u00e9m zn\u011bn\u00ed, a na z\u00e1klad\u011b ustanoven\u00ed<br \/>\n\u00a7 137 odst. 1 z\u00e1kona \u010d. 500\/2004 Sb., spr\u00e1vn\u00ed \u0159\u00e1d, \u017e\u00e1d\u00e1 poskytovatele audiovizu\u00e1ln\u00ed medi\u00e1ln\u00ed<br \/>\nslu\u017eby na vy\u017e\u00e1d\u00e1n\u00ed FABEX OSTRAVSKO, dostupn\u00e9 na internetov\u00e9 adrese www.TVOVA.cz,<br \/>\nspole\u010dnost FABEX MEDIA s.r.o., I\u010c 268 49 976, se s\u00eddlem Kosmova 651\/16, Ostrava, PS\u010c 702 00,<br \/>\no pod\u00e1n\u00ed vysv\u011btlen\u00ed, z jak\u00e9ho d\u016fvodu na p\u00edsemnou v\u00fdzvu Rady nep\u0159edlo\u017eil Ak\u010dn\u00ed pl\u00e1n<br \/>\nzp\u0159\u00edstup\u0148ov\u00e1n\u00ed nab\u00edzen\u00fdch po\u0159ad\u016f pro osoby se sluchov\u00fdm posti\u017een\u00edm a osoby se zrakov\u00fdm<br \/>\nposti\u017een\u00edm na obdob\u00ed ode dne 1. \u010dervence 2023 do dne 30. \u010dervna 2025. Rada stanovuje lh\u016ftu k<br \/>\npod\u00e1n\u00ed vysv\u011btlen\u00ed 30 dn\u00ed ode dne doru\u010den\u00ed t\u00e9to v\u00fdzvy.<br \/>\n&#8211; Rada v r\u00e1mci sv\u00e9 p\u016fsobnosti dan\u00e9 ustanoven\u00edm \u00a7 4 odst. 2 z\u00e1kona \u010d. 132\/2010 Sb.,<br \/>\no audiovizu\u00e1ln\u00edch medi\u00e1ln\u00edch slu\u017eb\u00e1ch na vy\u017e\u00e1d\u00e1n\u00ed, v platn\u00e9m zn\u011bn\u00ed, a na z\u00e1klad\u011b ustanoven\u00ed<br \/>\n\u00a7 137 odst. 1 z\u00e1kona \u010d. 500\/2004 Sb., spr\u00e1vn\u00ed \u0159\u00e1d, \u017e\u00e1d\u00e1 poskytovatele audiovizu\u00e1ln\u00ed medi\u00e1ln\u00ed<br \/>\nslu\u017eby na vy\u017e\u00e1d\u00e1n\u00ed AETV &#8211; Alter Edu TV, dostupn\u00e9 na internetov\u00e9 adrese www.aetv.cz, spole\u010dnost<br \/>\nFibonacci Production s.r.o., I\u010c 095 36 264, se s\u00eddlem Rybn\u00e1 716\/24, Praha, PS\u010c 110 00, o pod\u00e1n\u00ed<br \/>\nvysv\u011btlen\u00ed, z jak\u00e9ho d\u016fvodu na p\u00edsemnou v\u00fdzvu Rady nep\u0159edlo\u017eil Ak\u010dn\u00ed pl\u00e1n zp\u0159\u00edstup\u0148ov\u00e1n\u00ed<br \/>\nnab\u00edzen\u00fdch po\u0159ad\u016f pro osoby se sluchov\u00fdm posti\u017een\u00edm a osoby se zrakov\u00fdm posti\u017een\u00edm na<br \/>\nobdob\u00ed ode dne 1. \u010dervence 2023 do dne 30. \u010dervna 2025. Rada stanovuje lh\u016ftu k pod\u00e1n\u00ed<br \/>\nvysv\u011btlen\u00ed 30 dn\u00ed ode dne doru\u010den\u00ed t\u00e9to v\u00fdzvy.<br \/>\n&#8211; Rada v r\u00e1mci sv\u00e9 p\u016fsobnosti dan\u00e9 ustanoven\u00edm \u00a7 4 odst. 2 z\u00e1kona \u010d. 132\/2010 Sb.,<br \/>\no audiovizu\u00e1ln\u00edch medi\u00e1ln\u00edch slu\u017eb\u00e1ch na vy\u017e\u00e1d\u00e1n\u00ed, v platn\u00e9m zn\u011bn\u00ed, a na z\u00e1klad\u011b ustanoven\u00ed<br \/>\n\u00a7 137 odst. 1 z\u00e1kona \u010d. 500\/2004 Sb., spr\u00e1vn\u00ed \u0159\u00e1d, \u017e\u00e1d\u00e1 poskytovatele audiovizu\u00e1ln\u00ed medi\u00e1ln\u00ed<br \/>\nslu\u017eby na vy\u017e\u00e1d\u00e1n\u00ed Televize Blansko &#8211; Video\u017eurn\u00e1l on-line, dostupn\u00e9 na internetov\u00e9 adrese<br \/>\nwww.blansko.cz\/media\/televize-blansko\/videozurnal, Jana Popelku, I\u010c 137 15 569, se s\u00eddlem<br \/>\nHorn\u00ed Palava 780\/41, Blansko, PS\u010c 678 01, o pod\u00e1n\u00ed vysv\u011btlen\u00ed, z jak\u00e9ho d\u016fvodu na p\u00edsemnou<br \/>\nv\u00fdzvu Rady nep\u0159edlo\u017eil Ak\u010dn\u00ed pl\u00e1n zp\u0159\u00edstup\u0148ov\u00e1n\u00ed nab\u00edzen\u00fdch po\u0159ad\u016f pro osoby se sluchov\u00fdm<br \/>\nposti\u017een\u00edm a osoby se zrakov\u00fdm posti\u017een\u00edm na obdob\u00ed ode dne 1. \u010dervence 2023 do dne<br \/>\n30. \u010dervna 2025. Rada stanovuje lh\u016ftu k pod\u00e1n\u00ed vysv\u011btlen\u00ed 30 dn\u00ed ode dne doru\u010den\u00ed t\u00e9to v\u00fdzvy.<br \/>\n&#8211; Rada v r\u00e1mci sv\u00e9 p\u016fsobnosti dan\u00e9 ustanoven\u00edm \u00a7 4 odst. 2 z\u00e1kona \u010d. 132\/2010 Sb.,<br \/>\no audiovizu\u00e1ln\u00edch medi\u00e1ln\u00edch slu\u017eb\u00e1ch na vy\u017e\u00e1d\u00e1n\u00ed, v platn\u00e9m zn\u011bn\u00ed, a na z\u00e1klad\u011b ustanoven\u00ed<br \/>\n\u00a7 137 odst. 1 z\u00e1kona \u010d. 500\/2004 Sb., spr\u00e1vn\u00ed \u0159\u00e1d, \u017e\u00e1d\u00e1 poskytovatele audiovizu\u00e1ln\u00ed medi\u00e1ln\u00ed<br \/>\nslu\u017eby na vy\u017e\u00e1d\u00e1n\u00ed \u010ceskokrumlovsk\u00e1 televize CKTV, dostupn\u00e9 na internetov\u00e9 adrese<br \/>\nwww.cktv.cz, spole\u010dnost J\u010c1 z.s., I\u010c 014 38 921, se s\u00eddlem Doln\u00ed Svince 4, Doln\u00ed T\u0159ebon\u00edn, PS\u010c<br \/>\n382 32, o pod\u00e1n\u00ed vysv\u011btlen\u00ed, z jak\u00e9ho d\u016fvodu na p\u00edsemnou v\u00fdzvu Rady nep\u0159edlo\u017eil Ak\u010dn\u00ed pl\u00e1n<br \/>\nzp\u0159\u00edstup\u0148ov\u00e1n\u00ed nab\u00edzen\u00fdch po\u0159ad\u016f pro osoby se sluchov\u00fdm posti\u017een\u00edm a osoby se zrakov\u00fdm<br \/>\nposti\u017een\u00edm na obdob\u00ed ode dne 1. \u010dervence 2023 do dne 30. \u010dervna 2025. Rada stanovuje lh\u016ftu k<br \/>\npod\u00e1n\u00ed vysv\u011btlen\u00ed 30 dn\u00ed ode dne doru\u010den\u00ed t\u00e9to v\u00fdzvy.<br \/>\n&#8211; Rada v r\u00e1mci sv\u00e9 p\u016fsobnosti dan\u00e9 ustanoven\u00edm \u00a7 4 odst. 2 z\u00e1kona \u010d. 132\/2010 Sb.,<br \/>\no audiovizu\u00e1ln\u00edch medi\u00e1ln\u00edch slu\u017eb\u00e1ch na vy\u017e\u00e1d\u00e1n\u00ed, v platn\u00e9m zn\u011bn\u00ed, a na z\u00e1klad\u011b ustanoven\u00ed<br \/>\n\u00a7 137 odst. 1 z\u00e1kona \u010d. 500\/2004 Sb., spr\u00e1vn\u00ed \u0159\u00e1d, \u017e\u00e1d\u00e1 poskytovatele audiovizu\u00e1ln\u00ed medi\u00e1ln\u00ed<br \/>\nslu\u017eby na vy\u017e\u00e1d\u00e1n\u00ed Jind\u0159ichohradeck\u00e1 televize, dostupn\u00e9 na internetov\u00e9 adrese<br \/>\nhttp:\/\/www.jhtv.cz\/, spole\u010dnost Jind\u0159ichohradeck\u00e1 televizn\u00ed s.r.o., I\u010c 281 09 503, se s\u00eddlem s\u00eddli\u0161t\u011b<br \/>\nVajgar 532, Jind\u0159ich\u016fv Hradec, PS\u010c 377 01, o pod\u00e1n\u00ed vysv\u011btlen\u00ed, z jak\u00e9ho d\u016fvodu na p\u00edsemnou<br \/>\nv\u00fdzvu Rady nep\u0159edlo\u017eil Ak\u010dn\u00ed pl\u00e1n zp\u0159\u00edstup\u0148ov\u00e1n\u00ed nab\u00edzen\u00fdch po\u0159ad\u016f pro osoby se sluchov\u00fdm<\/p>\n<p>posti\u017een\u00edm a osoby se zrakov\u00fdm posti\u017een\u00edm na obdob\u00ed ode dne 1. \u010dervence 2023 do dne<br \/>\n30. \u010dervna 2025. Rada stanovuje lh\u016ftu k pod\u00e1n\u00ed vysv\u011btlen\u00ed 30 dn\u00ed ode dne doru\u010den\u00ed t\u00e9to v\u00fdzvy.<br \/>\n&#8211; Rada v r\u00e1mci sv\u00e9 p\u016fsobnosti dan\u00e9 ustanoven\u00edm \u00a7 4 odst. 2 z\u00e1kona \u010d. 132\/2010 Sb.,<br \/>\no audiovizu\u00e1ln\u00edch medi\u00e1ln\u00edch slu\u017eb\u00e1ch na vy\u017e\u00e1d\u00e1n\u00ed, v platn\u00e9m zn\u011bn\u00ed, a na z\u00e1klad\u011b ustanoven\u00ed<br \/>\n\u00a7 137 odst. 1 z\u00e1kona \u010d. 500\/2004 Sb., spr\u00e1vn\u00ed \u0159\u00e1d, \u017e\u00e1d\u00e1 poskytovatele audiovizu\u00e1ln\u00ed medi\u00e1ln\u00ed<br \/>\nslu\u017eby na vy\u017e\u00e1d\u00e1n\u00ed www.televize-js.cz, dostupn\u00e9 na internetov\u00e9 adrese www.televize-js.cz, Ji\u0159\u00edho<br \/>\nSt\u0159edu I\u010c 105 18 266, se s\u00eddlem Seifertova 899, \u00dapice, PS\u010c 542 32, o pod\u00e1n\u00ed vysv\u011btlen\u00ed, z jak\u00e9ho<br \/>\nd\u016fvodu na p\u00edsemnou v\u00fdzvu Rady nep\u0159edlo\u017eil Ak\u010dn\u00ed pl\u00e1n zp\u0159\u00edstup\u0148ov\u00e1n\u00ed nab\u00edzen\u00fdch po\u0159ad\u016f pro<br \/>\nosoby se sluchov\u00fdm posti\u017een\u00edm a osoby se zrakov\u00fdm posti\u017een\u00edm na obdob\u00ed ode dne 1. \u010dervence<br \/>\n2023 do dne 30. \u010dervna 2025. Rada stanovuje lh\u016ftu k pod\u00e1n\u00ed vysv\u011btlen\u00ed 30 dn\u00ed ode dne doru\u010den\u00ed<br \/>\nt\u00e9to v\u00fdzvy.<br \/>\n&#8211; Rada v r\u00e1mci sv\u00e9 p\u016fsobnosti dan\u00e9 ustanoven\u00edm \u00a7 4 odst. 2 z\u00e1kona \u010d. 132\/2010 Sb.,<br \/>\no audiovizu\u00e1ln\u00edch medi\u00e1ln\u00edch slu\u017eb\u00e1ch na vy\u017e\u00e1d\u00e1n\u00ed, v platn\u00e9m zn\u011bn\u00ed, a na z\u00e1klad\u011b ustanoven\u00ed<br \/>\n\u00a7 137 odst. 1 z\u00e1kona \u010d. 500\/2004 Sb., spr\u00e1vn\u00ed \u0159\u00e1d, \u017e\u00e1d\u00e1 poskytovatele audiovizu\u00e1ln\u00ed medi\u00e1ln\u00ed<br \/>\nslu\u017eby na vy\u017e\u00e1d\u00e1n\u00ed Lounge TV, dostupn\u00e9 na internetov\u00e9 adrese www.loungetv.cz, spole\u010dnost<br \/>\nLounge and Live TV s.r.o., I\u010c 178 01 451, se s\u00eddlem Nov\u00e9 sady 988\/2, Brno, PS\u010c 602 00, o pod\u00e1n\u00ed<br \/>\nvysv\u011btlen\u00ed, z jak\u00e9ho d\u016fvodu na p\u00edsemnou v\u00fdzvu Rady nep\u0159edlo\u017eil Ak\u010dn\u00ed pl\u00e1n zp\u0159\u00edstup\u0148ov\u00e1n\u00ed<br \/>\nnab\u00edzen\u00fdch po\u0159ad\u016f pro osoby se sluchov\u00fdm posti\u017een\u00edm a osoby se zrakov\u00fdm posti\u017een\u00edm na<br \/>\nobdob\u00ed ode dne 1. \u010dervence 2023 do dne 30. \u010dervna 2025. Rada stanovuje lh\u016ftu k pod\u00e1n\u00ed<br \/>\nvysv\u011btlen\u00ed 30 dn\u00ed ode dne doru\u010den\u00ed t\u00e9to v\u00fdzvy.<br \/>\n&#8211; Rada v r\u00e1mci sv\u00e9 p\u016fsobnosti dan\u00e9 ustanoven\u00edm \u00a7 4 odst. 2 z\u00e1kona \u010d. 132\/2010 Sb.,<br \/>\no audiovizu\u00e1ln\u00edch medi\u00e1ln\u00edch slu\u017eb\u00e1ch na vy\u017e\u00e1d\u00e1n\u00ed, v platn\u00e9m zn\u011bn\u00ed, a na z\u00e1klad\u011b ustanoven\u00ed<br \/>\n\u00a7 137 odst. 1 z\u00e1kona \u010d. 500\/2004 Sb., spr\u00e1vn\u00ed \u0159\u00e1d, \u017e\u00e1d\u00e1 poskytovatele audiovizu\u00e1ln\u00ed medi\u00e1ln\u00ed<br \/>\nslu\u017eby na vy\u017e\u00e1d\u00e1n\u00ed Vys\u00edl\u00e1me \u017div\u011b, dostupn\u00e9 na internetov\u00e9 adrese www.vysilamezive.cz,<br \/>\nspole\u010dnost Metropolitn\u00ed s.r.o., I\u010c 481 72 481, se s\u00eddlem Dobrovsk\u00e9ho 2366, Havl\u00ed\u010dk\u016fv Brod, PS\u010c<br \/>\n580 01, o pod\u00e1n\u00ed vysv\u011btlen\u00ed, z jak\u00e9ho d\u016fvodu na p\u00edsemnou v\u00fdzvu Rady nep\u0159edlo\u017eil Ak\u010dn\u00ed pl\u00e1n<br \/>\nzp\u0159\u00edstup\u0148ov\u00e1n\u00ed nab\u00edzen\u00fdch po\u0159ad\u016f pro osoby se sluchov\u00fdm posti\u017een\u00edm a osoby se zrakov\u00fdm<br \/>\nposti\u017een\u00edm na obdob\u00ed ode dne 1. \u010dervence 2023 do dne 30. \u010dervna 2025. Rada stanovuje lh\u016ftu k<br \/>\npod\u00e1n\u00ed vysv\u011btlen\u00ed 30 dn\u00ed ode dne doru\u010den\u00ed t\u00e9to v\u00fdzvy.<br \/>\n&#8211; Rada v r\u00e1mci sv\u00e9 p\u016fsobnosti dan\u00e9 ustanoven\u00edm \u00a7 4 odst. 2 z\u00e1kona \u010d. 132\/2010 Sb.,<br \/>\no audiovizu\u00e1ln\u00edch medi\u00e1ln\u00edch slu\u017eb\u00e1ch na vy\u017e\u00e1d\u00e1n\u00ed, v platn\u00e9m zn\u011bn\u00ed, a na z\u00e1klad\u011b ustanoven\u00ed<br \/>\n\u00a7 137 odst. 1 z\u00e1kona \u010d. 500\/2004 Sb., spr\u00e1vn\u00ed \u0159\u00e1d, \u017e\u00e1d\u00e1 poskytovatele audiovizu\u00e1ln\u00ed medi\u00e1ln\u00ed<br \/>\nslu\u017eby na vy\u017e\u00e1d\u00e1n\u00ed kukino, dostupn\u00e9 na internetov\u00e9 adrese www.kukino.tv, spole\u010dnost, Mottygo<br \/>\ns.r.o., I\u010c 061 65 702, se s\u00eddlem Ol\u0161ansk\u00e1 2898\/4e, Praha, PS\u010c 130 00, o pod\u00e1n\u00ed vysv\u011btlen\u00ed, z<br \/>\njak\u00e9ho d\u016fvodu na p\u00edsemnou v\u00fdzvu Rady nep\u0159edlo\u017eil Ak\u010dn\u00ed pl\u00e1n zp\u0159\u00edstup\u0148ov\u00e1n\u00ed nab\u00edzen\u00fdch po\u0159ad\u016f<br \/>\npro osoby se sluchov\u00fdm posti\u017een\u00edm a osoby se zrakov\u00fdm posti\u017een\u00edm na obdob\u00ed ode dne<br \/>\n1. \u010dervence 2023 do dne 30. \u010dervna 2025. Rada stanovuje lh\u016ftu k pod\u00e1n\u00ed vysv\u011btlen\u00ed 30 dn\u00ed ode<br \/>\ndne doru\u010den\u00ed t\u00e9to v\u00fdzvy.<br \/>\n&#8211; Rada v r\u00e1mci sv\u00e9 p\u016fsobnosti dan\u00e9 ustanoven\u00edm \u00a7 4 odst. 2 z\u00e1kona \u010d. 132\/2010 Sb.,<br \/>\no audiovizu\u00e1ln\u00edch medi\u00e1ln\u00edch slu\u017eb\u00e1ch na vy\u017e\u00e1d\u00e1n\u00ed, v platn\u00e9m zn\u011bn\u00ed, a na z\u00e1klad\u011b ustanoven\u00ed<br \/>\n\u00a7 137 odst. 1 z\u00e1kona \u010d. 500\/2004 Sb., spr\u00e1vn\u00ed \u0159\u00e1d, \u017e\u00e1d\u00e1 poskytovatele audiovizu\u00e1ln\u00ed medi\u00e1ln\u00ed<br \/>\nslu\u017eby na vy\u017e\u00e1d\u00e1n\u00ed TV Fenix, dostupn\u00e9 na internetov\u00e9 adrese www.tvfenix.cz, Petra Uhra, I\u010c<br \/>\n675 49 799, se s\u00eddlem J. Palacha 2522\/34, Praha, PS\u010c 690 02, o pod\u00e1n\u00ed vysv\u011btlen\u00ed, z jak\u00e9ho<br \/>\nd\u016fvodu na p\u00edsemnou v\u00fdzvu Rady nep\u0159edlo\u017eil Ak\u010dn\u00ed pl\u00e1n zp\u0159\u00edstup\u0148ov\u00e1n\u00ed nab\u00edzen\u00fdch po\u0159ad\u016f pro<br \/>\nosoby se sluchov\u00fdm posti\u017een\u00edm a osoby se zrakov\u00fdm posti\u017een\u00edm na obdob\u00ed ode dne 1. \u010dervence<br \/>\n2023 do dne 30. \u010dervna 2025. Rada stanovuje lh\u016ftu k pod\u00e1n\u00ed vysv\u011btlen\u00ed 30 dn\u00ed ode dne doru\u010den\u00ed<br \/>\nt\u00e9to v\u00fdzvy.<br \/>\n&#8211; Rada v r\u00e1mci sv\u00e9 p\u016fsobnosti dan\u00e9 ustanoven\u00edm \u00a7 4 odst. 2 z\u00e1kona \u010d. 132\/2010 Sb.,<br \/>\no audiovizu\u00e1ln\u00edch medi\u00e1ln\u00edch slu\u017eb\u00e1ch na vy\u017e\u00e1d\u00e1n\u00ed, v platn\u00e9m zn\u011bn\u00ed, a na z\u00e1klad\u011b ustanoven\u00ed<\/p>\n<p>\u00a7 137 odst. 1 z\u00e1kona \u010d. 500\/2004 Sb., spr\u00e1vn\u00ed \u0159\u00e1d, \u017e\u00e1d\u00e1 poskytovatele audiovizu\u00e1ln\u00ed medi\u00e1ln\u00ed<br \/>\nslu\u017eby na vy\u017e\u00e1d\u00e1n\u00ed LEO TV GALAXY VOD, dostupn\u00e9 na internetov\u00e9 adrese www.leotv.cz,<br \/>\nspole\u010dnost PK 62, a.s., I\u010c 262 11 416, se s\u00eddlem Bohdaleck\u00e1 1420\/6, Praha, PS\u010c 101 00, o pod\u00e1n\u00ed<br \/>\nvysv\u011btlen\u00ed, z jak\u00e9ho d\u016fvodu na p\u00edsemnou v\u00fdzvu Rady nep\u0159edlo\u017eil Ak\u010dn\u00ed pl\u00e1n zp\u0159\u00edstup\u0148ov\u00e1n\u00ed<br \/>\nnab\u00edzen\u00fdch po\u0159ad\u016f pro osoby se sluchov\u00fdm posti\u017een\u00edm a osoby se zrakov\u00fdm posti\u017een\u00edm na<br \/>\nobdob\u00ed ode dne 1. \u010dervence 2023 do dne 30. \u010dervna 2025. Rada stanovuje lh\u016ftu k pod\u00e1n\u00ed<br \/>\nvysv\u011btlen\u00ed 30 dn\u00ed ode dne doru\u010den\u00ed t\u00e9to v\u00fdzvy.<br \/>\n&#8211; Rada v r\u00e1mci sv\u00e9 p\u016fsobnosti dan\u00e9 ustanoven\u00edm \u00a7 4 odst. 2 z\u00e1kona \u010d. 132\/2010 Sb.,<br \/>\no audiovizu\u00e1ln\u00edch medi\u00e1ln\u00edch slu\u017eb\u00e1ch na vy\u017e\u00e1d\u00e1n\u00ed, v platn\u00e9m zn\u011bn\u00ed, a na z\u00e1klad\u011b ustanoven\u00ed<br \/>\n\u00a7 137 odst. 1 z\u00e1kona \u010d. 500\/2004 Sb., spr\u00e1vn\u00ed \u0159\u00e1d, \u017e\u00e1d\u00e1 poskytovatele audiovizu\u00e1ln\u00ed medi\u00e1ln\u00ed<br \/>\nslu\u017eby na vy\u017e\u00e1d\u00e1n\u00ed Televize Vyso\u010dina, dostupn\u00e9 na internetov\u00e9 adrese www.televizevysocina.cz,<br \/>\nspole\u010dnost SATT a.s., I\u010c 607 49 105, se s\u00eddlem Okru\u017en\u00ed 1889\/11, \u017d\u010f\u00e1r nad S\u00e1zavou, PS\u010c 591 01,<br \/>\no pod\u00e1n\u00ed vysv\u011btlen\u00ed, z jak\u00e9ho d\u016fvodu na p\u00edsemnou v\u00fdzvu Rady nep\u0159edlo\u017eil Ak\u010dn\u00ed pl\u00e1n<br \/>\nzp\u0159\u00edstup\u0148ov\u00e1n\u00ed nab\u00edzen\u00fdch po\u0159ad\u016f pro osoby se sluchov\u00fdm posti\u017een\u00edm a osoby se zrakov\u00fdm<br \/>\nposti\u017een\u00edm na obdob\u00ed ode dne 1. \u010dervence 2023 do dne 30. \u010dervna 2025. Rada stanovuje lh\u016ftu k<br \/>\npod\u00e1n\u00ed vysv\u011btlen\u00ed 30 dn\u00ed ode dne doru\u010den\u00ed t\u00e9to v\u00fdzvy.<br \/>\n&#8211; Rada v r\u00e1mci sv\u00e9 p\u016fsobnosti dan\u00e9 ustanoven\u00edm \u00a7 4 odst. 2 z\u00e1kona \u010d. 132\/2010 Sb.,<br \/>\no audiovizu\u00e1ln\u00edch medi\u00e1ln\u00edch slu\u017eb\u00e1ch na vy\u017e\u00e1d\u00e1n\u00ed, v platn\u00e9m zn\u011bn\u00ed, a na z\u00e1klad\u011b ustanoven\u00ed<br \/>\n\u00a7 137 z\u00e1kona \u010d. 500\/2004 Sb., spr\u00e1vn\u00ed \u0159\u00e1d, \u017e\u00e1d\u00e1 poskytovatele audiovizu\u00e1ln\u00ed medi\u00e1ln\u00ed slu\u017eby na<br \/>\nvy\u017e\u00e1d\u00e1n\u00ed Archiv po\u0159ad\u016f televize Sport 5, dostupn\u00e9 na internetov\u00e9 adrese www.sport5.cz,<br \/>\nspole\u010dnost SPORT 5 a.s. v likvidaci, I\u010c 272 02 569, se s\u00eddlem Na Po\u0159\u00ed\u010d\u00ed 1046\/24, Praha, PS\u010c<br \/>\n110 00, o pod\u00e1n\u00ed vysv\u011btlen\u00ed, z jak\u00e9ho d\u016fvodu nep\u0159edlo\u017eil Ak\u010dn\u00ed pl\u00e1n zp\u0159\u00edstup\u0148ov\u00e1n\u00ed nab\u00edzen\u00fdch<br \/>\npo\u0159ad\u016f pro osoby se sluchov\u00fdm posti\u017een\u00edm a osoby se zrakov\u00fdm posti\u017een\u00edm na obdob\u00ed ode dne<br \/>\n1. \u010dervence 2023 do dne 30. \u010dervna 2025. Rada stanovuje lh\u016ftu k pod\u00e1n\u00ed vysv\u011btlen\u00ed 30 dn\u00ed ode<br \/>\ndne doru\u010den\u00ed t\u00e9to v\u00fdzvy.<br \/>\n&#8211; Rada v r\u00e1mci sv\u00e9 p\u016fsobnosti dan\u00e9 ustanoven\u00edm \u00a7 4 odst. 2 z\u00e1kona \u010d. 132\/2010 Sb.,<br \/>\no audiovizu\u00e1ln\u00edch medi\u00e1ln\u00edch slu\u017eb\u00e1ch na vy\u017e\u00e1d\u00e1n\u00ed, v platn\u00e9m zn\u011bn\u00ed, a na z\u00e1klad\u011b ustanoven\u00ed<br \/>\n\u00a7 137 odst. 1 z\u00e1kona \u010d. 500\/2004 Sb., spr\u00e1vn\u00ed \u0159\u00e1d, \u017e\u00e1d\u00e1 poskytovatele audiovizu\u00e1ln\u00ed medi\u00e1ln\u00ed<br \/>\nslu\u017eby na vy\u017e\u00e1d\u00e1n\u00ed audiovizu\u00e1ln\u00ed medi\u00e1ln\u00ed slu\u017eba na vy\u017e\u00e1d\u00e1n\u00ed, dostupn\u00e9 na internetov\u00e9 adrese<br \/>\nwww.tvnatura.cz, spole\u010dnost Televize Natura s.r.o., I\u010c 070 13 809, se s\u00eddlem K\u0159enovice 106,<br \/>\nDubn\u00e9, PS\u010c 373 84, o pod\u00e1n\u00ed vysv\u011btlen\u00ed, z jak\u00e9ho d\u016fvodu na p\u00edsemnou v\u00fdzvu Rady nep\u0159edlo\u017eil<br \/>\nAk\u010dn\u00ed pl\u00e1n zp\u0159\u00edstup\u0148ov\u00e1n\u00ed nab\u00edzen\u00fdch po\u0159ad\u016f pro osoby se sluchov\u00fdm posti\u017een\u00edm a osoby se<br \/>\nzrakov\u00fdm posti\u017een\u00edm na obdob\u00ed ode dne 1. \u010dervence 2023 do dne 30. \u010dervna 2025. Rada<br \/>\nstanovuje lh\u016ftu k pod\u00e1n\u00ed vysv\u011btlen\u00ed 30 dn\u00ed ode dne doru\u010den\u00ed t\u00e9to v\u00fdzvy.<br \/>\n&#8211; Rada v r\u00e1mci sv\u00e9 p\u016fsobnosti dan\u00e9 ustanoven\u00edm \u00a7 4 odst. 2 z\u00e1kona \u010d. 132\/2010 Sb.,<br \/>\no audiovizu\u00e1ln\u00edch medi\u00e1ln\u00edch slu\u017eb\u00e1ch na vy\u017e\u00e1d\u00e1n\u00ed, v platn\u00e9m zn\u011bn\u00ed, a na z\u00e1klad\u011b ustanoven\u00ed<br \/>\n\u00a7 137 odst. 1 z\u00e1kona \u010d. 500\/2004 Sb., spr\u00e1vn\u00ed \u0159\u00e1d, \u017e\u00e1d\u00e1 poskytovatele audiovizu\u00e1ln\u00ed medi\u00e1ln\u00ed<br \/>\nslu\u017eby na vy\u017e\u00e1d\u00e1n\u00ed R1 ZAK, dostupn\u00e9 na internetov\u00e9 adrese https:\/\/zaktv.cz\/, spole\u010dnost ZAK TV<br \/>\ns.r.o., I\u010c 648 35 669, se s\u00eddlem Prokopova 166\/26, Plze\u0148, PS\u010c 301 00, o pod\u00e1n\u00ed vysv\u011btlen\u00ed, z<br \/>\njak\u00e9ho d\u016fvodu na p\u00edsemnou v\u00fdzvu Rady nep\u0159edlo\u017eil Ak\u010dn\u00ed pl\u00e1n zp\u0159\u00edstup\u0148ov\u00e1n\u00ed nab\u00edzen\u00fdch po\u0159ad\u016f<br \/>\npro osoby se sluchov\u00fdm posti\u017een\u00edm a osoby se zrakov\u00fdm posti\u017een\u00edm na obdob\u00ed ode dne<br \/>\n1. \u010dervence 2023 do dne 30. \u010dervna 2025. Rada stanovuje lh\u016ftu k pod\u00e1n\u00ed vysv\u011btlen\u00ed 30 dn\u00ed ode<br \/>\ndne doru\u010den\u00ed t\u00e9to v\u00fdzvy.<br \/>\n&#8211; Rada v r\u00e1mci sv\u00e9 p\u016fsobnosti dan\u00e9 ustanoven\u00edm \u00a7 4 odst. 2 z\u00e1kona \u010d. 132\/2010 Sb.,<br \/>\no audiovizu\u00e1ln\u00edch medi\u00e1ln\u00edch slu\u017eb\u00e1ch na vy\u017e\u00e1d\u00e1n\u00ed, v platn\u00e9m zn\u011bn\u00ed, a na z\u00e1klad\u011b ustanoven\u00ed<br \/>\n\u00a7 137 odst. 1 z\u00e1kona \u010d. 500\/2004 Sb., spr\u00e1vn\u00ed \u0159\u00e1d, \u017e\u00e1d\u00e1 poskytovatele audiovizu\u00e1ln\u00ed medi\u00e1ln\u00ed<br \/>\nslu\u017eby na vy\u017e\u00e1d\u00e1n\u00ed ZKTV, dostupn\u00e9 na internetov\u00e9 adrese https:\/\/www.zktv.tv\/, spole\u010dnost<br \/>\nZ\u00e1pado\u010desk\u00e1 kabelov\u00e1 televize s.r.o. I\u010c 279 85 563, se s\u00eddlem Dobrovsk\u00e9ho 180\/15, Mari\u00e1nsk\u00e9<br \/>\nL\u00e1zn\u011b, PS\u010c 353 01, o pod\u00e1n\u00ed vysv\u011btlen\u00ed, z jak\u00e9ho d\u016fvodu na p\u00edsemnou v\u00fdzvu Rady nep\u0159edlo\u017eil<\/p>\n<p>Ak\u010dn\u00ed pl\u00e1n zp\u0159\u00edstup\u0148ov\u00e1n\u00ed nab\u00edzen\u00fdch po\u0159ad\u016f pro osoby se sluchov\u00fdm posti\u017een\u00edm a osoby se<br \/>\nzrakov\u00fdm posti\u017een\u00edm na obdob\u00ed ode dne 1. \u010dervence 2023 do dne 30. \u010dervna 2025. Rada<br \/>\nstanovuje lh\u016ftu k pod\u00e1n\u00ed vysv\u011btlen\u00ed 30 dn\u00ed ode dne doru\u010den\u00ed t\u00e9to v\u00fdzvy.<br \/>\n&#8211; Rada v r\u00e1mci sv\u00e9 p\u016fsobnosti dan\u00e9 ustanoven\u00edm \u00a7 4 odst. 2 z\u00e1kona \u010d. 132\/2010 Sb.,<br \/>\no audiovizu\u00e1ln\u00edch medi\u00e1ln\u00edch slu\u017eb\u00e1ch na vy\u017e\u00e1d\u00e1n\u00ed, v platn\u00e9m zn\u011bn\u00ed, a na z\u00e1klad\u011b ustanoven\u00ed<br \/>\n\u00a7 137 odst. 1 z\u00e1kona \u010d. 500\/2004 Sb., spr\u00e1vn\u00ed \u0159\u00e1d, \u017e\u00e1d\u00e1 poskytovatele audiovizu\u00e1ln\u00ed medi\u00e1ln\u00ed<br \/>\nslu\u017eby na vy\u017e\u00e1d\u00e1n\u00ed Internetov\u00e9 zpravodajstv\u00ed Olomouc, dostupn\u00e9 na internetov\u00e9 adrese<br \/>\nwww.zzip.cz, spole\u010dnost ZZIP s.r.o., I\u010c 483 94 556, se s\u00eddlem Dobnerova 526\/18, Olomouc, PS\u010c<br \/>\n779 00, o pod\u00e1n\u00ed vysv\u011btlen\u00ed, z jak\u00e9ho d\u016fvodu na p\u00edsemnou v\u00fdzvu Rady nep\u0159edlo\u017eil Ak\u010dn\u00ed pl\u00e1n<br \/>\nzp\u0159\u00edstup\u0148ov\u00e1n\u00ed nab\u00edzen\u00fdch po\u0159ad\u016f pro osoby se sluchov\u00fdm posti\u017een\u00edm a osoby se zrakov\u00fdm<br \/>\nposti\u017een\u00edm na obdob\u00ed ode dne 1. \u010dervence 2023 do dne 30. \u010dervna 2025. Rada stanovuje lh\u016ftu k<br \/>\npod\u00e1n\u00ed vysv\u011btlen\u00ed 30 dn\u00ed ode dne doru\u010den\u00ed t\u00e9to v\u00fdzvy.<br \/>\n&#8211; Rada v r\u00e1mci sv\u00e9 p\u016fsobnosti dan\u00e9 ustanoven\u00edm \u00a7 4 odst. 2 z\u00e1kona \u010d. 132\/2010 Sb.,<br \/>\no audiovizu\u00e1ln\u00edch medi\u00e1ln\u00edch slu\u017eb\u00e1ch na vy\u017e\u00e1d\u00e1n\u00ed, v platn\u00e9m zn\u011bn\u00ed, a na z\u00e1klad\u011b ustanoven\u00ed<br \/>\n\u00a7 137 odst. 1 z\u00e1kona \u010d. 500\/2004 Sb., spr\u00e1vn\u00ed \u0159\u00e1d, \u017e\u00e1d\u00e1 poskytovatele audiovizu\u00e1ln\u00ed medi\u00e1ln\u00ed<br \/>\nslu\u017eby na vy\u017e\u00e1d\u00e1n\u00ed XTV, dostupn\u00e9 na internetov\u00e9 adrese www.xtv.cz, spole\u010dnost XTV s. r. o., I\u010c<br \/>\n050 07 780, se s\u00eddlem Lidick\u00e1 291\/40, Praha, PS\u010c 150 00, o pod\u00e1n\u00ed vysv\u011btlen\u00ed t\u00fdkaj\u00edc\u00ed se<br \/>\nup\u0159esn\u011bn\u00ed d\u016fvod\u016f pro aplikaci v\u00fdjimky pro zp\u0159\u00edstupn\u011bn\u00ed slu\u017eby pro osoby se zrakov\u00fdm posti\u017een\u00edm<br \/>\na pro osoby se sluchov\u00fdm posti\u017een\u00edm. Rada stanovuje lh\u016ftu k pod\u00e1n\u00ed vysv\u011btlen\u00ed 30 dn\u00ed ode dne<br \/>\ndoru\u010den\u00ed t\u00e9to v\u00fdzvy.<br \/>\n&#8211; Rada v r\u00e1mci sv\u00e9 p\u016fsobnosti dan\u00e9 ustanoven\u00edm \u00a7 4 odst. 2 z\u00e1kona \u010d. 132\/2010 Sb.,<br \/>\no audiovizu\u00e1ln\u00edch medi\u00e1ln\u00edch slu\u017eb\u00e1ch na vy\u017e\u00e1d\u00e1n\u00ed, v platn\u00e9m zn\u011bn\u00ed, a na z\u00e1klad\u011b ustanoven\u00ed<br \/>\n\u00a7 137 odst. 1 z\u00e1kona \u010d. 500\/2004 Sb., spr\u00e1vn\u00ed \u0159\u00e1d, \u017e\u00e1d\u00e1 poskytovatele audiovizu\u00e1ln\u00ed medi\u00e1ln\u00ed<br \/>\nslu\u017eby na vy\u017e\u00e1d\u00e1n\u00ed SupremeXP, dostupn\u00e9 na internetov\u00e9 adrese https:\/\/www.supremexp.net\/,<br \/>\nSupremeXP Enterprise s.r.o., I\u010c 092 94 121, se s\u00eddlem N\u00e1rodn\u00ed 973\/41, Praha, PS\u010c 110 00, o<br \/>\npod\u00e1n\u00ed vysv\u011btlen\u00ed t\u00fdkaj\u00edc\u00ed se up\u0159esn\u011bn\u00ed d\u016fvod\u016f pro aplikaci v\u00fdjimky pro zp\u0159\u00edstupn\u011bn\u00ed slu\u017eby pro<br \/>\nosoby se zrakov\u00fdm posti\u017een\u00edm a pro osoby se sluchov\u00fdm posti\u017een\u00edm. Rada stanovuje lh\u016ftu k<br \/>\npod\u00e1n\u00ed vysv\u011btlen\u00ed 30 dn\u00ed ode dne doru\u010den\u00ed t\u00e9to v\u00fdzvy.<br \/>\n&#8211; Rada v r\u00e1mci sv\u00e9 p\u016fsobnosti dan\u00e9 ustanoven\u00edm \u00a7 4 odst. 2 z\u00e1kona \u010d. 132\/2010 Sb.,<br \/>\no audiovizu\u00e1ln\u00edch medi\u00e1ln\u00edch slu\u017eb\u00e1ch na vy\u017e\u00e1d\u00e1n\u00ed, v platn\u00e9m zn\u011bn\u00ed, a na z\u00e1klad\u011b ustanoven\u00ed<br \/>\n\u00a7 137 odst. 1 z\u00e1kona \u010d. 500\/2004 Sb., spr\u00e1vn\u00ed \u0159\u00e1d, \u017e\u00e1d\u00e1 poskytovatele audiovizu\u00e1ln\u00ed medi\u00e1ln\u00ed<br \/>\nslu\u017eby na vy\u017e\u00e1d\u00e1n\u00ed FAMU Films, dostupn\u00e9 na internetov\u00e9 adrese https:\/\/famufilms.cz\/, subjekt<br \/>\nAkademie m\u00fazick\u00fdch um\u011bn\u00ed v Praze, I\u010c 613 84 984, se s\u00eddlem Malostransk\u00e9 n\u00e1m\u011bst\u00ed 259\/12,<br \/>\nPraha, PS\u010c 118 00, o pod\u00e1n\u00ed vysv\u011btlen\u00ed, z jak\u00e9ho d\u016fvodu nep\u0159edlo\u017eil Rad\u011b k Ak\u010dn\u00edmu pl\u00e1nu<br \/>\nzp\u0159\u00edstup\u0148ov\u00e1n\u00ed nab\u00edzen\u00fdch po\u0159ad\u016f pro osoby se sluchov\u00fdm a pro osoby se zrakov\u00fdm posti\u017een\u00edm<br \/>\nna obdob\u00ed ode dne 1. \u010dervence 2023 do dne 30. \u010dervna 2025 potvrzen\u00ed o jeho projedn\u00e1n\u00ed s<br \/>\norganizacemi sdru\u017euj\u00edc\u00edmi osoby se sluchov\u00fdm posti\u017een\u00edm a osoby se zrakov\u00fdm posti\u017een\u00edm<br \/>\n(SONS, ASNEP), a \u017e\u00e1d\u00e1 o jeho dopln\u011bn\u00ed. Rada stanovuje lh\u016ftu k pod\u00e1n\u00ed vysv\u011btlen\u00ed 30 dn\u00ed ode<br \/>\ndne doru\u010den\u00ed t\u00e9to v\u00fdzvy.<br \/>\n&#8211; Rada v r\u00e1mci sv\u00e9 p\u016fsobnosti dan\u00e9 ustanoven\u00edm \u00a7 4 odst. 2 z\u00e1kona \u010d. 132\/2010 Sb.,<br \/>\no audiovizu\u00e1ln\u00edch medi\u00e1ln\u00edch slu\u017eb\u00e1ch na vy\u017e\u00e1d\u00e1n\u00ed, v platn\u00e9m zn\u011bn\u00ed, a na z\u00e1klad\u011b ustanoven\u00ed<br \/>\n\u00a7 137 odst. 1 z\u00e1kona \u010d. 500\/2004 Sb., spr\u00e1vn\u00ed \u0159\u00e1d, \u017e\u00e1d\u00e1 poskytovatele audiovizu\u00e1ln\u00ed medi\u00e1ln\u00ed<br \/>\nslu\u017eby na vy\u017e\u00e1d\u00e1n\u00ed KVIFF.TV, dostupn\u00e9 na internetov\u00e9 adrese www.kviff.tv, spole\u010dnost KVIFF.TV<br \/>\na.s., I\u010c 107 80 777, se s\u00eddlem Pansk\u00e1 892\/1, Praha, PS\u010c 110 00, o pod\u00e1n\u00ed vysv\u011btlen\u00ed, z jak\u00e9ho<br \/>\nd\u016fvodu nep\u0159edlo\u017eil k Ak\u010dn\u00edmu pl\u00e1nu zp\u0159\u00edstup\u0148ov\u00e1n\u00ed nab\u00edzen\u00fdch po\u0159ad\u016f pro osoby se sluchov\u00fdm<br \/>\na pro osoby se zrakov\u00fdm posti\u017een\u00edm na obdob\u00ed ode dne 1. \u010dervence 2023 do dne 30. \u010dervna 2025<br \/>\npotvrzen\u00ed o jeho projedn\u00e1n\u00ed s organizacemi sdru\u017euj\u00edc\u00edmi osoby se sluchov\u00fdm posti\u017een\u00edm a osoby<br \/>\nse zrakov\u00fdm posti\u017een\u00edm (SONS, ASNEP), a \u017e\u00e1d\u00e1 o jeho dopln\u011bn\u00ed. Rada stanovuje lh\u016ftu k pod\u00e1n\u00ed<br \/>\nvysv\u011btlen\u00ed 30 dn\u00ed ode dne doru\u010den\u00ed t\u00e9to v\u00fdzvy. &#8211; Rada v r\u00e1mci sv\u00e9 p\u016fsobnosti dan\u00e9 ustanoven\u00edm<\/p>\n<p>\u00a7 4 odst. 2 z\u00e1kona \u010d. 132\/2010 Sb.,<br \/>\no audiovizu\u00e1ln\u00edch medi\u00e1ln\u00edch slu\u017eb\u00e1ch na vy\u017e\u00e1d\u00e1n\u00ed, v platn\u00e9m zn\u011bn\u00ed, a na z\u00e1klad\u011b ustanoven\u00ed<br \/>\n\u00a7 137 odst. 1 z\u00e1kona \u010d. 500\/2004 Sb., spr\u00e1vn\u00ed \u0159\u00e1d, \u017e\u00e1d\u00e1 poskytovatele audiovizu\u00e1ln\u00ed medi\u00e1ln\u00ed<br \/>\nslu\u017eby na vy\u017e\u00e1d\u00e1n\u00ed televize Minor, dostupn\u00e9 na internetov\u00e9 adrese www.minor.cz, Minor,<br \/>\np\u0159\u00edsp\u011bvkov\u00e1 organizace, I\u010c 000 64 351, se s\u00eddlem Vodi\u010dkova 674\/6, Praha, PS\u010c 110 00, o pod\u00e1n\u00ed<br \/>\nvysv\u011btlen\u00ed, z jak\u00e9ho d\u016fvodu nep\u0159edlo\u017eil k Ak\u010dn\u00edmu pl\u00e1nu zp\u0159\u00edstup\u0148ov\u00e1n\u00ed nab\u00edzen\u00fdch po\u0159ad\u016f pro<br \/>\nosoby se sluchov\u00fdm a pro osoby se zrakov\u00fdm posti\u017een\u00edm na obdob\u00ed ode dne 1. \u010dervence 2023<br \/>\ndo dne 30. \u010dervna 2025 potvrzen\u00ed o jeho projedn\u00e1n\u00ed s organizacemi sdru\u017euj\u00edc\u00edmi osoby se<br \/>\nsluchov\u00fdm posti\u017een\u00edm a osoby se zrakov\u00fdm posti\u017een\u00edm (SONS, ASNEP), a \u017e\u00e1d\u00e1 o jeho dopln\u011bn\u00ed.<br \/>\nRada stanovuje lh\u016ftu k pod\u00e1n\u00ed vysv\u011btlen\u00ed 30 dn\u00ed ode dne doru\u010den\u00ed t\u00e9to v\u00fdzvy.<br \/>\n&#8211; Rada v r\u00e1mci sv\u00e9 p\u016fsobnosti dan\u00e9 ustanoven\u00edm \u00a7 4 odst. 2 z\u00e1kona \u010d. 132\/2010 Sb.,<br \/>\no audiovizu\u00e1ln\u00edch medi\u00e1ln\u00edch slu\u017eb\u00e1ch na vy\u017e\u00e1d\u00e1n\u00ed, v platn\u00e9m zn\u011bn\u00ed, a na z\u00e1klad\u011b ustanoven\u00ed<br \/>\n\u00a7 137 odst. 1 z\u00e1kona \u010d. 500\/2004 Sb., spr\u00e1vn\u00ed \u0159\u00e1d, \u017e\u00e1d\u00e1 poskytovatele audiovizu\u00e1ln\u00edch medi\u00e1ln\u00edch<br \/>\nslu\u017eeb na vy\u017e\u00e1d\u00e1n\u00ed iDnes Kino a VIDEO iDNES, dostupn\u00fdch na internetov\u00fdch adres\u00e1ch<br \/>\nkino.idnes.cz a www.idnes.tv, spole\u010dnost MAFRA, a.s., I\u010c 453 13 351, se s\u00eddlem Karla Engli\u0161e<br \/>\n519\/11, Praha, PS\u010c 150 00, o pod\u00e1n\u00ed vysv\u011btlen\u00ed, zda po term\u00ednu p\u0159edlo\u017een\u00ed Ak\u010dn\u00edho pl\u00e1nu<br \/>\nzp\u0159\u00edstup\u0148ov\u00e1n\u00ed nab\u00edzen\u00fdch po\u0159ad\u016f pro osoby se sluchov\u00fdm a pro osoby se zrakov\u00fdm posti\u017een\u00edm<br \/>\nna obdob\u00ed ode dne 1. \u010dervence 2023 do dne 30. \u010dervna 2025 Rad\u011b dodate\u010dn\u011b projednal tyto Ak\u010dn\u00ed<br \/>\npl\u00e1ny s organizac\u00ed zastupuj\u00edc\u00ed z\u00e1jmy osob se zrakov\u00fdm posti\u017een\u00edm, SONS, a Rada \u017e\u00e1d\u00e1 o dopln\u011bn\u00ed<br \/>\npotvrzen\u00ed o prob\u011bhl\u00fdch jedn\u00e1n\u00edch. Rada stanovuje lh\u016ftu k pod\u00e1n\u00ed vysv\u011btlen\u00ed 30 dn\u00ed ode dne<br \/>\ndoru\u010den\u00ed t\u00e9to v\u00fdzvy.<br \/>\n&#8211; Rada v r\u00e1mci sv\u00e9 p\u016fsobnosti dan\u00e9 ustanoven\u00edm \u00a7 4 odst. 2 z\u00e1kona \u010d. 132\/2010 Sb.,<br \/>\no audiovizu\u00e1ln\u00edch medi\u00e1ln\u00edch slu\u017eb\u00e1ch na vy\u017e\u00e1d\u00e1n\u00ed, v platn\u00e9m zn\u011bn\u00ed, a na z\u00e1klad\u011b ustanoven\u00ed<br \/>\n\u00a7 137 odst. 1 z\u00e1kona \u010d. 500\/2004 Sb., spr\u00e1vn\u00ed \u0159\u00e1d, \u017e\u00e1d\u00e1 poskytovatele audiovizu\u00e1ln\u00ed medi\u00e1ln\u00ed<br \/>\nslu\u017eby na vy\u017e\u00e1d\u00e1n\u00ed BRN\u011aNSK\u00c1 JEDNI\u010cKA, dostupn\u00e9 na internetov\u00e9 adrese<br \/>\nhttps:\/\/brnenskajednicka.cz, Miroslava Krupicu, I\u010c 173 38 611, se s\u00eddlem Mojm\u00edrovo n\u00e1m\u011bst\u00ed 75\/2,<br \/>\nBrno, PS\u010c 612 00, o pod\u00e1n\u00ed vysv\u011btlen\u00ed, z jak\u00e9ho d\u016fvodu nep\u0159edlo\u017eil k Ak\u010dn\u00edmu pl\u00e1nu<br \/>\nzp\u0159\u00edstup\u0148ov\u00e1n\u00ed nab\u00edzen\u00fdch po\u0159ad\u016f pro osoby se sluchov\u00fdm a pro osoby se zrakov\u00fdm posti\u017een\u00edm<br \/>\nna obdob\u00ed ode dne 1. \u010dervence 2023 do dne 30. \u010dervna 2025 potvrzen\u00ed o jeho projedn\u00e1n\u00ed s<br \/>\norganizacemi sdru\u017euj\u00edc\u00edmi osoby se sluchov\u00fdm posti\u017een\u00edm a osoby se zrakov\u00fdm posti\u017een\u00edm<br \/>\n(SONS, ASNEP), a \u017e\u00e1d\u00e1 o jeho dopln\u011bn\u00ed. Rada stanovuje lh\u016ftu k pod\u00e1n\u00ed vysv\u011btlen\u00ed 30 dn\u00ed ode<br \/>\ndne doru\u010den\u00ed t\u00e9to v\u00fdzvy.<br \/>\n&#8211; Rada v r\u00e1mci sv\u00e9 p\u016fsobnosti dan\u00e9 ustanoven\u00edm \u00a7 4 odst. 2 z\u00e1kona \u010d. 132\/2010 Sb.,<br \/>\no audiovizu\u00e1ln\u00edch medi\u00e1ln\u00edch slu\u017eb\u00e1ch na vy\u017e\u00e1d\u00e1n\u00ed, v platn\u00e9m zn\u011bn\u00ed, a na z\u00e1klad\u011b ustanoven\u00ed<br \/>\n\u00a7 137 odst. 1 z\u00e1kona \u010d. 500\/2004 Sb., spr\u00e1vn\u00ed \u0159\u00e1d, \u017e\u00e1d\u00e1 poskytovatele audiovizu\u00e1ln\u00ed medi\u00e1ln\u00ed<br \/>\nslu\u017eby na vy\u017e\u00e1d\u00e1n\u00ed DVTV, dostupn\u00e9 na internetov\u00e9 adrese www.dvtv.cz, spole\u010dnost Online<br \/>\nPartners s.r.o., I\u010c 026 97 858, se s\u00eddlem Hole\u010dkova 789\/49, Praha, PS\u010c 15 00, o pod\u00e1n\u00ed<br \/>\nvysv\u011btlen\u00ed, z jak\u00e9ho d\u016fvodu nep\u0159edlo\u017eil k Ak\u010dn\u00edmu pl\u00e1nu zp\u0159\u00edstup\u0148ov\u00e1n\u00ed nab\u00edzen\u00fdch po\u0159ad\u016f pro<br \/>\nosoby se sluchov\u00fdm a pro osoby se zrakov\u00fdm posti\u017een\u00edm na obdob\u00ed ode dne 1. \u010dervence 2023<br \/>\ndo dne 30. \u010dervna 2025 potvrzen\u00ed o jeho projedn\u00e1n\u00ed s organizacemi sdru\u017euj\u00edc\u00edmi osoby se<br \/>\nsluchov\u00fdm posti\u017een\u00edm a osoby se zrakov\u00fdm posti\u017een\u00edm (SONS, ASNEP), a \u017e\u00e1d\u00e1 o jeho dopln\u011bn\u00ed.<br \/>\nRada stanovuje lh\u016ftu k pod\u00e1n\u00ed vysv\u011btlen\u00ed 30 dn\u00ed ode dne doru\u010den\u00ed t\u00e9to v\u00fdzvy.<br \/>\n&#8211; Rada v r\u00e1mci sv\u00e9 p\u016fsobnosti dan\u00e9 ustanoven\u00edm \u00a7 4 odst. 2 z\u00e1kona \u010d. 132\/2010 Sb.,<br \/>\no audiovizu\u00e1ln\u00edch medi\u00e1ln\u00edch slu\u017eb\u00e1ch na vy\u017e\u00e1d\u00e1n\u00ed, v platn\u00e9m zn\u011bn\u00ed, a na z\u00e1klad\u011b ustanoven\u00ed<br \/>\n\u00a7 137 odst. 1 z\u00e1kona \u010d. 500\/2004 Sb., spr\u00e1vn\u00ed \u0159\u00e1d, \u017e\u00e1d\u00e1 poskytovatele audiovizu\u00e1ln\u00ed medi\u00e1ln\u00ed<br \/>\nslu\u017eby na vy\u017e\u00e1d\u00e1n\u00ed TV DAKR, dostupn\u00e9 na internetov\u00e9 adrese www.dakr-tv.cz, spole\u010dnost TV<br \/>\nPRODUKCE DAKR, s.r.o., I\u010c 286 96 921, se s\u00eddlem Obchodn\u00ed 41, Most, PS\u010c 434 01, o pod\u00e1n\u00ed<br \/>\nvysv\u011btlen\u00ed, z jak\u00e9ho d\u016fvodu nep\u0159edlo\u017eil k Ak\u010dn\u00edmu pl\u00e1nu zp\u0159\u00edstup\u0148ov\u00e1n\u00ed nab\u00edzen\u00fdch po\u0159ad\u016f pro<br \/>\nosoby se sluchov\u00fdm a pro osoby se zrakov\u00fdm posti\u017een\u00edm na obdob\u00ed ode dne 1. \u010dervence 2023 do<br \/>\ndne 30. \u010dervna 2025 potvrzen\u00ed o jeho projedn\u00e1n\u00ed s organizacemi sdru\u017euj\u00edc\u00edmi osoby se sluchov\u00fdm<\/p>\n<p>posti\u017een\u00edm a osoby se zrakov\u00fdm posti\u017een\u00edm (SONS, ASNEP), a \u017e\u00e1d\u00e1 o jeho dopln\u011bn\u00ed. Rada<br \/>\nstanovuje lh\u016ftu k pod\u00e1n\u00ed vysv\u011btlen\u00ed 30 dn\u00ed ode dne doru\u010den\u00ed t\u00e9to v\u00fdzvy.<br \/>\n&#8211; Rada v r\u00e1mci sv\u00e9 p\u016fsobnosti dan\u00e9 ustanoven\u00edm \u00a7 4 odst. 2 z\u00e1kona \u010d. 132\/2010 Sb.,<br \/>\no audiovizu\u00e1ln\u00edch medi\u00e1ln\u00edch slu\u017eb\u00e1ch na vy\u017e\u00e1d\u00e1n\u00ed, v platn\u00e9m zn\u011bn\u00ed, a na z\u00e1klad\u011b ustanoven\u00ed<br \/>\n\u00a7 137 odst. 1 z\u00e1kona \u010d. 500\/2004 Sb., spr\u00e1vn\u00ed \u0159\u00e1d, \u017e\u00e1d\u00e1 poskytovatele audiovizu\u00e1ln\u00ed medi\u00e1ln\u00ed<br \/>\nslu\u017eby na vy\u017e\u00e1d\u00e1n\u00ed Watch &amp; Know, dostupn\u00e9 na internetov\u00e9 adrese https:\/\/watchandknow.cz\/,<br \/>\nsubjekt Univerzita Palack\u00e9ho v Olomouci, I\u010c 619 89 592, se s\u00eddlem K\u0159\u00ed\u017ekovsk\u00e9ho 511\/8, Olomouc,<br \/>\nPS\u010c 779 00, o pod\u00e1n\u00ed vysv\u011btlen\u00ed, zda po term\u00ednu p\u0159edlo\u017een\u00ed Ak\u010dn\u00edho pl\u00e1nu zp\u0159\u00edstup\u0148ov\u00e1n\u00ed<br \/>\nnab\u00edzen\u00fdch po\u0159ad\u016f pro osoby se sluchov\u00fdm a pro osoby se zrakov\u00fdm posti\u017een\u00edm na obdob\u00ed ode<br \/>\ndne 1. \u010dervence 2023 do dne 30. \u010dervna 2025 Rad\u011b dodate\u010dn\u011b ukon\u010dil projedn\u00e1n\u00ed tohoto Ak\u010dn\u00edho<br \/>\npl\u00e1nu s organizac\u00ed zastupuj\u00edc\u00ed z\u00e1jmy osob se zrakov\u00fdm posti\u017een\u00edm, SONS, a Rada \u017e\u00e1d\u00e1 o dopln\u011bn\u00ed<br \/>\npotvrzen\u00ed o prob\u011bhl\u00fdch jedn\u00e1n\u00edch. Rada stanovuje lh\u016ftu k pod\u00e1n\u00ed vysv\u011btlen\u00ed 30 dn\u00ed ode dne<br \/>\ndoru\u010den\u00ed t\u00e9to v\u00fdzvy.<br \/>\n&#8211; Rada v r\u00e1mci sv\u00e9 p\u016fsobnosti dan\u00e9 ustanoven\u00edm \u00a7 4 odst. 2 z\u00e1kona \u010d. 132\/2010 Sb.,<br \/>\no audiovizu\u00e1ln\u00edch medi\u00e1ln\u00edch slu\u017eb\u00e1ch na vy\u017e\u00e1d\u00e1n\u00ed, v platn\u00e9m zn\u011bn\u00ed, a na z\u00e1klad\u011b ustanoven\u00ed<br \/>\n\u00a7 137 odst. 1 z\u00e1kona \u010d. 500\/2004 Sb., spr\u00e1vn\u00ed \u0159\u00e1d, \u017e\u00e1d\u00e1 poskytovatele audiovizu\u00e1ln\u00ed medi\u00e1ln\u00ed<br \/>\nslu\u017eby na vy\u017e\u00e1d\u00e1n\u00ed iVys\u00edl\u00e1n\u00ed, \u010cESK\u00c1 TELEVIZE, I\u010c 00027383, s\u00eddlem Na h\u0159ebenech II 1132\/4,<br \/>\nPraha 4, PS\u010c 14700, o pod\u00e1n\u00ed vysv\u011btlen\u00ed, z jak\u00e9ho d\u016fvodu p\u0159ijal ve sv\u00e9m Ak\u010dn\u00edm pl\u00e1nu<br \/>\nzp\u0159\u00edstup\u0148ov\u00e1n\u00ed nab\u00edzen\u00fdch po\u0159ad\u016f pro osoby se sluchov\u00fdm posti\u017een\u00edm a osoby se zrakov\u00fdm<br \/>\nposti\u017een\u00edm na obdob\u00ed ode dne 1. \u010dervence 2023 do dne 30. \u010dervna 2025 ni\u017e\u0161\u00ed z\u00e1vazky ohledn\u011b<br \/>\nzp\u0159\u00edstupn\u011bn\u00ed po\u0159ad\u016f pro osoby se sluchov\u00fdm i osoby se zrakov\u00fdm posti\u017een\u00edm, ne\u017e by odpov\u00eddalo<br \/>\nvyk\u00e1zan\u00e9mu pod\u00edlu re\u00e1ln\u011b zp\u0159\u00edstupn\u011bn\u00fdch po\u0159ad\u016f v r\u00e1mci iVys\u00edl\u00e1n\u00ed v p\u0159edchoz\u00edch letech. Rada<br \/>\nstanovuje lh\u016ftu k pod\u00e1n\u00ed vysv\u011btlen\u00ed 30 dn\u00ed ode dne doru\u010den\u00ed t\u00e9to v\u00fdzvy.<br \/>\n&#8211; Rada v r\u00e1mci sv\u00e9 p\u016fsobnosti dan\u00e9 ustanoven\u00edm \u00a7 4 odst. 2 z\u00e1kona \u010d. 132\/2010 Sb.,<br \/>\no audiovizu\u00e1ln\u00edch medi\u00e1ln\u00edch slu\u017eb\u00e1ch na vy\u017e\u00e1d\u00e1n\u00ed, v platn\u00e9m zn\u011bn\u00ed, a na z\u00e1klad\u011b ustanoven\u00ed<br \/>\n\u00a7 137 odst. 1 z\u00e1kona \u010d. 500\/2004 Sb., spr\u00e1vn\u00ed \u0159\u00e1d, \u017e\u00e1d\u00e1 poskytovatele audiovizu\u00e1ln\u00edch medi\u00e1ln\u00edch<br \/>\nslu\u017eeb na vy\u017e\u00e1d\u00e1n\u00ed Autosalon a Prima+, spole\u010dnost FTV Prima, spol. s r.o., I\u010c 48115908, s\u00eddlem<br \/>\nVinohradsk\u00e1 3217\/167, Praha 10, PS\u010c 10000, o pod\u00e1n\u00ed vysv\u011btlen\u00ed, z jak\u00e9ho d\u016fvodu v r\u00e1mci<br \/>\np\u0159edlo\u017een\u00e9ho Ak\u010dn\u00edho pl\u00e1nu zp\u0159\u00edstup\u0148ov\u00e1n\u00ed nab\u00edzen\u00fdch po\u0159ad\u016f pro osoby se sluchov\u00fdm<br \/>\nposti\u017een\u00edm a osoby se zrakov\u00fdm posti\u017een\u00edm na obdob\u00ed ode dne 1. \u010dervence 2023 do dne<br \/>\n30. \u010dervna 2025 (d\u00e1le jen \u201eAk\u010dn\u00ed pl\u00e1n\u201c) nen\u00ed uveden konkr\u00e9tn\u00ed minim\u00e1ln\u00ed z\u00e1vazek zp\u0159\u00edstupn\u011bn\u00ed k<br \/>\njednotliv\u00fdm slu\u017eb\u00e1m na sledovan\u00e1 ro\u010dn\u00ed obdob\u00ed, z nich\u017e by bylo mo\u017en\u00e9 dovozovat navy\u0161ov\u00e1n\u00ed<br \/>\ncelkov\u00e9ho pod\u00edlu zp\u0159\u00edstupn\u011bn\u00fdch po\u0159ad\u016f v \u010dase, a sou\u010dasn\u011b Rada \u017e\u00e1d\u00e1 o dopln\u011bn\u00ed informace, zda<br \/>\nAk\u010dn\u00ed pl\u00e1n byl schv\u00e1len zastupuj\u00edc\u00ed organizac\u00ed SONS. Rada stanovuje lh\u016ftu k pod\u00e1n\u00ed vysv\u011btlen\u00ed<br \/>\n30 dn\u00ed ode dne doru\u010den\u00ed t\u00e9to v\u00fdzvy.<br \/>\n&#8211; Rada v r\u00e1mci sv\u00e9 p\u016fsobnosti dan\u00e9 ustanoven\u00edm \u00a7 4 odst. 2 z\u00e1kona \u010d. 132\/2010 Sb.,<br \/>\no audiovizu\u00e1ln\u00edch medi\u00e1ln\u00edch slu\u017eb\u00e1ch na vy\u017e\u00e1d\u00e1n\u00ed, v platn\u00e9m zn\u011bn\u00ed, a na z\u00e1klad\u011b ustanoven\u00ed<br \/>\n\u00a7 137 odst. 1 z\u00e1kona \u010d. 500\/2004 Sb., spr\u00e1vn\u00ed \u0159\u00e1d, \u017e\u00e1d\u00e1 poskytovatele audiovizu\u00e1ln\u00edch medi\u00e1ln\u00edch<br \/>\nslu\u017eeb na vy\u017e\u00e1d\u00e1n\u00ed nova.cz, um\u00edst\u011bn\u00e9 na internetov\u00e9 adrese nova.cz , spole\u010dnost TV Nova s.r.o.,<br \/>\nI\u010c 458 00 456, se s\u00eddlem K\u0159\u00ed\u017eeneck\u00e9ho n\u00e1m\u011bst\u00ed 1078\/5A, Praha, PS\u010c 152 00, o pod\u00e1n\u00ed vysv\u011btlen\u00ed,<br \/>\nz jak\u00e9ho d\u016fvodu v r\u00e1mci p\u0159edlo\u017een\u00e9ho Ak\u010dn\u00edho pl\u00e1nu zp\u0159\u00edstup\u0148ov\u00e1n\u00ed nab\u00edzen\u00fdch po\u0159ad\u016f pro<br \/>\nosoby se sluchov\u00fdm posti\u017een\u00edm a osoby se zrakov\u00fdm posti\u017een\u00edm na obdob\u00ed ode dne 1. \u010dervence<br \/>\n2023 do dne 30. \u010dervna 2025 (d\u00e1le jen \u201eAk\u010dn\u00ed pl\u00e1n\u201c) nen\u00ed uveden konkr\u00e9tn\u00ed minim\u00e1ln\u00ed z\u00e1vazek<br \/>\nzp\u0159\u00edstupn\u011bn\u00ed slu\u017eby nova.cz pro osoby se zrakov\u00fdm posti\u017een\u00edm na jednotliv\u00e1 sledovan\u00e1 ro\u010dn\u00ed<br \/>\nobdob\u00ed, z n\u011bho\u017e by bylo mo\u017en\u00e9 dovozovat navy\u0161ov\u00e1n\u00ed celkov\u00e9ho pod\u00edlu zp\u0159\u00edstupn\u011bn\u00fdch po\u0159ad\u016f v<br \/>\n\u010dase, a sou\u010dasn\u011b Rada \u017e\u00e1d\u00e1 o dopln\u011bn\u00ed informace, zda Ak\u010dn\u00ed pl\u00e1n byl schv\u00e1len zastupuj\u00edc\u00ed<br \/>\norganizac\u00ed SONS.<br \/>\n&#8211; Rada) v r\u00e1mci sv\u00e9 p\u016fsobnosti dan\u00e9 ustanoven\u00edm \u00a7 4 odst. 2 z\u00e1kona \u010d. 132\/2010 Sb.,<br \/>\no audiovizu\u00e1ln\u00edch medi\u00e1ln\u00edch slu\u017eb\u00e1ch na vy\u017e\u00e1d\u00e1n\u00ed, v platn\u00e9m zn\u011bn\u00ed, a na z\u00e1klad\u011b ustanoven\u00ed<\/p>\n<p>\u00a7 137 odst. 1 z\u00e1kona \u010d. 500\/2004 Sb., spr\u00e1vn\u00ed \u0159\u00e1d, \u017e\u00e1d\u00e1 poskytovatele audiovizu\u00e1ln\u00ed medi\u00e1ln\u00ed<br \/>\nslu\u017eby na vy\u017e\u00e1d\u00e1n\u00ed Videot\u00e9ka, dostupn\u00e9 prost\u0159ednictv\u00edm aplikace pro set-top boxy a mobiln\u00ed<br \/>\nza\u0159\u00edzen\u00ed, spole\u010dnost T-Mobile Czech Republic a.s., I\u010c 649 49 681, se s\u00eddlem Tom\u00ed\u010dkova 2144\/1,<br \/>\nPraha, PS\u010c 148 00, o pod\u00e1n\u00ed vysv\u011btlen\u00ed, z jak\u00e9ho d\u016fvodu v r\u00e1mci p\u0159edlo\u017een\u00e9ho Ak\u010dn\u00edho pl\u00e1nu<br \/>\nzp\u0159\u00edstup\u0148ov\u00e1n\u00ed nab\u00edzen\u00fdch po\u0159ad\u016f pro osoby se sluchov\u00fdm posti\u017een\u00edm a osoby se zrakov\u00fdm<br \/>\nposti\u017een\u00edm na obdob\u00ed ode dne 1. \u010dervence 2023 do dne 30. \u010dervna 2025 (d\u00e1le jen \u201eAk\u010dn\u00ed pl\u00e1n\u201c),<br \/>\nbyl k Ak\u010dn\u00edmu pl\u00e1nu p\u0159ilo\u017een R\u00e1mcov\u00fd dokument V\u00fdboru nez\u00e1visl\u00e9ho ICT pr\u016fmyslu a z jak\u00e9ho<br \/>\nd\u016fvodu Rada neobdr\u017eela potvrzen\u00ed o projedn\u00e1n\u00ed Ak\u010dn\u00edho pl\u00e1nu s organizac\u00ed ASNEP. Rada<br \/>\nstanovuje lh\u016ftu k pod\u00e1n\u00ed vysv\u011btlen\u00ed 30 dn\u00ed ode dne doru\u010den\u00ed t\u00e9to v\u00fdzvy.<br \/>\n&#8211; Rada v r\u00e1mci sv\u00e9 p\u016fsobnosti dan\u00e9 ustanoven\u00edm \u00a7 4 odst. 2 z\u00e1kona \u010d. 132\/2010 Sb.,<br \/>\no audiovizu\u00e1ln\u00edch medi\u00e1ln\u00edch slu\u017eb\u00e1ch na vy\u017e\u00e1d\u00e1n\u00ed, v platn\u00e9m zn\u011bn\u00ed, a na z\u00e1klad\u011b ustanoven\u00ed<br \/>\n\u00a7 137 odst. 1 z\u00e1kona \u010d. 500\/2004 Sb., spr\u00e1vn\u00ed \u0159\u00e1d, \u017e\u00e1d\u00e1 poskytovatele audiovizu\u00e1ln\u00ed medi\u00e1ln\u00ed<br \/>\nslu\u017eby na vy\u017e\u00e1d\u00e1n\u00ed Televizeseznam.cz, dostupn\u00e9 na internetov\u00e9 adrese www.televizeseznam.cz,<br \/>\nspole\u010dnost Seznam.cz, a. s., I\u010c 261 68 685, se s\u00eddlem Radlick\u00e1 3294\/10, Praha, PS\u010c 150 00,<br \/>\no pod\u00e1n\u00ed vysv\u011btlen\u00ed v souvislosti s Ak\u010dn\u00edm pl\u00e1nem zp\u0159\u00edstup\u0148ov\u00e1n\u00ed nab\u00edzen\u00fdch po\u0159ad\u016f pro osoby<br \/>\nse sluchov\u00fdm posti\u017een\u00edm a osoby se zrakov\u00fdm posti\u017een\u00edm na obdob\u00ed ode dne 1. \u010dervence 2023<br \/>\ndo dne 30. \u010dervna 2025 na audiovizu\u00e1ln\u00ed medi\u00e1ln\u00ed slu\u017eb\u011b na vy\u017e\u00e1d\u00e1n\u00ed Televizeseznam.cz v<br \/>\nsouvislosti s uplatn\u011bn\u00edm v\u00fdjimky pro povinnost zp\u0159\u00edstup\u0148ov\u00e1n\u00ed. Rada stanovuje lh\u016ftu k pod\u00e1n\u00ed<br \/>\nvysv\u011btlen\u00ed 30 dn\u00ed ode dne doru\u010den\u00ed t\u00e9to v\u00fdzvy.<br \/>\n&#8211; Rada v r\u00e1mci sv\u00e9 p\u016fsobnosti podle ustanoven\u00ed \u00a7 4 odst. 2 p\u00edsm. a) a \u00a7 5 odst. 3 z\u00e1kona<br \/>\n\u010d. 132\/2010 Sb., o audiovizu\u00e1ln\u00edch medi\u00e1ln\u00edch slu\u017eb\u00e1ch na vy\u017e\u00e1d\u00e1n\u00ed, a podle ustanoven\u00ed \u00a7 158<br \/>\nodst. 1 z\u00e1kona \u010d. 500\/2004 Sb., spr\u00e1vn\u00edho \u0159\u00e1du, vyd\u00e1v\u00e1 na z\u00e1klad\u011b p\u00edsemn\u00e9ho ozn\u00e1men\u00ed<br \/>\nposkytovatele Filmana Studio s.r.o., I\u010c 17765391, doru\u010den\u00e9ho Rad\u011b dne 19. \u0159\u00edjna 2023, toto<br \/>\npotvrzen\u00ed: Poskytovatel Filmana Studio s.r.o., I\u010c 17765391, s\u00eddlem Filmov\u00e1 174, Zl\u00edn, 76001, byl<br \/>\ndne 7. listopadu 2023 zaps\u00e1n do Seznamu poskytovatel\u016f audiovizu\u00e1ln\u00edch medi\u00e1ln\u00edch slu\u017eeb na<br \/>\nvy\u017e\u00e1d\u00e1n\u00ed ve smyslu ustanoven\u00ed \u00a7 5 z\u00e1kona \u010d. 132\/2010 Sb., o audiovizu\u00e1ln\u00edch medi\u00e1ln\u00edch slu\u017eb\u00e1ch<br \/>\nna vy\u017e\u00e1d\u00e1n\u00ed; audiovizu\u00e1ln\u00ed medi\u00e1ln\u00ed slu\u017eba na vy\u017e\u00e1d\u00e1n\u00ed je poskytov\u00e1na pod n\u00e1zvem Filmana,<br \/>\num\u00edst\u011bn\u00e1 na internetov\u00e9 adrese www.filmana.cz.<\/p>\n<p>OSTATN\u00cd<br \/>\n&#8211; Rada schvaluje term\u00edny zased\u00e1n\u00ed RRTV v roce 2024.<\/p>\n<p>V Praze dne 9. 11. 2023<\/p>\n<p>Ing. arch. V\u00e1clav Mencl<br \/>\np\u0159edseda Rady pro rozhlasov\u00e9<br \/>\na televizn\u00ed vys\u00edl\u00e1n\u00ed<\/p>\n<p>kontakt: podatelna@rrtv.gov.cz<br \/>\n274 813 830<\/p>\n","protected":false},"excerpt":{"rendered":"<p>Rada pro rozhlasov\u00e9 a televizn\u00ed vys\u00edl\u00e1n\u00ed (d\u00e1le jen &#8222;Rada&#8220;) na sv\u00e9m 18. zased\u00e1n\u00ed projednala 29 bod\u016f programu. Vyhodnotila 18 st\u00ed\u017enost\u00ed div\u00e1k\u016f a poslucha\u010d\u016f, vydala t\u0159i upozorn\u011bn\u00ed na poru\u0161en\u00ed z\u00e1kona.<\/p>\n","protected":false},"author":9,"featured_media":0,"comment_status":"open","ping_status":"open","sticky":false,"template":"","format":"standard","meta":{"ngg_post_thumbnail":0,"footnotes":""},"categories":[11],"tags":[],"class_list":["post-13803","post","type-post","status-publish","format-standard","hentry","category-ozvena"],"_links":{"self":[{"href":"https:\/\/www.ladislavjakl.cz\/index.php?rest_route=\/wp\/v2\/posts\/13803","targetHints":{"allow":["GET"]}}],"collection":[{"href":"https:\/\/www.ladislavjakl.cz\/index.php?rest_route=\/wp\/v2\/posts"}],"about":[{"href":"https:\/\/www.ladislavjakl.cz\/index.php?rest_route=\/wp\/v2\/types\/post"}],"author":[{"embeddable":true,"href":"https:\/\/www.ladislavjakl.cz\/index.php?rest_route=\/wp\/v2\/users\/9"}],"replies":[{"embeddable":true,"href":"https:\/\/www.ladislavjakl.cz\/index.php?rest_route=%2Fwp%2Fv2%2Fcomments&post=13803"}],"version-history":[{"count":1,"href":"https:\/\/www.ladislavjakl.cz\/index.php?rest_route=\/wp\/v2\/posts\/13803\/revisions"}],"predecessor-version":[{"id":13804,"href":"https:\/\/www.ladislavjakl.cz\/index.php?rest_route=\/wp\/v2\/posts\/13803\/revisions\/13804"}],"wp:attachment":[{"href":"https:\/\/www.ladislavjakl.cz\/index.php?rest_route=%2Fwp%2Fv2%2Fmedia&parent=13803"}],"wp:term":[{"taxonomy":"category","embeddable":true,"href":"https:\/\/www.ladislavjakl.cz\/index.php?rest_route=%2Fwp%2Fv2%2Fcategories&post=13803"},{"taxonomy":"post_tag","embeddable":true,"href":"https:\/\/www.ladislavjakl.cz\/index.php?rest_route=%2Fwp%2Fv2%2Ftags&post=13803"}],"curies":[{"name":"wp","href":"https:\/\/api.w.org\/{rel}","templated":true}]}}