{"id":13808,"date":"2023-11-16T22:02:13","date_gmt":"2023-11-16T21:02:13","guid":{"rendered":"https:\/\/www.ladislavjakl.cz\/?p=13808"},"modified":"2023-11-16T22:02:13","modified_gmt":"2023-11-16T21:02:13","slug":"listopad-cesta-ke-svobode-a-zpet","status":"publish","type":"post","link":"https:\/\/www.ladislavjakl.cz\/?p=13808","title":{"rendered":"Listopad: cesta ke svobod\u011b a zp\u011bt"},"content":{"rendered":"<div class=\"opener\">Lezav\u00fd podzim, psa by nevyhnal. A tak na pra\u017esk\u00e9m Kl\u00e1rov\u011b studenti \u201est\u00e1vkuj\u00ed\u201c za lep\u0161\u00ed podneb\u00ed. Hned by se k nim \u010dlov\u011bk p\u0159idal. Podzim by cht\u011blo zru\u0161it.<br \/>\n<!--more--><br \/>\nJen\u017ee to bychom pak nemohli stavit listopadov\u00e9 v\u00fdro\u010d\u00ed. A v\u00fdro\u010d\u00ed sedmn\u00e1ct\u00e9ho listopadu 1989 se slavit m\u00e1. Ne ka\u017ed\u00fd ho pot\u0159ebuje slavit davov\u011b, t\u0159eba j\u00e1 si ka\u017ed\u00fd rok osamot\u011b proch\u00e1z\u00edm trasu (na star\u00e1 kolena u\u017e Vy\u0161ehrad vynech\u00e1v\u00e1m), kterou jsem kr\u00e1\u010del tehdy s ostatn\u00edmi demonstranty. T\u0159eba jsem tam tenkr\u00e1t potkal i dne\u0161n\u00edho prezidenta republiky, kter\u00fd m\u011bl tehdy coby kapit\u00e1n komunistick\u00e9 rozv\u011bdky zrovna i ten den sv\u00e9 pravideln\u00e9 \u0161kolen\u00ed v r\u00e1mci postgradu\u00e1ln\u00ed p\u0159\u00edpravy na vysazen\u00ed do t\u00fdlu nep\u0159\u00edtele pr\u00e1v\u011b v ulici Karol\u00edny Sv\u011btl\u00e9, co\u017e je od N\u00e1rodn\u00ed kousek.<\/p>\n<p>V t\u00e9hle ulici jsem ale o n\u011bco d\u0159\u00edve m\u011bl jin\u00fd z\u00e1\u017eitek. Kamar\u00e1d Mlho\u0161 m\u011bl p\u0159es sto devades\u00e1t, j\u00e1 zas sotva \u0161edes\u00e1t kilo, role byly jasn\u00e9: on m\u011b vysadil, j\u00e1 sundaval. V\u0161echny rud\u00e9 vlajky v cel\u00e9 ulici. A\u017e na konci, na rohu s Bartolom\u011bjskou, jsme potkali dva esenb\u00e1ky. P\u0159\u00e1telsky se n\u00e1s t\u00e1zali, zda nev\u00edme, kdo to tu sundav\u00e1 ty vlajky. A my p\u0159\u00e1telsky odpov\u011bd\u011bli, \u017ee nem\u00e1me ani tu\u0161en\u00ed. Mysl\u00edm, \u017ee jim to bylo jasn\u00e9, ale evidentn\u011b to nebyli \u017e\u00e1dn\u00ed horlivci, jak\u00fdmi asi byli frekventanti jednoho kursu prob\u00edhaj\u00edc\u00edho v bl\u00edzk\u00e9m dom\u011b.<\/p>\n<p>Dnes rud\u00e9 vlajky nikdo sund\u00e1vat nemus\u00ed. M\u00e1me zelen\u00e9, ukrajinsk\u00e9, izraelsk\u00e9, duhov\u00e9, v\u0161e jak m\u00e1 b\u00fdt. To kdyby n\u011bkdo vyv\u011b\u0161oval t\u0159eba katal\u00e1nskou nebo ji\u017eanskou, to by jist\u011b za sundav\u00e1n\u00ed st\u00e1lo. Jen\u017ee Mlho\u0161 je kdov\u00edkde a j\u00e1 jsem dnes o 34 let t\u011b\u017e\u0161\u00ed.<\/p>\n<p>A tak se my\u0161lenky zase st\u00e1\u010dej\u00ed k tomu na\u0161emu poka\u017een\u00e9mu podneb\u00ed. \u201eSt\u00e1vkuj\u00edc\u00ed\u201c studenti jist\u011b v\u011bd\u00ed, \u017ee za rok na na\u0161\u00ed Zem\u011bkouli zem\u0159e mnohon\u00e1sobn\u011b lid\u00ed v\u00edc na zimu ne\u017e na horko. \u017de oteplen\u00ed Kanady a Sibi\u0159e by umo\u017enilo u\u017eivit miliardy lid\u00ed. \u017de Sahara se zmen\u0161uje, proto\u017ee rostlinstvo dost\u00e1v\u00e1 v\u00edce potravy v podob\u011b sodovkov\u00e9ho plynu. \u017de teplej\u0161\u00edm a vlh\u010d\u00edm obdob\u00edm se \u0159\u00edk\u00e1 \u201eteplotn\u00ed optima\u201c, a ta \u017ee b\u00fdvala doprov\u00e1zena vzedmut\u00edm prosperity za sou\u010dasn\u00e9ho relativn\u00edho m\u00edru, zat\u00edmco chladn\u011bj\u0161\u00ed a t\u00edm i su\u0161\u0161\u00ed obdob\u00ed b\u00fdvala doprov\u00e1zena v\u00e1lkami a hladomory, p\u00e1dy \u0159\u00ed\u0161\u00ed a kulturn\u00edm \u00fapadkem. \u017de nejv\u00edce lid\u00ed p\u0159ib\u00fdv\u00e1 v t\u011bch nejteplej\u0161\u00edch kon\u010din\u00e1ch, zat\u00edmco k p\u00f3l\u016fm se lidi zrovna nehrnou (leda za soci\u00e1ln\u00edmi d\u00e1vkami), \u017ee lid\u00e9 tak stra\u0161n\u011b trp\u00ed oteplov\u00e1n\u00edm, \u017ee jich des\u00edtky milion\u016f ka\u017edoro\u010dn\u011b utr\u00e1cej\u00ed velk\u00e9 pen\u00edze, aby si od tepla jely odpo\u010dnout do je\u0161t\u011b v\u011bt\u0161\u00edch veder.<\/p>\n<p>Student\u016fm fand\u00edm. Pr\u0161et by m\u011blo tak akor\u00e1t, v\u00edtr by m\u011bl foukat akor\u00e1t, teplota by m\u011bla b\u00fdt po\u0159\u00e1d tak akor\u00e1t vl\u00eddn\u00e1, aby si \u010dlov\u011bk mohl d\u00e1vat pivo na zahr\u00e1dce a netrp\u011bt tam chladem ani vedrem. A ne\u0159\u00edkejte, \u017ee se to ned\u00e1 za\u0159\u00eddit. D\u00e1. Zaveden\u00edm nov\u011b \u0159\u00edzen\u00e9 spole\u010dnosti.<\/p>\n<p>Nejv\u00edc chaosu toti\u017e nad\u011bl\u00e1 svobodn\u00fd \u010dlov\u011bk. Zat\u00edmco spole\u010dnost moud\u0159e ale tvrd\u011b \u0159\u00edzen\u00e1 v z\u00e1jmu v\u0161ech m\u016f\u017ee ze sv\u00e9ho st\u0159edu snadno vypudit \u0161k\u016fdce a pak nap\u0159\u00edt ve\u0161ker\u00fd spole\u010densk\u00fd potenci\u00e1l sm\u011brem k inkluz\u00edvn\u00ed omyvateln\u00e9 multikulti genderov\u011b spravedliv\u00e9 a udr\u017eiteln\u00e9 civilizaci, kde nikdo nebude trp\u011bt nedostatkem \u010di nadbytkem.<\/p>\n<p>Tihle uv\u011bdom\u011bl\u00ed studenti vlastn\u011b jen napl\u0148uj\u00ed odkaz Velk\u00e9ho listopadu. Cht\u011bj\u00ed lep\u0161\u00ed sv\u011bt a v\u011bd\u00ed, jak na to. Postavme je do sv\u00e9ho \u010dela a dejme se na pochod za zvuk\u016f n\u011bjak\u00e9 p\u011bkn\u00e9 euroekop\u00edsn\u011b. My\u0161lenky listopadu 1989 n\u00e1s zavazuj\u00ed.<\/p>\n<\/div>\n<p>Zdroj:&nbsp;<a href=\"https:\/\/jakl.blog.idnes.cz\/blog.aspx?c=809139\">https:\/\/jakl.blog.idnes.cz\/blog.aspx?c=809139<\/a><\/p>\n","protected":false},"excerpt":{"rendered":"<p>Lezav\u00fd podzim, psa by nevyhnal. A tak na pra\u017esk\u00e9m Kl\u00e1rov\u011b studenti \u201est\u00e1vkuj\u00ed\u201c za lep\u0161\u00ed podneb\u00ed. Hned by se k nim \u010dlov\u011bk p\u0159idal. Podzim by cht\u011blo zru\u0161it.<\/p>\n","protected":false},"author":9,"featured_media":0,"comment_status":"open","ping_status":"open","sticky":false,"template":"","format":"standard","meta":{"ngg_post_thumbnail":0,"footnotes":""},"categories":[1],"tags":[],"class_list":["post-13808","post","type-post","status-publish","format-standard","hentry","category-publikovane-clanky"],"_links":{"self":[{"href":"https:\/\/www.ladislavjakl.cz\/index.php?rest_route=\/wp\/v2\/posts\/13808","targetHints":{"allow":["GET"]}}],"collection":[{"href":"https:\/\/www.ladislavjakl.cz\/index.php?rest_route=\/wp\/v2\/posts"}],"about":[{"href":"https:\/\/www.ladislavjakl.cz\/index.php?rest_route=\/wp\/v2\/types\/post"}],"author":[{"embeddable":true,"href":"https:\/\/www.ladislavjakl.cz\/index.php?rest_route=\/wp\/v2\/users\/9"}],"replies":[{"embeddable":true,"href":"https:\/\/www.ladislavjakl.cz\/index.php?rest_route=%2Fwp%2Fv2%2Fcomments&post=13808"}],"version-history":[{"count":1,"href":"https:\/\/www.ladislavjakl.cz\/index.php?rest_route=\/wp\/v2\/posts\/13808\/revisions"}],"predecessor-version":[{"id":13809,"href":"https:\/\/www.ladislavjakl.cz\/index.php?rest_route=\/wp\/v2\/posts\/13808\/revisions\/13809"}],"wp:attachment":[{"href":"https:\/\/www.ladislavjakl.cz\/index.php?rest_route=%2Fwp%2Fv2%2Fmedia&parent=13808"}],"wp:term":[{"taxonomy":"category","embeddable":true,"href":"https:\/\/www.ladislavjakl.cz\/index.php?rest_route=%2Fwp%2Fv2%2Fcategories&post=13808"},{"taxonomy":"post_tag","embeddable":true,"href":"https:\/\/www.ladislavjakl.cz\/index.php?rest_route=%2Fwp%2Fv2%2Ftags&post=13808"}],"curies":[{"name":"wp","href":"https:\/\/api.w.org\/{rel}","templated":true}]}}