{"id":1381,"date":"2011-11-18T14:50:29","date_gmt":"2011-11-18T13:50:29","guid":{"rendered":"http:\/\/www.ladislavjakl.cz\/?p=1381"},"modified":"2011-11-18T14:52:06","modified_gmt":"2011-11-18T13:52:06","slug":"chodte-take-na-albertov","status":"publish","type":"post","link":"https:\/\/www.ladislavjakl.cz\/?p=1381","title":{"rendered":"Cho\u010fte tak\u00e9 na Albertov"},"content":{"rendered":"<p>Z\u00edtra bude na N\u00e1rodn\u00ed t\u0159\u00edd\u011b \u017eivo. Stovky sv\u00ed\u010dek a  stovky kv\u011btin zase zapln\u00ed ono pam\u00e1tn\u00e9 podloub\u00ed. Bude se tam nostalgicky  vzpom\u00ednat. Jako v\u017edy. Bude se tam i hloup\u011b po\u0159v\u00e1vat. Jako v\u017edy. Ale  m\u00e1lokomu to m\u00edsto bude z\u00edtra ukraden\u00e9. Jako v\u017edy.<\/p>\n<p><a name=\"t2\"><\/a> <!--more--><\/p>\n<div>\n<p>V\u00a0jin\u00e9m kout\u011b Prahy ale bude z\u00edtra ticho a pr\u00e1zdno. Jako v\u017edy. Na  Albertov\u011b, kde to tehdy p\u0159ed 22 lety za\u010dalo. Pod malou tabulkou \u201e<em>Kdo \u2013 kdy\u017e ne my, kdy \u2013 kdy\u017e ne te\u010f\u201c<\/em> budou ho\u0159et dv\u011b t\u0159i sv\u00ed\u010dky a mo\u017en\u00e1 i jednu dv\u011b kytky tam n\u011bkdo d\u00e1. Ale nikdo tam nikoho nepotk\u00e1. Jako v\u017edy.<\/p>\n<p>Ano, byla to tehdy akce svolan\u00e1 svaz\u00e1ky. Ano, polovina  st\u0159edo\u0161kolsk\u00fdch student\u016f tam \u0161la z\u00a0recese a jejich hlavn\u00edm revolu\u010dn\u00edm  heslem bylo n\u011bco ve smyslu, a\u0165 \u017eije t\u0159et\u00ed b\u00e9. Ano, p\u016fvodn\u00edm c\u00edlem byl  tehdy hrob Karla Hynka M\u00e1chy na Vy\u0161ehrad\u011b. Ale neb\u00fdt Albertova, nebylo  by N\u00e1rodn\u00ed t\u0159\u00eddy. Pr\u00e1v\u011b proto, \u017ee \u0161lo o akci v\u011bt\u0161inou \u201eamat\u00e9rsk\u00fdch\u201c  demonstrant\u016f (ne tedy hlavn\u011b t\u011bch, co chodili do t\u00e9 doby na v\u0161echny  protire\u017eimn\u00ed demonstrace a p\u0159edem v\u011bd\u011bli, do \u010deho jdou a co to nese za  rizika), pr\u00e1v\u011b proto vyvolalo pak takov\u00e9 zd\u011b\u0161en\u00ed a rozho\u0159\u010den\u00ed  ve\u0159ejnosti, kdy\u017e se\u0159ez\u00e1ni byli pr\u00e1v\u011b oni, naivn\u00ed amat\u00e9\u0159i. To dalo bit\u00ed  na N\u00e1rodn\u00ed ten n\u00e1sledn\u00fd osudov\u00fd dopad.<\/p>\n<p>Chod\u00edm ka\u017ed\u00fd rok na ob\u011b m\u00edsta. Na tom prvn\u00edm se \u010dlov\u011bk tla\u010d\u00ed  s\u00a0des\u00edtkami dal\u0161\u00edch vzpom\u00ednaj\u00edc\u00edch, na tom druh\u00e9m poletuje such\u00e9 list\u00ed  pustou ulic\u00ed. Ale zase tam m\u00e1 \u010dlov\u011bk v\u00edc prostoru trochu si zap\u0159em\u00fd\u0161let.  O tom v\u0161em.<\/p>\n<p>Ur\u010dit\u011b se z\u00edtra mnoz\u00ed chyst\u00e1te na N\u00e1rodn\u00ed t\u0159\u00eddu. Mnoz\u00ed kv\u016fli tomu i  p\u0159ijedete do Prahy odjinud. Zajd\u011bte tak\u00e9 na ten Albertov. Tam to tehdy  za\u010dalo.<\/p>\n<p><a href=\"http:\/\/jakl.blog.idnes.cz\/c\/231073\/Chodte-take-na-Albertov.html\" target=\"_blank\">Zdroj<\/a><\/div>\n","protected":false},"excerpt":{"rendered":"<p>Z\u00edtra bude na N\u00e1rodn\u00ed t\u0159\u00edd\u011b \u017eivo. Stovky sv\u00ed\u010dek a stovky kv\u011btin zase zapln\u00ed ono pam\u00e1tn\u00e9 podloub\u00ed. Bude se tam nostalgicky vzpom\u00ednat. Jako v\u017edy. Bude se tam i hloup\u011b po\u0159v\u00e1vat. Jako v\u017edy. Ale m\u00e1lokomu to m\u00edsto bude z\u00edtra ukraden\u00e9. Jako v\u017edy.<\/p>\n","protected":false},"author":1,"featured_media":0,"comment_status":"open","ping_status":"open","sticky":false,"template":"","format":"standard","meta":{"ngg_post_thumbnail":0,"footnotes":""},"categories":[1,10],"tags":[],"class_list":["post-1381","post","type-post","status-publish","format-standard","hentry","category-publikovane-clanky","category-zlehka"],"_links":{"self":[{"href":"https:\/\/www.ladislavjakl.cz\/index.php?rest_route=\/wp\/v2\/posts\/1381","targetHints":{"allow":["GET"]}}],"collection":[{"href":"https:\/\/www.ladislavjakl.cz\/index.php?rest_route=\/wp\/v2\/posts"}],"about":[{"href":"https:\/\/www.ladislavjakl.cz\/index.php?rest_route=\/wp\/v2\/types\/post"}],"author":[{"embeddable":true,"href":"https:\/\/www.ladislavjakl.cz\/index.php?rest_route=\/wp\/v2\/users\/1"}],"replies":[{"embeddable":true,"href":"https:\/\/www.ladislavjakl.cz\/index.php?rest_route=%2Fwp%2Fv2%2Fcomments&post=1381"}],"version-history":[{"count":3,"href":"https:\/\/www.ladislavjakl.cz\/index.php?rest_route=\/wp\/v2\/posts\/1381\/revisions"}],"predecessor-version":[{"id":1383,"href":"https:\/\/www.ladislavjakl.cz\/index.php?rest_route=\/wp\/v2\/posts\/1381\/revisions\/1383"}],"wp:attachment":[{"href":"https:\/\/www.ladislavjakl.cz\/index.php?rest_route=%2Fwp%2Fv2%2Fmedia&parent=1381"}],"wp:term":[{"taxonomy":"category","embeddable":true,"href":"https:\/\/www.ladislavjakl.cz\/index.php?rest_route=%2Fwp%2Fv2%2Fcategories&post=1381"},{"taxonomy":"post_tag","embeddable":true,"href":"https:\/\/www.ladislavjakl.cz\/index.php?rest_route=%2Fwp%2Fv2%2Ftags&post=1381"}],"curies":[{"name":"wp","href":"https:\/\/api.w.org\/{rel}","templated":true}]}}