{"id":13810,"date":"2023-11-17T21:02:07","date_gmt":"2023-11-17T20:02:07","guid":{"rendered":"https:\/\/www.ladislavjakl.cz\/?p=13810"},"modified":"2023-11-17T22:06:42","modified_gmt":"2023-11-17T21:06:42","slug":"13810","status":"publish","type":"post","link":"https:\/\/www.ladislavjakl.cz\/?p=13810","title":{"rendered":"Jakl vy\u0161kolil klima-studenty. A pak posm\u011b\u0161n\u011b zvolal: Postavme je do \u010dela&#8230;"},"content":{"rendered":"<p><strong>B\u00fdval\u00fd tajemn\u00edk prezidenta republiky Ladislav Jakl se ve sv\u00e9m koment\u00e1\u0159i v\u011bnoval student\u016fm, kte\u0159\u00ed na Kl\u00e1rov\u011b \u201est\u00e1vkuj\u00ed&#8220; za lep\u0161\u00ed podneb\u00ed. \u201eHned by se k nim \u010dlov\u011bk p\u0159idal. Podzim by cht\u011blo zru\u0161it,&#8220; dodal Jakl s t\u00edm, \u017ee v\u00fdro\u010d\u00ed sedmn\u00e1ct\u00e9ho listopadu 1989, kter\u00e9 bychom pak nemohli slavit, se v\u0161ak slavit m\u00e1. \u201eNe ka\u017ed\u00fd ho pot\u0159ebuje slavit davov\u011b,&#8220; poznamenal Jakl.<\/strong><\/p>\n<p><!--more--><\/p>\n<div>\n<div class=\"social-media-buttons clearfix\">&nbsp;<\/div>\n<\/div>\n<figure>\n<div class=\"img\"><img decoding=\"async\" src=\"https:\/\/cms.parlamentnilisty.cz\/image.ashx?w=632&amp;h=307&amp;f=IMG_3084_637665429390542658.jpg&amp;id=161640\" alt=\"Jakl vy\u0161kolil klima-studenty. A pak posm\u011b\u0161n\u011b zvolal: Postavme je do \u010dela...\"><\/div><figcaption class=\"photo-info\"><small>Foto:&nbsp;<strong>Hans \u0160tembera<\/strong><br \/>\nPopisek:&nbsp;<strong>Ladislav Jakl<\/strong><\/small><\/figcaption><\/figure>\n<section class=\"article-content\">Jakl si podle sv\u00fdch slov v\u00fdro\u010d\u00ed listopadu 1989 p\u0159ipom\u00edn\u00e1 s\u00e1m, kdy\u017e si p\u0159ipom\u00edn\u00e1 trasu, kterou tehdy s ostatn\u00edmi demonstranty kr\u00e1\u010del. \u201eT\u0159eba jsem tam tenkr\u00e1t potkal i dne\u0161n\u00edho prezidenta republiky, kter\u00fd m\u011bl tehdy coby kapit\u00e1n komunistick\u00e9 rozv\u011bdky zrovna ten den sv\u00e9 pravideln\u00e9 \u0161kolen\u00ed v r\u00e1mci postgradu\u00e1ln\u00ed p\u0159\u00edpravy na vysazen\u00ed do t\u00fdlu nep\u0159\u00edtele pr\u00e1v\u011b v ulici Karol\u00edny Sv\u011btl\u00e9, co\u017e je od N\u00e1rodn\u00ed kousek,&#8220; uv\u00e1d\u00ed Jakl.<\/p>\n<section>\u201eV t\u00e9hle ulici jsem ale o n\u011bco d\u0159\u00edve m\u011bl jin\u00fd z\u00e1\u017eitek. Kamar\u00e1d Mlho\u0161 m\u011bl p\u0159es sto devades\u00e1t, j\u00e1 zas sotva \u0161edes\u00e1t kilo, role byly jasn\u00e9: on m\u011b vysadil, j\u00e1 sundaval. V\u0161echny rud\u00e9 vlajky v cel\u00e9 ulici. A\u017e na konci, na rohu s Bartolom\u011bjskou, jsme potkali dva esenb\u00e1ky. P\u0159\u00e1telsky se n\u00e1s t\u00e1zali, zda nev\u00edme, kdo to tu sundav\u00e1 ty vlajky. A my p\u0159\u00e1telsky odpov\u011bd\u011bli, \u017ee nem\u00e1me ani tu\u0161en\u00ed. Mysl\u00edm, \u017ee jim to bylo jasn\u00e9, ale evidentn\u011b to nebyli \u017e\u00e1dn\u00ed horlivci, jak\u00fdmi asi byli frekventanti jednoho kursu prob\u00edhaj\u00edc\u00edho v bl\u00edzk\u00e9m dom\u011b,&#8220; dod\u00e1v\u00e1, \u017ee dnes nikdo rud\u00e9 vlajky sund\u00e1vat nemus\u00ed.&nbsp;\u201eM\u00e1me zelen\u00e9, ukrajinsk\u00e9, izraelsk\u00e9, duhov\u00e9, v\u0161e jak m\u00e1 b\u00fdt. To kdyby n\u011bkdo vyv\u011b\u0161oval t\u0159eba katal\u00e1nskou nebo ji\u017eanskou, to by jist\u011b za sundav\u00e1n\u00ed st\u00e1lo. Jen\u017ee Mlho\u0161 je kdov\u00edkde a j\u00e1 jsem o 34 let t\u011b\u017e\u0161\u00ed,&#8220; zmi\u0148uje Jakl.&nbsp;<strong>Fotogalerie: &#8211; Sebedestrukce z\u00e1padu 2.0<\/strong><\/p>\n<section class=\"section-brown section-inarticle poll gallery\">\n<div class=\"well well-rounded\">\n<div class=\"row\">\n<div class=\"col-md-2\"><a href=\"https:\/\/www.parlamentnilisty.cz\/galerie\/foto\/Sebedestrukce-zapadu-2-0-13634#1\"><img decoding=\"async\" src=\"https:\/\/cms.parlamentnilisty.cz\/image.ashx?w=164&amp;h=120&amp;f=1_638356706574221587.jpg&amp;id=184565\" alt=\"Institut V\u00e1clava Klause s V\u00e1clavem Klausem v \u010dele ...\"><\/a><\/div>\n<div class=\"col-md-2\"><a href=\"https:\/\/www.parlamentnilisty.cz\/galerie\/foto\/Sebedestrukce-zapadu-2-0-13634#2\"><img decoding=\"async\" src=\"https:\/\/cms.parlamentnilisty.cz\/image.ashx?w=164&amp;h=120&amp;f=3_638356707783140164.jpg&amp;id=184566\" alt=\"Kniha Sebedestrukce z\u00e1padu 2.0\"><\/a><\/div>\n<div class=\"col-md-2\"><a href=\"https:\/\/www.parlamentnilisty.cz\/galerie\/foto\/Sebedestrukce-zapadu-2-0-13634#3\"><img decoding=\"async\" src=\"https:\/\/cms.parlamentnilisty.cz\/image.ashx?w=164&amp;h=120&amp;f=CA8A7399_638356708165730893.jpg&amp;id=184567\" alt=\"Institut V\u00e1clava Klause s V\u00e1clavem Klausem v \u010dele ...\"><\/a><\/div>\n<div class=\"col-md-2\"><a href=\"https:\/\/www.parlamentnilisty.cz\/galerie\/foto\/Sebedestrukce-zapadu-2-0-13634#4\"><img decoding=\"async\" src=\"https:\/\/cms.parlamentnilisty.cz\/image.ashx?w=164&amp;h=120&amp;f=CA8A7411_638356708361850049.jpg&amp;id=184568\" alt=\"Institut V\u00e1clava Klause s V\u00e1clavem Klausem v \u010dele ...\"><\/a><\/div>\n<div class=\"col-md-2\"><a href=\"https:\/\/www.parlamentnilisty.cz\/galerie\/foto\/Sebedestrukce-zapadu-2-0-13634#5\"><img decoding=\"async\" src=\"https:\/\/cms.parlamentnilisty.cz\/image.ashx?w=164&amp;h=120&amp;f=CA8A7415_638356708574846084.jpg&amp;id=184569\" alt=\"Institut V\u00e1clava Klause s V\u00e1clavem Klausem v \u010dele ...\"><\/a><\/div>\n<div class=\"col-md-2\"><a href=\"https:\/\/www.parlamentnilisty.cz\/galerie\/foto\/Sebedestrukce-zapadu-2-0-13634#6\"><img decoding=\"async\" src=\"https:\/\/cms.parlamentnilisty.cz\/image.ashx?w=164&amp;h=120&amp;f=CA8A7432_638356708716766762.jpg&amp;id=184570\" alt=\"Institut V\u00e1clava Klause s V\u00e1clavem Klausem v \u010dele ...\"><\/a><\/div>\n<\/div>\n<\/div>\n<\/section>\n<p>\u201eA tak se my\u0161lenky zase st\u00e1\u010dej\u00ed k tomu na\u0161emu poka\u017een\u00e9mu podneb\u00ed. ,St\u00e1vkuj\u00edc\u00ed&#8216; studenti jist\u011b v\u011bd\u00ed, \u017ee za rok na na\u0161\u00ed Zem\u011bkouli zem\u0159e mnohon\u00e1sobn\u011b lid\u00ed v\u00edc na zimu ne\u017e na horko. \u017de oteplen\u00ed Kanady a Sibi\u0159e by umo\u017enilo u\u017eivit miliardy lid\u00ed. \u017de Sahara se zmen\u0161uje, proto\u017ee rostlinstvo dost\u00e1v\u00e1 v\u00edce potravy v podob\u011b sodovkov\u00e9ho plynu. \u017de teplej\u0161\u00edm a vlh\u010d\u00edm obdob\u00edm se \u0159\u00edk\u00e1 ,teplotn\u00ed optima&#8216;, a ta \u017ee b\u00fdvala doprov\u00e1zena vzedmut\u00edm prosperity za sou\u010dasn\u00e9ho relativn\u00edho m\u00edru, zat\u00edmco chladn\u011bj\u0161\u00ed a t\u00edm i su\u0161\u0161\u00ed obdob\u00ed b\u00fdvala doprov\u00e1zena v\u00e1lkami a hladomory, p\u00e1dy \u0159\u00ed\u0161\u00ed a kulturn\u00edm \u00fapadkem. \u017de nejv\u00edce lid\u00ed p\u0159ib\u00fdv\u00e1 v t\u011bch nejteplej\u0161\u00edch kon\u010din\u00e1ch, zat\u00edmco k p\u00f3l\u016fm se lidi zrovna nehrnou (leda za soci\u00e1ln\u00edmi d\u00e1vkami), \u017ee lid\u00e9 tak stra\u0161n\u011b trp\u00ed oteplov\u00e1n\u00edm, \u017ee jich des\u00edtky milion\u016f ka\u017edoro\u010dn\u011b utr\u00e1cej\u00ed velk\u00e9 pen\u00edze, aby si od tepla jely odpo\u010dnout do je\u0161t\u011b v\u011bt\u0161\u00edch veder,&#8220; <strong><a href=\"https:\/\/www.parlamentnilisty.cz\/arena\/nazory-a-petice\/Ladislav-Jakl-Listopad-cesta-ke-svobode-a-zpet-746232\" target=\"_blank\" rel=\"noopener\">sd\u011blil Jakl<\/a><\/strong>.&nbsp;<\/p>\n<p>\u201eStudent\u016fm fand\u00edm. Pr\u0161et by m\u011blo tak akor\u00e1t, v\u00edtr by m\u011bl foukat akor\u00e1t, teplota by m\u011bla b\u00fdt po\u0159\u00e1d tak akor\u00e1t vl\u00eddn\u00e1, aby si \u010dlov\u011bk mohl d\u00e1vat pivo na zahr\u00e1dce a netrp\u011bt tam chladem ani vedrem. A ne\u0159\u00edkejte, \u017ee se to ned\u00e1 za\u0159\u00eddit. D\u00e1. Zaveden\u00edm nov\u011b \u0159\u00edzen\u00e9 spole\u010dnosti. Nejv\u00edc chaosu nad\u011bl\u00e1 svobodn\u00fd \u010dlov\u011bk. Zat\u00edmco spole\u010dnost moud\u0159e, ale tvrd\u011b \u0159\u00edzen\u00e1 v z\u00e1jmu v\u0161ech m\u016f\u017ee ze sv\u00e9ho st\u0159edu snadno vypudit \u0161k\u016fdce a naopak nap\u0159\u00edt spole\u010densk\u00fd potenci\u00e1l sm\u011brem k inkluz\u00edvn\u00ed omyvateln\u00e9 mutikulti genderov\u011b spravedliv\u00e9 a udr\u017eiteln\u00e9 civilizaci, kde nikdo nebude trp\u011bt nedostatkem \u010di nadbytkem. Tihle uv\u011bdom\u011bl\u00ed studenti vlastn\u011b jen napl\u0148uj\u00ed odkaz Velk\u00e9ho listopadu. Cht\u011bj\u00ed lep\u0161\u00ed sv\u011bt a v\u011bd\u00ed, jak na to. Postavme je do sv\u00e9ho \u010dela a dejme se na pochod za zvuk\u016f n\u011bjak\u00e9 p\u011bkn\u00e9 euroekop\u00edsn\u011b. My\u0161lenky listopadu 1989 n\u00e1s zavazuj\u00ed,&#8220; zakon\u010dil.<\/p>\n<p><a href=\"https:\/\/www.parlamentnilisty.cz\/arena\/monitor\/Jakl-vyskolil-klima-studenty-A-pak-posmesne-zvolal-Postavme-je-do-cela-746256\">Zdroj<\/a><\/p>\n<\/section>\n<\/section>\n","protected":false},"excerpt":{"rendered":"<p>B\u00fdval\u00fd tajemn\u00edk prezidenta republiky Ladislav Jakl se ve sv\u00e9m koment\u00e1\u0159i v\u011bnoval student\u016fm, kte\u0159\u00ed na Kl\u00e1rov\u011b \u201est\u00e1vkuj\u00ed&#8220; za lep\u0161\u00ed podneb\u00ed. \u201eHned by se k nim \u010dlov\u011bk p\u0159idal. Podzim by cht\u011blo zru\u0161it,&#8220; dodal Jakl s t\u00edm, \u017ee v\u00fdro\u010d\u00ed sedmn\u00e1ct\u00e9ho listopadu 1989, kter\u00e9 bychom pak nemohli slavit, se v\u0161ak slavit m\u00e1. \u201eNe ka\u017ed\u00fd ho pot\u0159ebuje slavit davov\u011b,&#8220; poznamenal [&hellip;]<\/p>\n","protected":false},"author":9,"featured_media":0,"comment_status":"open","ping_status":"open","sticky":false,"template":"","format":"standard","meta":{"ngg_post_thumbnail":0,"footnotes":""},"categories":[11],"tags":[],"class_list":["post-13810","post","type-post","status-publish","format-standard","hentry","category-ozvena"],"_links":{"self":[{"href":"https:\/\/www.ladislavjakl.cz\/index.php?rest_route=\/wp\/v2\/posts\/13810","targetHints":{"allow":["GET"]}}],"collection":[{"href":"https:\/\/www.ladislavjakl.cz\/index.php?rest_route=\/wp\/v2\/posts"}],"about":[{"href":"https:\/\/www.ladislavjakl.cz\/index.php?rest_route=\/wp\/v2\/types\/post"}],"author":[{"embeddable":true,"href":"https:\/\/www.ladislavjakl.cz\/index.php?rest_route=\/wp\/v2\/users\/9"}],"replies":[{"embeddable":true,"href":"https:\/\/www.ladislavjakl.cz\/index.php?rest_route=%2Fwp%2Fv2%2Fcomments&post=13810"}],"version-history":[{"count":2,"href":"https:\/\/www.ladislavjakl.cz\/index.php?rest_route=\/wp\/v2\/posts\/13810\/revisions"}],"predecessor-version":[{"id":13812,"href":"https:\/\/www.ladislavjakl.cz\/index.php?rest_route=\/wp\/v2\/posts\/13810\/revisions\/13812"}],"wp:attachment":[{"href":"https:\/\/www.ladislavjakl.cz\/index.php?rest_route=%2Fwp%2Fv2%2Fmedia&parent=13810"}],"wp:term":[{"taxonomy":"category","embeddable":true,"href":"https:\/\/www.ladislavjakl.cz\/index.php?rest_route=%2Fwp%2Fv2%2Fcategories&post=13810"},{"taxonomy":"post_tag","embeddable":true,"href":"https:\/\/www.ladislavjakl.cz\/index.php?rest_route=%2Fwp%2Fv2%2Ftags&post=13810"}],"curies":[{"name":"wp","href":"https:\/\/api.w.org\/{rel}","templated":true}]}}