{"id":13813,"date":"2023-11-18T14:41:12","date_gmt":"2023-11-18T13:41:12","guid":{"rendered":"https:\/\/www.ladislavjakl.cz\/?p=13813"},"modified":"2023-11-18T15:11:23","modified_gmt":"2023-11-18T14:11:23","slug":"jakl-nechci-evropske-hodnoty-mezi-ne-patri-i-komunismus-a-nacismus-chci-svobodu","status":"publish","type":"post","link":"https:\/\/www.ladislavjakl.cz\/?p=13813","title":{"rendered":"Jakl: Nechci &#8222;evropsk\u00e9 hodnoty.&#8220; Mezi n\u011b pat\u0159\u00ed i komunismus a nacismus. Chci svobodu."},"content":{"rendered":"<p>Ladislav Jakl po p\u011bti a p\u016fl roce v \u010cesk\u00e9 televizi, v po\u0159adu Ud\u00e1losti, koment\u00e1\u0159e na \u010cT24, vys\u00edlan\u00e9ho \u017eiv\u011b z N\u00e1rodn\u00ed t\u0159\u00eddy u p\u0159\u00edle\u017eitosti v\u00fdro\u010d\u00ed 17. listopadu 1989 (za\u010d\u00e1tek ve 22.30)<\/p>\n<p><a href=\"https:\/\/www.ceskatelevize.cz\/porady\/1096898594-udalosti-komentare\/223411000371117\/cast\/1011985\/\">ZDE<\/a><\/p>\n<p>&nbsp;<\/p>\n","protected":false},"excerpt":{"rendered":"<p>Ladislav Jakl po p\u011bti a p\u016fl roce v \u010cesk\u00e9 televizi, v po\u0159adu Ud\u00e1losti, koment\u00e1\u0159e na \u010cT24, vys\u00edlan\u00e9ho \u017eiv\u011b z N\u00e1rodn\u00ed t\u0159\u00eddy u p\u0159\u00edle\u017eitosti v\u00fdro\u010d\u00ed 17. listopadu 1989 (za\u010d\u00e1tek ve 22.30) ZDE &nbsp;<\/p>\n","protected":false},"author":9,"featured_media":0,"comment_status":"open","ping_status":"open","sticky":false,"template":"","format":"standard","meta":{"ngg_post_thumbnail":0,"footnotes":""},"categories":[13,12],"tags":[],"class_list":["post-13813","post","type-post","status-publish","format-standard","hentry","category-rozhovory","category-video"],"_links":{"self":[{"href":"https:\/\/www.ladislavjakl.cz\/index.php?rest_route=\/wp\/v2\/posts\/13813","targetHints":{"allow":["GET"]}}],"collection":[{"href":"https:\/\/www.ladislavjakl.cz\/index.php?rest_route=\/wp\/v2\/posts"}],"about":[{"href":"https:\/\/www.ladislavjakl.cz\/index.php?rest_route=\/wp\/v2\/types\/post"}],"author":[{"embeddable":true,"href":"https:\/\/www.ladislavjakl.cz\/index.php?rest_route=\/wp\/v2\/users\/9"}],"replies":[{"embeddable":true,"href":"https:\/\/www.ladislavjakl.cz\/index.php?rest_route=%2Fwp%2Fv2%2Fcomments&post=13813"}],"version-history":[{"count":5,"href":"https:\/\/www.ladislavjakl.cz\/index.php?rest_route=\/wp\/v2\/posts\/13813\/revisions"}],"predecessor-version":[{"id":13818,"href":"https:\/\/www.ladislavjakl.cz\/index.php?rest_route=\/wp\/v2\/posts\/13813\/revisions\/13818"}],"wp:attachment":[{"href":"https:\/\/www.ladislavjakl.cz\/index.php?rest_route=%2Fwp%2Fv2%2Fmedia&parent=13813"}],"wp:term":[{"taxonomy":"category","embeddable":true,"href":"https:\/\/www.ladislavjakl.cz\/index.php?rest_route=%2Fwp%2Fv2%2Fcategories&post=13813"},{"taxonomy":"post_tag","embeddable":true,"href":"https:\/\/www.ladislavjakl.cz\/index.php?rest_route=%2Fwp%2Fv2%2Ftags&post=13813"}],"curies":[{"name":"wp","href":"https:\/\/api.w.org\/{rel}","templated":true}]}}