{"id":13821,"date":"2023-11-19T14:54:14","date_gmt":"2023-11-19T13:54:14","guid":{"rendered":"https:\/\/www.ladislavjakl.cz\/?p=13821"},"modified":"2023-11-19T14:54:14","modified_gmt":"2023-11-19T13:54:14","slug":"svobodu-jsme-neztratili-odmita-dienstbier-slova-o-nove-totalite-podle-rakusana-tu-neni-systemove-ohrozeni","status":"publish","type":"post","link":"https:\/\/www.ladislavjakl.cz\/?p=13821","title":{"rendered":"Svobodu jsme neztratili, odm\u00edt\u00e1 Dienstbier slova o nov\u00e9 totalit\u011b. Podle Raku\u0161ana tu nen\u00ed syst\u00e9mov\u00e9 ohro\u017een\u00ed"},"content":{"rendered":"<p>I 34 let po sametov\u00e9 revoluci si st\u00e1le mnoz\u00ed m\u00e1lo v\u00e1\u017e\u00ed demokracie. B\u00fdval\u00fd ministr pro lidsk\u00e1 pr\u00e1va Ji\u0159\u00ed Dienstbier (SOCDEM) v&nbsp;<strong>Ud\u00e1lostech, koment\u00e1\u0159\u00edch<\/strong> \u0159ekl, \u017ee i p\u0159es n\u011bkter\u00e1 nenapln\u011bn\u00e1 o\u010dek\u00e1v\u00e1n\u00ed v\u0161ak \u010cesko st\u00e1le svobodu neztratilo. Odm\u00edtl tak\u00e9 slova o \u00fadajn\u00e9 nov\u00e9 totalit\u011b. Podle ministra vnitra V\u00edta Raku\u0161ana (STAN) nem\u00e1 zem\u011b \u017e\u00e1dn\u00fd z\u00e1va\u017en\u00fd probl\u00e9m, kter\u00fd by znamenal ohro\u017een\u00ed syst\u00e9mu. Publicista a b\u00fdval\u00fd \u0159editel politick\u00e9ho odboru prezidentsk\u00e9 kancel\u00e1\u0159e Ladislav Jakl m\u00edn\u00ed, \u017ee \u010cesko m\u00e1 stejn\u00e9 probl\u00e9my jako zbytek sv\u011bta, ke kter\u00e9mu se hl\u00e1s\u00ed.<br \/>\n<!--more--><\/p>\n<div class=\"article-content\">\n<div class=\"grid view-fixed text-content\">\n<div class=\"grid-row\">\n<div class=\"grid-col grid-md-7 grid-lg-8\">\n<div class=\"textcontent\">&nbsp;<\/div>\n<div class=\"video \">\n<div class=\"video-wrap\">\n<div class=\"video-container\">\n<div class=\"video-preview\">\n<div class=\"image\"><img decoding=\"async\" src=\"https:\/\/ct24.ceskatelevize.cz\/sites\/default\/files\/styles\/file-video_16x9\/public\/images\/2720890-rak.jpg?itok=C08YRf4i\" alt=\"Video Ud\u00e1losti koment\u00e1\u0159e\"><\/div>\n<\/div>\n<div class=\"video-controls\">&nbsp;<\/div>\n<\/div>\n<div class=\"video-info\">\n<h3 class=\"video-title\">Ud\u00e1losti, koment\u00e1\u0159e: Stav spole\u010dnosti po 34 letech od sametov\u00e9 revoluce<\/h3>\n<\/div>\n<\/div>\n<\/div>\n<div class=\"textcontent\">\n<p>Dienstbier \u0159ekl, \u017ee p\u0159ed 34 lety z\u00edskali \u010ce\u0161i a Slov\u00e1ci svobodu, kterou zat\u00edm neztratili. \u201eV tomto sm\u011bru jsme \u0161anci nepochybn\u011b vyu\u017eili. Ale to, \u017ee v t\u00e9 dob\u011b m\u011bl ka\u017ed\u00fd asi trochu jin\u00e9 p\u0159edstavy, jak svobodu naplnit, to je ur\u010dit\u011b tak\u00e9 pravda,\u201c zm\u00ednil. Dodal v\u0161ak, \u017ee d\u016fle\u017eit\u00e9 bylo to, \u017ee se zem\u011b p\u0159idala k evropsk\u00fdm hodnot\u00e1m svobody, demokracie \u010di ochrany lidsk\u00fdch pr\u00e1v.&nbsp;<\/p>\n<p>O\u010dek\u00e1v\u00e1n\u00ed lid\u00ed v\u0161ak podle Dientsbiera zahrnovala nap\u0159\u00edklad i zlep\u0161en\u00ed hospod\u00e1\u0159sk\u00fdch a soci\u00e1ln\u00edch podm\u00ednek a tak\u00e9 zlep\u0161en\u00ed ochrany \u017eivotn\u00edho prost\u0159ed\u00ed. \u201eV tomto sm\u011bru se ledacos stalo, ale na druhou stranu i dnes je spousta lid\u00ed, kte\u0159\u00ed si asi nemysl\u00ed, \u017ee jejich soci\u00e1ln\u00ed a ekonomick\u00e9 podm\u00ednky jsou natolik dobr\u00e9, aby si st\u00e1le cenili hodnot jako t\u0159eba svoboda,\u201c dodal.&nbsp;<\/p>\n<p>\u201eT\u011bch posledn\u00edch t\u0159icet let n\u00e1m p\u0159ineslo svobodu, demokracii, to, \u017ee lid\u00e9 se mohou rozhodovat tak, jak cht\u011bj\u00ed, mohou svobodn\u011b vyj\u00e1d\u0159it sv\u016fj n\u00e1zor a napl\u0148ovat ten odkaz jako takov\u00fd. To, \u017ee se nikdy nenapln\u00ed beze zbytku, ani kdy\u017e m\u00e1me sebepropracovan\u011bj\u0161\u00ed politickou zm\u011bnu, i kdy\u017e se sna\u017e\u00edme o transformaci, tak se t\u011bch chyb ur\u010dit\u011b ud\u011bl\u00e1 mnoho,\u201c uvedl Raku\u0161an.<\/p>\n<\/div>\n<aside class=\"link \" data-href=\"https:\/\/ct24.ceskatelevize.cz\/domaci\/3629320-demokracie-neni-zarucena-je-treba-pokracovat-v-zapase-o-ni-rekl-prezident-pavel\" data-gtm-vis-first-on-screen367260_299=\"49824\" data-gtm-vis-total-visible-time367260_299=\"100\" data-gtm-vis-has-fired367260_299=\"1\">\n<div class=\"link-image-wrap\">\n<div class=\"link-image\"><img decoding=\"async\" src=\"https:\/\/ct24.ceskatelevize.cz\/sites\/default\/files\/styles\/crop_280x185\/public\/images\/2720811-pavel.jpg?itok=sC2NtCpA\" alt=\"Prezident Petr Pavel na N\u00e1rodn\u00ed t\u0159\u00edd\u011b 17. listopadu\"><\/div>\n<\/div>\n<div class=\"link-content\">\n<h3 class=\"label link-label\">ODKAZ<\/h3>\n<hr class=\"link-divider\">\n<p><a class=\"link-more\" href=\"https:\/\/ct24.ceskatelevize.cz\/domaci\/3629320-demokracie-neni-zarucena-je-treba-pokracovat-v-zapase-o-ni-rekl-prezident-pavel\">Demokracie nen\u00ed zaru\u010dena, je t\u0159eba pokra\u010dovat v z\u00e1pase o ni, \u0159ekl prezident Pavel<\/a><\/p>\n<\/div>\n<\/aside>\n<div class=\"textcontent\">\n<p>&nbsp;<\/p>\n<p>Ministr vnitra by ale ur\u010dit\u011b nepropadal tomu, \u010demu se podle n\u011bj ob\u010das \u0159\u00edk\u00e1 \u201e\u0161patn\u00e1 n\u00e1lada\u201c. &nbsp;P\u0159ipomn\u011bl, \u017ee \u010ce\u0161i na tom nejsou zle, demokracii a svobodu toti\u017e st\u00e1le maj\u00ed. \u201eV tuto chv\u00edli nem\u00e1me \u017e\u00e1dn\u00fd z\u00e1va\u017en\u00fd probl\u00e9m, kter\u00fd by znamenal syst\u00e9mov\u00e9 ohro\u017een\u00ed toho, abychom tady nad\u00e1le mohli \u017e\u00edt. Na rozd\u00edl od jin\u00fdch zem\u00ed nedaleko od n\u00e1s tady nem\u00e1me v\u00e1lku,\u201c dodal.&nbsp;<\/p>\n<p>Podle Jakla byl p\u00e1d komunismu v \u010ceskoslovensku sou\u010d\u00e1st\u00ed zhroucen\u00ed cel\u00e9ho komunistick\u00e9ho syst\u00e9mu. \u201eU n\u00e1s to m\u011blo n\u011bkter\u00e1 sv\u00e1 specifika, n\u011bkter\u00e9 metody byly um\u011bl\u00e9, n\u011bkter\u00e9 spont\u00e1n\u00ed. I dnes m\u00e1me stejn\u00e9 probl\u00e9my, \u00fasp\u011bchy, \u0161t\u011bst\u00ed, ne\u0161t\u011bst\u00ed i nemoci, jako m\u00e1 zbytek na\u0161eho sv\u011bta, ke kter\u00e9mu se hl\u00e1s\u00edme,\u201c \u0159ekl.&nbsp;<\/p>\n<p>Jakl p\u0159iznal, \u017ee listopadov\u00e9 oslavy ho doj\u00edmaj\u00ed i po 34 letech. \u201eTehdej\u0161\u00ed demonstrace jsem se osobn\u011b \u00fa\u010dastnil, tento den m\u00e1 tak pro m\u011b osobn\u00ed v\u00fdznam. Nepot\u0159ebuji se \u00fa\u010dastnit n\u011bjak\u00fdch ofici\u00e1ln\u00edch akc\u00ed, r\u00e1d si ta m\u00edsta, na kter\u00e1 si vzpom\u00edn\u00e1m, projdu ka\u017ed\u00fd rok osobn\u011b,\u201c uvedl.<\/p>\n<h2>\u201eNov\u00e1 totalita\u201c<\/h2>\n<p>Z \u00fast n\u011bkter\u00fdch lid\u00ed, dokonce i politik\u016f, ob\u010das zazn\u00edvaj\u00ed n\u00e1zory, \u017ee v \u010cesku vznik\u00e1 nov\u00e1 totalita. Dienstbier to ozna\u010dil za nesmysl. \u201eSt\u00e1le jsme si svobodu udr\u017eeli. N\u011bkdo si m\u016f\u017ee myslet, \u017ee sou\u010dasn\u00e1 vl\u00e1da je \u0161patn\u00e1, a j\u00e1 bych s t\u00edm i souhlasil v \u0159ad\u011b v\u011bc\u00ed, ale po\u0159\u00e1d m\u00e1me mo\u017enost zvolit n\u011bjakou jinou. Ne \u017ee by se nab\u00edzely ide\u00e1ln\u00ed varianty, ale to asi nebude nikdy pro nikoho,\u201c vysv\u011btlil.<\/p>\n<\/div>\n<aside class=\"link \" data-href=\"https:\/\/ct24.ceskatelevize.cz\/domaci\/3629147-prazska-narodni-a-albertov-jsou-opet-ve-stredu-pozornosti-cesko-si-pripomina-17\" data-gtm-vis-first-on-screen367260_299=\"50740\" data-gtm-vis-total-visible-time367260_299=\"100\" data-gtm-vis-has-fired367260_299=\"1\">\n<div class=\"link-image-wrap\">\n<div class=\"link-image\"><img decoding=\"async\" src=\"https:\/\/ct24.ceskatelevize.cz\/sites\/default\/files\/styles\/crop_280x185\/public\/images\/2720880-profimedia-0822705348.jpg?itok=HPITT4uP\" alt=\"Lid\u00e9 zapaluj\u00ed sv\u00ed\u010dky u pam\u00e1tn\u00edku 17. listopadu na N\u00e1rodn\u00ed t\u0159\u00edd\u011b \"><\/div>\n<\/div>\n<div class=\"link-content\">\n<h3 class=\"label link-label\">ODKAZ<\/h3>\n<hr class=\"link-divider\">\n<p><a class=\"link-more\" href=\"https:\/\/ct24.ceskatelevize.cz\/domaci\/3629147-prazska-narodni-a-albertov-jsou-opet-ve-stredu-pozornosti-cesko-si-pripomina-17\">\u010cesko si p\u0159ipomn\u011blo 17. listopad, zaplnila se N\u00e1rodn\u00ed t\u0159\u00edda i V\u00e1clavsk\u00e9 n\u00e1m\u011bst\u00ed<\/a><\/p>\n<\/div>\n<\/aside>\n<div class=\"textcontent\">\n<p>&nbsp;<\/p>\n<p>Nap\u0159\u00edklad \u0161\u00e9f hnut\u00ed ANO Andrej Babi\u0161 v p\u00e1tek \u0159ekl, \u017ee m\u00e9dia a vl\u00e1da zprivatizovaly demokracii. \u201eTomu v\u00fdroku nerozum\u00edm. Svobodu a demokracii bu\u010f m\u00e1me, anebo o ni p\u0159ijdeme, pokud si ji nebudeme v\u00e1\u017eit a nebudeme usilovat o to, abychom si ji zachovali,\u201c reagoval Dienstbier.&nbsp;<\/p>\n<p>N\u011bkdy se \u0159\u00edk\u00e1, \u017ee demokracie v \u010cesku je mlad\u00e1 a m\u016f\u017ee b\u00fdt tak ohro\u017eena. Jakl s t\u00edm ale nesouhlas\u00ed. \u201eNa zakotven\u00ed z\u00e1kladn\u00edch instituc\u00ed demokratick\u00e9ho syst\u00e9mu sta\u010d\u00ed n\u011bkolik let. M\u011bly by vzniknout jasn\u011b definovan\u00e9 politick\u00e9 strany s jasn\u00fdm programem, st\u00e1t by m\u011bl m\u00edt dob\u0159e napsanou \u00fastavu a aktivn\u00ed ob\u010dany,\u201c \u0159ekl.&nbsp;<\/p>\n<p>Podle pr\u016fzkum\u016f si ale \u010ce\u0161i v\u00e1\u017e\u00ed demokracie m\u00e9n\u011b ne\u017e nap\u0159\u00edklad v N\u011bmecku nebo Rakousku, kde demokracii v\u011b\u0159\u00ed v\u00edc ne\u017e sedmdes\u00e1t procent lid\u00ed. V \u010cesku je to zhruba polovina. Podle Raku\u0161ana jde o zem\u011b, kde je tradice demokratick\u00e9ho v\u00fdvoje del\u0161\u00ed ne\u017e u n\u00e1s. \u201eMy jsme ji m\u011bli p\u0159eru\u0161enou dv\u011bma totalitami \u2013 hn\u011bdou a rudou,\u201c uvedl. Dodal tak\u00e9, \u017ee na spole\u010denskou zm\u011bnu a ch\u00e1p\u00e1n\u00ed demokracie nesta\u010d\u00ed jedna, mo\u017en\u00e1 ani dv\u011b generace.<\/p>\n<\/div>\n<aside class=\"link \" data-href=\"https:\/\/ct24.ceskatelevize.cz\/domaci\/3628940-zive-slovenska-prezidentka-caputova-dorazila-do-prahy\" data-gtm-vis-first-on-screen367260_299=\"52153\" data-gtm-vis-total-visible-time367260_299=\"100\" data-gtm-vis-has-fired367260_299=\"1\">\n<div class=\"link-image-wrap\">&nbsp;<\/div>\n<div class=\"link-content\">\n<h3 class=\"label link-label\"><a href=\"https:\/\/ct24.ceskatelevize.cz\/domaci\/3629365-svobodu-jsme-neztratili-odmita-dienstbier-slova-o-nove-totalite-podle-rakusana-tu\">Zdroj<\/a><\/h3>\n<\/div>\n<\/aside>\n<\/div>\n<\/div>\n<\/div>\n<\/div>\n","protected":false},"excerpt":{"rendered":"<p>I 34 let po sametov\u00e9 revoluci si st\u00e1le mnoz\u00ed m\u00e1lo v\u00e1\u017e\u00ed demokracie. B\u00fdval\u00fd ministr pro lidsk\u00e1 pr\u00e1va Ji\u0159\u00ed Dienstbier (SOCDEM) v&nbsp;Ud\u00e1lostech, koment\u00e1\u0159\u00edch \u0159ekl, \u017ee i p\u0159es n\u011bkter\u00e1 nenapln\u011bn\u00e1 o\u010dek\u00e1v\u00e1n\u00ed v\u0161ak \u010cesko st\u00e1le svobodu neztratilo. Odm\u00edtl tak\u00e9 slova o \u00fadajn\u00e9 nov\u00e9 totalit\u011b. Podle ministra vnitra V\u00edta Raku\u0161ana (STAN) nem\u00e1 zem\u011b \u017e\u00e1dn\u00fd z\u00e1va\u017en\u00fd probl\u00e9m, kter\u00fd by znamenal [&hellip;]<\/p>\n","protected":false},"author":9,"featured_media":0,"comment_status":"open","ping_status":"open","sticky":false,"template":"","format":"standard","meta":{"ngg_post_thumbnail":0,"footnotes":""},"categories":[11],"tags":[],"class_list":["post-13821","post","type-post","status-publish","format-standard","hentry","category-ozvena"],"_links":{"self":[{"href":"https:\/\/www.ladislavjakl.cz\/index.php?rest_route=\/wp\/v2\/posts\/13821","targetHints":{"allow":["GET"]}}],"collection":[{"href":"https:\/\/www.ladislavjakl.cz\/index.php?rest_route=\/wp\/v2\/posts"}],"about":[{"href":"https:\/\/www.ladislavjakl.cz\/index.php?rest_route=\/wp\/v2\/types\/post"}],"author":[{"embeddable":true,"href":"https:\/\/www.ladislavjakl.cz\/index.php?rest_route=\/wp\/v2\/users\/9"}],"replies":[{"embeddable":true,"href":"https:\/\/www.ladislavjakl.cz\/index.php?rest_route=%2Fwp%2Fv2%2Fcomments&post=13821"}],"version-history":[{"count":1,"href":"https:\/\/www.ladislavjakl.cz\/index.php?rest_route=\/wp\/v2\/posts\/13821\/revisions"}],"predecessor-version":[{"id":13822,"href":"https:\/\/www.ladislavjakl.cz\/index.php?rest_route=\/wp\/v2\/posts\/13821\/revisions\/13822"}],"wp:attachment":[{"href":"https:\/\/www.ladislavjakl.cz\/index.php?rest_route=%2Fwp%2Fv2%2Fmedia&parent=13821"}],"wp:term":[{"taxonomy":"category","embeddable":true,"href":"https:\/\/www.ladislavjakl.cz\/index.php?rest_route=%2Fwp%2Fv2%2Fcategories&post=13821"},{"taxonomy":"post_tag","embeddable":true,"href":"https:\/\/www.ladislavjakl.cz\/index.php?rest_route=%2Fwp%2Fv2%2Ftags&post=13821"}],"curies":[{"name":"wp","href":"https:\/\/api.w.org\/{rel}","templated":true}]}}