{"id":13826,"date":"2023-11-24T20:02:30","date_gmt":"2023-11-24T19:02:30","guid":{"rendered":"https:\/\/www.ladislavjakl.cz\/?p=13826"},"modified":"2023-11-24T20:02:30","modified_gmt":"2023-11-24T19:02:30","slug":"tiskova-zprava-z-19-zasedani-rady-konaneho-dne-21-11-2023","status":"publish","type":"post","link":"https:\/\/www.ladislavjakl.cz\/?p=13826","title":{"rendered":"Tiskov\u00e1 zpr\u00e1va z 19. zased\u00e1n\u00ed Rady konan\u00e9ho dne 21. 11. 2023"},"content":{"rendered":"<p>Rada pro rozhlasov\u00e9 a televizn\u00ed vys\u00edl\u00e1n\u00ed (d\u00e1le jen &#8222;Rada&#8220;) na sv\u00e9m 19. zased\u00e1n\u00ed projednala 49<br \/>\nbod\u016f programu. Vyhodnotila 17 st\u00ed\u017enost\u00ed div\u00e1k\u016f a poslucha\u010d\u016f, vydala dev\u011bt upozorn\u011bn\u00ed na<br \/>\nporu\u0161en\u00ed z\u00e1kona.<\/p>\n<p><!--more--><br \/>\nRada ulo\u017eila dv\u011b po\u0159\u00e1dkov\u00e9 pokuty, ka\u017edou ve v\u00fd\u0161i 1000 K\u010d, provozovateli M\u011bsto P\u0159ibyslav, jeliko\u017e<br \/>\nbezd\u016fvodn\u011b odep\u0159el podat Rad\u011b vysv\u011btlen\u00ed k logu programu TV P\u0159ibyslav a rovn\u011b\u017e vysv\u011btlen\u00ed, z<br \/>\njak\u00e9ho d\u016fvodu jako zvukov\u00fd podkres videotextov\u00e9 smy\u010dky v r\u00e1mci vys\u00edl\u00e1n\u00ed programu TV P\u0159ibyslav<br \/>\nve dnech 4. &#8211; 5. \u010dervna 2023 zvolil vys\u00edl\u00e1n\u00ed programu \u010cesk\u00fd rozhlas Region, a\u010dkoli v r\u00e1mci<br \/>\npodm\u00ednek licence programu TV P\u0159ibyslav deklaruje, \u017ee do programu nebudou za\u0159azeny \u017e\u00e1dn\u00e9 \u010d\u00e1sti<br \/>\nprogramu p\u0159evzat\u00e9 od jin\u00e9ho provozovatele vys\u00edl\u00e1n\u00ed.<br \/>\nRada na sv\u00e9m 19. zased\u00e1n\u00ed ud\u011blila spole\u010dnosti HBO Europe s.r.o. 5 licenc\u00ed k provozov\u00e1n\u00ed<br \/>\ntelevizn\u00edho vys\u00edl\u00e1n\u00ed \u0161\u00ed\u0159en\u00e9ho prost\u0159ednictv\u00edm zvl\u00e1\u0161tn\u00edch p\u0159enosov\u00fdch syst\u00e9m\u016f s n\u00e1zvy program\u016f:<br \/>\nHBO Czechia and Slovakia, HBO Adria, HBO Poland, HBO Hungary a HBO Romania.<br \/>\nRada zaevidovala jednoho nov\u00e9ho poskytovatele audiovizu\u00e1ln\u00edch medi\u00e1ln\u00edch slu\u017eeb na vy\u017e\u00e1d\u00e1n\u00ed<br \/>\n(celkem tak k dne\u0161n\u00edmu dni eviduje 89 zapsan\u00fdch poskytovatel\u016f t\u011bchto slu\u017eeb).<br \/>\nPodrobn\u011bj\u0161\u00ed informace naleznete v p\u0159episech usnesen\u00ed Rady:<br \/>\nROZHLASOV\u00c9 VYS\u00cdL\u00c1N\u00cd<br \/>\n&#8211; Rada v souladu s ustanoven\u00edm \u00a7 5 odst. 1 p\u00edsm. b), \u00a7 21 odst. 1 p\u00edsm. a) a d) a \u00a7 21 odst. 3<br \/>\nz\u00e1kona \u010d. 231\/2001 Sb., o provozov\u00e1n\u00ed rozhlasov\u00e9ho a televizn\u00edho vys\u00edl\u00e1n\u00ed a o zm\u011bn\u011b dal\u0161\u00edch<br \/>\nz\u00e1kon\u016f, v platn\u00e9m zn\u011bn\u00ed (d\u00e1le jen \u201ez\u00e1kon \u010d. 231\/2001 Sb.\u201c), a ustanoven\u00edm \u00a7 67 a n\u00e1sl. z\u00e1kona<br \/>\n\u010d. 500\/2004 Sb., spr\u00e1vn\u00edho \u0159\u00e1du, v platn\u00e9m zn\u011bn\u00ed (d\u00e1le jen \u201ez\u00e1kon \u010d. 500\/2004 Sb.\u201c), vydala toto<br \/>\nrozhodnut\u00ed: Rada ud\u011bluje provozovateli MEDIA BOHEMIA, a.s., I\u010c: 267 65 586, se s\u00eddlem<br \/>\nB\u011blehradsk\u00e1 299\/132, PS\u010c 120 00 Praha, souhlas se zm\u011bnou skute\u010dnost\u00ed uveden\u00fdch v \u017e\u00e1dosti o<br \/>\nlicenci k provozov\u00e1n\u00ed rozhlasov\u00e9ho vys\u00edl\u00e1n\u00ed programu R\u00e1dio BLAN\u00cdK (licence sp. zn.<br \/>\n2013\/681\/zab\/MED, \u010d.j. bar\/2378\/2014 ze dne 15.4.2014) podle ustanoven\u00ed \u00a7 21 odst. 1 p\u00edsm. a)<br \/>\na d) z\u00e1kona \u010d. 231\/2001 Sb., spo\u010d\u00edvaj\u00edc\u00ed ve zm\u011bn\u011b n\u00e1zvu programu na nov\u00fd n\u00e1zev Hitr\u00e1dio FM<br \/>\nPlus a ve zm\u011bn\u011b licen\u010dn\u00edch podm\u00ednek, nebo\u0165 tato zm\u011bna by nevedla k neud\u011blen\u00ed licence na<br \/>\nz\u00e1klad\u011b ve\u0159ejn\u00e9ho sly\u0161en\u00ed. Aktu\u00e1ln\u00ed a platn\u00e9 zn\u011bn\u00ed licen\u010dn\u00edch podm\u00ednek tvo\u0159\u00ed ned\u00edlnou p\u0159\u00edlohu<br \/>\ntohoto rozhodnut\u00ed.<br \/>\n&#8211; Rada v r\u00e1mci sv\u00e9 kompetence dan\u00e9 ustanoven\u00edm \u00a7 5 p\u00edsm. b) a \u00a7 12 a n\u00e1sl. z\u00e1kona \u010d. 231\/2001<br \/>\nSb., o provozov\u00e1n\u00ed rozhlasov\u00e9ho a televizn\u00edho vys\u00edl\u00e1n\u00ed, a podle ustanoven\u00ed \u00a7 66 odst. 1 p\u00edsm. a)<br \/>\nz\u00e1kona \u010d. 500\/2004 Sb., spr\u00e1vn\u00edho \u0159\u00e1du, vyd\u00e1v\u00e1 toto usnesen\u00ed: Rada zastavuje \u0159\u00edzen\u00ed o \u017e\u00e1dosti<br \/>\nprovozovatele ULTRAVOX s.r.o., I\u010c: 49702785, se s\u00eddlem Ra\u0161\u00ednovo n\u00e1b\u0159e\u017e\u00ed 409\/34, 12800 Praha,<br \/>\no ud\u011blen\u00ed licence k provozov\u00e1n\u00ed rozhlasov\u00e9ho vys\u00edl\u00e1n\u00ed \u0161\u00ed\u0159en\u00e9ho prost\u0159ednictv\u00edm vys\u00edla\u010d\u016f se<br \/>\nsoubory technick\u00fdch parametr\u016f \u00dast\u00ed nad Labem P\u0159edlice 101,2 MHz \/ 100 W, sou\u0159adnice WGS 84:<br \/>\n13 57 13 \/ 50 40 50 a \u010cernice 87,8 MHz \/ 50 W, sou\u0159adnice WGS 84: 13 24 58 \/ 49 41 01, nebo\u0165<br \/>\n\u017eadatel vzal svou \u017e\u00e1dost zp\u011bt.<br \/>\n&#8211; Rada vyhla\u0161uje licen\u010dn\u00ed \u0159\u00edzen\u00ed k provozov\u00e1n\u00ed rozhlasov\u00e9ho vys\u00edl\u00e1n\u00ed prost\u0159ednictv\u00edm vys\u00edla\u010d\u016f se<br \/>\nsoubory technick\u00fdch parametr\u016f Hranice 1 107,0 MHz \/ 100 W, sou\u0159adnice WGS 84: 17 45 00 \/ 49<br \/>\n32 53; \u0160umperk II 102,9 MHz \/ 100 W, sou\u0159adnice WGS 84: 16 58 46 \/ 49 57 31;<\/p>\n<p>Z\u00e1b\u0159eh 105,8 MHz \/ 100 W, sou\u0159adnice WGS 84: 16 51 49 \/ 49 51 43 se lh\u016ftou pro doru\u010den\u00ed \u017e\u00e1dost\u00ed do<br \/>\n21. prosince 2023.<br \/>\n&#8211; Rada podle ustanoven\u00ed \u00a7 5 odst. 1 p\u00edsm. b) z\u00e1kona \u010d. 231\/2001 Sb., o provozov\u00e1n\u00ed rozhlasov\u00e9ho<br \/>\na televizn\u00edho vys\u00edl\u00e1n\u00ed a o zm\u011bn\u011b dal\u0161\u00edch z\u00e1kon\u016f, ve zn\u011bn\u00ed pozd\u011bj\u0161\u00edch p\u0159edpis\u016f (d\u00e1le jen \u201ez\u00e1kon<br \/>\n\u010d. 231\/2001 Sb.\u201c), vyd\u00e1v\u00e1 toto rozhodnut\u00ed: Rada ud\u011bluje na z\u00e1klad\u011b ustanoven\u00ed \u010dl. II z\u00e1kona<br \/>\n\u010d. 196\/2009 Sb., kter\u00fdm se m\u011bn\u00ed z\u00e1kon \u010d. 231\/2001 Sb., provozovateli MEDIA BOHEMIA a.s., I\u010c:<br \/>\n26765586, se s\u00eddlem B\u011blehradsk\u00e1 299\/132, Vinohrady, 120 00 Praha 2, souhlas se slou\u010den\u00edm<br \/>\nlicence \u010d.j. 2014\/232\/zab ze dne 28. dubna 2015 k rozhlasov\u00e9mu vys\u00edl\u00e1n\u00ed programu Hitr\u00e1dio City<br \/>\n\u0161\u00ed\u0159en\u00e9ho prost\u0159ednictv\u00edm vys\u00edla\u010d\u016f (licence n\u00e1stupnick\u00e1), s licencemi \u010d.j. Ru\/116\/04 ze dne<br \/>\n7. \u010dervence 2004 k rozhlasov\u00e9mu vys\u00edl\u00e1n\u00ed programu Hitr\u00e1dio City \u0161\u00ed\u0159en\u00e9ho prost\u0159ednictv\u00edm<br \/>\nvys\u00edla\u010d\u016f (licence zanikaj\u00edc\u00ed), \u010d.j. 2014\/491\/zab ze dne 2. prosince. 2014 k rozhlasov\u00e9mu vys\u00edl\u00e1n\u00ed<br \/>\nprogramu Hitr\u00e1dio City \u0161\u00ed\u0159en\u00e9ho prost\u0159ednictv\u00edm vys\u00edla\u010d\u016f (licence zanikaj\u00edc\u00ed), \u010d.j. 2018\/161\/zab ze<br \/>\ndne 4.6.2019 k rozhlasov\u00e9mu vys\u00edl\u00e1n\u00ed programu Hitr\u00e1dio City \u0161\u00ed\u0159en\u00e9ho prost\u0159ednictv\u00edm vys\u00edla\u010d\u016f<br \/>\n(licence zanikaj\u00edc\u00ed).<br \/>\n&#8211; Rada podle ustanoven\u00ed \u00a7 5 odst. 1 p\u00edsm. b) z\u00e1kona \u010d. 231\/2001 Sb., o provozov\u00e1n\u00ed rozhlasov\u00e9ho<br \/>\na televizn\u00edho vys\u00edl\u00e1n\u00ed a o zm\u011bn\u011b dal\u0161\u00edch z\u00e1kon\u016f, ve zn\u011bn\u00ed pozd\u011bj\u0161\u00edch p\u0159edpis\u016f (d\u00e1le jen \u201ez\u00e1kon<br \/>\n\u010d. 231\/2001 Sb.\u201c), vyd\u00e1v\u00e1 toto rozhodnut\u00ed: Rada ud\u011bluje na z\u00e1klad\u011b ustanoven\u00ed \u010dl. II z\u00e1kona<br \/>\n\u010d. 196\/2009 Sb., kter\u00fdm se m\u011bn\u00ed z\u00e1kon \u010d. 231\/2001 Sb., provozovateli MEDIA BOHEMIA a.s., I\u010c:<br \/>\n26765586, se s\u00eddlem B\u011blehradsk\u00e1 299\/132, Vinohrady, 120 00 Praha 2, souhlas se slou\u010den\u00edm<br \/>\nlicence \u010d.j. 2019\/341\/zab ze dne 19.11.2019 k rozhlasov\u00e9mu vys\u00edl\u00e1n\u00ed programu Rock radio<br \/>\n\u0161\u00ed\u0159en\u00e9ho prost\u0159ednictv\u00edm vys\u00edla\u010d\u016f (licence n\u00e1stupnick\u00e1), a licencemi \u010d.j. Ru\/100\/01 ze dne 9. 5.<br \/>\n2001 k rozhlasov\u00e9mu vys\u00edl\u00e1n\u00ed programu Rock radio \u0161\u00ed\u0159en\u00e9ho prost\u0159ednictv\u00edm vys\u00edla\u010d\u016f, \u010d.j.<br \/>\n2011\/778\/zab ze dne 31.7.2012 k rozhlasov\u00e9mu vys\u00edl\u00e1n\u00ed programu Rock radio \u0161\u00ed\u0159en\u00e9ho<br \/>\nprost\u0159ednictv\u00edm vys\u00edla\u010d\u016f, \u010d.j. 2013\/676\/zab ze dne 22.7.2014 k rozhlasov\u00e9mu vys\u00edl\u00e1n\u00ed programu<br \/>\nRock radio \u0161\u00ed\u0159en\u00e9ho prost\u0159ednictv\u00edm vys\u00edla\u010d\u016f, \u010d.j. 2014\/75\/zab ze dne 16. prosince 2014 k<br \/>\nrozhlasov\u00e9mu vys\u00edl\u00e1n\u00ed programu Rock radio \u0161\u00ed\u0159en\u00e9ho prost\u0159ednictv\u00edm vys\u00edla\u010d\u016f, \u010d.j. 2015\/848\/zab<br \/>\nze dne 15. b\u0159ezna 2016 k rozhlasov\u00e9mu vys\u00edl\u00e1n\u00ed programu Rock radio \u0161\u00ed\u0159en\u00e9ho prost\u0159ednictv\u00edm<br \/>\nvys\u00edla\u010d\u016f, \u010d.j. 2015\/852\/zab ze dne 15.3.2016 k rozhlasov\u00e9mu vys\u00edl\u00e1n\u00ed programu Rock radio<br \/>\n\u0161\u00ed\u0159en\u00e9ho prost\u0159ednictv\u00edm vys\u00edla\u010d\u016f, \u010d.j. 2015\/848\/zab ze dne 15. b\u0159ezna 2016 k rozhlasov\u00e9mu<br \/>\nvys\u00edl\u00e1n\u00ed programu Rock radio \u0161\u00ed\u0159en\u00e9ho prost\u0159ednictv\u00edm vys\u00edla\u010d\u016f, \u010d.j. 2016\/39\/zab ze dne 21.6.2016<br \/>\nk rozhlasov\u00e9mu vys\u00edl\u00e1n\u00ed programu Rock radio \u0161\u00ed\u0159en\u00e9ho prost\u0159ednictv\u00edm vys\u00edla\u010d\u016f, \u010d.j. 2016\/726\/zab<br \/>\nze dne 18.7.2017 k rozhlasov\u00e9mu vys\u00edl\u00e1n\u00ed programu Rock radio \u0161\u00ed\u0159en\u00e9ho prost\u0159ednictv\u00edm vys\u00edla\u010d\u016f,<br \/>\n\u010d.j. 2017\/395\/zab ze dne 10.10.2017 k rozhlasov\u00e9mu vys\u00edl\u00e1n\u00ed programu Rock radio \u0161\u00ed\u0159en\u00e9ho<br \/>\nprost\u0159ednictv\u00edm vys\u00edla\u010d\u016f, \u010d.j. 2011\/1121\/zab ze dne 18.9.2012 k rozhlasov\u00e9mu vys\u00edl\u00e1n\u00ed programu<br \/>\nRock radio \u0161\u00ed\u0159en\u00e9ho prost\u0159ednictv\u00edm vys\u00edla\u010d\u016f, \u010d.j. 2012\/449\/zab ze dne 19.3.2013 k rozhlasov\u00e9mu<br \/>\nvys\u00edl\u00e1n\u00ed programu Rock radio \u0161\u00ed\u0159en\u00e9ho prost\u0159ednictv\u00edm vys\u00edla\u010d\u016f, \u010d.j. 2013\/671\/zab ze dne 4. \u00fanora<br \/>\n2014 2013 k rozhlasov\u00e9mu vys\u00edl\u00e1n\u00ed programu Rock radio \u0161\u00ed\u0159en\u00e9ho prost\u0159ednictv\u00edm vys\u00edla\u010d\u016f, \u010d.j.<br \/>\n2013\/673\/STR\/Gam ze dne 4. \u00fanora 2014 k rozhlasov\u00e9mu vys\u00edl\u00e1n\u00ed programu Rock radio \u0161\u00ed\u0159en\u00e9ho<br \/>\nprost\u0159ednictv\u00edm vys\u00edla\u010d\u016f, \u010d.j. 2013\/675\/zab ze dne 4. \u00fanora 2014 k rozhlasov\u00e9mu vys\u00edl\u00e1n\u00ed<br \/>\nprogramu Rock radio \u0161\u00ed\u0159en\u00e9ho prost\u0159ednictv\u00edm vys\u00edla\u010d\u016f, \u010d.j. 2013\/712\/zab ze dne 15.4.2014 k<br \/>\nrozhlasov\u00e9mu vys\u00edl\u00e1n\u00ed programu Rock radio \u0161\u00ed\u0159en\u00e9ho prost\u0159ednictv\u00edm vys\u00edla\u010d\u016f, \u010d.j. 2013\/690\/zab<br \/>\nze dne 15.4.2014 2014 k rozhlasov\u00e9mu vys\u00edl\u00e1n\u00ed programu Rock radio \u0161\u00ed\u0159en\u00e9ho prost\u0159ednictv\u00edm<br \/>\nvys\u00edla\u010d\u016f, \u010d.j. 2014\/373\/zab ze dne 4.11.2014 k rozhlasov\u00e9mu vys\u00edl\u00e1n\u00ed programu Rock radio<br \/>\n\u0161\u00ed\u0159en\u00e9ho prost\u0159ednictv\u00edm vys\u00edla\u010d\u016f, \u010d.j. 2017\/1095\/zab ze dne 4. z\u00e1\u0159\u00ed 2018 k rozhlasov\u00e9mu vys\u00edl\u00e1n\u00ed<br \/>\nprogramu Rock radio \u0161\u00ed\u0159en\u00e9ho prost\u0159ednictv\u00edm vys\u00edla\u010d\u016f, \u010d.j. 2013\/784\/zab ze dne 27.5.2014 k<br \/>\nrozhlasov\u00e9mu vys\u00edl\u00e1n\u00ed programu Rock radio \u0161\u00ed\u0159en\u00e9ho prost\u0159ednictv\u00edm vys\u00edla\u010d\u016f, \u010d.j. 2014\/4\/zab ze<br \/>\ndne 19.8.2014 k rozhlasov\u00e9mu vys\u00edl\u00e1n\u00ed programu Rock radio \u0161\u00ed\u0159en\u00e9ho prost\u0159ednictv\u00edm vys\u00edla\u010d\u016f a<br \/>\n\u010d.j. 2013\/1000\/zab ze dne 4. listopadu 2014 k rozhlasov\u00e9mu vys\u00edl\u00e1n\u00ed programu Rock radio<br \/>\n\u0161\u00ed\u0159en\u00e9ho prost\u0159ednictv\u00edm vys\u00edla\u010d\u016f (licence zanikaj\u00edc\u00ed).- Rada podle ustanoven\u00ed<\/p>\n<p>\u00a7 5 odst. 1 p\u00edsm. b) z\u00e1kona \u010d. 231\/2001 Sb., o provozov\u00e1n\u00ed rozhlasov\u00e9ho<br \/>\na televizn\u00edho vys\u00edl\u00e1n\u00ed a o zm\u011bn\u011b dal\u0161\u00edch z\u00e1kon\u016f, ve zn\u011bn\u00ed pozd\u011bj\u0161\u00edch p\u0159edpis\u016f (d\u00e1le jen \u201ez\u00e1kon<br \/>\n\u010d. 231\/2001 Sb.\u201c), vyd\u00e1v\u00e1 toto rozhodnut\u00ed: Rada ud\u011bluje na z\u00e1klad\u011b ustanoven\u00ed \u010dl. II z\u00e1kona<br \/>\n\u010d. 196\/2009 Sb., kter\u00fdm se m\u011bn\u00ed z\u00e1kon \u010d. 231\/2001 Sb., provozovateli MEDIA BOHEMIA a.s., I\u010c:<br \/>\n26765586, se s\u00eddlem B\u011blehradsk\u00e1 299\/132, Vinohrady, 120 00 Praha 2, souhlas se slou\u010den\u00edm<br \/>\nlicence sp.zn. RRTV\/2022\/1402\/zab ze dne 21. b\u0159ezna 2023 k rozhlasov\u00e9mu vys\u00edl\u00e1n\u00ed programu<br \/>\nFajn radio \u0161\u00ed\u0159en\u00e9ho prost\u0159ednictv\u00edm vys\u00edla\u010d\u016f (licence n\u00e1stupnick\u00e1), a licencemi \u010d.j. Ru\/99\/01 ze<br \/>\ndne 9. kv\u011btna 2001 k rozhlasov\u00e9mu vys\u00edl\u00e1n\u00ed programu Fajn radio \u0161\u00ed\u0159en\u00e9ho prost\u0159ednictv\u00edm<br \/>\nvys\u00edla\u010d\u016f, sp. zn. 2013\/682\/zab ze dne 1.dubna 2014 k rozhlasov\u00e9mu vys\u00edl\u00e1n\u00ed programu Fajn radio<br \/>\n\u0161\u00ed\u0159en\u00e9ho prost\u0159ednictv\u00edm vys\u00edla\u010d\u016f, sp. zn. 2013\/975\/zab ze dne 16. z\u00e1\u0159\u00ed 2014 k rozhlasov\u00e9mu<br \/>\nvys\u00edl\u00e1n\u00ed programu Fajn radio \u0161\u00ed\u0159en\u00e9ho prost\u0159ednictv\u00edm vys\u00edla\u010d\u016f, sp. zn. 2021\/151\/zab ze dne<br \/>\n20. \u010dervence 2021 k rozhlasov\u00e9mu vys\u00edl\u00e1n\u00ed programu Fajn radio \u0161\u00ed\u0159en\u00e9ho prost\u0159ednictv\u00edm<br \/>\nvys\u00edla\u010d\u016f, sp. zn. 2015\/118\/zab ze dne 21. \u010dervence 2015 k rozhlasov\u00e9mu vys\u00edl\u00e1n\u00ed programu Fajn<br \/>\nradio \u0161\u00ed\u0159en\u00e9ho prost\u0159ednictv\u00edm vys\u00edla\u010d\u016f, sp. zn. 2013\/719\/zab ze dne 29.dubna 2014 k<br \/>\nrozhlasov\u00e9mu vys\u00edl\u00e1n\u00ed programu Fajn radio \u0161\u00ed\u0159en\u00e9ho prost\u0159ednictv\u00edm vys\u00edla\u010d\u016f, sp. zn.<br \/>\n2014\/343\/zab ze dne 2. prosince 2014 k rozhlasov\u00e9mu vys\u00edl\u00e1n\u00ed programu Fajn radio \u0161\u00ed\u0159en\u00e9ho<br \/>\nprost\u0159ednictv\u00edm vys\u00edla\u010d\u016f a sp. zn. 2021\/730\/zab ze dne 26. dubna 2022 k rozhlasov\u00e9mu vys\u00edl\u00e1n\u00ed<br \/>\nprogramu Fajn radio \u0161\u00ed\u0159en\u00e9ho prost\u0159ednictv\u00edm vys\u00edla\u010d\u016f (licence zanikaj\u00edc\u00ed).<br \/>\n&#8211; Rada podle ustanoven\u00ed \u00a7 5 odst. 1 p\u00edsm. b) z\u00e1kona \u010d. 231\/2001 Sb., o provozov\u00e1n\u00ed rozhlasov\u00e9ho<br \/>\na televizn\u00edho vys\u00edl\u00e1n\u00ed a o zm\u011bn\u011b dal\u0161\u00edch z\u00e1kon\u016f, ve zn\u011bn\u00ed pozd\u011bj\u0161\u00edch p\u0159edpis\u016f (d\u00e1le jen \u201ez\u00e1kon<br \/>\n\u010d. 231\/2001 Sb.\u201c), vyd\u00e1v\u00e1 toto rozhodnut\u00ed: Rada ud\u011bluje na z\u00e1klad\u011b ustanoven\u00ed \u010dl. II z\u00e1kona<br \/>\n\u010d. 196\/2009 Sb., kter\u00fdm se m\u011bn\u00ed z\u00e1kon \u010d. 231\/2001 Sb., provozovateli MEDIA BOHEMIA a.s., I\u010c:<br \/>\n26765586, se s\u00eddlem B\u011blehradsk\u00e1 299\/132, Vinohrady, 120 00 Praha 2, souhlas se slou\u010den\u00edm<br \/>\nlicence \u010d.j. Ru\/93\/99 ze dne 14.12.1998 k rozhlasov\u00e9mu vys\u00edl\u00e1n\u00ed programu Hitr\u00e1dio Orion \u0161\u00ed\u0159en\u00e9ho<br \/>\nprost\u0159ednictv\u00edm vys\u00edla\u010d\u016f (licence n\u00e1stupnick\u00e1), a licence sp. zn. 2015\/355\/zab ze dne 19. 7. 2016<br \/>\nk rozhlasov\u00e9mu vys\u00edl\u00e1n\u00ed programu Hitr\u00e1dio Orion \u0161\u00ed\u0159en\u00e9ho prost\u0159ednictv\u00edm vys\u00edla\u010d\u016f (licence<br \/>\nzanikaj\u00edc\u00ed).<br \/>\n&#8211; Rada podle ustanoven\u00ed \u00a7 5 odst. 1 p\u00edsm. b) z\u00e1kona \u010d. 231\/2001 Sb., o provozov\u00e1n\u00ed rozhlasov\u00e9ho<br \/>\na televizn\u00edho vys\u00edl\u00e1n\u00ed a o zm\u011bn\u011b dal\u0161\u00edch z\u00e1kon\u016f, ve zn\u011bn\u00ed pozd\u011bj\u0161\u00edch p\u0159edpis\u016f (d\u00e1le jen \u201ez\u00e1kon<br \/>\n\u010d. 231\/2001 Sb.\u201c), vyd\u00e1v\u00e1 toto rozhodnut\u00ed: Rada ud\u011bluje na z\u00e1klad\u011b ustanoven\u00ed \u010dl. II z\u00e1kona<br \/>\n\u010d. 196\/2009 Sb., kter\u00fdm se m\u011bn\u00ed z\u00e1kon \u010d. 231\/2001 Sb., provozovateli MEDIA BOHEMIA a.s., I\u010c:<br \/>\n26765586, se s\u00eddlem B\u011blehradsk\u00e1 299\/132, Vinohrady, 120 00 Praha 2, souhlas se slou\u010den\u00edm<br \/>\nlicence \u010d.j. Ru\/32\/99 ze dne 14.12.1998 k rozhlasov\u00e9mu vys\u00edl\u00e1n\u00ed programu R\u00e1dio BLAN\u00cdK \u0161\u00ed\u0159en\u00e9ho<br \/>\nprost\u0159ednictv\u00edm vys\u00edla\u010d\u016f (licence n\u00e1stupnick\u00e1), a licence sp. zn. 2011\/771\/zab ze dne 2.10.2012 k<br \/>\nrozhlasov\u00e9mu vys\u00edl\u00e1n\u00ed programu R\u00e1dio BLAN\u00cdK \u0161\u00ed\u0159en\u00e9ho prost\u0159ednictv\u00edm vys\u00edla\u010d\u016f, sp. zn.<br \/>\n2013\/720\/zab\/MED ze dne 29.4.2014 k rozhlasov\u00e9mu vys\u00edl\u00e1n\u00ed programu R\u00e1dio BLAN\u00cdK \u0161\u00ed\u0159en\u00e9ho<br \/>\nprost\u0159ednictv\u00edm vys\u00edla\u010d\u016f, sp. zn. 2013\/990\/zab ze dne 21.10.2014 k rozhlasov\u00e9mu vys\u00edl\u00e1n\u00ed<br \/>\nprogramu R\u00e1dio BLAN\u00cdK \u0161\u00ed\u0159en\u00e9ho prost\u0159ednictv\u00edm vys\u00edla\u010d\u016f, sp. zn. 2013\/991\/zab ze dne<br \/>\n21.10.2014 k rozhlasov\u00e9mu vys\u00edl\u00e1n\u00ed programu R\u00e1dio BLAN\u00cdK \u0161\u00ed\u0159en\u00e9ho prost\u0159ednictv\u00edm vys\u00edla\u010d\u016f<br \/>\n(licence zanikaj\u00edc\u00ed).<br \/>\n&#8211; Rada podle ustanoven\u00ed \u00a7 5 odst. 1 p\u00edsm. b) z\u00e1kona \u010d. 231\/2001 Sb., o provozov\u00e1n\u00ed rozhlasov\u00e9ho<br \/>\na televizn\u00edho vys\u00edl\u00e1n\u00ed a o zm\u011bn\u011b dal\u0161\u00edch z\u00e1kon\u016f, ve zn\u011bn\u00ed pozd\u011bj\u0161\u00edch p\u0159edpis\u016f (d\u00e1le jen \u201ez\u00e1kon<br \/>\n\u010d. 231\/2001 Sb.\u201c), vyd\u00e1v\u00e1 toto rozhodnut\u00ed: Rada ud\u011bluje na z\u00e1klad\u011b ustanoven\u00ed \u010dl. II z\u00e1kona<br \/>\n\u010d. 196\/2009 Sb., kter\u00fdm se m\u011bn\u00ed z\u00e1kon \u010d. 231\/2001 Sb., provozovateli MEDIA BOHEMIA a.s., I\u010c:<br \/>\n26765586, se s\u00eddlem B\u011blehradsk\u00e1 299\/132, Vinohrady, 120 00 Praha 2, souhlas se slou\u010den\u00edm<br \/>\nlicence sp. zn. 2014\/46\/zab ze dne 4.11.2014 k rozhlasov\u00e9mu vys\u00edl\u00e1n\u00ed programu R\u00e1dio BLAN\u00cdK<br \/>\n\u0161\u00ed\u0159en\u00e9ho prost\u0159ednictv\u00edm vys\u00edla\u010d\u016f (licence n\u00e1stupnick\u00e1), a licence \u010d.j. Ru\/139\/01 ze dne 12.6.2001<br \/>\nk rozhlasov\u00e9mu vys\u00edl\u00e1n\u00ed programu R\u00e1dio BLAN\u00cdK \u0161\u00ed\u0159en\u00e9ho prost\u0159ednictv\u00edm vys\u00edla\u010d\u016f, sp. zn.<br \/>\n2011\/773\/zab ze dne 17.7.2012 k rozhlasov\u00e9mu vys\u00edl\u00e1n\u00ed programu R\u00e1dio BLAN\u00cdK \u0161\u00ed\u0159en\u00e9ho<br \/>\nprost\u0159ednictv\u00edm vys\u00edla\u010d\u016f, sp. zn. 2013\/992\/zab ze dne 30.9.2014 k rozhlasov\u00e9mu vys\u00edl\u00e1n\u00ed<\/p>\n<p>programu R\u00e1dio BLAN\u00cdK \u0161\u00ed\u0159en\u00e9ho prost\u0159ednictv\u00edm vys\u00edla\u010d\u016f, sp. zn. 2016\/915\/zab ze dne<br \/>\n25.4.2017 k rozhlasov\u00e9mu vys\u00edl\u00e1n\u00ed programu R\u00e1dio BLAN\u00cdK \u0161\u00ed\u0159en\u00e9ho prost\u0159ednictv\u00edm vys\u00edla\u010d\u016f, sp.<br \/>\nzn. 2016\/917\/zab ze dne 25.4.2017 k rozhlasov\u00e9mu vys\u00edl\u00e1n\u00ed programu R\u00e1dio BLAN\u00cdK \u0161\u00ed\u0159en\u00e9ho<br \/>\nprost\u0159ednictv\u00edm vys\u00edla\u010d\u016f, sp. zn. 2016\/1027\/zab ze dne 6.6.2017 k rozhlasov\u00e9mu vys\u00edl\u00e1n\u00ed<br \/>\nprogramu R\u00e1dio BLAN\u00cdK \u0161\u00ed\u0159en\u00e9ho prost\u0159ednictv\u00edm vys\u00edla\u010d\u016f (licence zanikaj\u00edc\u00ed).<br \/>\n&#8211; Rada se sezn\u00e1mila s anal\u00fdzami obchodn\u00edch sd\u011blen\u00ed odvys\u00edlan\u00fdch provozovateli EVROPA 2,<br \/>\nspol. s r. o. (program EVROPA 2; Praha 88,2 MHz) dne 2. listopadu 2023, 4S PRODUCTION a.s.<br \/>\n(program Expres FM; Praha 90,3 MHz) dne 2. listopadu 2023, MEDIA BOHEMIA a.s. (program<br \/>\nFajn radio; Praha 97,2 MHz) dne 2. listopadu 2023, Frekvence 1 a.s. (program Frekvence 1; Praha<br \/>\n102,5 MHz) dne 2. listopadu 2023.<br \/>\n&#8211; Rada se sezn\u00e1mila s informac\u00ed \u010cesk\u00e9ho telekomunika\u010dn\u00edho \u00fa\u0159adu o vyd\u00e1n\u00ed kr\u00e1tkodob\u00e9ho<br \/>\nopr\u00e1vn\u011bn\u00ed k vyu\u017e\u00edv\u00e1n\u00ed r\u00e1diov\u00fdch kmito\u010dt\u016f rozhlasov\u00e9 slu\u017eby na provoz VKV vys\u00edla\u010de.<br \/>\n&#8211; Rada se sezn\u00e1mila usnesen\u00edm M\u011bstsk\u00e9ho soudu v Praze \u010d.j. 5 A 90\/2021-41 ze dne 31.10.2023,<br \/>\nkter\u00fdm bylo zastaveno \u0159\u00edzen\u00ed o \u017ealob\u011b spole\u010dnosti Prime Studio s.r.o. proti rozhodnut\u00ed Rady sp. zn.<br \/>\nRRTV\/2021\/420\/str, \u010d.j. RRTV\/7645\/2021-str ze dne 8.6.2021, kter\u00fdm Rada odm\u00edtla \u017e\u00e1dost<br \/>\nspole\u010dnosti Prime Studio s.r.o. o ud\u011blen\u00ed licence k provozov\u00e1n\u00ed zemsk\u00e9ho digit\u00e1ln\u00edho rozhlasov\u00e9ho<br \/>\nvys\u00edl\u00e1n\u00ed programu Radio Context \u0161\u00ed\u0159en\u00e9ho prost\u0159ednictv\u00edm vys\u00edla\u010d\u016f.<br \/>\n&#8211; Rada v r\u00e1mci sv\u00e9 p\u016fsobnosti dan\u00e9 ustanoven\u00edm \u00a7 5 odst. 1 p\u00edsm. a) z\u00e1kona \u010d. 231\/2001 Sb., o<br \/>\nprovozov\u00e1n\u00ed rozhlasov\u00e9ho a televizn\u00edho vys\u00edl\u00e1n\u00ed a o zm\u011bn\u011b dal\u0161\u00edch z\u00e1kon\u016f (d\u00e1le jen \u201ez\u00e1kon<br \/>\n\u010d. 231\/2001 Sb.\u201c), a na z\u00e1klad\u011b ustanoven\u00ed \u00a7 137 odst. 1 z\u00e1kona \u010d. 500\/2004 Sb., spr\u00e1vn\u00ed \u0159\u00e1d,<br \/>\n\u017e\u00e1d\u00e1 provozovatele \u010cesk\u00fd rozhlas, I\u010c 45245053, se s\u00eddlem Vinohradsk\u00e1 12, PS\u010c 120 00 Praha<br \/>\n2, o vysv\u011btlen\u00ed t\u00fdkaj\u00edc\u00ed se rozhovoru, kter\u00fd byl na programech \u010cRo Radio\u017eurn\u00e1l a \u010cRo Plus<br \/>\nodvys\u00edl\u00e1n dne 11. \u0159\u00edjna 2023 v p\u0159\u00edsp\u011bvku od 18:10:18 do 18:15:32 hodin, a to, jak zajistil, aby v<br \/>\nn\u011bm byly dodr\u017eeny z\u00e1sady objektivity a vyv\u00e1\u017eenosti. Rada stanovuje lh\u016ftu k pod\u00e1n\u00ed vysv\u011btlen\u00ed 30<br \/>\ndn\u00ed ode dne doru\u010den\u00ed t\u00e9to v\u00fdzvy.<br \/>\n&#8211; Rada v r\u00e1mci sv\u00e9 p\u016fsobnosti dan\u00e9 ustanoven\u00edm \u00a7 5 odst. 1 p\u00edsm. a) z\u00e1kona \u010d. 231\/2001 Sb., o<br \/>\nprovozov\u00e1n\u00ed rozhlasov\u00e9ho a televizn\u00edho vys\u00edl\u00e1n\u00ed a o zm\u011bn\u011b dal\u0161\u00edch z\u00e1kon\u016f (d\u00e1le jen \u201ez\u00e1kon<br \/>\n\u010d. 231\/2001 Sb.\u201c), a na z\u00e1klad\u011b ustanoven\u00ed \u00a7 137 odst. 1 z\u00e1kona \u010d. 500\/2004 Sb., spr\u00e1vn\u00ed \u0159\u00e1d,<br \/>\n\u017e\u00e1d\u00e1 provozovatele \u010cesk\u00fd rozhlas, I\u010c 45245053, se s\u00eddlem Vinohradsk\u00e1 12, PS\u010c 120 00 Praha<br \/>\n2, o vysv\u011btlen\u00ed t\u00fdkaj\u00edc\u00ed se epizody po\u0159adu Vinohradsk\u00e1 12, kter\u00e1 byla na programech \u010cRo Plus<br \/>\nodvys\u00edl\u00e1na dne 25.dubna 2023 v \u010dase od 19:06:31 do 19:29:44 hodin, a to, jak\u00fdm zp\u016fsobem<br \/>\nzajistil, aby v dan\u00e9 epizod\u011b byly dodr\u017eeny z\u00e1sady objektivity a vyv\u00e1\u017eenosti, konkr\u00e9tn\u011b, aby byl<br \/>\nob\u011bma stran\u00e1m poskytnut srovnateln\u00fd prostor.<br \/>\nTELEVIZN\u00cd VYS\u00cdL\u00c1N\u00cd<br \/>\n&#8211; Rada ud\u011bluje spole\u010dnosti HBO Europe s.r.o., I\u010c 61466786, se s\u00eddlem Praha 7, Jankovcova<br \/>\n1037\/49, PS\u010c 17000, dle \u00a7 25 z\u00e1kona \u010d. 231\/2001 Sb., licenci k provozov\u00e1n\u00ed televizn\u00edho vys\u00edl\u00e1n\u00ed<br \/>\n\u0161\u00ed\u0159en\u00e9ho prost\u0159ednictv\u00edm zvl\u00e1\u0161tn\u00edch p\u0159enosov\u00fdch syst\u00e9m\u016f na 12 let; ozna\u010den\u00ed (n\u00e1zev) programu:<br \/>\nHBO Czechia and Slovakia; z\u00e1kladn\u00ed programov\u00e1 specifikace: Televizn\u00ed program zam\u011b\u0159en\u00fd na<br \/>\nfilmovou a seri\u00e1lovou tvorbu americk\u00fdch studi\u00ed; v\u00fd\u010det st\u00e1t\u016f, na jejich\u017e \u00fazem\u00ed bude vys\u00edl\u00e1n\u00ed zcela<br \/>\nnebo p\u0159ev\u00e1\u017en\u011b sm\u011b\u0159ov\u00e1no: \u010cesk\u00e1 republika, Slovensk\u00e1 republika; hlavn\u00ed jazyk vys\u00edl\u00e1n\u00ed: \u010desk\u00fd<br \/>\njazyk; \u010dasov\u00fd rozsah vys\u00edl\u00e1n\u00ed: 24 hodin denn\u011b; v rozsahu \u017e\u00e1dosti doru\u010den\u00e9 Rad\u011b dne 20. \u0159\u00edjna<br \/>\n2023 pod \u010d.j. RRTV\/12416\/2023-vra.<br \/>\n&#8211; Rada ud\u011bluje spole\u010dnosti HBO Europe s.r.o., I\u010c 61466786, se s\u00eddlem Praha 7, Jankovcova<br \/>\n1037\/49, PS\u010c 17000, dle \u00a7 25 z\u00e1kona \u010d. 231\/2001 Sb., licenci k provozov\u00e1n\u00ed televizn\u00edho vys\u00edl\u00e1n\u00ed<br \/>\n\u0161\u00ed\u0159en\u00e9ho prost\u0159ednictv\u00edm zvl\u00e1\u0161tn\u00edch p\u0159enosov\u00fdch syst\u00e9m\u016f na 12 let; ozna\u010den\u00ed (n\u00e1zev) programu:<br \/>\nHBO Adria; z\u00e1kladn\u00ed programov\u00e1 specifikace: Televizn\u00ed program zam\u011b\u0159en\u00fd na filmovou a<br \/>\nseri\u00e1lovou tvorbu americk\u00fdch studi\u00ed; v\u00fd\u010det st\u00e1t\u016f, na jejich\u017e \u00fazem\u00ed bude vys\u00edl\u00e1n\u00ed zcela nebo<br \/>\np\u0159ev\u00e1\u017en\u011b sm\u011b\u0159ov\u00e1no: Bulharsko, Chorvatsko, Slovinsko, Srbsko, Bosna a Hercegovina, Kosovo,<\/p>\n<p>\u010cern\u00e1 Hora, Severn\u00ed Makedonie; hlavn\u00ed jazyk vys\u00edl\u00e1n\u00ed: anglick\u00fd; \u010dasov\u00fd rozsah vys\u00edl\u00e1n\u00ed: 24 hodin<br \/>\ndenn\u011b; v rozsahu \u017e\u00e1dosti doru\u010den\u00e9 Rad\u011b dne 20. \u0159\u00edjna 2023 pod \u010d.j. RRTV\/12417\/2023-vra.<br \/>\n&#8211; Rada ud\u011bluje spole\u010dnosti HBO Europe s.r.o., I\u010c 61466786, se s\u00eddlem Praha 7, Jankovcova<br \/>\n1037\/49, PS\u010c 17000, dle \u00a7 25 z\u00e1kona \u010d. 231\/2001 Sb., licenci k provozov\u00e1n\u00ed televizn\u00edho vys\u00edl\u00e1n\u00ed<br \/>\n\u0161\u00ed\u0159en\u00e9ho prost\u0159ednictv\u00edm zvl\u00e1\u0161tn\u00edch p\u0159enosov\u00fdch syst\u00e9m\u016f na 12 let; ozna\u010den\u00ed (n\u00e1zev) programu:<br \/>\nHBO Poland; z\u00e1kladn\u00ed programov\u00e1 specifikace: Televizn\u00ed program zam\u011b\u0159en\u00fd na filmovou a<br \/>\nseri\u00e1lovou tvorbu americk\u00fdch studi\u00ed; v\u00fd\u010det st\u00e1t\u016f, na jejich\u017e \u00fazem\u00ed bude vys\u00edl\u00e1n\u00ed zcela nebo<br \/>\np\u0159ev\u00e1\u017en\u011b sm\u011b\u0159ov\u00e1no: Polsko; hlavn\u00ed jazyk vys\u00edl\u00e1n\u00ed: polsk\u00fd jazyk; \u010dasov\u00fd rozsah vys\u00edl\u00e1n\u00ed: 24 hodin<br \/>\ndenn\u011b; v rozsahu \u017e\u00e1dosti doru\u010den\u00e9 Rad\u011b dne 20. \u0159\u00edjna 2023 pod \u010d.j. RRTV\/12419\/2023-vra.<br \/>\n&#8211; Rada ud\u011bluje spole\u010dnosti HBO Europe s.r.o., I\u010c 61466786, se s\u00eddlem Praha 7, Jankovcova<br \/>\n1037\/49, PS\u010c 17000, dle \u00a7 25 z\u00e1kona \u010d. 231\/2001 Sb., licenci k provozov\u00e1n\u00ed televizn\u00edho vys\u00edl\u00e1n\u00ed<br \/>\n\u0161\u00ed\u0159en\u00e9ho prost\u0159ednictv\u00edm zvl\u00e1\u0161tn\u00edch p\u0159enosov\u00fdch syst\u00e9m\u016f na 12 let; ozna\u010den\u00ed (n\u00e1zev) programu:<br \/>\nHBO Hungary; z\u00e1kladn\u00ed programov\u00e1 specifikace: Televizn\u00ed program zam\u011b\u0159en\u00fd na filmovou a<br \/>\nseri\u00e1lovou tvorbu americk\u00fdch studi\u00ed; v\u00fd\u010det st\u00e1t\u016f, na jejich\u017e \u00fazem\u00ed bude vys\u00edl\u00e1n\u00ed zcela nebo<br \/>\np\u0159ev\u00e1\u017en\u011b sm\u011b\u0159ov\u00e1no: Ma\u010farsko; hlavn\u00ed jazyk vys\u00edl\u00e1n\u00ed: ma\u010farsk\u00fd jazyk; \u010dasov\u00fd rozsah vys\u00edl\u00e1n\u00ed: 24<br \/>\nhodin denn\u011b; v rozsahu \u017e\u00e1dosti doru\u010den\u00e9 Rad\u011b dne 20. \u0159\u00edjna 2023 pod \u010d.j. RRTV\/12421\/2023-vra.<br \/>\n&#8211; Rada ud\u011bluje spole\u010dnosti HBO Europe s.r.o., I\u010c 61466786, se s\u00eddlem Praha 7, Jankovcova<br \/>\n1037\/49, PS\u010c 17000, dle \u00a7 25 z\u00e1kona \u010d. 231\/2001 Sb., licenci k provozov\u00e1n\u00ed televizn\u00edho vys\u00edl\u00e1n\u00ed<br \/>\n\u0161\u00ed\u0159en\u00e9ho prost\u0159ednictv\u00edm zvl\u00e1\u0161tn\u00edch p\u0159enosov\u00fdch syst\u00e9m\u016f na 12 let; ozna\u010den\u00ed (n\u00e1zev) programu:<br \/>\nHBO Romania; z\u00e1kladn\u00ed programov\u00e1 specifikace: Televizn\u00ed program zam\u011b\u0159en\u00fd na filmovou a<br \/>\nseri\u00e1lovou tvorbu americk\u00fdch studi\u00ed; v\u00fd\u010det st\u00e1t\u016f, na jejich\u017e \u00fazem\u00ed bude vys\u00edl\u00e1n\u00ed zcela nebo<br \/>\np\u0159ev\u00e1\u017en\u011b sm\u011b\u0159ov\u00e1no: Rumunsko, Moldavsko; hlavn\u00ed jazyk vys\u00edl\u00e1n\u00ed: rumunsk\u00fd jazyk; \u010dasov\u00fd rozsah<br \/>\nvys\u00edl\u00e1n\u00ed: 24 hodin denn\u011b; v rozsahu \u017e\u00e1dosti doru\u010den\u00e9 Rad\u011b dne 20. \u0159\u00edjna 2023 pod \u010d.j.<br \/>\nRRTV\/12420\/2023-vra.<br \/>\n&#8211; Rada prodlu\u017euje provozovateli TV MORAVA, s.r.o., I\u010c: 25826841 se s\u00eddlem: 8. kv\u011btna 497\/37,<br \/>\n779 00 Olomouc, podle \u00a7 12 odst. 8 z\u00e1kona \u010d. 231\/2001 Sb., dobu platnosti licence sp. zn.<br \/>\n2014\/499\/FIA\/TV, \u010d.j. FIA\/2223\/2014 ze dne 17. \u010dervna 2014, k provozov\u00e1n\u00ed region\u00e1ln\u00edho<br \/>\nzemsk\u00e9ho digit\u00e1ln\u00edho televizn\u00edho vys\u00edl\u00e1n\u00ed programu TV MORAVA, \u0161\u00ed\u0159en\u00e9ho prost\u0159ednictv\u00edm<br \/>\nvys\u00edla\u010d\u016f, o dobu 12 let, na z\u00e1klad\u011b \u017e\u00e1dosti doru\u010den\u00e9 dne 7. listopadu 2023 pod \u010d.j.<br \/>\nRRTV\/13101\/2023-vra.<br \/>\n&#8211; Rada se sezn\u00e1mila s ozn\u00e1men\u00edm provozovatele Meridi s.r.o., I\u010c 281 47 324, doru\u010den\u00fdm Rad\u011b<br \/>\ndne 3. listopadu 2023 pod \u010d.j. RRTV\/13009\/2023-vra, spo\u010d\u00edvaj\u00edc\u00edm v ozn\u00e1men\u00ed roz\u0161\u00ed\u0159en\u00ed vys\u00edl\u00e1n\u00ed<br \/>\nprogramu Kur\u00fdr TV o novou lokalitu dle parametr\u016f IO 302273\/PT k 1. listopadu 2023.\u201c<br \/>\n&#8211; Rada se sezn\u00e1mila s ozn\u00e1men\u00edm provozovatele AQUA content s.r.o., I\u010c 171 29 303, doru\u010den\u00fdm<br \/>\nRad\u011b dne 13. listopadu 2023 pod \u010d.j. RRTV\/13239\/2023-vra, spo\u010d\u00edvaj\u00edc\u00edm v ozn\u00e1men\u00ed zah\u00e1jen\u00ed<br \/>\nvys\u00edl\u00e1n\u00ed programu iVod\u00e1renstv\u00ed TV.<br \/>\n&#8211; Rada se sezn\u00e1mila s n\u00e1sleduj\u00edc\u00edmi pod\u00e1n\u00edmi k obsahu televizn\u00edch program\u016f doru\u010den\u00fdmi od<br \/>\n28. \u0159\u00edjna do 7. listopadu 2023: \u010cesk\u00e1 televize \/ \u010cT1 &#8211; 168 hodin &#8211; Fico 2.0 a Ma\u0161\u00ednovsk\u00fd bumerang,<br \/>\n1. 10. 2023 od 21:15 hod; Barrandov Televizn\u00ed Studio a.s. \/ Televize Barrandov &#8211; PP v po\u0159adu<br \/>\nNebezpe\u010dn\u00e9 vztahy s Honzou Musilem, 30. 10. 2023 od 17:35 hod; FTV Prima, spol. s r.o. \/ Prima<br \/>\n&#8211; PP v po\u0159adu \u010cesko Slovensko m\u00e1 talent 4. 11. 2023 od 10:34 hod; FTV Prima, spol. s r.o. \/ Prima<br \/>\n&#8211; Jan \u017di\u017eka, 3. 11. 2023 od 20:20 hod; AMC Networks Central Europe s.r.o. \/ AMC CHANNEL<br \/>\nHUNGARY &#8211; 40 let panic, 20. 9. 2023 od 15:17 hod; Televizn\u00ed reklama na Albert; Televizn\u00ed reklama<br \/>\nna Allegro; Televizn\u00ed reklama na Foodora; \u010cesk\u00e1 televize \/ \u010cT24 &#8211; Slovensko rozhodlo, 1. 10. 2023<br \/>\nod 10:00 hod; Barrandov Televizn\u00ed Studio a.s. \/ Televize Barrandov &#8211; S ex ve m\u011bst\u011b, 3. 11. 2023<br \/>\nod 22:33 hod; ViacomCBS Networks International Czech s.r.o. \/ Paramount Network &#8211; upout\u00e1vka;<br \/>\nTV Nova s.r.o. \/ TN Live &#8211; p\u0159\u00edm\u00fd p\u0159enos ze soudn\u00ed s\u00edn\u011b; St\u00ed\u017enost \u010cSSZ na zam\u011bstnance \u010cesk\u00e9<br \/>\ntelevize.- Rada v r\u00e1mci sv\u00e9 p\u016fsobnosti dan\u00e9 ustanoven\u00edm \u00a7 5 odst. 1 p\u00edsm. a) a f) a \u00a7 59 odst. 1-3 z\u00e1kona<br \/>\n\u010d. 231\/2001 Sb., o provozov\u00e1n\u00ed rozhlasov\u00e9ho a televizn\u00edho vys\u00edl\u00e1n\u00ed a o zm\u011bn\u011b dal\u0161\u00edch z\u00e1kon\u016f (d\u00e1le<br \/>\njen \u201ez\u00e1kon \u010d. 231\/2001 Sb.\u201c), v platn\u00e9m zn\u011bn\u00ed, upozor\u0148uje provozovatele \u010cesk\u00e1 televize, I\u010c<br \/>\n00027383, s\u00eddlem Na h\u0159ebenech II 1132\/4, Praha 4, PS\u010c 14700, na poru\u0161en\u00ed ustanoven\u00ed \u00a7 31<br \/>\nodst. 2 z\u00e1kona \u010d. 231\/2001 Sb., kter\u00e9ho se dopustil t\u00edm, \u017ee dne 1. \u0159\u00edjna 2023 od 21:15 hodin<br \/>\nodvys\u00edlal na programu \u010cT1 po\u0159ad 168 hodin, kter\u00fd v moder\u00e1torsk\u00e9m uveden\u00ed report\u00e1\u017ee Fico 2.0<br \/>\nobsahoval sd\u011blen\u00ed z redak\u010dn\u00ed pozice \u201eDo hry se tak dle v\u0161eho vr\u00e1t\u00ed politik, s n\u00edm\u017e se v minulosti<br \/>\ndostala k moci mafie a na Slovensku tekla krev.\u201c, kter\u00e9 obsahovalo formulaci \u201es n\u00edm\u017e\u201c vyjad\u0159uj\u00edc\u00ed<br \/>\nnejasn\u00fdm zp\u016fsobem vztah mezi politikem a zm\u00edn\u011bn\u00fdmi negativn\u00edmi jevy na Slovensku, kter\u00fd nebyl<br \/>\nrozeb\u00edr\u00e1n v n\u00e1sleduj\u00edc\u00ed report\u00e1\u017ei. Provozovatel t\u00edm div\u00e1k\u016fm neposkytl objektivn\u00ed a vyv\u00e1\u017een\u00e9<br \/>\ninformace nezbytn\u00e9 pro svobodn\u00e9 vytv\u00e1\u0159en\u00ed n\u00e1zor\u016f. Rada stanovuje lh\u016ftu k n\u00e1prav\u011b 7 dn\u016f od<br \/>\ndoru\u010den\u00ed upozorn\u011bn\u00ed.<br \/>\n&#8211; Rada v r\u00e1mci sv\u00e9 p\u016fsobnosti dan\u00e9 ustanoven\u00edm \u00a7 5 odst. 1 p\u00edsm. a) a f) a \u00a7 59 odst. 1-3 z\u00e1kona<br \/>\n\u010d. 231\/2001 Sb., o provozov\u00e1n\u00ed rozhlasov\u00e9ho a televizn\u00edho vys\u00edl\u00e1n\u00ed a o zm\u011bn\u011b dal\u0161\u00edch z\u00e1kon\u016f (d\u00e1le<br \/>\njen z\u00e1kon \u010d. 231\/2001 Sb.), v platn\u00e9m zn\u011bn\u00ed, upozor\u0148uje provozovatele FTV Prima, spol. s r.o., I\u010c:<br \/>\n481 15 908, Vinohradsk\u00e1 3217\/167, Stra\u0161nice, 100 00, Praha 10, na poru\u0161en\u00ed ustanoven\u00ed \u00a7 32<br \/>\nodst. 1 p\u00edsm. g) z\u00e1kona \u010d. 231\/2001 Sb., kter\u00e9ho se dopustil t\u00edm, \u017ee dne 15. 10. 2023 od 20:00<br \/>\nhodin na programu Prima Max odvys\u00edlal po\u0159ad Mortal Instruments: M\u011bsto z kost\u00ed a poru\u0161il povinnost<br \/>\nneza\u0159azovat v dob\u011b od 6:00 hodin do 22:00 hodin po\u0159ady a upout\u00e1vky, kter\u00e9 by mohly naru\u0161it<br \/>\nfyzick\u00fd, psychick\u00fd nebo mravn\u00ed nezletil\u00fdch osob, konkr\u00e9tn\u011b t\u00edm, \u017ee uveden\u00fd po\u0159ad, kter\u00fd byl vys\u00edl\u00e1n<br \/>\nv \u00faseku od 6:00 hodin do 22:00 hodin, obsahoval brut\u00e1ln\u00ed sc\u00e9ny. Ve filmu je agrese protk\u00e1na cel\u00fdm<br \/>\nd\u011bjem a div\u00e1k je konfrontov\u00e1n a\u017e zahlcen destrukc\u00ed, kterou reprezentuj\u00ed d\u011bsiv\u00ed d\u00e9moni. Sc\u00e9ny<br \/>\nzahrnuj\u00ed nep\u0159\u00edm\u00e9 n\u00e1sil\u00ed, kter\u00e9 je leitmotivem cel\u00e9ho p\u0159\u00edb\u011bhu, a mohou b\u00fdt spou\u0161t\u011b\u010dem vzniku<br \/>\nz\u00e1vislosti na nep\u0159\u00edm\u00e9m n\u00e1sil\u00ed a n\u00e1sledn\u011b zv\u00fd\u0161en\u00ed agresivn\u00edho chov\u00e1n\u00ed nebo p\u0159\u00ed\u010dinou traumatu.<br \/>\nRada stanovuje lh\u016ftu k n\u00e1prav\u011b 7 dn\u00ed ode dne doru\u010den\u00ed upozorn\u011bn\u00ed.<br \/>\n&#8211; Rada v r\u00e1mci sv\u00e9 p\u016fsobnosti dan\u00e9 ustanoven\u00edm \u00a7 5 odst. 1 p\u00edsm. a) a f) a \u00a7 59 odst. 1-3 z\u00e1kona<br \/>\n\u010d. 231\/2001 Sb., o provozov\u00e1n\u00ed rozhlasov\u00e9ho a televizn\u00edho vys\u00edl\u00e1n\u00ed a o zm\u011bn\u011b dal\u0161\u00edch z\u00e1kon\u016f (d\u00e1le<br \/>\njen \u201ez\u00e1kon \u010d. 231\/2001 Sb.\u201c), v platn\u00e9m zn\u011bn\u00ed, upozor\u0148uje provozovatele Barrandov Televizn\u00ed<br \/>\nStudio a.s., I\u010c: 41693311, s\u00eddlem: K\u0159\u00ed\u017eeneck\u00e9ho n\u00e1m\u011bst\u00ed 322\/5, Praha 5, PS\u010c 152 00, na poru\u0161en\u00ed<br \/>\nustanoven\u00ed \u00a7 53a odst. 3 z\u00e1kona \u010d. 231\/2001 Sb., jeho\u017e se dopustil odvys\u00edl\u00e1n\u00edm po\u0159adu<br \/>\nNebezpe\u010dn\u00e9 vztahy s Honzou Musilem dne 30. \u0159\u00edjna 2023 od 17:35 hodin na programu Televize<br \/>\nBarrandov. Po\u0159ad byl jako\u017eto po\u0159ad obsahuj\u00edc\u00ed um\u00edst\u011bn\u00ed produktu ozna\u010den piktogramem PP pouze<br \/>\nna sv\u00e9m za\u010d\u00e1tku a konci. Po p\u0159eru\u0161en\u00ed reklamn\u00edmi bloky ozna\u010den\u00ed chyb\u011blo. T\u00edm do\u0161lo k poru\u0161en\u00ed<br \/>\npovinnosti, \u017ee po\u0159ady obsahuj\u00edc\u00ed um\u00edst\u011bn\u00ed produktu musej\u00ed b\u00fdt na za\u010d\u00e1tku, na konci a v p\u0159\u00edpad\u011b<br \/>\np\u0159eru\u0161en\u00ed reklamou nebo teleshoppingov\u00fdmi \u0161oty rovn\u011b\u017e po tomto p\u0159eru\u0161en\u00ed z\u0159eteln\u011b ozna\u010deny<br \/>\njako po\u0159ady obsahuj\u00edc\u00ed um\u00edst\u011bn\u00ed produktu, aby div\u00e1ci nemohli b\u00fdt \u017e\u00e1dn\u00fdm zp\u016fsobem uvedeni v<br \/>\nomyl o povaze t\u011bchto po\u0159ad\u016f. Rada stanovuje lh\u016ftu k n\u00e1prav\u011b 7 dn\u016f od doru\u010den\u00ed upozorn\u011bn\u00ed.<br \/>\n&#8211; Rada v r\u00e1mci sv\u00e9 kompetence dan\u00e9 \u00a7 5 odst. 1 p\u00edsm. a) a f) z\u00e1kona \u010d. 231\/2001 Sb., o<br \/>\nprovozov\u00e1n\u00ed rozhlasov\u00e9ho a televizn\u00edho vys\u00edl\u00e1n\u00ed a o zm\u011bn\u011b dal\u0161\u00edch z\u00e1kon\u016f, v platn\u00e9m zn\u011bn\u00ed (d\u00e1le<br \/>\njen \u201ez\u00e1kon \u010d. 231\/2001 Sb.\u201c) a v souladu s ustanoven\u00edm \u00a7 137 odst. 1 z\u00e1kona \u010d. 500\/2004 Sb.,<br \/>\nspr\u00e1vn\u00ed \u0159\u00e1d, (d\u00e1le jen \u201ez\u00e1kon \u010d. 500\/2004 Sb.\u201c) \u017e\u00e1d\u00e1 provozovatele FTV Prima, spol. s r.o., I\u010c:<br \/>\n48115908, s\u00eddlem: Vinohradsk\u00e1 3217\/167, Praha 10, PS\u010c 100 00, o pod\u00e1n\u00ed vysv\u011btlen\u00ed, z jak\u00e9ho<br \/>\nd\u016fvodu nebyl po\u0159ad \u010cesko Slovensko m\u00e1 talent, odvys\u00edlan\u00fd na programu Prima dne 29. \u0159\u00edjna 2023<br \/>\nod 20:23 hodin, ozna\u010den symbolem PP ve sv\u00e9m z\u00e1v\u011bru, a d\u00e1le, pro\u010d ozna\u010den\u00ed PP zcela<br \/>\nabsentovalo v r\u00e1mci vys\u00edl\u00e1n\u00ed t\u00e9ho\u017e po\u0159adu dne 4. listopadu 2023 od 10:34 hodin na programu<br \/>\nPrima. Rada stanovuje lh\u016ftu k pod\u00e1n\u00ed vysv\u011btlen\u00ed 30 dn\u00ed ode dne doru\u010den\u00ed t\u00e9to v\u00fdzvy.<br \/>\n&#8211; Rada v r\u00e1mci sv\u00e9 p\u016fsobnosti dan\u00e9 ustanoven\u00edm \u00a7 5 odst. 1 p\u00edsm. a) a f) a \u00a7 59 odst. 1-3 z\u00e1kona<br \/>\n\u010d. 231\/2001 Sb., o provozov\u00e1n\u00ed rozhlasov\u00e9ho a televizn\u00edho vys\u00edl\u00e1n\u00ed a o zm\u011bn\u011b dal\u0161\u00edch z\u00e1kon\u016f (d\u00e1le<br \/>\njen z\u00e1kon \u010d. 231\/2001 Sb.), v platn\u00e9m zn\u011bn\u00ed, upozor\u0148uje provozovatele FTV Prima, spol. s r.o., I\u010c:<br \/>\n48115908, s\u00eddlem: Vinohradsk\u00e1 3217\/167, Praha 10, PS\u010c 100 00, na poru\u0161en\u00ed ustanoven\u00ed<\/p>\n<p>\u00a7 32 odst. 1 p\u00edsm. g) z\u00e1kona \u010d. 231\/2001 Sb., kter\u00e9ho se dopustil t\u00edm, \u017ee dne 3. listopadu 2023 ve 20:20<br \/>\nhodin odvys\u00edlal na programu Prima po\u0159ad Jan \u017di\u017eka. Sn\u00edmek zahrnoval velk\u00e9 mno\u017estv\u00ed brut\u00e1ln\u00edch<br \/>\nz\u00e1b\u011br\u016f, obsahuj\u00edc\u00edch exponovan\u00e9 n\u00e1sil\u00ed, usmrcov\u00e1n\u00ed, v\u00e1l\u010den\u00ed, detaily zran\u011bn\u00ed a mrtv\u00fdch t\u011bl, fyzick\u00e9<br \/>\ni psychick\u00e9 utrpen\u00ed p\u0159\u00edtomn\u00fdch postav. Tyto explicitn\u00ed sc\u00e9ny maj\u00ed potenci\u00e1l vyvolat u d\u011btsk\u00e9ho<br \/>\ndiv\u00e1ka psychick\u00fd ot\u0159es \u010di sn\u00ed\u017een\u00ed citlivosti p\u0159i vn\u00edm\u00e1n\u00ed n\u00e1sil\u00ed a jeho n\u00e1sledk\u016f. D\u011bti mohou na p\u0159em\u00edru<br \/>\ntelevizn\u00edho n\u00e1sil\u00ed reagovat \u00fazkost\u00ed. Rada stanovuje lh\u016ftu k n\u00e1prav\u011b 7 dn\u00ed ode dne doru\u010den\u00ed<br \/>\nupozorn\u011bn\u00ed.<br \/>\n&#8211; Rada v r\u00e1mci sv\u00e9 kompetence dan\u00e9 ustanoven\u00edm \u00a7 5 odst. 1 p\u00edsm. a) z\u00e1kona \u010d. 231\/2001 Sb.,<br \/>\no provozov\u00e1n\u00ed rozhlasov\u00e9ho a televizn\u00edho vys\u00edl\u00e1n\u00ed a o zm\u011bn\u011b dal\u0161\u00edch z\u00e1kon\u016f (d\u00e1le jen \u201ez\u00e1kon<br \/>\n\u010d. 231\/2001 Sb.\u201c) a na z\u00e1klad\u011b \u010dl. 4 odst. 2 SM\u011aRNICE EVROPSK\u00c9HO PARLAMENTU A RADY<br \/>\n(EU) 2018\/1808 ze dne 14. listopadu 2018, kterou se m\u011bn\u00ed sm\u011brnice 2010\/13\/EU o koordinaci<br \/>\nn\u011bkter\u00fdch pr\u00e1vn\u00edch a spr\u00e1vn\u00edch p\u0159edpis\u016f \u010dlensk\u00fdch st\u00e1t\u016f upravuj\u00edc\u00edch poskytov\u00e1n\u00ed audiovizu\u00e1ln\u00edch<br \/>\nmedi\u00e1ln\u00edch slu\u017eeb (sm\u011brnice o audiovizu\u00e1ln\u00edch medi\u00e1ln\u00edch slu\u017eb\u00e1ch), vyz\u00fdv\u00e1 provozovatele AMC<br \/>\nNetworks Central Europe s.r.o., I\u010c 27112501, s\u00eddlem Pob\u0159e\u017en\u00ed 620\/3, Praha, PS\u010c 186 00, jako\u017eto<br \/>\nprovozovatele programu AMC CHANNEL HUNGARY, sm\u011b\u0159ovan\u00e9ho na \u00fazem\u00ed Ma\u010farska, a<br \/>\nvys\u00edlan\u00e9ho na z\u00e1klad\u011b rozhodnut\u00ed Rady ze dne 21. \u0159\u00edjna 2014 o ud\u011blen\u00ed licence k provozov\u00e1n\u00ed<br \/>\ntelevizn\u00edho vys\u00edl\u00e1n\u00ed \u0161\u00ed\u0159en\u00e9ho prost\u0159ednictv\u00edm dru\u017eice (\u010d. j. FIA\/3744\/2014, spis. zn.<br \/>\n2014\/971\/FIA\/AMC), k dodr\u017eov\u00e1n\u00ed p\u0159\u00edsn\u011bj\u0161\u00edch pravidel obecn\u00e9ho ve\u0159ejn\u00e9ho z\u00e1jmu formulovan\u00fdch<br \/>\npr\u00e1vn\u00edm \u0159\u00e1dem Ma\u010farska, konkr\u00e9tn\u011b ve v\u011bci za\u0159azov\u00e1n\u00ed ma\u010farsk\u00fdch symbol\u016f v\u011bkov\u00e9 klasifikace<br \/>\na odpov\u00eddaj\u00edc\u00ed doby vys\u00edl\u00e1n\u00ed (mezi 21. a 5. hodinou), k \u010demu\u017e nedo\u0161lo v souvislosti s odvys\u00edl\u00e1n\u00edm<br \/>\npo\u0159adu 40 let panic dne 20. z\u00e1\u0159\u00ed 2023 od 15:17 hodin na programu AMC CHANNEL HUNGARY.<br \/>\n&#8211; Rada se sezn\u00e1mila s anal\u00fdzou z\u00e1znamu vys\u00edl\u00e1n\u00ed programu Nova Fun provozovatele TV Nova<br \/>\ns.r.o. ze dne 24. 10. 2023 od 12:00 do 24:00 hodin.<br \/>\n&#8211; Rada v r\u00e1mci sv\u00e9 kompetence dan\u00e9 \u00a7 5 odst. 1 p\u00edsm. a) a f) z\u00e1kona \u010d. 231\/2001 Sb., o<br \/>\nprovozov\u00e1n\u00ed rozhlasov\u00e9ho a televizn\u00edho vys\u00edl\u00e1n\u00ed a o zm\u011bn\u011b dal\u0161\u00edch z\u00e1kon\u016f, v platn\u00e9m zn\u011bn\u00ed (d\u00e1le<br \/>\njen \u201ez\u00e1kon \u010d. 231\/2001 Sb.\u201c) a v souladu s ustanoven\u00edm \u00a7 137 odst. 1 z\u00e1kona \u010d. 500\/2004 Sb.,<br \/>\nspr\u00e1vn\u00ed \u0159\u00e1d, (d\u00e1le jen \u201ez\u00e1kon \u010d. 500\/2004 Sb.\u201c) \u017e\u00e1d\u00e1 provozovatele TV Nova s.r.o., I\u010c 45800456,<br \/>\ns\u00eddlem K\u0159\u00ed\u017eeneck\u00e9ho n\u00e1m\u011bst\u00ed 1078\/5a, Praha 5, PS\u010c 15200, o pod\u00e1n\u00ed vysv\u011btlen\u00ed, jak\u00e9 povahy byl<br \/>\nsponzorsk\u00fd vzkaz spole\u010dnosti Betano odvys\u00edlan\u00fd na programu Nova Fun dne 24. \u0159\u00edjna 2023 v \u010dase<br \/>\nod 18:22:16 do 18:22:26 hodin, resp. pokud \u0161lo o sponzora po\u0159adu, z jak\u00e9ho d\u016fvodu nebylo<br \/>\nozn\u00e1men\u00ed sponzora do vys\u00edl\u00e1n\u00ed za\u0159azeno tak, jak vy\u017eaduje \u00a7 53 odst. 4 z\u00e1kona \u010d. 231\/2001 Sb.<br \/>\nRada stanovuje lh\u016ftu k pod\u00e1n\u00ed vysv\u011btlen\u00ed 30 dn\u00ed ode dne doru\u010den\u00ed t\u00e9to v\u00fdzvy.<br \/>\n&#8211; Rada se sezn\u00e1mila s anal\u00fdzou kontinu\u00e1ln\u00edho \u00faseku vys\u00edl\u00e1n\u00ed programu AMC CHANNEL<br \/>\nUKR\/Baltics provozovatele AMC Networks Central Europe s.r.o. ze dne 17. \u010dervence 2023 v<br \/>\n\u010dasov\u00e9m \u00faseku od 12:00 do 24:00 hodin.<br \/>\n&#8211; Rada v r\u00e1mci sv\u00e9 kompetence dan\u00e9 \u00a7 5 odst. 1 p\u00edsm. a) a f) z\u00e1kona \u010d. 231\/2001 Sb., o<br \/>\nprovozov\u00e1n\u00ed rozhlasov\u00e9ho a televizn\u00edho vys\u00edl\u00e1n\u00ed a o zm\u011bn\u011b dal\u0161\u00edch z\u00e1kon\u016f, v platn\u00e9m zn\u011bn\u00ed (d\u00e1le<br \/>\njen \u201ez\u00e1kon \u010d. 231\/2001 Sb.\u201c) a v souladu s ustanoven\u00edm \u00a7 137 odst. 1 z\u00e1kona \u010d. 500\/2004 Sb.,<br \/>\nspr\u00e1vn\u00ed \u0159\u00e1d, (d\u00e1le jen \u201ez\u00e1kon \u010d. 500\/2004 Sb.\u201c) \u017e\u00e1d\u00e1 provozovatele AMC Networks Central Europe<br \/>\ns.r.o., I\u010c: 271 12 501, s\u00eddlem: Pob\u0159e\u017en\u00ed 620\/3, Praha, PS\u010c 186 00, o pod\u00e1n\u00ed vysv\u011btlen\u00ed, kdy byl na<br \/>\nprogramu AMC CHANNEL UKR\/Baltics dne 17. 7. 2023 v c\u00edlov\u00e9 lokaci (B\u011blorusko, Estonsko,<br \/>\nLoty\u0161sko, Litva, Ukrajina) re\u00e1ln\u011b odvys\u00edl\u00e1n po\u0159ad Saw 2, a d\u00e1le, jak\u00fdm zp\u016fsobem dle \u00a7 32 odst. 1<br \/>\np\u00edsm. u) z\u00e1kona \u010d. 231\/2001 Sb. poskytuje k po\u0159ad\u016fm ozna\u010den\u00fdm grafick\u00fdm znakem \u201e18+\u201c<br \/>\ndostate\u010dn\u00e9 informace o obsahu z\u00e1vadn\u00e9m pro nezletil\u00e9 osoby tak, aby byly snadno a bez\u00faplatn\u011b<br \/>\ndostupn\u00e9, resp. jak\u00fdm zp\u016fsobem poskytl tyto informace k po\u0159adu Saw 2. Rada stanovuje lh\u016ftu k<br \/>\npod\u00e1n\u00ed vysv\u011btlen\u00ed 30 dn\u00ed ode dne doru\u010den\u00ed t\u00e9to v\u00fdzvy.<br \/>\n&#8211; Rada se sezn\u00e1mila s anal\u00fdzou vys\u00edl\u00e1n\u00ed programu SPEKTRUM CZECH REPUBLIC \/ SLOVAKIA<br \/>\nprovozovatele AMC Networks Central Europe s.r.o. ze dne 2. \u0159\u00edjna 2023 v \u010dasov\u00e9m \u00faseku od 12:00<br \/>\ndo 24:00 hodin.- Rada se sezn\u00e1mila s anal\u00fdzou z\u00e1znamu vys\u00edl\u00e1n\u00ed programu MIS provozovatele<\/p>\n<p>m\u011bsto Roudnice<br \/>\nnad Labem ze dn\u016f 28. a 29. srpna 2023 v \u010dasov\u00e9m \u00faseku od 00:00 do 24:00 hodin.<br \/>\n&#8211; Rada se sezn\u00e1mila se screeningem z\u00e1znamu vys\u00edl\u00e1n\u00ed programu Prima love provozovatele FTV<br \/>\nPrima, spol. s r.o., a to zde dn\u016f 20. srpna 2023, 00:00 &#8211; 24:00 hodin a 21. srpna 2023, 00:00 &#8211;<br \/>\n06:00 hodin.<br \/>\n&#8211; Rada v r\u00e1mci sv\u00e9 p\u016fsobnosti dan\u00e9 ustanoven\u00edm \u00a7 5 odst. 1 p\u00edsm. a) a f) a \u00a7 59 odst. 1-3 z\u00e1kona<br \/>\n\u010d. 231\/2001 Sb., o provozov\u00e1n\u00ed rozhlasov\u00e9ho a televizn\u00edho vys\u00edl\u00e1n\u00ed a o zm\u011bn\u011b dal\u0161\u00edch z\u00e1kon\u016f (d\u00e1le<br \/>\njen z\u00e1kon \u010d. 231\/2001 Sb.), v platn\u00e9m zn\u011bn\u00ed, upozor\u0148uje provozovatele TELEVIZE HBin, dru\u017estvo,<br \/>\nI\u010c 25918133, B. Kobzinov\u00e9 2020, Havl\u00ed\u010dk\u016fv Brod, PS\u010c 58001, na poru\u0161en\u00ed \u00a7 32 odst. 1 p\u00edsm. l)<br \/>\nz\u00e1kona \u010d. 231\/2001 Sb., kter\u00e9ho se dopustil t\u00edm, \u017ee neposkytl Rad\u011b na jej\u00ed vy\u017e\u00e1d\u00e1n\u00ed z\u00e1znam<br \/>\nvys\u00edl\u00e1n\u00ed programu TelevizeHBin ze dn\u016f 2.-3. \u0159\u00edjna 2023 v \u010dasov\u00e9m \u00faseku od 00.00 do 24.00 hodin,<br \/>\ntj. dvou dn\u016f. Rada stanovuje lh\u016ftu k n\u00e1prav\u011b, tedy k poskytnut\u00ed p\u016fvodn\u00edch z\u00e1znam\u016f 7 dn\u00ed ode dne<br \/>\ndoru\u010den\u00ed tohoto upozorn\u011bn\u00ed. Pokud provozovatel ji\u017e z\u00e1znamy z uveden\u00e9ho data nedisponuje, lze<br \/>\nalternativn\u011b v r\u00e1mci lh\u016fty k n\u00e1prav\u011b poskytnout z\u00e1znam vys\u00edl\u00e1n\u00ed programu TELEVIZE HBin ze dn\u016f<br \/>\n20.-21. listopadu 2023 v \u010dasov\u00e9m \u00faseku od 00.00 do 24.00 hodin.<br \/>\n&#8211; Rada se sezn\u00e1mila s v\u00fdsledky systematick\u00e9ho monitoringu hlasitosti obchodn\u00edch sd\u011blen\u00ed na<br \/>\nprogramu Nova Cinema provozovatele TV Nova s.r.o. ze dne 21. \u0159\u00edjna 2023, 20:00 &#8211; 22:00 hodin.<br \/>\n&#8211; Rada v r\u00e1mci sv\u00e9 p\u016fsobnosti dan\u00e9 ustanoven\u00edm \u00a7 5 p\u00edsm. a) a f) z\u00e1kona \u010d. 231\/2001 Sb.,<br \/>\no provozov\u00e1n\u00ed rozhlasov\u00e9ho a televizn\u00edho vys\u00edl\u00e1n\u00ed a o zm\u011bn\u011b dal\u0161\u00edch z\u00e1kon\u016f, v platn\u00e9m zn\u011bn\u00ed<br \/>\n(d\u00e1le jen &#8222;z\u00e1kon \u010d. 231\/2001 Sb.&#8220;) a v souladu s ustanoven\u00edm \u00a7 62 z\u00e1kona \u010d. 500\/2004 Sb.,<br \/>\nspr\u00e1vn\u00edho \u0159\u00e1du (d\u00e1le jen &#8222;z\u00e1kon \u010d. 500\/2004 Sb.&#8220;) vydala toto rozhodnut\u00ed: Rada ukl\u00e1d\u00e1<br \/>\nprovozovateli M\u011bsto P\u0159ibyslav, I\u010c 00268097, s\u00eddlem Bechy\u0148ovo n\u00e1m\u011bst\u00ed 1, P\u0159ibyslav, PS\u010c 58222,<br \/>\npo\u0159\u00e1dkovou pokutu podle ustanoven\u00ed \u00a7 137 odst. 2 z\u00e1kona \u010d. 500\/2004 Sb., a to ve v\u00fd\u0161i 1000 K\u010d,<br \/>\nnebo\u0165 provozovatel bezd\u016fvodn\u011b odep\u0159el podat Rad\u011b vysv\u011btlen\u00ed (vy\u017e\u00e1dan\u00e9 p\u00edsemn\u00fdm p\u0159\u00edpisem \u010d.j.<br \/>\nRRTV\/9749\/2023-loj, doru\u010den\u00fdm dne 17. 8. 2023), zda jako logo programu TV P\u0159ibyslav u\u017e\u00edv\u00e1<br \/>\nznak M\u011bsta P\u0159ibyslav, kter\u00fd uv\u00e1d\u011bl ve dnech 4. &#8211; 5. \u010dervna 2023 v \u010dasov\u00e9m \u00faseku od 00:00 do<br \/>\n24:00 hodin v lev\u00e9m horn\u00edm rohu obrazovky, a to po celou dobu vys\u00edl\u00e1n\u00ed, \u010di zda je logem programu<br \/>\ngraficky zpracovan\u00fd text \u201eTV P\u0159ibyslav\u201c, kter\u00fd v uveden\u00fdch dnech uv\u00e1d\u011bl pouze v pr\u016fb\u011bhu vys\u00edl\u00e1n\u00ed<br \/>\nzpravodajsk\u00fdch (report\u00e1\u017en\u00edch) blok\u016f. Pokuta je splatn\u00e1 ve lh\u016ft\u011b 30 dn\u00ed ode dne nabyt\u00ed pr\u00e1vn\u00ed moci<br \/>\ntohoto rozhodnut\u00ed na \u00fa\u010det \u010d. 3754-19223001\/0710, veden\u00fd u \u010cesk\u00e9 n\u00e1rodn\u00ed banky, variabiln\u00ed<br \/>\nsymbol 2023805.<br \/>\n&#8211; Rada v r\u00e1mci sv\u00e9 kompetence dan\u00e9 \u00a7 5 odst. 1 p\u00edsm. a) a f) z\u00e1kona \u010d. 231\/2001 Sb.,<br \/>\no provozov\u00e1n\u00ed rozhlasov\u00e9ho a televizn\u00edho vys\u00edl\u00e1n\u00ed a o zm\u011bn\u011b dal\u0161\u00edch z\u00e1kon\u016f, v platn\u00e9m zn\u011bn\u00ed<br \/>\n(d\u00e1le jen \u201ez\u00e1kon \u010d. 231\/2001 Sb.\u201c) a v souladu s ustanoven\u00edm \u00a7 137 odst. 1 z\u00e1kona \u010d. 500\/2004<br \/>\nSb., spr\u00e1vn\u00ed \u0159\u00e1d, (d\u00e1le jen \u201ez\u00e1kon \u010d. 500\/2004 Sb.\u201c) \u017e\u00e1d\u00e1 provozovatele M\u011bsto P\u0159ibyslav, I\u010c<br \/>\n00268097, s\u00eddlem Bechy\u0148ovo n\u00e1m\u011bst\u00ed 1, P\u0159ibyslav, PS\u010c 58222, o pod\u00e1n\u00ed vysv\u011btlen\u00ed, zda jako logo<br \/>\nprogramu TV P\u0159ibyslav u\u017e\u00edv\u00e1 znak M\u011bsta P\u0159ibyslav, kter\u00fd uv\u00e1d\u011bl ve dnech 4. &#8211; 5. \u010dervna 2023 v<br \/>\n\u010dasov\u00e9m \u00faseku od 00:00 do 24:00 hodin v lev\u00e9m horn\u00edm rohu obrazovky, a to po celou dobu<br \/>\nvys\u00edl\u00e1n\u00ed, \u010di zda je logem programu graficky zpracovan\u00fd text \u201eTV P\u0159ibyslav\u201c, kter\u00fd v uveden\u00fdch<br \/>\ndnech uv\u00e1d\u011bl pouze v pr\u016fb\u011bhu vys\u00edl\u00e1n\u00ed zpravodajsk\u00fdch (report\u00e1\u017en\u00edch) blok\u016f. Rada stanovuje lh\u016ftu<br \/>\nk pod\u00e1n\u00ed vysv\u011btlen\u00ed 30 dn\u00ed ode dne doru\u010den\u00ed t\u00e9to v\u00fdzvy.<br \/>\n&#8211; Rada v r\u00e1mci sv\u00e9 p\u016fsobnosti dan\u00e9 ustanoven\u00edm \u00a7 5 p\u00edsm. a) a f) z\u00e1kona \u010d. 231\/2001 Sb.,<br \/>\no provozov\u00e1n\u00ed rozhlasov\u00e9ho a televizn\u00edho vys\u00edl\u00e1n\u00ed a o zm\u011bn\u011b dal\u0161\u00edch z\u00e1kon\u016f, v platn\u00e9m zn\u011bn\u00ed<br \/>\n(d\u00e1le jen &#8222;z\u00e1kon \u010d. 231\/2001 Sb.&#8220;) a v souladu s ustanoven\u00edm \u00a7 62 z\u00e1kona \u010d. 500\/2004 Sb.,<br \/>\nspr\u00e1vn\u00edho \u0159\u00e1du (d\u00e1le jen &#8222;z\u00e1kon \u010d. 500\/2004 Sb.&#8220;) vydala toto rozhodnut\u00ed: Rada ukl\u00e1d\u00e1<br \/>\nprovozovateli M\u011bsto P\u0159ibyslav, I\u010c 00268097, s\u00eddlem Bechy\u0148ovo n\u00e1m\u011bst\u00ed 1, P\u0159ibyslav, PS\u010c 58222,<br \/>\npo\u0159\u00e1dkovou pokutu podle ustanoven\u00ed \u00a7 137 odst. 2 z\u00e1kona \u010d. 500\/2004 Sb., a to ve v\u00fd\u0161i 1000 K\u010d,<br \/>\nnebo\u0165 provozovatel bezd\u016fvodn\u011b odep\u0159el podat Rad\u011b vysv\u011btlen\u00ed (vy\u017e\u00e1dan\u00e9 p\u00edsemn\u00fdm p\u0159\u00edpisem \u010d.j.<br \/>\nRRTV\/9753\/2023-loj doru\u010den\u00fdm dne 17. 8. 2023), z jak\u00e9ho d\u016fvodu jako zvukov\u00fd podkres<\/p>\n<p>videotextov\u00e9 smy\u010dky v r\u00e1mci vys\u00edl\u00e1n\u00ed programu TV P\u0159ibyslav ve dnech 4. &#8211; 5. \u010dervna 2023 v<br \/>\n\u010dasov\u00e9m \u00faseku od 00:00 do 24:00 hodin zvolil vys\u00edl\u00e1n\u00ed programu \u010cesk\u00fd rozhlas Region, a\u010dkoli v<br \/>\nr\u00e1mci podm\u00ednek licence programu TV P\u0159ibyslav (licence ud\u011blen\u00e1 rozhodnut\u00edm \u010d. j.<br \/>\nRRTV\/6254\/2022-smu, JID 478701-RRTV, ze dne 17. kv\u011btna 2022, sp. zn. RRTV\/2022\/311\/smu)<br \/>\ndeklaruje, \u017ee do programu nebudou za\u0159azeny \u017e\u00e1dn\u00e9 \u010d\u00e1sti programu p\u0159evzat\u00e9 od jin\u00e9ho<br \/>\nprovozovatele vys\u00edl\u00e1n\u00ed. Pokuta je splatn\u00e1 ve lh\u016ft\u011b 30 dn\u00ed ode dne nabyt\u00ed pr\u00e1vn\u00ed moci tohoto<br \/>\nrozhodnut\u00ed na \u00fa\u010det \u010d. 3754-19223001\/0710, veden\u00fd u \u010cesk\u00e9 n\u00e1rodn\u00ed banky, variabiln\u00ed symbol<br \/>\n2023806.<br \/>\n&#8211; Rada v r\u00e1mci sv\u00e9 kompetence dan\u00e9 \u00a7 5 odst. 1 p\u00edsm. a) a f) z\u00e1kona \u010d. 231\/2001 Sb.,<br \/>\no provozov\u00e1n\u00ed rozhlasov\u00e9ho a televizn\u00edho vys\u00edl\u00e1n\u00ed a o zm\u011bn\u011b dal\u0161\u00edch z\u00e1kon\u016f, v platn\u00e9m zn\u011bn\u00ed<br \/>\n(d\u00e1le jen \u201ez\u00e1kon \u010d. 231\/2001 Sb.\u201c) a v souladu s ustanoven\u00edm \u00a7 137 odst. 1 z\u00e1kona \u010d. 500\/2004<br \/>\nSb., spr\u00e1vn\u00ed \u0159\u00e1d, (d\u00e1le jen \u201ez\u00e1kon \u010d. 500\/2004 Sb.\u201c) \u017e\u00e1d\u00e1 provozovatele M\u011bsto P\u0159ibyslav, I\u010c<br \/>\n00268097, s\u00eddlem Bechy\u0148ovo n\u00e1m\u011bst\u00ed 1, P\u0159ibyslav, PS\u010c 58222, o pod\u00e1n\u00ed vysv\u011btlen\u00ed, z jak\u00e9ho<br \/>\nd\u016fvodu jako zvukov\u00fd podkres videotextov\u00e9 smy\u010dky v r\u00e1mci vys\u00edl\u00e1n\u00ed programu TV P\u0159ibyslav ve<br \/>\ndnech 4. &#8211; 5. \u010dervna 2023 v \u010dasov\u00e9m \u00faseku od 00:00 do 24:00 hodin zvolil vys\u00edl\u00e1n\u00ed programu \u010cesk\u00fd<br \/>\nrozhlas Region, a\u010dkoli v r\u00e1mci podm\u00ednek licence programu TV P\u0159ibyslav (licence ud\u011blen\u00e1<br \/>\nrozhodnut\u00edm \u010d. j. RRTV\/6254\/2022-smu, JID 478701-RRTV, ze dne 17. kv\u011btna 2022, sp. zn.<br \/>\nRRTV\/2022\/311\/smu) deklaruje, \u017ee do programu nebudou za\u0159azeny \u017e\u00e1dn\u00e9 \u010d\u00e1sti programu<br \/>\np\u0159evzat\u00e9 od jin\u00e9ho provozovatele vys\u00edl\u00e1n\u00ed. Rada stanovuje lh\u016ftu k pod\u00e1n\u00ed vysv\u011btlen\u00ed 30 dn\u00ed ode<br \/>\ndne doru\u010den\u00ed t\u00e9to v\u00fdzvy.<br \/>\n&#8211; Rada coby \u00fast\u0159edn\u00ed spr\u00e1vn\u00ed \u00fa\u0159ad v r\u00e1mci sv\u00e9 p\u016fsobnosti dan\u00e9 \u00a7 5 p\u00edsm. a) a f) z\u00e1kona<br \/>\n\u010d. 231\/2001 Sb., o provozov\u00e1n\u00ed rozhlasov\u00e9ho a televizn\u00edho vys\u00edl\u00e1n\u00ed a o zm\u011bn\u011b dal\u0161\u00edch z\u00e1kon\u016f (d\u00e1le<br \/>\njen z\u00e1kon \u010d. 231\/2001 Sb.) a podle ustanoven\u00ed \u00a7 86 odst. 1 p\u00edsm. h) z\u00e1kona \u010d. 250\/2016 Sb.,<br \/>\no odpov\u011bdnosti za p\u0159estupky a \u0159\u00edzen\u00ed o nich (d\u00e1le jen z\u00e1kon \u010d. 250\/2016 Sb.), vydala dne<br \/>\n21. listopadu 2023 toto usnesen\u00ed: Rada zastavuje s provozovatelem Barrandov Televizn\u00ed Studio<br \/>\na.s., I\u010c 41693311, s\u00eddlem K\u0159\u00ed\u017eeneck\u00e9ho n\u00e1m. 322, Praha 5, PS\u010c 152 00, \u0159\u00edzen\u00ed o p\u0159estupku<br \/>\nveden\u00e9 pro mo\u017en\u00e9 poru\u0161en\u00ed ustanoven\u00ed \u00a7 53a odst. 2 p\u00edsm. c) z\u00e1kona \u010d. 231\/2001 Sb., kter\u00e9ho se<br \/>\ndopustil odvys\u00edl\u00e1n\u00edm po\u0159adu \u010cesk\u00e1 tajenka dne 6. kv\u011btna 2023 od 06:17 hodin na programu<br \/>\nBarrandov Krimi, nebo\u0165 nebyla spln\u011bna podm\u00ednka p\u0159edchoz\u00edho typov\u011b shodn\u00e9ho upozorn\u011bn\u00ed na<br \/>\nporu\u0161en\u00ed z\u00e1kona dle ustanoven\u00ed \u00a7 59 odst. 1 z\u00e1kona \u010d. 231\/2001 Sb.<br \/>\n&#8211; Rada v r\u00e1mci sv\u00e9 p\u016fsobnosti dan\u00e9 ustanoven\u00edm \u00a7 5 odst. 1 p\u00edsm. a) a f) a \u00a7 59 odst. 1-3 z\u00e1kona<br \/>\n\u010d. 231\/2001 Sb., o provozov\u00e1n\u00ed rozhlasov\u00e9ho a televizn\u00edho vys\u00edl\u00e1n\u00ed a o zm\u011bn\u011b dal\u0161\u00edch z\u00e1kon\u016f (d\u00e1le<br \/>\njen z\u00e1kon \u010d. 231\/2001 Sb.), v platn\u00e9m zn\u011bn\u00ed, upozor\u0148uje provozovatele Barrandov Televizn\u00ed Studio<br \/>\na.s., I\u010c 416 93 311, Praha 5, K\u0159\u00ed\u017eeneck\u00e9ho n\u00e1m. 322, 15200, na poru\u0161en\u00ed ustanoven\u00ed \u00a7 53a odst. 2<br \/>\np\u00edsm. c) z\u00e1kona \u010d. 231\/2001 Sb., kter\u00e9ho se dopustil t\u00edm, \u017ee dne 6. kv\u011btna 2023 od 06:17 hodin na<br \/>\nprogramu Barrandov Krimi odvys\u00edlal po\u0159ad \u010cesk\u00e1 tajenka, kter\u00fd je po\u0159adem s um\u00edst\u011bn\u00edm produktu,<br \/>\nv n\u011bm\u017e byl nepat\u0159i\u010dn\u011b zd\u016frazn\u011bn produkt od spole\u010dnosti Kab\u00e1t spol. s r.o. (v\u00e1no\u010dka a poukaz v<br \/>\nhodnot\u011b 400 K\u010d na n\u00e1kup v prodejn\u00e1ch pek\u00e1ren Kab\u00e1t), kdy kombinac\u00ed obrazov\u00e9 slo\u017eky a<br \/>\nkoment\u00e1\u0159e moder\u00e1tora vykresluj\u00edc\u00edm veskrze pozitivn\u00ed a podrobnou charakteristiku produktu bylo<br \/>\ndoc\u00edleno toho, \u017ee o um\u00edst\u011bn\u00e9m produktu bylo div\u00e1k\u016fm poskytnuto co nejv\u00edce informac\u00ed, a to bez<br \/>\nz\u0159ejm\u00e9ho dramaturgicko-re\u017eijn\u00edho opodstatn\u011bn\u00ed. Um\u00edst\u011bn\u00fd produkt byl verb\u00e1ln\u00edmi a obrazov\u00fdmi<br \/>\nprost\u0159edky nepat\u0159i\u010dn\u011b zmi\u0148ov\u00e1n a uveden\u00e1 sd\u011blen\u00ed p\u016fsobila nad r\u00e1mec po\u0159adu. P\u0159\u00edpadn\u00e1 v\u00fdhra<br \/>\nod pek\u00e1rny Kab\u00e1t nebyla jen stru\u010dn\u011b pops\u00e1na, ale obsahovala i charakteristiku samotn\u00e9<br \/>\nspole\u010dnosti, kter\u00e1 byla vykreslena v pozitivn\u00edm sv\u011btle nap\u0159\u00edklad zmi\u0148ov\u00e1n\u00edm ru\u010dn\u00ed v\u00fdroby,<br \/>\n\u010derstv\u00fdch a kvalitn\u00edch surovin, originalitou ka\u017ed\u00e9ho kusu v\u00fdrobku \u010di dodr\u017eov\u00e1n\u00edm tradi\u010dn\u00edch<br \/>\nreceptur. Rada stanovuje lh\u016ftu k n\u00e1prav\u011b 7 dn\u016f od doru\u010den\u00ed upozorn\u011bn\u00ed.<br \/>\n&#8211; Rada se sezn\u00e1mila s podan\u00fdm vysv\u011btlen\u00edm provozovatele \u010cesk\u00e1 televize, I\u010c 00027383, s\u00eddlem<br \/>\nNa h\u0159ebenech II 1132\/4, Praha 4, PS\u010c 14700, z jak\u00e9ho d\u016fvodu v report\u00e1\u017ei \u201eNa chud\u00fd lid p\u0159\u00edsnost\u201c,<br \/>\nodvys\u00edlan\u00e9 v r\u00e1mci po\u0159adu 168 hodin dne 18. z\u00e1\u0159\u00ed 2022 na programu \u010cT1, nebyl d\u00e1n prostor pro<\/p>\n<p>vyj\u00e1d\u0159en\u00ed nikomu ze zast\u00e1nc\u016f st\u00e1vaj\u00edc\u00ed pr\u00e1vn\u00ed \u00fapravy oddlu\u017een\u00ed z \u0159ad expertn\u00edch, profesn\u00edch \u010di<br \/>\nkomun\u00e1ln\u00edch z\u00e1stupc\u016f.<br \/>\n&#8211; Rada v r\u00e1mci sv\u00e9 p\u016fsobnosti dan\u00e9 ustanoven\u00edm \u00a7 5 odst. 1 p\u00edsm. a) a f) a \u00a7 59 odst. 13 z\u00e1kona<br \/>\n\u010d. 231\/2001 Sb., o provozov\u00e1n\u00ed rozhlasov\u00e9ho a televizn\u00edho vys\u00edl\u00e1n\u00ed a o zm\u011bn\u011b dal\u0161\u00edch z\u00e1kon\u016f (d\u00e1le<br \/>\njen z\u00e1kon \u010d. 231\/2001 Sb.), v platn\u00e9m zn\u011bn\u00ed, upozor\u0148uje provozovatele \u010cESK\u00c1 TELEVIZE, I\u010c<br \/>\n00027383, s\u00eddlem Na h\u0159ebenech II 1132\/4, Praha 4, PS\u010c 14700, na poru\u0161en\u00ed ustanoven\u00ed \u00a7 31<br \/>\nodst. 3 z\u00e1kona \u010d. 231\/2001 Sb., kter\u00e9ho se dopustil t\u00edm, \u017ee v report\u00e1\u017ei Na chud\u00fd lid p\u0159\u00edsnost,<br \/>\nodvys\u00edlan\u00e9 jako sou\u010d\u00e1st po\u0159adu 168 hodin, dne 18. z\u00e1\u0159\u00ed 2022 na programu \u010cT1, neposkytl prostor<br \/>\npro vyj\u00e1d\u0159en\u00ed zast\u00e1nc\u016f st\u00e1vaj\u00edc\u00ed pr\u00e1vn\u00ed \u00fapravy oddlu\u017een\u00ed z \u0159ad expertn\u00edch, profesn\u00edch \u010di<br \/>\nkomun\u00e1ln\u00edch z\u00e1stupc\u016f, aby si div\u00e1ci na sledovan\u00e9 t\u00e9ma mohli vytvo\u0159it sv\u016fj vlastn\u00ed nez\u00e1visl\u00fd n\u00e1zor.<br \/>\nDo report\u00e1\u017ee sice byly za\u0159azeny promluvy poslance Marka Bendy (ODS), kter\u00fd vyj\u00e1d\u0159il svou obavu<br \/>\nze zm\u00edr\u0148ov\u00e1n\u00ed podm\u00ednek oddlu\u017een\u00ed, nicm\u00e9n\u011b ty byly vz\u00e1p\u011bt\u00ed redakc\u00ed zneva\u017eov\u00e1ny \u010di<br \/>\nzpochyb\u0148ov\u00e1ny nap\u0159\u00edklad slovy: \u201eMarek Benda, jeho\u017e n\u00e1zor na v\u011bc je postaven sp\u00ed\u0161 na dojmech<br \/>\nne\u017e na tvrd\u00fdch datech.\u201c, \u201eP\u0159esto\u017ee pro hovo\u0159\u00ed jasn\u00e1 data, nejd\u00e9le slou\u017e\u00edc\u00ed poslanec Benda opakuje<br \/>\nnepravdiv\u00e1 kli\u0161\u00e9.\u201c, \u201eJen\u017ee ve skute\u010dnosti Marek Benda \u0161kod\u00ed jak dlu\u017en\u00edk\u016fm, tak i jejich v\u011b\u0159itel\u016fm.\u201c<br \/>\nReport\u00e1\u017e tak byla zpracov\u00e1na jednostrannou optikou pouze z pohledu dlu\u017en\u00edka, respektive osob<br \/>\nh\u00e1j\u00edc\u00edch pr\u00e1va dlu\u017en\u00edk\u016f, ani\u017e by div\u00e1kovi byly p\u0159edstaveny relevantn\u00ed argumenty sv\u011bd\u010d\u00edc\u00ed proti<br \/>\np\u0159\u00edli\u0161n\u00e9mu zm\u00edr\u0148ov\u00e1n\u00ed podm\u00ednek oddlu\u017een\u00ed. Provozovatel se t\u00edmto jedn\u00e1n\u00edm dopustil poru\u0161en\u00ed<br \/>\npovinnosti zajistit, aby ve zpravodajsk\u00fdch a politicko-publicistick\u00fdch po\u0159adech bylo db\u00e1no z\u00e1sad<br \/>\nobjektivity a vyv\u00e1\u017eenosti. Rada stanovuje lh\u016ftu k n\u00e1prav\u011b 7 dn\u00ed ode dne doru\u010den\u00ed tohoto<br \/>\nupozorn\u011bn\u00ed.<br \/>\n&#8211; Rada se sezn\u00e1mila s podan\u00fdm vysv\u011btlen\u00edm provozovatele \u010cesk\u00e1 televize, I\u010c: 00027383,<br \/>\ns\u00eddlem: Kav\u010d\u00ed hory, Praha 4, PS\u010c 140 70, z jak\u00e9ho d\u016fvodu obsahovala report\u00e1\u017e Nov\u00e1 pravidla<br \/>\nochrany tzv. whistleblower\u016f, odvys\u00edlan\u00e1 v r\u00e1mci po\u0159adu Ud\u00e1losti dne 1. srpna 2023 od 19:00 hodin,<br \/>\ninformaci, \u017ee vnit\u0159n\u00ed oznamovac\u00ed syst\u00e9m musej\u00ed v souvislosti se z\u00e1konem \u010d. 171\/2023 Sb. zav\u00e9st<br \/>\nod 1. srpna 2023 ve\u0159ejn\u00e9 instituce v\u010detn\u011b obc\u00ed s v\u00edce ne\u017e 10 tis\u00edci obyvateli a tak\u00e9 firmy, kter\u00e9 maj\u00ed<br \/>\nnejm\u00e9n\u011b 50 zam\u011bstnanc\u016f, kdy\u017e ustanoven\u00ed \u00a7 29 p\u0159\u00edslu\u0161n\u00e9ho z\u00e1kona stanovuje, \u017ee povinn\u00e9<br \/>\nsubjekty, s v\u00fdjimkou ve\u0159ejn\u00fdch zadavatel\u016f, zam\u011bstn\u00e1vaj\u00edc\u00ed ke dni nabyt\u00ed \u00fa\u010dinnosti tohoto z\u00e1kona<br \/>\nnejm\u00e9n\u011b 50 a z\u00e1rove\u0148 m\u00e9n\u011b ne\u017e 250 zam\u011bstnanc\u016f jsou povinny zav\u00e9st vnit\u0159n\u00ed oznamovac\u00ed syst\u00e9m<br \/>\ndo 15. prosince 2023.<br \/>\n&#8211; Rada coby \u00fast\u0159edn\u00ed spr\u00e1vn\u00ed \u00fa\u0159ad v r\u00e1mci sv\u00e9 kompetence dan\u00e9 ustanoven\u00edm \u00a7 5 odst. 1 p\u00edsm.<br \/>\na) z\u00e1kona \u010d. 231\/2001 Sb., o provozov\u00e1n\u00ed rozhlasov\u00e9ho a televizn\u00edho vys\u00edl\u00e1n\u00ed a o zm\u011bn\u011b dal\u0161\u00edch<br \/>\nz\u00e1kon\u016f, rozhodla v souladu s ustanoven\u00edm \u00a7 76 odst. 1 p\u00edsm. a) z\u00e1kona \u010d. 250\/2016 Sb., o<br \/>\nodpov\u011bdnosti za p\u0159estupky a \u0159\u00edzen\u00ed o nich, v platn\u00e9m zn\u011bn\u00ed, ve v\u011bci mo\u017en\u00e9ho p\u0159estupku<br \/>\nsp\u00e1chan\u00e9ho odvys\u00edl\u00e1n\u00edm report\u00e1\u017ee Nov\u00e1 pravidla ochrany tzv. whistleblower\u016f v r\u00e1mci po\u0159adu<br \/>\nUd\u00e1losti dne 1. srpna 2023 na programech \u010cT1 a \u010cT24, \u017ee v\u011bc odkl\u00e1d\u00e1.<br \/>\n&#8211; Rada se sezn\u00e1mila s podan\u00fdm vysv\u011btlen\u00edm provozovatele Barrandov Televizn\u00ed Studio a.s., z<br \/>\njak\u00e9ho d\u016fvodu byly po\u0159ady Nebezpe\u010dn\u00e9 vztahy, odvys\u00edlan\u00fd dne 4. z\u00e1\u0159\u00ed 2023 od 16:05 hodin na<br \/>\nprogramu Televize Barrandov, Nebezpe\u010dn\u00e9 vztahy s Honzou Musilem, odvys\u00edlan\u00fd dne 4. z\u00e1\u0159\u00ed 2023<br \/>\nod 17:30 hodin na programu Televize Barrandov a Jak to dopadlo!? FIN\u00c1LE, odvys\u00edlan\u00fd dne 4. z\u00e1\u0159\u00ed<br \/>\n2023 od 18:20 hodin na programu Televize Barrandov, ozna\u010deny jako po\u0159ady obsahuj\u00edc\u00ed um\u00edst\u011bn\u00ed<br \/>\nproduktu.<br \/>\n&#8211; Rada coby \u00fast\u0159edn\u00ed spr\u00e1vn\u00ed \u00fa\u0159ad v r\u00e1mci sv\u00e9 kompetence dan\u00e9 ustanoven\u00edm \u00a7 5 odst. 1 p\u00edsm.<br \/>\na) z\u00e1kona \u010d. 231\/2001 Sb., o provozov\u00e1n\u00ed rozhlasov\u00e9ho a televizn\u00edho vys\u00edl\u00e1n\u00ed a o zm\u011bn\u011b dal\u0161\u00edch<br \/>\nz\u00e1kon\u016f (d\u00e1le jen z\u00e1kon \u010d. 231\/2001 Sb.), rozhodla v souladu s ustanoven\u00edm \u00a7 76 odst. 1 p\u00edsm. a)<br \/>\nz\u00e1kona \u010d. 250\/2016 Sb., o odpov\u011bdnosti za p\u0159estupky a \u0159\u00edzen\u00ed o nich, v platn\u00e9m zn\u011bn\u00ed, ve v\u011bci<br \/>\nmo\u017en\u00e9ho p\u0159estupku sp\u00e1chan\u00e9ho odvys\u00edl\u00e1n\u00edm po\u0159ad\u016f Nebezpe\u010dn\u00e9 vztahy s Honzou Musilem, dne<br \/>\n4. z\u00e1\u0159\u00ed 2023 od 16:05 hodin a 17:30 hodin na programu Televize Barrandov, Jak to dopadlo!?<\/p>\n<p>FIN\u00c1LE, odvys\u00edlan\u00fd dne 4. z\u00e1\u0159\u00ed 2023 od 18:20 hodin na programu Televize Barrandov, \u017ee v\u011bc<br \/>\nodkl\u00e1d\u00e1.<br \/>\n&#8211; Rada se sezn\u00e1mila s podan\u00fdm vysv\u011btlen\u00edm provozovatele KATRO SERVIS, spol. s r.o., ohledn\u011b<br \/>\nabsence loga u smy\u010dek na programech Infokan\u00e1l Bat\u0148ovice, TKR Se\u010d, Info-kan\u00e1l Horn\u00ed Po\u010daply a<br \/>\nohledn\u011b uveden\u00ed nespr\u00e1vn\u00e9ho loga programu Info-kan\u00e1l v m\u011bstsk\u00e9 \u010d\u00e1sti Vidochov.<br \/>\n&#8211; Rada v r\u00e1mci sv\u00e9 p\u016fsobnosti dan\u00e9 ustanoven\u00edm \u00a7 5 odst. 1 p\u00edsm. a) a f) a \u00a7 59 odst. 1-3 z\u00e1kona<br \/>\n\u010d. 231\/2001 Sb., o provozov\u00e1n\u00ed rozhlasov\u00e9ho a televizn\u00edho vys\u00edl\u00e1n\u00ed a o zm\u011bn\u011b dal\u0161\u00edch z\u00e1kon\u016f (d\u00e1le<br \/>\njen z\u00e1kon \u010d. 231\/2001 Sb.), v platn\u00e9m zn\u011bn\u00ed, upozor\u0148uje provozovatele KATRO SERVIS, spol. s<br \/>\nr.o., I\u010c: 15043355, s\u00eddlem: Plyn\u00e1rensk\u00e1 671, Kol\u00edn, PS\u010c 280 02, na poru\u0161en\u00ed licen\u010dn\u00edch podm\u00ednek<br \/>\nlicence ze dne 19. b\u0159ezna 2002, \u010d. j. Ru\/80\/02\/1082, ve zn\u011bn\u00ed pozd\u011bj\u0161\u00edch zm\u011bn, k provozov\u00e1n\u00ed<br \/>\ntelevizn\u00edho vys\u00edl\u00e1n\u00ed programu Infokan\u00e1l v m\u011bstsk\u00e9 \u010d\u00e1sti Vidochov, kter\u00e9ho se dopustil t\u00edm, \u017ee ve<br \/>\ndnech 4.-5. \u010dervna 2023 ozna\u010doval televizn\u00ed program Info-kan\u00e1l v m\u011bstsk\u00e9 \u010d\u00e1sti Vidochov logem<br \/>\nTV Zla\u0165\u00e1k, a\u010dkoli podle platn\u00e9ho zn\u011bn\u00ed licen\u010dn\u00edch podm\u00ednek je n\u00e1zev programu Info-kan\u00e1l v<br \/>\nm\u011bstsk\u00e9 \u010d\u00e1sti Vidochov. Rada stanovuje lh\u016ftu k n\u00e1prav\u011b 60 dn\u00ed ode dne doru\u010den\u00ed tohoto<br \/>\nupozorn\u011bn\u00ed.<br \/>\n&#8211; Rada v r\u00e1mci sv\u00e9 p\u016fsobnosti dan\u00e9 ustanoven\u00edm \u00a7 5 odst. 1 p\u00edsm. a) a f) a \u00a7 59 odst. 1-3 z\u00e1kona<br \/>\n\u010d. 231\/2001 Sb., o provozov\u00e1n\u00ed rozhlasov\u00e9ho a televizn\u00edho vys\u00edl\u00e1n\u00ed a o zm\u011bn\u011b dal\u0161\u00edch z\u00e1kon\u016f (d\u00e1le<br \/>\njen z\u00e1kon \u010d. 231\/2001 Sb.), v platn\u00e9m zn\u011bn\u00ed, upozor\u0148uje provozovatele KATRO SERVIS, spol. s<br \/>\nr.o., I\u010c: 15043355, s\u00eddlem: Plyn\u00e1rensk\u00e1 671, Kol\u00edn, PS\u010c 280 02, na poru\u0161en\u00ed ustanoven\u00ed \u00a7 32<br \/>\nodst. 1 p\u00edsm. l) z\u00e1kona \u010d. 231\/2001 Sb., kter\u00e9ho se dopustil t\u00edm, \u017ee na v\u00fdzvu Rady zaslal z\u00e1znam<br \/>\nvys\u00edl\u00e1n\u00ed z obdob\u00ed 4. &#8211; 5. \u010dervna 2023 v takov\u00e9 podob\u011b, \u017ee absentovalo logo programu, \u010d\u00edm\u017e<br \/>\nprovozovatel poru\u0161il povinnost uchov\u00e1vat v odvys\u00edlan\u00e9 podob\u011b a v n\u00e1le\u017eit\u00e9 technick\u00e9 kvalit\u011b<br \/>\nz\u00e1znamy v\u0161ech po\u0159ad\u016f v\u010detn\u011b dal\u0161\u00edch \u010d\u00e1st\u00ed vys\u00edl\u00e1n\u00ed alespo\u0148 po dobu 30 dn\u016f ode dne jejich vys\u00edl\u00e1n\u00ed<br \/>\na na p\u00edsemnou v\u00fdzvu je zap\u016fj\u010dit Rad\u011b. Rada stanovuje lh\u016ftu k n\u00e1prav\u011b 60 dn\u00ed ode dne doru\u010den\u00ed<br \/>\ntohoto upozorn\u011bn\u00ed.<br \/>\n&#8211; Rada se sezn\u00e1mila s podan\u00fdm vysv\u011btlen\u00edm provozovatele KATRO SERVIS, spol. s r.o., ohledn\u011b<br \/>\npropaga\u010dn\u00ed sd\u011blen\u00ed: kade\u0159nictv\u00ed Martina, fotovoltaika rodinn\u00e9ho domu na kl\u00ed\u010d &#8211; Krzikala, Sl\u00e1dek,<br \/>\nkotle Hercog.cz a Kralovskepeletky.cz.<br \/>\n&#8211; Rada se sezn\u00e1mila s podan\u00fdm vysv\u011btlen\u00edm provozovatele AMC Networks Central Europe s.r.o.,<br \/>\nz jak\u00e9ho d\u016fvodu v r\u00e1mci vys\u00edl\u00e1n\u00ed programu TV Paprika (ur\u010den\u00e9ho pro Rumunsko a Mold\u00e1vii) dne<br \/>\n17. \u010dervence 2023 v \u010dase od 12.00 do 24.00 hod. absentovaly titulky v rumun\u0161tin\u011b.<br \/>\n&#8211; Rada se sezn\u00e1mila s podan\u00fdm vysv\u011btlen\u00edm provozovatele HBO Europe s. r. o., z jak\u00e9ho d\u016fvodu<br \/>\nna programu Cartoonito French dne 4. kv\u011btna 2023 po \u010das vys\u00edl\u00e1n\u00ed t\u0159\u00ed epizod seri\u00e1lu Bugs Bunny<br \/>\nBuilders, uveden\u00fdch v \u010dasech 12:57, 15:11 a 20:54 hodin, absentovalo logo programu.<br \/>\n&#8211; Rada v r\u00e1mci \u0159\u00edzen\u00ed o p\u0159estupku veden\u00e9m pod sp. zn. RRTV\/2019\/784\/had provedla d\u016fkaz<br \/>\nzhl\u00e9dnut\u00edm z\u00e1znamu teleshoppingov\u00e9ho bloku Klenot TV odvys\u00edlan\u00e9ho dne 9.7 2019 od 12:41<br \/>\nhodin na programu KINO BARRANDOV.<br \/>\n&#8211; Rada v r\u00e1mci \u0159\u00edzen\u00ed o p\u0159estupku spis. zn. RRTV\/2023\/905\/had provedla d\u016fkaz zhl\u00e9dnut\u00edm<br \/>\naudiovizu\u00e1ln\u00edho z\u00e1znamu reklamy Dolgit (kr\u00e9m) odvys\u00edlan\u00e9 dne 21.5.2023 v \u010dase 12:44 hodin na<br \/>\nprogramu Prima (mutace I) a reklamy Dolgit (kr\u00e9m) odvys\u00edlan\u00e9 dne 13.5.2023 v \u010dase 20:18 hodin<br \/>\nna programu Prima (mutace II).<br \/>\nAUDIOVIZU\u00c1LN\u00cd MEDI\u00c1LN\u00cd SLU\u017dBY NA VY\u017d\u00c1D\u00c1N\u00cd A SLU\u017dBY PLATFOREM PRO SD\u00cdLEN\u00cd<br \/>\nVIDEONAHR\u00c1VEK<br \/>\n&#8211; Rada v r\u00e1mci sv\u00e9 p\u016fsobnosti podle ustanoven\u00ed \u00a7 4 odst. 2 p\u00edsm. a) a \u00a7 5 odst. 3 z\u00e1kona<br \/>\n\u010d. 132\/2010 Sb., o audiovizu\u00e1ln\u00edch medi\u00e1ln\u00edch slu\u017eb\u00e1ch na vy\u017e\u00e1d\u00e1n\u00ed, a podle ustanoven\u00ed \u00a7 158<br \/>\nodst. 1 z\u00e1kona \u010d. 500\/2004 Sb., spr\u00e1vn\u00edho \u0159\u00e1du, vyd\u00e1v\u00e1 na z\u00e1klad\u011b p\u00edsemn\u00e9ho ozn\u00e1men\u00ed<br \/>\nposkytovatele Kinobox s.r.o., I\u010c: 17368162, doru\u010den\u00e9ho Rad\u011b dne 6. listopadu 2023, toto potvrzen\u00ed:<\/p>\n<p>Poskytovatel Kinobox s.r.o., I\u010c: 17368162, s\u00eddlem \u0160t\u00edtn\u00e9ho 1233\/34, \u017di\u017ekov, 130 00<br \/>\nPraha 3, byl dne 21. listopadu 2023 zaps\u00e1n do Seznamu poskytovatel\u016f audiovizu\u00e1ln\u00edch medi\u00e1ln\u00edch<br \/>\nslu\u017eeb na vy\u017e\u00e1d\u00e1n\u00ed ve smyslu ustanoven\u00ed \u00a7 5 z\u00e1kona \u010d. 132\/2010 Sb., o audiovizu\u00e1ln\u00edch<br \/>\nmedi\u00e1ln\u00edch slu\u017eb\u00e1ch na vy\u017e\u00e1d\u00e1n\u00ed; audiovizu\u00e1ln\u00ed medi\u00e1ln\u00ed slu\u017eba na vy\u017e\u00e1d\u00e1n\u00ed je poskytov\u00e1na ode<br \/>\ndne 1. \u010dervna 2023 pod n\u00e1zvem Kinobox, na internetov\u00e9 adrese www.kinobox.cz nebo<br \/>\nprost\u0159ednictv\u00edm aplikace Kinobox pro iOS a Android.<br \/>\n&#8211; Rada se sezn\u00e1mila s vysv\u011btlen\u00edm Sdru\u017een\u00ed pro internetov\u00fd rozvoj v \u010cesk\u00e9 republice, z.s.p.o.<br \/>\n(SPIR), Korunn\u00ed 483\/89, Vinohrady, PS\u010c 130 00, Praha 3, ve v\u011bci Etick\u00e9ho kodexu, a konstatuje,<br \/>\n\u017ee Etick\u00fd kodex spolupracuj\u00edc\u00edho samoregul\u00e1tora SPIR je schv\u00e1len\u00fd.<br \/>\nOSTATN\u00cd<br \/>\n&#8211; Rada se sezn\u00e1mila s obsahem 58. plen\u00e1rn\u00edho zased\u00e1n\u00ed EPRA.<br \/>\n&#8211; Rada schvaluje Statut Rady pro rozhlasov\u00e9 a televizn\u00ed vys\u00edl\u00e1n\u00ed.<br \/>\n&#8211; Rada schvaluje z\u00e1\u0161titu nad konferenc\u00ed DIGIMEDIA 2024.<br \/>\n&#8211; Rada se sezn\u00e1mila s p\u0159ehledem zm\u011bn v rozhlasov\u00e9m a televizn\u00edm vys\u00edl\u00e1n\u00ed za z\u00e1\u0159\u00ed a \u0159\u00edjen roku<br \/>\n2023.<br \/>\n&#8211; Rada se sezn\u00e1mila s p\u0159ehledem odpov\u011bd\u00ed poskytnut\u00fdch podle z\u00e1kona \u010d.106\/1999 Sb.<br \/>\nV Praze dne 23. 11. 2023<br \/>\nIng. arch. V\u00e1clav Mencl<br \/>\np\u0159edseda Rady pro rozhlasov\u00e9<br \/>\na televizn\u00ed vys\u00edl\u00e1n\u00ed<br \/>\nkontakt: podatelna@rrtv.gov.cz<br \/>\n274 813 830<\/p>\n<p>&nbsp;<\/p>\n","protected":false},"excerpt":{"rendered":"<p>Rada pro rozhlasov\u00e9 a televizn\u00ed vys\u00edl\u00e1n\u00ed (d\u00e1le jen &#8222;Rada&#8220;) na sv\u00e9m 19. zased\u00e1n\u00ed projednala 49 bod\u016f programu. Vyhodnotila 17 st\u00ed\u017enost\u00ed div\u00e1k\u016f a poslucha\u010d\u016f, vydala dev\u011bt upozorn\u011bn\u00ed na poru\u0161en\u00ed z\u00e1kona.<\/p>\n","protected":false},"author":9,"featured_media":0,"comment_status":"open","ping_status":"open","sticky":false,"template":"","format":"standard","meta":{"ngg_post_thumbnail":0,"footnotes":""},"categories":[11],"tags":[],"class_list":["post-13826","post","type-post","status-publish","format-standard","hentry","category-ozvena"],"_links":{"self":[{"href":"https:\/\/www.ladislavjakl.cz\/index.php?rest_route=\/wp\/v2\/posts\/13826","targetHints":{"allow":["GET"]}}],"collection":[{"href":"https:\/\/www.ladislavjakl.cz\/index.php?rest_route=\/wp\/v2\/posts"}],"about":[{"href":"https:\/\/www.ladislavjakl.cz\/index.php?rest_route=\/wp\/v2\/types\/post"}],"author":[{"embeddable":true,"href":"https:\/\/www.ladislavjakl.cz\/index.php?rest_route=\/wp\/v2\/users\/9"}],"replies":[{"embeddable":true,"href":"https:\/\/www.ladislavjakl.cz\/index.php?rest_route=%2Fwp%2Fv2%2Fcomments&post=13826"}],"version-history":[{"count":1,"href":"https:\/\/www.ladislavjakl.cz\/index.php?rest_route=\/wp\/v2\/posts\/13826\/revisions"}],"predecessor-version":[{"id":13827,"href":"https:\/\/www.ladislavjakl.cz\/index.php?rest_route=\/wp\/v2\/posts\/13826\/revisions\/13827"}],"wp:attachment":[{"href":"https:\/\/www.ladislavjakl.cz\/index.php?rest_route=%2Fwp%2Fv2%2Fmedia&parent=13826"}],"wp:term":[{"taxonomy":"category","embeddable":true,"href":"https:\/\/www.ladislavjakl.cz\/index.php?rest_route=%2Fwp%2Fv2%2Fcategories&post=13826"},{"taxonomy":"post_tag","embeddable":true,"href":"https:\/\/www.ladislavjakl.cz\/index.php?rest_route=%2Fwp%2Fv2%2Ftags&post=13826"}],"curies":[{"name":"wp","href":"https:\/\/api.w.org\/{rel}","templated":true}]}}