{"id":13829,"date":"2023-11-25T15:20:04","date_gmt":"2023-11-25T14:20:04","guid":{"rendered":"https:\/\/www.ladislavjakl.cz\/?p=13829"},"modified":"2023-11-25T15:20:04","modified_gmt":"2023-11-25T14:20:04","slug":"v-urcite-dobe-se-na-tom-zapade-neco-podstatneho-stalo-autori-knihy-sebedestrukce-zapadu-2-0-rozebiraji-zrychleni-padu","status":"publish","type":"post","link":"https:\/\/www.ladislavjakl.cz\/?p=13829","title":{"rendered":"\u201eV ur\u010dit\u00e9 dob\u011b se na tom Z\u00e1pad\u011b n\u011bco podstatn\u00e9ho stalo.\u201c Auto\u0159i knihy Sebedestrukce Z\u00e1padu 2.0 rozeb\u00edraj\u00ed \u201ezrychlen\u00ed p\u00e1du\u201c"},"content":{"rendered":"<p>Minul\u00fd t\u00fdden p\u0159i&nbsp;p\u0159edstaven\u00ed knihy&nbsp;<em>Sebedestrukce Z\u00e1padu 2.0: P\u00e1d zrychluje<\/em>&nbsp;v&nbsp;pra\u017esk\u00e9m hotelu International komentovali my\u0161lenky z&nbsp;knihy krom\u011b&nbsp;<a href=\"https:\/\/www.epochtimes.cz\/2023\/11\/16\/soucasna-sebedestrukce-zapadu-je-dle-klause-propojenim-revoluce-zdola-a-hrou-a-ambicemi-elit\/\" target=\"_blank\" rel=\"noreferrer noopener\">V\u00e1clava Klause<\/a>&nbsp;i&nbsp;n\u011bkte\u0159\u00ed jeho kolegov\u00e9 a&nbsp;spoluauto\u0159i \u2013 Ji\u0159\u00ed Weigl, Ivo Strej\u010dek a&nbsp;Ladislav Jakl.<\/p>\n<p><!--more--><\/p>\n<h2 id=\"h-jiri-weigl\" class=\"wp-block-heading\">Ji\u0159\u00ed Weigl<\/h2>\n<figure class=\"wp-block-image size-full\"><img loading=\"lazy\" decoding=\"async\" class=\"wp-image-101204 entered lazyloaded\" src=\"https:\/\/www.epochtimes.cz\/wp-content\/uploads\/2023\/11\/20231123_weigl2.jpg\" sizes=\"auto, (max-width: 800px) 100vw, 800px\" srcset=\"https:\/\/www.epochtimes.cz\/wp-content\/uploads\/2023\/11\/20231123_weigl2.jpg 800w, https:\/\/www.epochtimes.cz\/wp-content\/uploads\/2023\/11\/20231123_weigl2-622x500.jpg 622w, https:\/\/www.epochtimes.cz\/wp-content\/uploads\/2023\/11\/20231123_weigl2-768x617.jpg 768w, https:\/\/www.epochtimes.cz\/wp-content\/uploads\/2023\/11\/20231123_weigl2-300x241.jpg 300w, https:\/\/www.epochtimes.cz\/wp-content\/uploads\/2023\/11\/20231123_weigl2-600x482.jpg 600w\" alt=\"Ji\u0159\u00ed Weigl\" width=\"449\" height=\"361\" data-lazy-srcset=\"https:\/\/www.epochtimes.cz\/wp-content\/uploads\/2023\/11\/20231123_weigl2.jpg 800w, https:\/\/www.epochtimes.cz\/wp-content\/uploads\/2023\/11\/20231123_weigl2-622x500.jpg 622w, https:\/\/www.epochtimes.cz\/wp-content\/uploads\/2023\/11\/20231123_weigl2-768x617.jpg 768w, https:\/\/www.epochtimes.cz\/wp-content\/uploads\/2023\/11\/20231123_weigl2-300x241.jpg 300w, https:\/\/www.epochtimes.cz\/wp-content\/uploads\/2023\/11\/20231123_weigl2-600x482.jpg 600w\" data-lazy-sizes=\"(max-width: 800px) 100vw, 800px\" data-lazy-src=\"https:\/\/www.epochtimes.cz\/wp-content\/uploads\/2023\/11\/20231123_weigl2.jpg\" data-ll-status=\"loaded\"><figcaption class=\"wp-element-caption\"><em>Ji\u0159\u00ed Weigl p\u0159i&nbsp;p\u0159edstaven\u00ed knihy Sebedestrukce Z\u00e1padu 2.0, Praha, 16.&nbsp;11.&nbsp;2023. (Juraj Skovajsa \/ Epoch Times)<\/em><\/figcaption><\/figure>\n<p>\u201eJsem velmi r\u00e1d, \u017ee v&nbsp;takto hojn\u00e9m po\u010dtu se setk\u00e1v\u00e1me v&nbsp;t\u011bchto velmi kr\u00e1sn\u00fdch a&nbsp;netradi\u010dn\u00edch prostorech, a&nbsp;trouf\u00e1m si \u0159\u00edci, \u017ee to skoro pova\u017euji za symbolick\u00e9, \u017ee pr\u00e1v\u011b v&nbsp;tomhle \u201askvostu stalinsk\u00e9ho baroka\u2018 se bav\u00edme o&nbsp;t\u00e9matu, kter\u00e9 mysl\u00edm sm\u011b\u0159uje p\u0159esn\u011b tam, kdy kvetla tahle architektura,\u201c uv\u00edtal p\u0159\u00edtomn\u00e9 Weigl a&nbsp;dodal: \u201eVlastn\u011b jsme opsali jenom kruh a&nbsp;vr\u00e1tili jsme se n\u011bkam, kde nikoho z&nbsp;n\u00e1s tehdy nenapadlo, \u017ee bychom se mohli ocitnout.\u201c<\/p>\n<p>Pot\u00e9 p\u0159e\u0161el ke kritice Evropsk\u00e9 unie, kter\u00e1 m\u00e1 dle n\u011bj dlouhodob\u00fd c\u00edl zm\u011bnit z\u00e1padn\u00ed spole\u010dnost z&nbsp;konzumn\u00ed, je\u017e je z\u00e1kladn\u00edm p\u0159edpokladem kapitalistick\u00e9 ekonomiky, na \u201en\u011bco jin\u00e9ho, n\u011bco ide\u00e1ln\u00edho, utopistick\u00e9ho, n\u011bco asketick\u00e9ho, spole\u010dnost uv\u011bdom\u011bl\u00fdch altruist\u016f, kte\u0159\u00ed se budou sebeomezovat a&nbsp;budou omezov\u00e1ni st\u00e1tem, kte\u0159\u00ed budou \u0159\u00edzeni majiteli t\u00e9 pravdy, kter\u00e1 byla objevena\u201c.<\/p>\n<p>\u201eJsem p\u0159esv\u011bd\u010den, \u017ee drtiv\u00e1 v\u011bt\u0161ina lid\u00ed, nejen u&nbsp;n\u00e1s, ale i&nbsp;v&nbsp;z\u00e1padn\u00ed Evrop\u011b, i&nbsp;ve Spojen\u00fdch st\u00e1tech, si tohle neuv\u011bdomuje,\u201c sd\u011blil d\u00e1le Weigl s&nbsp;t\u00edm, \u201e\u017ee si neuv\u011bdomujeme, \u017ee v&nbsp;ur\u010dit\u00e9 dob\u011b se na tom Z\u00e1pad\u011b n\u011bco podstatn\u00e9ho stalo\u2026 Ten Z\u00e1pad, kter\u00fd jsme obdivovali a&nbsp;tak nad\u0161en\u011b do n\u011bj kr\u00e1\u010deli, u\u017e v&nbsp;t\u00e9 dob\u011b, kdy my jsme znovu nabyli svobody, u\u017e v&nbsp;tu dobu byl na \u00fapln\u011b jin\u00e9 trajektorii, ne\u017e na kterou jsme sm\u011b\u0159ovali my\u201c.<\/p>\n<p>\u201eTen Z\u00e1pad, obh\u00e1jce svobody, obh\u00e1jce tradi\u010dn\u00edho sv\u011bta p\u0159ed n\u00e1porem agresivn\u00ed, pokrok\u00e1\u0159sk\u00e9, kolektivistick\u00e9, univerzalistick\u00e9 ideologie komunismu, kter\u00fd chr\u00e1nil cel\u00fd zbyl\u00fd sv\u011bt, tak tenhle Z\u00e1pad najednou zmutoval a&nbsp;stal se jakoby sv\u00fdm antip\u00f3lem,\u201c sd\u011blil d\u00e1le Weigl a&nbsp;mezi nejpodstatn\u011bj\u0161\u00ed ideologie, kter\u00e9 dle n\u011bj za onen obrat mohou, ozna\u010dil environmentalistickou, proto\u017ee \u201epoprv\u00e9 v&nbsp;d\u011bjin\u00e1ch lidstva \u010dlov\u011bk p\u0159estal b\u00fdt c\u00edlem politick\u00e9ho sna\u017een\u00ed a&nbsp;stal se p\u0159ek\u00e1\u017ekou, probl\u00e9mem, jeho m\u00edsto zaujaly abstraktn\u00ed, nekontrolovateln\u00e9 a&nbsp;nehmatateln\u00e9 entity\u201c.<\/p>\n<p>D\u00e1le tuto ideologii ozna\u010dil za \u201esekul\u00e1rn\u00ed n\u00e1bo\u017eenstv\u00ed\u201c, kter\u00e9 vyvol\u00e1v\u00e1 \u201epolitiku, kter\u00e1 sm\u011b\u0159uje absolutn\u011b proti z\u00e1jm\u016fm drtiv\u00e9 v\u011bt\u0161iny ob\u010dan\u016f jejich zem\u00ed a&nbsp;je p\u0159ekryta velmi altruisticky zn\u011bj\u00edc\u00ed p\u00e9\u010d\u00ed o&nbsp;blaho budouc\u00edch generac\u00ed n\u011bkdy v&nbsp;dalek\u00e9 budoucnosti, co\u017e nikdo ze sou\u010dasn\u00edk\u016f nem\u016f\u017ee ani ov\u011b\u0159it, ani zkontrolovat, ani hlasatele t\u00e9to politiky volat k&nbsp;zodpov\u011bdnosti\u201c.<\/p>\n<h2 id=\"h-ivo-strejcek\" class=\"wp-block-heading\">Ivo Strej\u010dek<\/h2>\n<figure class=\"wp-block-image size-full\"><img loading=\"lazy\" decoding=\"async\" class=\"wp-image-101205 entered lazyloaded\" src=\"https:\/\/www.epochtimes.cz\/wp-content\/uploads\/2023\/11\/20231123_strejcek2.jpg\" sizes=\"auto, (max-width: 1200px) 100vw, 1200px\" srcset=\"https:\/\/www.epochtimes.cz\/wp-content\/uploads\/2023\/11\/20231123_strejcek2.jpg 1200w, https:\/\/www.epochtimes.cz\/wp-content\/uploads\/2023\/11\/20231123_strejcek2-699x500.jpg 699w, https:\/\/www.epochtimes.cz\/wp-content\/uploads\/2023\/11\/20231123_strejcek2-768x549.jpg 768w, https:\/\/www.epochtimes.cz\/wp-content\/uploads\/2023\/11\/20231123_strejcek2-300x215.jpg 300w, https:\/\/www.epochtimes.cz\/wp-content\/uploads\/2023\/11\/20231123_strejcek2-600x429.jpg 600w\" alt=\"Ivo Strej\u010dek\" width=\"417\" height=\"298\" data-lazy-srcset=\"https:\/\/www.epochtimes.cz\/wp-content\/uploads\/2023\/11\/20231123_strejcek2.jpg 1200w, https:\/\/www.epochtimes.cz\/wp-content\/uploads\/2023\/11\/20231123_strejcek2-699x500.jpg 699w, https:\/\/www.epochtimes.cz\/wp-content\/uploads\/2023\/11\/20231123_strejcek2-768x549.jpg 768w, https:\/\/www.epochtimes.cz\/wp-content\/uploads\/2023\/11\/20231123_strejcek2-300x215.jpg 300w, https:\/\/www.epochtimes.cz\/wp-content\/uploads\/2023\/11\/20231123_strejcek2-600x429.jpg 600w\" data-lazy-sizes=\"(max-width: 1200px) 100vw, 1200px\" data-lazy-src=\"https:\/\/www.epochtimes.cz\/wp-content\/uploads\/2023\/11\/20231123_strejcek2.jpg\" data-ll-status=\"loaded\"><figcaption class=\"wp-element-caption\"><em>Ivo Strej\u010dek p\u0159i&nbsp;p\u0159edstaven\u00ed knihy Sebedestrukce Z\u00e1padu 2.0, Praha, 16.&nbsp;11.&nbsp;2023. (Juraj Skovajsa \/ Epoch Times)<\/em><\/figcaption><\/figure>\n<p>Dal\u0161\u00ed \u0159e\u010dn\u00edk nav\u00e1zal na my\u0161lenku prezidenta Klause, \u017ee mezi knihami&nbsp;<em>Sebedestrukce Z\u00e1padu 1.0 a&nbsp;2.0&nbsp;<\/em>ne\u010dekali, \u017ee by do\u0161lo k&nbsp;zastaven\u00ed onoho procesu, ale ne\u010dekali ani to, \u017ee se ani trochu nezpomalil. Pot\u00e9 uvedl v\u00fd\u010det n\u011bkolika jev\u016f, kter\u00e9 \u201ep\u00e1d zrychlily\u201c, jako nap\u0159\u00edklad migrace, covid, \u00fapadek vzd\u011bl\u00e1v\u00e1n\u00ed, Green Deal, v\u00e1lka na Ukrajin\u011b \u010di&nbsp;boj s&nbsp;dezinformacemi.<\/p>\n<p>\u201eD\u011bje-li se n\u011bco neblah\u00e9ho ve vzd\u011bl\u00e1v\u00e1n\u00ed, tak to uvid\u00edte s&nbsp;n\u011bjak\u00fdm \u010dasov\u00fdm odstupem, za 5\u201310\u201315 let. A&nbsp;konstatujeme-li dnes, \u017ee vzd\u011bl\u00e1vac\u00ed syst\u00e9m je v&nbsp;katastrof\u00e1ln\u00edm stavu, tak p\u0159em\u00fd\u0161len\u00ed o&nbsp;\u010dase + 10\u201315 let je velmi neradostn\u00e9,\u201c \u0159ekl Strej\u010dek.<\/p>\n<p>Pot\u00e9 p\u0159e\u0161el ke covidu, kter\u00fd dle n\u011bj \u201ezes\u00edlil vl\u00e1du expertokracie\u201c. \u201eCovid zrychlil bobtn\u00e1n\u00ed st\u00e1tu\u2026 v&nbsp;tom slova smyslu, \u017ee st\u00e1t byl mocn\u00fdm agentem v\u0161ech t\u011bch d\u011bj\u016f a&nbsp;poda\u0159ilo se mu vnutit v\u00edru valn\u00e9 v\u011bt\u0161in\u011b ob\u010dan\u016f, \u017ee st\u00e1t je tu od toho, aby se staral o&nbsp;jejich zdrav\u00ed a&nbsp;bezpe\u010d\u00ed a&nbsp;\u017ee n\u00e1m nic nehroz\u00ed, kdy\u017e tu m\u00e1me tak dobr\u00fd a&nbsp;moudr\u00fd st\u00e1t,\u201c pokra\u010doval.<\/p>\n<p>V\u00e1lku na Ukrajin\u011b pova\u017euje za z\u00e1sadn\u00ed impulz, kter\u00fd \u201ezaprv\u00e9 utahuje \u0161rouby evropsk\u00e9ho unifika\u010dn\u00edho procesu\u201c, a&nbsp;dle n\u011bj by ke konfliktu nedo\u0161lo, pokud by Z\u00e1pad d\u011blal tradi\u010dn\u00ed zahrani\u010dn\u00ed politiku. \u201eZadruh\u00e9, bal\u00edky sankc\u00ed\u201c spojen\u00e9 s&nbsp;v\u00e1lkou jsou \u201ep\u0159\u00ed\u010dinou toho, \u017ee do na\u0161\u00ed \u010d\u00e1sti sv\u011bta p\u0159estala t\u00e9ct ropa a&nbsp;plyn a&nbsp;to dalo zelenou Zelen\u00e9mu \u00fad\u011blu natolik, \u017ee to je dnes neporaziteln\u00e1 doktr\u00edna\u201c. \u201eZat\u0159et\u00ed, tahle v\u00e1lka vyvolala boj s&nbsp;tzv.&nbsp;dezinformacemi\u2026 kter\u00fd fakticky za\u010d\u00edn\u00e1 m\u00edt charakter cenzury a&nbsp;omezov\u00e1n\u00ed svobody slova,\u201c pokra\u010doval Strej\u010dek a&nbsp;jako \u010dtvrt\u00fd bod negativ uvedl odliv finan\u010dn\u00edch prost\u0159edk\u016f na Ukrajinu, \u201ekter\u00e9 n\u011bkde chyb\u011bt budou\u201c.<\/p>\n<p>Z\u00e1v\u011brem si polo\u017eil \u0159e\u010dnickou ot\u00e1zku: \u201eA pro\u010d tohle v\u0161echno lid\u00e9 nevid\u00ed? V\u017edy\u0165 je to p\u0159ece tak jasn\u00e9, tak viditeln\u00e9. Jak je to mo\u017en\u00e9? Pokud to vid\u00ed, pro\u010d ten p\u00e1d podce\u0148uj\u00ed, zleh\u010duj\u00ed nebo ignoruj\u00ed? \u2026 A&nbsp;jak je mo\u017en\u00e9, \u017ee politika na to nereaguje? Nebo dokonce, \u017ee politika je architektem t\u011bchto zm\u011bn?\u201c<\/p>\n<p>Doch\u00e1z\u00ed k&nbsp;tomu, \u017ee \u201etlak mus\u00ed p\u0159ij\u00edt zdola\u201c, od voli\u010d\u016f.<\/p>\n<h2 id=\"h-ladislav-jakl\" class=\"wp-block-heading\">Ladislav Jakl<\/h2>\n<figure class=\"wp-block-image size-full\"><img loading=\"lazy\" decoding=\"async\" class=\"wp-image-101201 entered lazyloaded\" src=\"https:\/\/www.epochtimes.cz\/wp-content\/uploads\/2023\/11\/20231123_jakl.jpg\" sizes=\"auto, (max-width: 1184px) 100vw, 1184px\" srcset=\"https:\/\/www.epochtimes.cz\/wp-content\/uploads\/2023\/11\/20231123_jakl.jpg 1184w, https:\/\/www.epochtimes.cz\/wp-content\/uploads\/2023\/11\/20231123_jakl-588x500.jpg 588w, https:\/\/www.epochtimes.cz\/wp-content\/uploads\/2023\/11\/20231123_jakl-768x653.jpg 768w, https:\/\/www.epochtimes.cz\/wp-content\/uploads\/2023\/11\/20231123_jakl-300x255.jpg 300w, https:\/\/www.epochtimes.cz\/wp-content\/uploads\/2023\/11\/20231123_jakl-600x510.jpg 600w\" alt=\"Ladislav Jakl\" width=\"422\" height=\"359\" data-lazy-srcset=\"https:\/\/www.epochtimes.cz\/wp-content\/uploads\/2023\/11\/20231123_jakl.jpg 1184w, https:\/\/www.epochtimes.cz\/wp-content\/uploads\/2023\/11\/20231123_jakl-588x500.jpg 588w, https:\/\/www.epochtimes.cz\/wp-content\/uploads\/2023\/11\/20231123_jakl-768x653.jpg 768w, https:\/\/www.epochtimes.cz\/wp-content\/uploads\/2023\/11\/20231123_jakl-300x255.jpg 300w, https:\/\/www.epochtimes.cz\/wp-content\/uploads\/2023\/11\/20231123_jakl-600x510.jpg 600w\" data-lazy-sizes=\"(max-width: 1184px) 100vw, 1184px\" data-lazy-src=\"https:\/\/www.epochtimes.cz\/wp-content\/uploads\/2023\/11\/20231123_jakl.jpg\" data-ll-status=\"loaded\"><figcaption class=\"wp-element-caption\"><em>Ladislav Jakl p\u0159i&nbsp;p\u0159edstaven\u00ed knihy&nbsp;<\/em>Sebedestrukce Z\u00e1padu<em>&nbsp;<\/em>2.0<em>, Praha, 16.&nbsp;11.&nbsp;2023. (Juraj Skovajsa \/ Epoch Times)<\/em><\/figcaption><\/figure>\n<p>Posledn\u00ed \u0159e\u010dn\u00edk konstatoval, \u017ee \u201eto, co nyn\u00ed za\u017e\u00edv\u00e1me, je krize civilizace\u201c a&nbsp;\u201emy jsme ti, kte\u0159\u00ed stoj\u00edme na po\u010d\u00e1tku n\u011b\u010deho, o&nbsp;\u010dem se jednou bude mluvit jako o&nbsp;\u201aza\u010d\u00e1tku velk\u00e9ho krachu\u2018\u201c.<\/p>\n<p>Z jednotliv\u00fdch negativn\u00edch tendenc\u00ed mluvil nap\u0159\u00edklad o&nbsp;\u201epl\u00ed\u017eiv\u00fdch kolektivismech\u201c, kter\u00e9 \u201en\u00e1s maj\u00ed zbavit svobodn\u00e9ho \u017eivota ve spole\u010dnosti\u201c a&nbsp;kter\u00e9 jsou od 60.&nbsp;let minul\u00e9ho stolet\u00ed vedeny \u201esal\u00e1movou metodou\u201c, by\u0165 v&nbsp;posledn\u00edch letech se tato tendence zrychluje.<\/p>\n<p>Jako dal\u0161\u00edmu se v\u011bnoval pojmu \u201ekonspir\u00e1tor\u201c, kter\u00fd se podle n\u011bj dnes vyvinul do takov\u00e9ho stadia, \u017ee za konspir\u00e1tory jsou pova\u017eov\u00e1n\u00ed ti, \u201ekdo o&nbsp;konspirac\u00edch mluv\u00ed, kdo na r\u016fzn\u00e1 spiknut\u00ed upozor\u0148uj\u00ed\u201c. \u201eVy budete rozkr\u00fdvat r\u016fzn\u00e1 spiknut\u00ed a&nbsp;t\u00edm se z&nbsp;v\u00e1s st\u00e1v\u00e1 o\u010dima medi\u00e1ln\u00edho mainstreamu a&nbsp;politiky spiklenec. To jsou paradoxy\u2026,\u201c dodal Jakl.<\/p>\n<p>Progresivismus dle n\u011bj je u\u017e v&nbsp;takov\u00e9m stadiu, \u017ee jej \u201enepot\u0159ebujeme dov\u00e1\u017eet\u201c.<\/p>\n<p>Dotkl se tak\u00e9 tradi\u010dn\u00edho konceptu rodiny. \u201eNikdy v&nbsp;d\u011bjin\u00e1ch nebyla rodina takov\u00fdm ter\u010dem \u00fatoku a&nbsp;znev\u00e1\u017een\u00ed, jako je te\u010f,\u201c konstatuje.<\/p>\n<p>\u201eS\u00edla Z\u00e1padu\u2026 byla d\u00e1na vztahem k&nbsp;jednotlivci, v&nbsp;\u00fact\u011b k&nbsp;jedine\u010dnosti ka\u017ed\u00e9ho z&nbsp;n\u00e1s a&nbsp;p\u0159\u00edstupu k&nbsp;individu\u00e1ln\u00edm svobod\u00e1m. Na tom byla postavena prosperita Z\u00e1padu, proto\u017ee jen ta zaru\u010duje motivaci \u010dlov\u011bka n\u011bco d\u011blat, n\u011bco vym\u00fd\u0161let, t\u00e1hnout v\u00fdvoj dop\u0159edu. To ud\u011blalo Z\u00e1pad Z\u00e1padem. A&nbsp;tento z\u00e1klad, ze kter\u00e9ho Z\u00e1pad vyrostl, se nyn\u00ed st\u00e1v\u00e1 hlavn\u00edm ter\u010dem \u00fatku progresivist\u016f,\u201c konstatuje d\u00e1le Jakl a&nbsp;predikuje, \u017ee pokra\u010dov\u00e1n\u00ed takov\u00e9 tendence m\u016f\u017ee \u201epod\u0159\u00edznout s\u00e1m ko\u0159en s\u00edly Z\u00e1padu\u201c.<\/p>\n<p><a href=\"https:\/\/www.epochtimes.cz\/2023\/11\/24\/v-urcite-dobe-se-na-tom-zapade-neco-podstatneho-stalo-autori-knihy-sebedestrukce-zapadu-2-0-rozebiraji-zrychleni-padu\/\">Zdroj<\/a><\/p>\n","protected":false},"excerpt":{"rendered":"<p>Minul\u00fd t\u00fdden p\u0159i&nbsp;p\u0159edstaven\u00ed knihy&nbsp;Sebedestrukce Z\u00e1padu 2.0: P\u00e1d zrychluje&nbsp;v&nbsp;pra\u017esk\u00e9m hotelu International komentovali my\u0161lenky z&nbsp;knihy krom\u011b&nbsp;V\u00e1clava Klause&nbsp;i&nbsp;n\u011bkte\u0159\u00ed jeho kolegov\u00e9 a&nbsp;spoluauto\u0159i \u2013 Ji\u0159\u00ed Weigl, Ivo Strej\u010dek a&nbsp;Ladislav Jakl.<\/p>\n","protected":false},"author":9,"featured_media":0,"comment_status":"open","ping_status":"open","sticky":false,"template":"","format":"standard","meta":{"ngg_post_thumbnail":0,"footnotes":""},"categories":[11],"tags":[],"class_list":["post-13829","post","type-post","status-publish","format-standard","hentry","category-ozvena"],"_links":{"self":[{"href":"https:\/\/www.ladislavjakl.cz\/index.php?rest_route=\/wp\/v2\/posts\/13829","targetHints":{"allow":["GET"]}}],"collection":[{"href":"https:\/\/www.ladislavjakl.cz\/index.php?rest_route=\/wp\/v2\/posts"}],"about":[{"href":"https:\/\/www.ladislavjakl.cz\/index.php?rest_route=\/wp\/v2\/types\/post"}],"author":[{"embeddable":true,"href":"https:\/\/www.ladislavjakl.cz\/index.php?rest_route=\/wp\/v2\/users\/9"}],"replies":[{"embeddable":true,"href":"https:\/\/www.ladislavjakl.cz\/index.php?rest_route=%2Fwp%2Fv2%2Fcomments&post=13829"}],"version-history":[{"count":1,"href":"https:\/\/www.ladislavjakl.cz\/index.php?rest_route=\/wp\/v2\/posts\/13829\/revisions"}],"predecessor-version":[{"id":13830,"href":"https:\/\/www.ladislavjakl.cz\/index.php?rest_route=\/wp\/v2\/posts\/13829\/revisions\/13830"}],"wp:attachment":[{"href":"https:\/\/www.ladislavjakl.cz\/index.php?rest_route=%2Fwp%2Fv2%2Fmedia&parent=13829"}],"wp:term":[{"taxonomy":"category","embeddable":true,"href":"https:\/\/www.ladislavjakl.cz\/index.php?rest_route=%2Fwp%2Fv2%2Fcategories&post=13829"},{"taxonomy":"post_tag","embeddable":true,"href":"https:\/\/www.ladislavjakl.cz\/index.php?rest_route=%2Fwp%2Fv2%2Ftags&post=13829"}],"curies":[{"name":"wp","href":"https:\/\/api.w.org\/{rel}","templated":true}]}}