{"id":13855,"date":"2023-12-01T00:13:53","date_gmt":"2023-11-30T23:13:53","guid":{"rendered":"https:\/\/www.ladislavjakl.cz\/?p=13855"},"modified":"2023-12-01T00:16:19","modified_gmt":"2023-11-30T23:16:19","slug":"svatbami-za-klima","status":"publish","type":"post","link":"https:\/\/www.ladislavjakl.cz\/?p=13855","title":{"rendered":"Svatbami za klima"},"content":{"rendered":"<p>Henry Kissinger byl nejslavn\u011bj\u0161\u00edm diplomatem pov\u00e1le\u010dn\u00e9 \u00e9ry. Ale klidn\u011b mohl b\u00fdt i dokonal\u00fdm rozvodov\u00fdm advok\u00e1tem. \u0158\u00eddil se toti\u017e kr\u00e9dem, \u017ee ve sporu nikdy \u017e\u00e1dn\u00e1 strana nem\u016f\u017ee cht\u00edt vyhr\u00e1t deset nula. Cen\u00edm si toho, \u017ee jsem mu mohl stisknout ruku, kdy\u017e byl teprve p\u011btasedmdes\u00e1tilet\u00fdm mlad\u00edkem. Do\u017eil se sta let. Jak dlouho p\u0159e\u017eije ono jeho kr\u00e9do, to kdybych v\u011bd\u011bl.<\/p>\n<p><!--more--><\/p>\n<p>Ale poj\u010fme od rozvod\u016f ke svatb\u00e1m. K&nbsp;naprost\u00e9 dokonalosti m\u00e1 toti\u017e po dne\u0161ku nakro\u010deno n\u00e1\u0161 pr\u00e1vn\u00ed \u0159\u00e1d. Z\u00e1konod\u00e1rc\u016fm se poda\u0159ilo propa\u0161ovat do technick\u00e9 novely z\u00e1kona o matrik\u00e1ch opr\u00e1vn\u011bn\u00ed odd\u00e1vat\u2026 pro z\u00e1konod\u00e1rce. Zmoc\u0148uj\u00ed tak sami sebe. Jen o jeden hlas v&nbsp;Sen\u00e1tu nepro\u0161el n\u00e1vrh na vypu\u0161t\u011bn\u00ed t\u00e9to skv\u011bl\u00e9 novinky.<\/p>\n<p>Ob\u011btav\u00ed z\u00e1konod\u00e1rci si tak nejsp\u00ed\u0161 budou moci p\u0159ibrat dal\u0161\u00ed nelehkou pr\u00e1ci: naparovat se p\u0159ed svateb\u010dany, pl\u00e9st se do pam\u00e1te\u010dn\u00fdch fotografi\u00ed a videoz\u00e1znam\u016f a d\u011blat si ve sv\u00fdch obvodech zadarmo kampa\u0148. Kone\u010dn\u011b tak budou vid\u011bt i ti, kdo z\u016fst\u00e1vali l\u00e9ta neviditeln\u00ed, proto\u017ee ze sam\u00e9 skromnosti neprojevili \u017e\u00e1dn\u00fd samostatn\u00fd n\u00e1zor.<\/p>\n<p>Ka\u017ed\u00fd toti\u017e v\u00ed, \u017ee \u017eenit a vd\u00e1vat se chce ka\u017ed\u00fd. Ale nejsou lidi. Jak jinak vysv\u011btlit, \u017ee polovina p\u00e1r\u016f \u017eij\u00edc\u00edch spolu v&nbsp;dom\u00e1cnosti z\u016fst\u00e1v\u00e1 (a \u010dasto vychov\u00e1v\u00e1 d\u011bti) jen tak na hrom\u00e1dce? Ur\u010dit\u011b to bude jen t\u00edm, \u017ee starostov\u00e9 je nest\u00edhaj\u00ed odd\u00e1vat. A to je\u0161t\u011b kdy\u017e projde man\u017eelstv\u00ed pro v\u0161echny! Kdo to m\u00e1 zvl\u00e1dat? To se bez odd\u00e1vaj\u00edc\u00edch z\u00e1konod\u00e1rc\u016f ned\u00e1 stihnout.<\/p>\n<p>Dnes sm\u00ed uzav\u0159\u00edt man\u017eelstv\u00ed zcela diskrimina\u010dn\u011b jen osoby dosp\u011bl\u00e9, disponuj\u00edc\u00ed pr\u00e1vn\u00ed zp\u016fsobilost\u00ed a kter\u00e9 nejsou vz\u00e1jemn\u011b v&nbsp;bl\u00edzk\u00e9m p\u0159\u00edbuzensk\u00e9m vztahu. A to mus\u00ed skon\u010dit! Man\u017eelstv\u00edm pro v\u0161echny se tento status kone\u010dn\u011b otev\u0159e i pro nezletil\u00e9, pro osoby zbaven\u00e9 pr\u00e1vn\u00ed zp\u016fsobilosti a pro rodinn\u00e9 p\u0159\u00edbuzn\u00e9. Jak k&nbsp;tomu dnes p\u0159ijdou spolu\u017e\u00e1ci ze \u010dtvrt\u00e9 t\u0159\u00eddy, kte\u0159\u00ed by tak r\u00e1di m\u011bli ve \u0161kole hezkou svatbu? Nebo dva brat\u0159i? Nebo d\u011bde\u010dek s&nbsp;vnu\u010dkou? Nebo ment\u00e1ln\u011b posti\u017een\u00ed, kte\u0159\u00ed se neum\u011bj\u00ed podepsat? Kdy\u017e pro v\u0161echny, tak pro v\u0161echny!<\/p>\n<p>Ale zp\u011bt k&nbsp;t\u011bm z\u00e1konod\u00e1rc\u016fm. Dosud \u00fastava rozli\u0161uje moc legislativn\u00ed, justi\u010dn\u00ed a exekutivn\u00ed. Odjak\u017eiva existuj\u00ed tendence v\u0161ech t\u011bchto pil\u00ed\u0159\u016f moci navz\u00e1jem si kompetence vykr\u00e1dat. Oklikou. Z\u00e1konod\u00e1rci fu\u0161uj\u00ed do kompetenc\u00ed moci v\u00fdkonn\u00e9 (vy\u0161et\u0159ovac\u00edmi komisemi, uz\u00e1ko\u0148ov\u00e1n\u00edm spr\u00e1vn\u00ed agendy), v\u00fdkonn\u00e1 moc vykr\u00e1d\u00e1 justici (zasahov\u00e1n\u00edm do soudcovsk\u00e9 nez\u00e1vislosti) a justice zase ingeruje do moci z\u00e1konod\u00e1rn\u00e9 (obch\u00e1zen\u00edm legislativy formou judik\u00e1t\u016f, sv\u00e9volnou interpretac\u00ed z\u00e1konn\u00fdch ustanoven\u00ed). Ale dosud ve\u0161ker\u00e9 pravomoci v\u0161em pil\u00ed\u0159\u016fm p\u0159id\u011blovala a vymezovala \u00fastava (a technickou str\u00e1nku v\u00fdkonu t\u011bchto pravomoc\u00ed nap\u0159\u00edklad jednac\u00ed \u0159\u00e1dy). Nyn\u00ed si z\u00e1konod\u00e1rci na sebe stahuj\u00ed \u010d\u00e1st ryze exekutivn\u00ed a spr\u00e1vn\u00ed agendy b\u011b\u017en\u00fdm z\u00e1konem, a nic se ned\u011bje. Nebo je to t\u00e9ma pro \u00dastavn\u00ed osud?<\/p>\n<p>Jen zd\u00e1nlivou shodou okolnost\u00ed v&nbsp;ropn\u00fdch emir\u00e1tech dnes za\u010dala konference o boji s&nbsp;podneb\u00edm. Minutou za ob\u011bti v&nbsp;Gaze. Informace o jin\u00fdch ob\u011btech na Arabsk\u00fd poloostrov asi je\u0161t\u011b nedorazily. Tohle nevymysl\u00edte. Ono nakonec v\u00e1l\u010den\u00ed \u0161kod\u00ed hlavn\u011b na\u0161emu podneb\u00ed a on\u00e9 nejmenovan\u00e9 planet\u011b. \u017de si ropn\u00ed \u0161ejkov\u00e9 nep\u0159ej\u00ed omezen\u00ed spot\u0159eby fosiln\u00edho tekut\u00e9ho zlata? Ale kde\u017ee. T\u011b\u0161\u00ed se, \u017ee s&nbsp;ka\u017ed\u00fdm dal\u0161\u00edm omezen\u00edm vylet\u00ed ceny. P\u0159edev\u0161\u00edm ale ta \u010d\u00e1st ceny, dan\u00e1 dodate\u010dn\u00fdmi flagelantsk\u00fdmi p\u0159ir\u00e1\u017ekami typu emisn\u00ed povolenky, tak\u017ee n\u011bjak\u00e1 ta zv\u00fd\u0161en\u00e1 mar\u017ee od t\u011b\u017ea\u0159\u016f se snadn\u011bji ztrat\u00ed.<\/p>\n<p>No, a ve stejn\u00fd den se dov\u00edd\u00e1me, \u017ee regulovan\u00e1 slo\u017eka ceny energie u n\u00e1s stoupne od p\u0159\u00ed\u0161t\u00edho roku o dv\u011b t\u0159etiny. A n\u00e1\u0161 premi\u00e9r n\u00e1s ut\u011b\u0161uje, \u017ee na \u201ep\u0159edv\u00e1le\u010dnou\u201c \u00farove\u0148 se ceny energi\u00ed u\u017e stejn\u011b nevr\u00e1t\u00ed nikdy. T\u011b\u017eko \u0159\u00edct, kterou v\u00e1lku m\u00e1 namysli, kdy\u017e exploze cen energi\u00ed za\u010dala u\u017e p\u0159edloni na za\u010d\u00e1tku podzimu. A v\u016fbec, my jsme p\u0159ece ty o\u0161kliv\u00e9 uhl\u00edkat\u00e9 zdroje energie stejn\u011b necht\u011bli, proto\u017ee v\u00edtr a slun\u00ed\u010dko jsou zadarmo, tak\u017ee ceny s&nbsp;ka\u017ed\u00fdm dal\u0161\u00edm v\u011btrn\u00edkem a kolektorem&nbsp;spadnou, jak n\u00e1m tvrdil poslanec eulamentu Niedermaier a pora\u017een\u00fd z&nbsp;nizozemsk\u00fdch voleb Timmermans. Tak jak n\u00e1s tedy m\u016f\u017ee postihnout n\u011bjak\u00e1 v\u00e1lka daleko od n\u00e1s? Nav\u00edc kdy\u017e je zn\u00e1mo, \u017ee dovoz rusk\u00e9ho plynu posledn\u00ed dobou stejn\u011b stoup\u00e1 a dovoz rusk\u00e9 ropy je nejv\u011bt\u0161\u00ed za posledn\u00edch 12 let.<\/p>\n<p>Je to n\u011bjak\u00e9 zapeklit\u00e9. Ale jen zd\u00e1nliv\u011b. \u0158e\u0161en\u00ed je jednoduch\u00e9. Do Dubaje p\u0159ijedou \u010de\u0161t\u00ed z\u00e1konod\u00e1rci a vyzbrojeni novou pravomoc\u00ed oddaj\u00ed Benjamina Netanjahua s&nbsp;Izmailem H\u00e1nid\u017eou, v\u016fdcem Ham\u00e1su. Okam\u017eit\u011b klesnou nejen ceny energi\u00ed, ale i glob\u00e1ln\u00ed teploty. Takov\u00e9 diplomatick\u00e9 \u0159e\u0161en\u00ed by nevymyslel ani Kissinger.<\/p>\n<p><em>Ladislav Jakl, 30. listopadu 2023<\/em><\/p>\n<p><a href=\"https:\/\/www.institutvk.cz\/clanky\/2540.html\">Zdroj<\/a><\/p>\n","protected":false},"excerpt":{"rendered":"<p>Henry Kissinger byl nejslavn\u011bj\u0161\u00edm diplomatem pov\u00e1le\u010dn\u00e9 \u00e9ry. Ale klidn\u011b mohl b\u00fdt i dokonal\u00fdm rozvodov\u00fdm advok\u00e1tem. \u0158\u00eddil se toti\u017e kr\u00e9dem, \u017ee ve sporu nikdy \u017e\u00e1dn\u00e1 strana nem\u016f\u017ee cht\u00edt vyhr\u00e1t deset nula. Cen\u00edm si toho, \u017ee jsem mu mohl stisknout ruku, kdy\u017e byl teprve p\u011btasedmdes\u00e1tilet\u00fdm mlad\u00edkem. Do\u017eil se sta let. Jak dlouho p\u0159e\u017eije ono jeho kr\u00e9do, to [&hellip;]<\/p>\n","protected":false},"author":9,"featured_media":0,"comment_status":"open","ping_status":"open","sticky":false,"template":"","format":"standard","meta":{"ngg_post_thumbnail":0,"footnotes":""},"categories":[1],"tags":[],"class_list":["post-13855","post","type-post","status-publish","format-standard","hentry","category-publikovane-clanky"],"_links":{"self":[{"href":"https:\/\/www.ladislavjakl.cz\/index.php?rest_route=\/wp\/v2\/posts\/13855","targetHints":{"allow":["GET"]}}],"collection":[{"href":"https:\/\/www.ladislavjakl.cz\/index.php?rest_route=\/wp\/v2\/posts"}],"about":[{"href":"https:\/\/www.ladislavjakl.cz\/index.php?rest_route=\/wp\/v2\/types\/post"}],"author":[{"embeddable":true,"href":"https:\/\/www.ladislavjakl.cz\/index.php?rest_route=\/wp\/v2\/users\/9"}],"replies":[{"embeddable":true,"href":"https:\/\/www.ladislavjakl.cz\/index.php?rest_route=%2Fwp%2Fv2%2Fcomments&post=13855"}],"version-history":[{"count":1,"href":"https:\/\/www.ladislavjakl.cz\/index.php?rest_route=\/wp\/v2\/posts\/13855\/revisions"}],"predecessor-version":[{"id":13856,"href":"https:\/\/www.ladislavjakl.cz\/index.php?rest_route=\/wp\/v2\/posts\/13855\/revisions\/13856"}],"wp:attachment":[{"href":"https:\/\/www.ladislavjakl.cz\/index.php?rest_route=%2Fwp%2Fv2%2Fmedia&parent=13855"}],"wp:term":[{"taxonomy":"category","embeddable":true,"href":"https:\/\/www.ladislavjakl.cz\/index.php?rest_route=%2Fwp%2Fv2%2Fcategories&post=13855"},{"taxonomy":"post_tag","embeddable":true,"href":"https:\/\/www.ladislavjakl.cz\/index.php?rest_route=%2Fwp%2Fv2%2Ftags&post=13855"}],"curies":[{"name":"wp","href":"https:\/\/api.w.org\/{rel}","templated":true}]}}