{"id":13861,"date":"2023-12-06T12:14:11","date_gmt":"2023-12-06T11:14:11","guid":{"rendered":"https:\/\/www.ladislavjakl.cz\/?p=13861"},"modified":"2023-12-06T12:14:11","modified_gmt":"2023-12-06T11:14:11","slug":"tohle-ze-jsme-v-roce-1989-chteli","status":"publish","type":"post","link":"https:\/\/www.ladislavjakl.cz\/?p=13861","title":{"rendered":"Tohle \u017ee jsme v roce 1989 cht\u011bli?"},"content":{"rendered":"<p><em>Vid\u00ed to st\u00e1le v\u00edce lid\u00ed. Z\u00e1pad na n\u00e1s prosakoval kr\u00e1sn\u00fdmi auty, rockovou hudbou, obr\u00e1zky manhattansk\u00fdch mrakodrap\u016f, film\u016f s&nbsp;Belmondem. A hlavn\u011b individualismem a v\u016fn\u00ed svobody. Dne\u0161n\u00ed z\u00e1pad jsou p\u0159e\u0161it\u00ed hermafroditi, j\u00eddlo z&nbsp;\u010derv\u016f, klimatick\u00fd \u017eal, politick\u00e1 korektnost.<\/em><\/p>\n<p><!--more--><\/p>\n<p><strong>Test \u2013 priv\u00e1tn\u00ed m\u00e9dia<\/strong><\/p>\n<p>Po\u010d\u00e1tkem 90. let jsem figuroval u vzniku \u010desk\u00e9 medi\u00e1ln\u00ed legislativy a zrodu soukrom\u00fdch nez\u00e1visl\u00fdch r\u00e1di\u00ed a televiz\u00ed. B\u011bhem dvou let jsme v&nbsp;tom p\u0159edb\u011bhli realitu v&nbsp;sousedn\u00edm Rakousku a N\u011bmecku. P\u0159esto k&nbsp;n\u00e1m odtamtud jezdili \u201eexperti\u201c, aby n\u00e1s varovali, a\u0165 to s&nbsp;t\u00edm priv\u00e1tn\u00edm sektorem nep\u0159e\u017eeneme, \u017ee v&nbsp;t\u00e9to oblasti mus\u00ed m\u00edt hlavn\u00ed slovo st\u00e1t.<\/p>\n<p>Bral jsem to jako ojedin\u011bl\u00fd \u00falet, ale kdy\u017e jsem v&nbsp;roce 1993 v&nbsp;roli prvn\u00edho vedouc\u00edho \u00da\u0159adu Rady pro vys\u00edl\u00e1n\u00ed nav\u0161t\u00edvil Mnichov, ptal jsem se, pro\u010d v&nbsp;milionov\u00e9m bohat\u00e9m m\u011bst\u011b maj\u00ed jen sedm priv\u00e1tn\u00edch r\u00e1di\u00ed, kdy\u017e pou\u017eiteln\u00fdch kmito\u010dt\u016f musej\u00ed m\u00edt aspo\u0148 trojn\u00e1sobek. M\u00edstn\u00ed regul\u00e1to\u0159i m\u011b blahosklonn\u011b pou\u010dili, \u017ee by to bylo asoci\u00e1ln\u00ed. Takhle si r\u00e1dia hezky rozd\u011bl\u00ed reklamn\u00ed trh \u2013 a v\u0161echna se maj\u00ed dob\u0159e. Kdyby jich bylo v\u00edc, za\u010dala by si konkurovat, sni\u017eovat n\u00e1klady (i mzdov\u00e9) a podb\u00edzet se z\u00e1kazn\u00edk\u016fm cenou reklamy. Pov\u00edd\u00e1m: to je snad dob\u0159e, \u017ee hust\u0161\u00ed konkurence vede ke sni\u017eov\u00e1n\u00ed cen produkt\u016f, z\u00e1kazn\u00edci vyd\u011blaj\u00ed. No jo, ale vysilatel\u00e9 pr\u00fd budou muset v\u00edc pracovat za ni\u017e\u0161\u00ed tr\u017eby. Pod\u011bkoval jsem za lekci socialismu a sklaplo mi.<\/p>\n<p>Ne, tohle u\u017e nebyl Z\u00e1pad, jeho\u017e n\u00e1vrat do na\u0161ich \u017eivot\u016f jsem si (spolu s&nbsp;velkou \u010d\u00e1st\u00ed n\u00e1roda) v&nbsp;listopadu 1989 tolik p\u0159\u00e1l. Tohle je koule na noze, kter\u00e1 n\u00e1s bude jen brzdit. Deziluze z&nbsp;toho, \u017ee z\u00e1pad u\u017e nen\u00ed t\u00edm obdivovan\u00fdm Z\u00e1padem, jak jsme ho vid\u011bli skrz \u017eeleznou oponu, v\u0161ak teprve startovala. A vrchol\u00ed nyn\u00ed.&nbsp; &nbsp;&nbsp;&nbsp;&nbsp;&nbsp;<\/p>\n<p><strong>M\u011bsta a venkov<\/strong><\/p>\n<p>Co charakterizuje dne\u0161ek? Cenzura, omezen\u00ed politick\u00e9 sout\u011b\u017ee, likvidace suver\u00e9nn\u00edch st\u00e1t\u016f, o\u0159ez\u00e1n\u00ed individu\u00e1ln\u00edch svobod, z\u00e1sahy do soukrom\u00e9ho vlastnictv\u00ed a voln\u00e9ho trhu, kontrola spot\u0159eby energie i ka\u017ed\u00e9ho na\u0161eho jednotliv\u00e9ho n\u00e1kupu, likvidace rodiny, odvr\u017een\u00ed star\u00fdch ctnost\u00ed, multikulturn\u00ed eintopf. To nen\u00ed obr\u00e1zek z&nbsp;dystopie. To je budouc\u00ed p\u0159\u00edtomnost a p\u0159\u00edtomn\u00e1 budoucnost Z\u00e1padu. To se d\u011bje v&nbsp;p\u0159\u00edm\u00e9m p\u0159enose. Vn\u00edm\u00e1me to dostate\u010dn\u011b citliv\u011b?&nbsp; &nbsp;&nbsp;&nbsp;<\/p>\n<p>Hraj\u00ed mainstreamov\u00e1 m\u00e9dia roli kan\u00e1rk\u016f v&nbsp;dole, kte\u0159\u00ed by d\u00edky sv\u00e9 senzitivit\u011b varovali n\u00e1s ostatn\u00ed, \u017ee se d\u011bje n\u011bco zl\u00e9ho? Nikoliv. Karl\u00ednsk\u00fd hipster \u017e\u00e1dn\u00fd probl\u00e9m nec\u00edt\u00ed. Plat a bydlen\u00ed m\u00e1 slu\u0161n\u00e9, pr\u00e1ci uspokojivou, rodinu obvykle \u017e\u00e1dnou, nab\u00eddka zbo\u017e\u00ed a slu\u017eeb kolem vyhovuj\u00edc\u00ed, sport i ve\u010d\u00edrky, to v\u0161e fr\u010d\u00ed, jak m\u00e1. A m\u00e9dia hlavn\u00edho proudu jsou do toho prost\u0159ed\u00ed soci\u00e1ln\u011b vrostl\u00e1.<\/p>\n<p>Kousek za Prahou nebo Brnem je v\u0161e jinak. Tam lidem d\u00fdch\u00e1 nadch\u00e1zej\u00edc\u00ed krize do t\u00fdla zbl\u00edzka. Ti ji c\u00edt\u00ed p\u0159i ka\u017ed\u00e9m n\u00e1kupu v&nbsp;koloni\u00e1lu, p\u0159i ka\u017ed\u00e9m placen\u00ed inkasa i p\u0159i n\u00e1v\u0161t\u011bv\u011b m\u00edstn\u00ed putyky, kter\u00e1 zeje pr\u00e1zdnotou.<\/p>\n<p>Ti norm\u00e1ln\u00ed lidi v\u011bd\u00ed, \u017ee se n\u011bco d\u011bje a \u017ee to n\u011bco m\u00e1 hmotn\u00fd, soci\u00e1ln\u00ed, ale i kulturn\u00ed rozm\u011br, i kdy\u017e by to asi takhle ne\u0159ekli. Jsou nespokojen\u00ed. Jsou plni obav. Ale ani oni p\u0159esn\u011b nev\u011bd\u00ed, pro\u010d to s&nbsp;n\u00e1mi jde z&nbsp;kopce. Vin\u00ed jednotliv\u00e9 papal\u00e1\u0161e z&nbsp;televize, nenasytn\u00e9 kapitalisty, ciz\u00ed korporace, zaslepen\u00e9 fanatiky \u010di zkorumpovan\u00e9 \u00fa\u0159edn\u00edky. Ano, to v\u0161e tu m\u00e1me. Ale je to opravdu z\u00e1kladn\u00ed p\u0159\u00ed\u010dina na\u0161eho mal\u00e9ru? Nebo jen doprovodn\u00e9 okrajov\u00e9 efekty?<\/p>\n<p><strong>Vysn\u011bn\u00fd Z\u00e1pad a \u201ez\u00e1pad\u201c<\/strong><\/p>\n<p>Sl\u00fdch\u00e1me, \u017ee pat\u0159\u00edme na Z\u00e1pad. A \u017ee pokud m\u00e1me u p\u0159ej\u00edm\u00e1n\u00ed kdekter\u00e9 bizarn\u00ed novoty pochybnosti, zpochyb\u0148ujeme t\u00edm svou p\u0159\u00edslu\u0161nost ke spr\u00e1vn\u00e9mu civiliza\u010dn\u00edmu okruhu. Ale nevzdaluje n\u00e1s od p\u016fvodn\u00edch baz\u00e1ln\u00edch hodnot z\u00e1padn\u00ed civilizace pr\u00e1v\u011b to, \u017ee v&nbsp;horliv\u00e9 loajalit\u011b kop\u00edrujeme ty nejdekadentn\u011bj\u0161\u00ed tendence? Pojem \u201ez\u00e1pad\u201c pro n\u00e1s byl synonymem svobody a z&nbsp;n\u00ed pramen\u00edc\u00ed prosperity. Z\u00e1pad pro n\u00e1s p\u0159edstavoval jist\u00e9 kulturn\u00ed a civiliza\u010dn\u00ed principy. A\u017e tak jednoduch\u00e9 a z\u00e1rove\u0148 stra\u0161liv\u00e9 to je: dne\u0161n\u00ed \u201ez\u00e1pad\u201c n\u00e1s od Z\u00e1padu vzdaluje.&nbsp;&nbsp;&nbsp;&nbsp;&nbsp;&nbsp;<\/p>\n<p>Vid\u00ed to st\u00e1le v\u00edce lid\u00ed. Z\u00e1pad na n\u00e1s prosakoval kr\u00e1sn\u00fdmi auty, rockovou hudbou, obr\u00e1zky manhattansk\u00fdch mrakodrap\u016f, film\u016f s&nbsp;Belmondem. A hlavn\u011b individualismem a v\u016fn\u00ed svobody. Dne\u0161n\u00ed z\u00e1pad jsou p\u0159e\u0161it\u00ed hermafroditi, j\u00eddlo z&nbsp;\u010derv\u016f, klimatick\u00fd \u017eal, politick\u00e1 korektnost.<\/p>\n<p>Krom\u011b spole\u010densk\u00e9ho rozvratu a popliv\u00e1n\u00ed v\u0161eho, co se osv\u011bd\u010dilo, je v\u00fdsledkem stagnace. Ekonomick\u00e9 a soci\u00e1ln\u00ed zaost\u00e1v\u00e1n\u00ed. Proto\u017ee n\u00e1\u0161 Z\u00e1pad zapomn\u011bl, co ho ud\u011blalo vedouc\u00ed ekonomickou, politickou i vojenskou silou lidstva. Individu\u00e1ln\u00ed svoboda. Motivovan\u00fd svobodn\u00fd \u010dlov\u011bk. \u00dacta k&nbsp;jedine\u010dnosti ka\u017ed\u00e9ho z&nbsp;n\u00e1s a ochrana mo\u017enosti volit si vlastn\u00ed cestu za \u0161t\u011bst\u00edm.<\/p>\n<p>V&nbsp;roce 1990 jsem kandidoval v&nbsp;prvn\u00edch svobodn\u00fdch volb\u00e1ch od roku 1946 do \u010cesk\u00e9 n\u00e1rodn\u00ed rady s let\u00e1\u010dkem, kde jsem se jednou rukou op\u00edral o trabanta a druhou o mercedes. Dole bylo heslo \u201eDemokracie je efektivn\u00ed.\u201c Dnes bych asi p\u0159esn\u011bji napsal \u201eSvoboda je efektivn\u00ed\u201c, proto\u017ee u\u017e d\u00e1vno ch\u00e1peme, \u017ee demokraticky lze prosadit i nesvobodu. Ale tenkr\u00e1t v\u0161ichni dob\u0159e v\u011bd\u011bli, co ono heslo cht\u011blo \u0159\u00edci. \u017de v&nbsp;Z\u00e1padn\u00edm N\u011bmecku nejsou lid\u00e9 nadan\u011bj\u0161\u00ed, chyt\u0159ej\u0161\u00ed, \u017ee tam nemaj\u00ed lep\u0161\u00ed zdroje. \u017de jsou bohat\u0161\u00ed, proto\u017ee jsou svobodn\u011bj\u0161\u00ed ne\u017e lid\u00e9 v NDR. M\u00fdm t\u00e9matem tehdy bylo provokativn\u00ed dilema: \u201eD\u011bjiny politiky jsou d\u011bjinami souboje dobra a svobody. V tomto souboji stoj\u00edm na stran\u011b svobody.\u201c<\/p>\n<p>Svoboda ale prohr\u00e1v\u00e1. S&nbsp;dobrem i \u201edobrem\u201c. S&nbsp;pokusy za\u0159\u00eddit n\u00e1\u0161 sv\u011bt podle projektu. Podle pl\u00e1nu, jak prosadit sv\u011bt udr\u017eiteln\u00fd, inkluz\u00edvn\u00ed, bez nen\u00e1visti a k\u0159ivdy. Jak dopadly jin\u00e9 pokusy v&nbsp;historii zav\u00e9st utopii do praxe, to v\u00edme. Vedly k&nbsp;nastolen\u00ed sv\u011bta bez svobody, bez chr\u00e1n\u011bn\u00e9ho vlastnictv\u00ed, bez voln\u00e9ho trhu i demokracie. A v&nbsp;d\u016fsledku toho i bez prosperity. P\u0159esto ony slep\u00e9 cesty opakujeme znovu.<\/p>\n<p>My\u0161lenka Z\u00e1padu, jeho civiliza\u010dn\u00ed p\u0159\u00ednos, prosperita i jeho strategick\u00e9 vedouc\u00ed postaven\u00ed, v\u0161e bylo postaveno na my\u0161lence svobody jednotlivce. A ta nen\u00ed mysliteln\u00e1 bez svobody vlastnit a se sv\u00fdm vlastnictv\u00edm svobodn\u011b nakl\u00e1dat. Likvidace t\u011bchto hodnot je explicitn\u00edm c\u00edlem vedouc\u00edch sil dne\u0161n\u00edho \u201ez\u00e1padu\u201c, v\u010detn\u011b nap\u0159\u00edklad tzv. Sv\u011btov\u00e9ho ekonomick\u00e9ho f\u00f3ra.<\/p>\n<p><strong>Multikulti <\/strong><\/p>\n<p>N\u00e1bo\u017eenstv\u00edm dne\u0161n\u00edho Z\u00e1padu je \u201eudr\u017eitelnost\u201c, Great Reset, boj s&nbsp;klimatem \u2013 Green Deal, \u0159\u00edzen\u00e1 soci\u00e1ln\u00ed, mulikulturalistick\u00e1 a genderov\u00e1 diktatura. Kulturn\u00ed pokrok\u00e1\u0159sk\u00fd rozvrat, k\u00e1cen\u00ed osv\u011bd\u010den\u00fdch princip\u016f a jejich nahrazov\u00e1n\u00ed um\u011bl\u00fdmi dystopick\u00fdmi spole\u010densk\u00fdmi koncepty. Svobodn\u00fd \u010dlov\u011bk je v&nbsp;o\u010d\u00edch pokrok\u00e1\u0159\u016f n\u00e1strojem zla a sobectv\u00ed, proto je ho t\u0159eba v\u00e9st k&nbsp;uv\u011bdom\u011bl\u00e9mu chov\u00e1n\u00ed. K&nbsp;tomu slou\u017e\u00ed vym\u00fdv\u00e1n\u00ed mozk\u016f, cenzura, zideologizovan\u00e9 \u0161kolstv\u00ed, ocho\u010den\u00e1 m\u00e9dia, ale tak\u00e9 kontrola spot\u0159eby, selektivn\u00ed zda\u0148ov\u00e1n\u00ed, \u00fatoky na svobodu smlouvy, transformace finan\u010dn\u00edho syst\u00e9mu na n\u00e1stroj mocensk\u00e9 politiky, distribuce podpor, v\u00fdhod a subvenc\u00ed podle ideologick\u00fdch krit\u00e9ri\u00ed.<\/p>\n<p>Z\u00e1padu diktuj\u00ed organizace, kter\u00e9 prosazuj\u00ed radik\u00e1ln\u00ed p\u0159em\u011bnu z\u00e1padn\u00ed spole\u010dnosti, vnucuj\u00ed n\u00e1m politiku spout\u00e1n\u00ed trhu brut\u00e1ln\u00edmi regulacemi a z\u00e1rove\u0148 konaj\u00ed kroky, kter\u00e9 maj\u00ed za c\u00edl soust\u0159edit moc do rukou mal\u00e9 mezin\u00e1rodn\u00ed kliky centr\u00e1ln\u00edch pl\u00e1nova\u010d\u016f.<\/p>\n<p><strong>Soukrom\u00e9 vlastnictv\u00ed<\/strong><\/p>\n<p>Komunismus zam\u011b\u0159il svou pozornost pr\u00e1v\u011b na soukrom\u00e9 vlastnictv\u00ed. Jen\u017ee zn\u00e1rodn\u011bn\u00edm na sebe vzal b\u0159\u00edm\u011b p\u00e9\u010de o t\u00e9m\u011b\u0159 v\u0161echny hmotn\u00e9 statky, za to pak nesl v&nbsp;o\u010d\u00edch ve\u0159ejnosti odpov\u011bdnost, co\u017e ho nakonec tak zdiskreditovalo, \u017ee to vedlo k jeho zhroucen\u00ed. EU dnes vede \u00fatok na soukrom\u00e9 vlastnictv\u00ed rafinovan\u011bji. Ekonomick\u00e9 struktury navenek z\u016fst\u00e1vaj\u00ed v&nbsp;soukrom\u00fdch rukou, ve\u0159ejn\u00e1 moc z&nbsp;nich ale ud\u011bl\u00e1 n\u00e1stroj sv\u00e9 ideologie i bez form\u00e1ln\u00ed zm\u011bny vlastn\u00edc\u00edch subjekt\u016f.<\/p>\n<p>Ze soukrom\u00fdch firem motivovan\u00fdch k&nbsp;efektivit\u011b, rozvoji, zisku, a tedy i k&nbsp;co nejv\u011bt\u0161\u00edmu spole\u010densk\u00e9mu p\u0159\u00ednosu n\u00e1silnou cestou d\u011bl\u00e1me kole\u010dka v&nbsp;soukol\u00ed ideologick\u00e9 ma\u0161in\u00e9rie, v n\u00ed\u017e jsou politick\u00e9 c\u00edle v\u0161\u00edm a prosperita ni\u010d\u00edm. Podv\u00e1z\u00e1n\u00edm svobody rozhodov\u00e1n\u00ed ni\u010d\u00edme motivaci tvo\u0159it, l\u00e9pe slou\u017eit, efektivn\u011bji fungovat. Chudnut\u00ed jako d\u016fsledek t\u011bchto tendenc\u00ed je nevyhnuteln\u00e9. Co tedy nab\u00edzej\u00ed progresivist\u00e9, kdy\u017e se\u0161up k&nbsp;chudob\u011b u\u017e nen\u00ed mo\u017en\u00e9 pop\u00edrat? Slibuj\u00ed ob\u010dan\u016fm Z\u00e1padu utopii, zat\u00edmco jejich c\u00edlem je p\u0159esv\u011bd\u010dit lidi, aby se uskrovnili. Projde jim tato pr\u016fhledn\u00e1 le\u017e u ve\u0159ejnosti?<\/p>\n<p>Jako rukojm\u00ed si berou rovnou celou planetu. \u0158\u00edkaj\u00ed, \u017ee cht\u011bj\u00ed lidstvo zachr\u00e1nit, a proto ho musej\u00ed nejd\u0159\u00edve ovl\u00e1dnout. Nen\u00ed n\u00e1hodou, \u017ee ter\u010dem kontroly nov\u00fdch spole\u010densk\u00fdch in\u017een\u00fdr\u016f je energie. Pod z\u00e1minkou, \u017ee spot\u0159eba energie ni\u010d\u00ed podneb\u00ed, z\u00edsk\u00e1vaj\u00ed kontrolou spot\u0159eby energie kontrolu nad ve\u0161kerou lidskou aktivitou. Krok za krokem se spot\u0159eba energie z&nbsp;b\u011b\u017en\u00e9 transak\u010dn\u00ed podstaty st\u00e1v\u00e1 \u0159\u00edzen\u011b distribuovanou komoditou. Ne \u017ee si spot\u0159ebitel zaplat\u00ed a spot\u0159ebuje. Bude pot\u0159ebovat na spot\u0159ebu povolen\u00ed.<\/p>\n<p>\u010clov\u011bk je sobec, priv\u00e1tn\u00ed firma je nezodpov\u011bdn\u00fd subjekt a suver\u00e9nn\u00ed st\u00e1t je partikul\u00e1rn\u00ed entita, kter\u00e1 jedn\u00e1 v&nbsp;rozporu se z\u00e1jmy lidstva. Tak to vid\u00ed pokrok\u00e1\u0159i, a proto pot\u0159ebuj\u00ed vnutit z\u00e1padu svou globalistickou agendu. Z\u00e1pad se hrout\u00ed. Byl postaven na my\u0161lence, \u017ee lidem bude l\u00e9pe, kdy\u017e budou svobodn\u00ed a d\u00edky tomu i blahobytn\u00ed. M\u00edsto Z\u00e1padu nastupuje \u201ez\u00e1pad\u201c. Ten je postaven na my\u0161lence, \u017ee lidem bude l\u00e9pe na sv\u011bt\u011b, kdy\u017e budou p\u0159ipraveni o svobodu i blahobyt a budou silou donuceni \u017e\u00edt \u201espr\u00e1vn\u011b\u201c. Dovol\u00edme to?<\/p>\n<p>Ps\u00e1no pro listopadov\u00e9 \u010d\u00edslo \u010dasopisu TO<\/p>\n<p>&nbsp;<\/p>\n","protected":false},"excerpt":{"rendered":"<p>Vid\u00ed to st\u00e1le v\u00edce lid\u00ed. Z\u00e1pad na n\u00e1s prosakoval kr\u00e1sn\u00fdmi auty, rockovou hudbou, obr\u00e1zky manhattansk\u00fdch mrakodrap\u016f, film\u016f s&nbsp;Belmondem. A hlavn\u011b individualismem a v\u016fn\u00ed svobody. Dne\u0161n\u00ed z\u00e1pad jsou p\u0159e\u0161it\u00ed hermafroditi, j\u00eddlo z&nbsp;\u010derv\u016f, klimatick\u00fd \u017eal, politick\u00e1 korektnost.<\/p>\n","protected":false},"author":9,"featured_media":0,"comment_status":"open","ping_status":"open","sticky":false,"template":"","format":"standard","meta":{"ngg_post_thumbnail":0,"footnotes":""},"categories":[1],"tags":[],"class_list":["post-13861","post","type-post","status-publish","format-standard","hentry","category-publikovane-clanky"],"_links":{"self":[{"href":"https:\/\/www.ladislavjakl.cz\/index.php?rest_route=\/wp\/v2\/posts\/13861","targetHints":{"allow":["GET"]}}],"collection":[{"href":"https:\/\/www.ladislavjakl.cz\/index.php?rest_route=\/wp\/v2\/posts"}],"about":[{"href":"https:\/\/www.ladislavjakl.cz\/index.php?rest_route=\/wp\/v2\/types\/post"}],"author":[{"embeddable":true,"href":"https:\/\/www.ladislavjakl.cz\/index.php?rest_route=\/wp\/v2\/users\/9"}],"replies":[{"embeddable":true,"href":"https:\/\/www.ladislavjakl.cz\/index.php?rest_route=%2Fwp%2Fv2%2Fcomments&post=13861"}],"version-history":[{"count":1,"href":"https:\/\/www.ladislavjakl.cz\/index.php?rest_route=\/wp\/v2\/posts\/13861\/revisions"}],"predecessor-version":[{"id":13862,"href":"https:\/\/www.ladislavjakl.cz\/index.php?rest_route=\/wp\/v2\/posts\/13861\/revisions\/13862"}],"wp:attachment":[{"href":"https:\/\/www.ladislavjakl.cz\/index.php?rest_route=%2Fwp%2Fv2%2Fmedia&parent=13861"}],"wp:term":[{"taxonomy":"category","embeddable":true,"href":"https:\/\/www.ladislavjakl.cz\/index.php?rest_route=%2Fwp%2Fv2%2Fcategories&post=13861"},{"taxonomy":"post_tag","embeddable":true,"href":"https:\/\/www.ladislavjakl.cz\/index.php?rest_route=%2Fwp%2Fv2%2Ftags&post=13861"}],"curies":[{"name":"wp","href":"https:\/\/api.w.org\/{rel}","templated":true}]}}