{"id":13872,"date":"2023-12-07T12:10:57","date_gmt":"2023-12-07T11:10:57","guid":{"rendered":"https:\/\/www.ladislavjakl.cz\/?p=13872"},"modified":"2023-12-07T12:14:39","modified_gmt":"2023-12-07T11:14:39","slug":"jakl-pro-nect24-42tcen-com-media-se-snazi-postvat-protestujici-proti-sobe","status":"publish","type":"post","link":"https:\/\/www.ladislavjakl.cz\/?p=13872","title":{"rendered":"Jakl pro ne\u010cT24 (42TCen.com): M\u00e9dia se sna\u017e\u00ed po\u0161tvat protestuj\u00edc\u00ed proti sob\u011b"},"content":{"rendered":"<p class=\"-wm-MsoNormal\">V\u00e1\u017een\u00fd pane Jakle. Pokud dovol\u00edte, cht\u011bli bychom V\u00e1s poprosili o n\u00e1zor na&nbsp;<a title=\"vys\u00edl\u00e1n\u00ed\" href=\"https:\/\/www.ceskatelevize.cz\/porady\/11030967025-newsroom-ct24\/223411058170036\/\" target=\"_blank\" rel=\"noopener\">vys\u00edl\u00e1n\u00ed<\/a>&nbsp;\u010cesk\u00e9 televize o st\u00e1vce odbor\u016f dne 27. 11. V report\u00e1\u017ei v\u011bnovan\u00e9 t\u00e9to ud\u00e1losti (26 a\u017e 30 min vys\u00edl\u00e1n\u00ed) byla v\u011bt\u0161ina pozornosti v\u011bnovan\u00e1 jednomu z \u00fa\u010dastn\u00edk\u016f, blogeru Vidl\u00e1kovi.<\/p>\n<p><!--more--><\/p>\n<p class=\"-wm-MsoNormal\">1. Mohl byste uv\u00e9st, co si mysl\u00edte o zp\u016fsobu informov\u00e1n\u00ed o st\u00e1vce?<\/p>\n<p class=\"-wm-MsoNormal\"><b>Zd\u00e1lo se mi a\u017e komick\u00e9, jak k\u0159e\u010dovit\u011b se m\u00e9dia hlavn\u00edho proudu pokou\u0161ej\u00ed po\u0161tvat jednotliv\u00e9 protestuj\u00edc\u00ed skupiny proti sob\u011b. To je metoda posledn\u00ed dobou b\u011b\u017en\u00e1, ale v&nbsp;tomhle p\u0159\u00edpad\u011b to bylo tak okat\u00e9, \u017ee to nemohl p\u0159ehl\u00e9dnout nikdo.<\/b><\/p>\n<p>2. Pro\u010d se v report\u00e1\u017ei uv\u00e1d\u011bly pouze n\u00e1zory odp\u016frc\u016f \u00fa\u010dasti Daniela Sterzika na st\u00e1vce a nebylo informov\u00e1no o obsahu jeho vystoupen\u00ed?<\/p>\n<p class=\"-wm-MsoNormal\"><b>Kdyby se lid\u00e9 dov\u011bd\u011bli, co tam ten p\u00e1n \u0159\u00edkal, mohlo by se st\u00e1t, \u017ee by s&nbsp;n\u00edm mnoho div\u00e1k\u016f t\u0159eba souhlasilo. Zat\u00edmco kdy\u017e se dal prostor jen vym\u00edta\u010d\u016fm vidl\u00e1ck\u00e9ho \u010f\u00e1bla, za\u010dal u&nbsp;mnoh\u00fdch div\u00e1k\u016f p\u00e1chnout s\u00edrou cel\u00fd protivl\u00e1dn\u00ed protest.<\/b><\/p>\n<p>3.Vid\u00edte ve vyj\u00e1d\u0159en\u00ed politik\u016f na soci\u00e1ln\u00edch s\u00edt\u00edch a dal\u0161\u00ed \u0161\u00ed\u0159en\u00ed jejich postoj\u016f ve ve\u0159ejn\u00e9 televizi pokus zmarnit v\u00fdznam st\u00e1vky?<\/p>\n<p class=\"-wm-MsoNormal\"><b>To zcela jist\u011b. Jednoduch\u00e9 sd\u011blen\u00ed, \u017ee odp\u016frc\u016f vl\u00e1dy je mnoho, \u017ee se spojuj\u00ed a aktivizuj\u00ed, bylo rozpatl\u00e1no do bl\u00e1ta polemik r\u016fzn\u00fdch odbor\u00e1\u0159sk\u00fdch p\u0159edstavitel\u016f, aby se p\u016fvodn\u00ed jednoduch\u00e9 sd\u011blen\u00ed utopilo v&nbsp;nesrozumiteln\u00fdch mo\u010d\u00e1lech. &nbsp;<\/b><\/p>\n<p>4. M\u00edstop\u0159edseda Trikolory Petr \u0160t\u011bp\u00e1nek podal st\u00ed\u017enost na \u010ceskou televizi kv\u016fli zm\u00edn\u011bn\u00e9mu vys\u00edl\u00e1n\u00ed. Jak\u00e1 je pravd\u011bpodobnost, \u017ee televize situaci s nevyv\u00e1\u017eenou report\u00e1\u017e\u00ed naprav\u00ed?<\/p>\n<p class=\"-wm-MsoNormal\"><b>Je mo\u017en\u00e9, \u017ee jeho st\u00ed\u017enost skon\u010d\u00ed na stole org\u00e1nu, ve kter\u00e9m zased\u00e1m, tak bych necht\u011bl nic p\u0159edes\u00edlat. Je ale dobr\u00e9 v\u011bd\u011bt, \u017ee v\u017edy m\u00e1 smysl se ozvat, a\u0165 u\u017e je dan\u00e1 st\u00ed\u017enost nakonec \u00fasp\u011b\u0161n\u00e1 nebo nen\u00ed. Medi\u00e1ln\u00ed mana\u017ee\u0159i mus\u00ed c\u00edtit tlak ne pouze od dr\u017eitel\u016f moci, ale tak\u00e9 z&nbsp;druh\u00e9 strany, od ve\u0159ejnosti. To je m\u016f\u017ee p\u0159im\u011bt alespo\u0148 mali\u010dko korigovat svou jednostrannou propagandu.<\/b><\/p>\n","protected":false},"excerpt":{"rendered":"<p>V\u00e1\u017een\u00fd pane Jakle. Pokud dovol\u00edte, cht\u011bli bychom V\u00e1s poprosili o n\u00e1zor na&nbsp;vys\u00edl\u00e1n\u00ed&nbsp;\u010cesk\u00e9 televize o st\u00e1vce odbor\u016f dne 27. 11. V report\u00e1\u017ei v\u011bnovan\u00e9 t\u00e9to ud\u00e1losti (26 a\u017e 30 min vys\u00edl\u00e1n\u00ed) byla v\u011bt\u0161ina pozornosti v\u011bnovan\u00e1 jednomu z \u00fa\u010dastn\u00edk\u016f, blogeru Vidl\u00e1kovi.<\/p>\n","protected":false},"author":9,"featured_media":0,"comment_status":"open","ping_status":"open","sticky":false,"template":"","format":"standard","meta":{"ngg_post_thumbnail":0,"footnotes":""},"categories":[19,13],"tags":[],"class_list":["post-13872","post","type-post","status-publish","format-standard","hentry","category-jakl-leaks","category-rozhovory"],"_links":{"self":[{"href":"https:\/\/www.ladislavjakl.cz\/index.php?rest_route=\/wp\/v2\/posts\/13872","targetHints":{"allow":["GET"]}}],"collection":[{"href":"https:\/\/www.ladislavjakl.cz\/index.php?rest_route=\/wp\/v2\/posts"}],"about":[{"href":"https:\/\/www.ladislavjakl.cz\/index.php?rest_route=\/wp\/v2\/types\/post"}],"author":[{"embeddable":true,"href":"https:\/\/www.ladislavjakl.cz\/index.php?rest_route=\/wp\/v2\/users\/9"}],"replies":[{"embeddable":true,"href":"https:\/\/www.ladislavjakl.cz\/index.php?rest_route=%2Fwp%2Fv2%2Fcomments&post=13872"}],"version-history":[{"count":1,"href":"https:\/\/www.ladislavjakl.cz\/index.php?rest_route=\/wp\/v2\/posts\/13872\/revisions"}],"predecessor-version":[{"id":13873,"href":"https:\/\/www.ladislavjakl.cz\/index.php?rest_route=\/wp\/v2\/posts\/13872\/revisions\/13873"}],"wp:attachment":[{"href":"https:\/\/www.ladislavjakl.cz\/index.php?rest_route=%2Fwp%2Fv2%2Fmedia&parent=13872"}],"wp:term":[{"taxonomy":"category","embeddable":true,"href":"https:\/\/www.ladislavjakl.cz\/index.php?rest_route=%2Fwp%2Fv2%2Fcategories&post=13872"},{"taxonomy":"post_tag","embeddable":true,"href":"https:\/\/www.ladislavjakl.cz\/index.php?rest_route=%2Fwp%2Fv2%2Ftags&post=13872"}],"curies":[{"name":"wp","href":"https:\/\/api.w.org\/{rel}","templated":true}]}}