{"id":13875,"date":"2023-12-07T16:48:23","date_gmt":"2023-12-07T15:48:23","guid":{"rendered":"https:\/\/www.ladislavjakl.cz\/?p=13875"},"modified":"2023-12-07T16:48:23","modified_gmt":"2023-12-07T15:48:23","slug":"dve-g-a-dve-pacifikace","status":"publish","type":"post","link":"https:\/\/www.ladislavjakl.cz\/?p=13875","title":{"rendered":"Dv\u011b G a dv\u011b pacifikace"},"content":{"rendered":"<p>Pacifikace znamen\u00e1 um\u00edrn\u011bn\u00ed, zklidn\u011bn\u00ed. V&nbsp;r\u016fzn\u00fdch souvislostech m\u00e1 tenhle obrat \u010dasto ne zrovna p\u011bkn\u00e9 konotace a t\u0159eba v&nbsp;Hali\u010di (jak v t\u00e9 dnes polsk\u00e9, tak v t\u00e9 dnes ukrajinsk\u00e9) by m\u00edstn\u00ed na toto t\u00e9ma mohli vypr\u00e1v\u011bt velk\u00e9 bolestn\u00e9 p\u0159\u00edb\u011bhy.<\/p>\n<p><!--more--><\/p>\n<p>V&nbsp;posledn\u00edch desetilet\u00edch se ale tohle slovo stalo frekventovan\u00fdm v&nbsp;souvislosti se dv\u011bma G. Gaza a Groznyj. V&nbsp;obou p\u0159\u00edpadech se m\u00edstn\u00ed moci chopily extr\u00e9mn\u00ed islamistick\u00e9 s\u00edly. V&nbsp;obou p\u0159\u00edpadech tyto s\u00edly za\u010daly masov\u011b pou\u017e\u00edvat nejhrub\u0161\u00ed n\u00e1sil\u00ed v\u016f\u010di politick\u00fdm a n\u00e1bo\u017eensk\u00fdm protivn\u00edk\u016fm. A v&nbsp;obou p\u0159\u00edpadech se do\u010dkaly drtiv\u00e9 vojensk\u00e9 reakce, jejich\u017e c\u00edlem byla a je pacifikace, tedy odstran\u011bn\u00ed zdroje hrub\u00e9ho n\u00e1sil\u00ed hrubou silou. P\u00edsmeno G je v&nbsp;obou p\u0159\u00edpadech spole\u010dn\u00e9. Ostatn\u00ed popsan\u00e9 znaky tak\u00e9.<\/p>\n<p>Ale je tu i mnoho z\u00e1sadn\u00edch odli\u0161nost\u00ed. Tit\u00ed\u017e lid\u00e9, kte\u0159\u00ed prvn\u00ed pacifikaci v G kategoricky odsuzovali jako plo\u0161n\u00e9 vra\u017ed\u011bn\u00ed, druhou pacifikaci v G s rovn\u011b\u017e tis\u00edci civiln\u00edmi ob\u011b\u0165mi h\u00e1j\u00ed coby nutnou obrannou a bezpe\u010dnostn\u00ed akci. Zd\u00e1 se, \u017ee kdy\u017e dva d\u011blaj\u00ed tot\u00e9\u017e, nen\u00ed to v jist\u00fdch o\u010d\u00edch v\u017edy tot\u00e9\u017e. Odli\u0161nost\u00ed je i to, \u017ee \u010ce\u010densko je sou\u010d\u00e1st\u00ed Ruska, od kter\u00e9ho se cht\u011bli islamist\u00e9 odtrhnout a vytvo\u0159it chal\u00edf\u00e1t, zat\u00edmco Gaza sou\u010d\u00e1st\u00ed Izraele nen\u00ed, je sou\u010d\u00e1st\u00ed autonomn\u00edho nest\u00e1tu Palestina. Odli\u0161nost\u00ed je i to, \u017ee obyvatel\u00e9 Gazy jsou Arabov\u00e9 a Gaza je v srdci ohromn\u00e9 oblasti ob\u00fdvan\u00e9 skoro p\u016flmiliardov\u00fdm arabsk\u00fdm n\u00e1rodem, jeho\u017e p\u0159\u00edslu\u0161n\u00edci v r\u016fzn\u00e9 m\u00ed\u0159e horlivosti c\u00edt\u00ed s Gazany solidaritu.<\/p>\n<p>Z&nbsp;toho m\u016f\u017ee n\u011bkdo vyvodit, \u017ee dal\u0161\u00ed odli\u0161nost\u00ed je i to, \u017ee probl\u00e9m Gaza je vojensky ne\u0159e\u0161iteln\u00fd, zat\u00edmco probl\u00e9m Groznyj se zd\u00e1 b\u00fdt vojensky vy\u0159e\u0161en. Pak ov\u0161em z\u016fst\u00e1v\u00e1 ot\u00e1zka, jak\u00fdm n\u00e1strojem probl\u00e9m Gaza \u0159e\u0161iteln\u00fd je (nehled\u011b na n\u00e1zor roz\u0161\u00ed\u0159en\u00fd nejen v&nbsp;muslimsk\u00e9m sv\u011bt\u011b ale i po cel\u00e9m Z\u00e1pad\u011b, \u017ee probl\u00e9m se nejmenuje Gaza ale Izrael).<\/p>\n<p>M\u00edt hotov\u00e9, jasn\u00e9 a kategorick\u00e9 n\u00e1zory na zahrani\u010dn\u011b-politick\u00e1 bolav\u00e1 ohniska je o\u010di\u0161\u0165uj\u00edc\u00ed, povzn\u00e1\u0161ej\u00edc\u00ed, \u017eivot uleh\u010duj\u00edc\u00ed a zd\u00e1nliv\u011b mor\u00e1ln\u011b principi\u00e1ln\u00ed. N\u011bkdy je ale l\u00e9pe trochu v\u00edce p\u0159em\u00fd\u0161let. O rysech spole\u010dn\u00fdch i odli\u0161n\u00fdch. Jednu podobnost bych v\u0161ak Gaze tuze p\u0159\u00e1l. Najd\u011bte si na googlovsk\u00fdch map\u00e1ch pohledy z&nbsp;ulice (street view) na dne\u0161n\u00ed podobu m\u011bsta \u010de\u010densk\u00e9ho hlavn\u00edho m\u011bsta Groznyj. Tak\u00e9 byste si p\u0159\u00e1li, kdyby aktu\u00e1ln\u00ed pacifikace v&nbsp;druh\u00e9m G vedla po 20 letech k&nbsp;podobn\u00fdm obr\u00e1zk\u016fm?<\/p>\n<p>P\u0159em\u00fd\u0161l\u00edm o n\u011bjak\u00e9m osl\u00edm m\u016fstku k&nbsp;dne\u0161n\u00edm hork\u00fdm aktualit\u00e1m, ale napad\u00e1 m\u011b jen to, jak na m\u00e9m obl\u00edben\u00e9m webu osel.cz ned\u00e1vno psali, \u017ee archeologov\u00e9 na\u0161li nejstar\u0161\u00ed hromadnou v\u00fdrobnu zbran\u00ed na sv\u011bt\u011b. Datuj\u00ed ji do doby p\u0159ed 7200 lety. A kde \u017ee ji na\u0161li? V&nbsp;Izraeli. A jsme tam, kde jsme byli. Osl\u00ed m\u016fstek n\u00e1s p\u0159evedl zase zp\u011bt. Tak\u017ee k&nbsp;hork\u00e9 aktualit\u011b u\u017e rad\u011bji bez n\u011bj.<\/p>\n<p>Republik\u00e1ni v&nbsp;americk\u00e9m Kongresu zablokovali dal\u0161\u00ed v\u00e1rku vojensk\u00e9 a ekonomick\u00e9 pomoci pro Izrael, Tchajvan a Ukrajinu. K&nbsp;\u00fastupku jsou ochotni jen za podm\u00ednky, \u017ee demokrat\u00e9 p\u0159istoup\u00ed na tvrd\u0161\u00ed protiimigra\u010dn\u00ed opat\u0159en\u00ed, zejm\u00e9na na mexick\u00e9 hranici. Evropsk\u00fd pozorovatel se mus\u00ed pt\u00e1t: to v\u00e1\u017en\u011b stoj\u00ed zachov\u00e1n\u00ed voln\u011b pr\u016fchoz\u00ed hranice pro ileg\u00e1ln\u00ed imigraci demokrat\u016fm za to, \u017ee kv\u016fli n\u00ed d\u00e1vaj\u00ed v&nbsp;s\u00e1zku priority americk\u00e9 sv\u011btov\u00e9 mocensk\u00e9 politiky?<\/p>\n<p>Asi ano. A pro\u010d, prop\u00e1na? Nab\u00edz\u00ed se jedin\u00e1 odpov\u011b\u010f: demokrat\u00e9 doufaj\u00ed, \u017ee z&nbsp;imigrant\u016f se brzy stanou nov\u00ed levicov\u00ed voli\u010di. Voli\u010di demokrat\u016f. No, aby se bidenovci nep\u0159epo\u010d\u00edtali. Volby z&nbsp;posledn\u00edch let ukazuj\u00ed, \u017ee nov\u00ed latinos po z\u00edsk\u00e1n\u00ed volebn\u00edho pr\u00e1va zas tak st\u00e1dn\u011b demokraty u\u017e nevol\u00ed. Tito Novoameri\u010dan\u00e9 jsou \u010dasto konzervativn\u00ed katol\u00edci a na woke v\u00fdst\u0159elky rozmazlen\u00e9 Ameriky si moc nepotrp\u00ed. Ono je to podobn\u00e9, jako paradox z\u00e1padoevropsk\u00e9 krajn\u00ed levice. Na jednu stranu duhov\u00fd a zelen\u00fd fanatismus, na druhou stranu horliv\u00e9 multikulti vyzn\u00e1n\u00ed a otev\u0159en\u00e1 n\u00e1ru\u010d pro muslimskou imigraci. Pro tu, kter\u00e1 si na progresivistick\u00e9 v\u00fdst\u0159elky rozmazlen\u00e9 Z\u00e1padn\u00ed Evropy moc nepotrp\u00ed.<\/p>\n<p>P\u0159esto m\u00e1 z\u00e1padoevropsk\u00e1 vl\u00e1dnouc\u00ed ultralevice v&nbsp;probl\u00e9mu G jako Gaza jasno. Dokud j\u00ed to n\u011bjak\u00fd Novoevropan nevytmav\u00ed a nep\u0159ijde ji zpacifikovat. Nebo u\u017e p\u0159i\u0161el?<br \/>\n<em><br \/>\nLadislav Jakl, 7. prosince 2023<\/em><\/p>\n","protected":false},"excerpt":{"rendered":"<p>Pacifikace znamen\u00e1 um\u00edrn\u011bn\u00ed, zklidn\u011bn\u00ed. V&nbsp;r\u016fzn\u00fdch souvislostech m\u00e1 tenhle obrat \u010dasto ne zrovna p\u011bkn\u00e9 konotace a t\u0159eba v&nbsp;Hali\u010di (jak v t\u00e9 dnes polsk\u00e9, tak v t\u00e9 dnes ukrajinsk\u00e9) by m\u00edstn\u00ed na toto t\u00e9ma mohli vypr\u00e1v\u011bt velk\u00e9 bolestn\u00e9 p\u0159\u00edb\u011bhy.<\/p>\n","protected":false},"author":9,"featured_media":0,"comment_status":"open","ping_status":"open","sticky":false,"template":"","format":"standard","meta":{"ngg_post_thumbnail":0,"footnotes":""},"categories":[1],"tags":[],"class_list":["post-13875","post","type-post","status-publish","format-standard","hentry","category-publikovane-clanky"],"_links":{"self":[{"href":"https:\/\/www.ladislavjakl.cz\/index.php?rest_route=\/wp\/v2\/posts\/13875","targetHints":{"allow":["GET"]}}],"collection":[{"href":"https:\/\/www.ladislavjakl.cz\/index.php?rest_route=\/wp\/v2\/posts"}],"about":[{"href":"https:\/\/www.ladislavjakl.cz\/index.php?rest_route=\/wp\/v2\/types\/post"}],"author":[{"embeddable":true,"href":"https:\/\/www.ladislavjakl.cz\/index.php?rest_route=\/wp\/v2\/users\/9"}],"replies":[{"embeddable":true,"href":"https:\/\/www.ladislavjakl.cz\/index.php?rest_route=%2Fwp%2Fv2%2Fcomments&post=13875"}],"version-history":[{"count":1,"href":"https:\/\/www.ladislavjakl.cz\/index.php?rest_route=\/wp\/v2\/posts\/13875\/revisions"}],"predecessor-version":[{"id":13876,"href":"https:\/\/www.ladislavjakl.cz\/index.php?rest_route=\/wp\/v2\/posts\/13875\/revisions\/13876"}],"wp:attachment":[{"href":"https:\/\/www.ladislavjakl.cz\/index.php?rest_route=%2Fwp%2Fv2%2Fmedia&parent=13875"}],"wp:term":[{"taxonomy":"category","embeddable":true,"href":"https:\/\/www.ladislavjakl.cz\/index.php?rest_route=%2Fwp%2Fv2%2Fcategories&post=13875"},{"taxonomy":"post_tag","embeddable":true,"href":"https:\/\/www.ladislavjakl.cz\/index.php?rest_route=%2Fwp%2Fv2%2Ftags&post=13875"}],"curies":[{"name":"wp","href":"https:\/\/api.w.org\/{rel}","templated":true}]}}