{"id":13883,"date":"2023-12-11T14:43:06","date_gmt":"2023-12-11T13:43:06","guid":{"rendered":"https:\/\/www.ladislavjakl.cz\/?p=13883"},"modified":"2023-12-11T14:43:06","modified_gmt":"2023-12-11T13:43:06","slug":"dokument-otevreny-dopis-premierovi-podepsalo-pres-50-osobnosti-verejneho-zivota","status":"publish","type":"post","link":"https:\/\/www.ladislavjakl.cz\/?p=13883","title":{"rendered":"DOKUMENT. Otev\u0159en\u00fd dopis premi\u00e9rovi podepsalo p\u0159es 50 osobnost\u00ed ve\u0159ejn\u00e9ho \u017eivota"},"content":{"rendered":"<p>V\u00e1\u017een\u00fd pane premi\u00e9re, obrac\u00edme se na V\u00e1s ke&nbsp;Dni lidsk\u00fdch pr\u00e1v t\u00edmto otev\u0159en\u00fdm dopisem, jeliko\u017e n\u00e1s zneklid\u0148uje politizace Ministerstva vnitra. Kroky ministerstva dlouhodob\u011b polarizuj\u00ed spole\u010dnost a vytv\u00e1\u0159ej\u00ed v n\u00ed atmosf\u00e9ru strachu. P\u0159ib\u00fdv\u00e1 indici\u00ed, \u017ee si vl\u00e1da, je\u017e se p\u016fvodn\u011b p\u0159ihl\u00e1sila k odkazu Charty 77,&nbsp;vynucuje jeden politick\u00fd n\u00e1zor a sklouz\u00e1v\u00e1 k cenzurn\u00edm praktik\u00e1m, kter\u00e9 mnoz\u00ed pamatujeme z&nbsp;doby normalizace.<\/p>\n<p><!--more--><\/p>\n<p>N\u00ed\u017ee uv\u00e1d\u00edme n\u011bkolik p\u0159\u00edklad\u016f snah ministra V\u00edta Raku\u0161ana o&nbsp;omezov\u00e1n\u00ed svobody slova<\/p>\n<ul>\n<li>zve\u0159ejn\u011bn\u00e1 metodika krizov\u00e9ho informa\u010dn\u00edho t\u00fdmu (KRIT) zmi\u0148uj\u00edc\u00ed \u201eanonymizovan\u00fd monitoring n\u00e1lad ve&nbsp;st\u00e1tn\u00ed a&nbsp;ve\u0159ejn\u00e9 spr\u00e1v\u011b\u201c, \u201ev\u010dasnou identifikaci osob\u201c s&nbsp;c\u00edlem \u201epojmenovat a&nbsp;zostudit\u201c<\/li>\n<li>vy\u0161et\u0159ov\u00e1n\u00ed des\u00edtek ob\u010dan\u016f za pouh\u00e9 n\u00e1zory na zahrani\u010dn\u00ed politiku, kter\u00e9 se neshoduj\u00ed s&nbsp;t\u011bmi vl\u00e1dn\u00edmi (nap\u0159. p\u0159\u00edpad kriminalizace u\u010ditelky za jej\u00ed v\u00fdklad)<\/li>\n<li>ozna\u010dov\u00e1n\u00ed pouh\u00fdch p\u0159edpov\u011bd\u00ed, odli\u0161n\u00fdch v\u00fdklad\u016f a&nbsp;jin\u00fdch n\u00e1zor\u016f za dezinformace (co\u017e potvrzuje i&nbsp;v\u00fdro\u010dn\u00ed zpr\u00e1va Vojensk\u00e9ho zpravodajstv\u00ed; zpr\u00e1va MV\u010cR o&nbsp;extremismu v\u0161ak ozna\u010duje skupiny \u201enespokojen\u00fdch ob\u010dan\u016f\u201d za \u201eantisyst\u00e9mov\u00e9 hnut\u00ed\u201c)<\/li>\n<li>podpora nechvaln\u011b zn\u00e1m\u00fdch osob a&nbsp;organizac\u00ed, kter\u00e9 rozd\u011bluj\u00ed spole\u010dnost fale\u0161n\u00fdm obvi\u0148ov\u00e1n\u00edm oponent\u016f (viz nap\u0159. vl\u00e1dn\u00ed web BranmeCesko.cz)<\/li>\n<li>n\u00e1vrh \u201eZ\u00e1kona o&nbsp;omezen\u00ed \u0161\u00ed\u0159en\u00ed obsahu ohro\u017euj\u00edc\u00edho n\u00e1rodn\u00ed bezpe\u010dnosti online\u201c, v&nbsp;n\u011bm\u017e jsou&nbsp;velmi v\u00e1gn\u011b definov\u00e1ny podm\u00ednky, za nich\u017e by vl\u00e1da mohla blokovat nepohodln\u00e9 weby<\/li>\n<li>snaha ovl\u00e1dnout medi\u00e1ln\u00ed rady a&nbsp;\u00fakolovat ve\u0159ejnopr\u00e1vn\u00ed m\u00e9dia \u201ebojem s&nbsp;dezinformacemi\u201c, kter\u00fd je tak \u010dasto zneu\u017e\u00edv\u00e1n k&nbsp;omezov\u00e1n\u00ed svobody slova<\/li>\n<li>ned\u00e1vno zah\u00e1jen\u00e1 kampa\u0148 vyb\u00edzej\u00edc\u00ed ob\u010dany k&nbsp;ud\u00e1v\u00e1n\u00ed za \u201cnebezpe\u010dn\u00e9\u201d chov\u00e1n\u00ed na s\u00edt\u00edch a&nbsp;spu\u0161t\u011bn\u00ed vl\u00e1dn\u00edho webu NENALETET.cz p\u0159ipom\u00ednaj\u00edc\u00edho propagandu 80.&nbsp;let a&nbsp;obsahuj\u00edc\u00edho zjevn\u00e9 nepravdy.<\/li>\n<\/ul>\n<p>Spole\u010densk\u00e9 soudr\u017enosti nepom\u00e1haj\u00ed ani Va\u0161e v\u00fdroky na adresu demonstruj\u00edc\u00edch ob\u010dan\u016f, zm\u00ednky o&nbsp;pr\u00e1vu na \u201ekorigovan\u00e9\u201c informace a&nbsp;hled\u00e1n\u00ed vnit\u0159n\u00edch nep\u0159\u00e1tel v&nbsp;duchu mccarthismu 50.&nbsp;let.<\/p>\n<p>V&nbsp;pluralitn\u00ed demokracii nem\u00e1 nikdo monopol na pravdu. P\u0159esto se dnes pravda nehled\u00e1 pomoc\u00ed dialogu a&nbsp;diskuse, n\u00fdbr\u017e je n\u00e1m vnucov\u00e1na \u201earbitry pravdy\u201c, a&nbsp;to dokonce jako jedin\u00fd mo\u017en\u00fd politick\u00fd n\u00e1zor. Kdy\u017e je tato \u201epravda\u201c podrobena prov\u011brce \u010dasu, mnohdy se uk\u00e1\u017ee, \u017ee odporuje realit\u011b. P\u0159\u00edkladem za v\u0161echny jsou Manipul\u00e1to\u0159i, web Jana Cempera, o&nbsp;kter\u00fd se ve sv\u00fdch v\u00fdstupech Ministerstvo vnitra op\u00edr\u00e1 a&nbsp;kter\u00fd se opakovan\u011b dopou\u0161t\u00ed dolo\u017een\u00fdch nepravd v\u016f\u010di cel\u00e9 \u0159ad\u011b ve\u0159ejn\u011b zn\u00e1m\u00fdch osobnost\u00ed. Navzdory sv\u00e9 nevaln\u00e9 pov\u011bsti jsou Manipul\u00e1to\u0159i st\u00e1le doporu\u010dov\u00e1ni na vl\u00e1dn\u00edm webu BranmeCesko.cz jako d\u016fv\u011bryhodn\u00fd zdroj.<\/p>\n<p>Centrum proti hybridn\u00edm hrozb\u00e1m p\u0159i Ministerstvu vnitra publikuje na sv\u00e9m webu politick\u00e9 texty, jako nap\u0159.&nbsp;<em>\u201eSt\u0159edoevropsk\u00e1 identita jako sou\u010d\u00e1st protiz\u00e1padn\u00edho narativu na kvazi-medi\u00e1ln\u00ed sc\u00e9n\u011b\u201c<\/em>&nbsp;nebo&nbsp;<em>\u201eM\u00edr jako kremelsk\u00fd propagandistick\u00fd narativ\u201c,<\/em>&nbsp;a&nbsp;zu\u017euje t\u00edm koridor povolen\u00fdch n\u00e1zor\u016f. Odm\u00edt\u00e1me v\u011b\u0159it, \u017ee by tato vl\u00e1da pova\u017eovala ob\u010dany, kte\u0159\u00ed se hl\u00e1s\u00ed ke st\u0159edoevropsk\u00e9 identit\u011b a&nbsp;nemaj\u00ed 100% n\u00e1zorov\u00fd pr\u016fnik s&nbsp;politikou Evropsk\u00e9 komise, za hybridn\u00ed hrozbu, proti kter\u00e9 mus\u00ed Ministerstvo vnitra vyv\u00edjet medi\u00e1ln\u00ed, politick\u00fd a&nbsp;dokonce i&nbsp;pr\u00e1vn\u00ed n\u00e1tlak.<\/p>\n<p>V&nbsp;\u0159\u00edjnu byla zve\u0159ejn\u011bna Westminstersk\u00e1 deklarace, v\u00fdzva vl\u00e1d\u00e1m, mezin\u00e1rodn\u00edm organizac\u00edm a&nbsp;provozovatel\u016fm digit\u00e1ln\u00edch platforem k&nbsp;zastaven\u00ed cenzurn\u00edch snah, kterou podepsalo 138 sv\u011btov\u011b uzn\u00e1van\u00fdch osobnost\u00ed z&nbsp;\u0159ad akademik\u016f, ve\u0159ejn\u00fdch intelektu\u00e1l\u016f a&nbsp;um\u011blc\u016f. Jej\u00ed p\u0159eklad p\u0159ikl\u00e1d\u00e1me v&nbsp;p\u0159\u00edloze a&nbsp;sou\u010dasn\u011b V\u00e1s \u017e\u00e1d\u00e1me, aby i&nbsp;\u010desk\u00e1 vl\u00e1da p\u0159estala zneu\u017e\u00edvat nejasn\u011b definovan\u00fdch pojm\u016f jako&nbsp;<em>\u201edezinformace\u201c<\/em>&nbsp;\u010di&nbsp;<em>\u201edezinforma\u010dn\u00ed sc\u00e9na\u201c<\/em>&nbsp;k&nbsp;omezov\u00e1n\u00ed svobody slova. Bra\u0148me svobodu projevu a&nbsp;to i&nbsp;pro n\u00e1zory, se kter\u00fdmi nesouhlas\u00edme. Pouze ve ve\u0159ejn\u00e9m prostoru m\u016f\u017eeme tyto n\u00e1zory vyslechnout a&nbsp;p\u0159\u00edpadn\u011b zpochybnit. Svoboda slova je nejlep\u0161\u00ed obranou proti omyl\u016fm, l\u017e\u00edm a&nbsp;polopravd\u00e1m.<\/p>\n<p>Vyz\u00fdv\u00e1me V\u00e1s jako p\u0159edsedu vl\u00e1dy a&nbsp;p\u0159edsedu nejsiln\u011bj\u0161\u00ed koali\u010dn\u00ed strany, abyste se jasn\u011b postavil za svobodu projevu a&nbsp;odm\u00edtl jak\u00e9koli cenzurn\u00ed snahy schovan\u00e9 za boj proti \u00fadajn\u00fdm dezinformac\u00edm. Abyste nedopustil vznik legislativy, kter\u00e1 by d\u00e1vala t\u00e9to a&nbsp;p\u0159\u00ed\u0161t\u00edm vl\u00e1d\u00e1m bianco \u0161ek na filtrov\u00e1n\u00ed nepohodln\u00fdch informac\u00ed nebo umo\u017e\u0148ovala Evropsk\u00e9 komisi zasahovat do \u00fastavn\u011b chr\u00e1n\u011bn\u00e9 svobody projevu \u010desk\u00fdch ob\u010dan\u016f. Abyste se r\u00e1zn\u011b postavil proti \u0161\u00ed\u0159en\u00ed atmosf\u00e9ry netolerance, autocenzury a&nbsp;cancel culture.<\/p>\n<p>Tento dopis pos\u00edl\u00e1me v&nbsp;kopii poslanc\u016fm Marku Bendovi, Janu Skope\u010dkovi a&nbsp;europoslanci Alexandru Vondrovi, jejich\u017e odpov\u011bdi za ODS v&nbsp;p\u0159edvolebn\u00ed anket\u011b uji\u0161\u0165ovaly voli\u010de o&nbsp;tom, \u017ee svoboda projevu je pro Va\u0161i stranu prioritou (cit\u00e1ty z&nbsp;odpov\u011bd\u00ed v&nbsp;p\u0159\u00edloze), a&nbsp;Pavlu Bla\u017ekovi, ministru spravedlnosti. Z&nbsp;dosavadn\u00edho kon\u00e1n\u00ed sou\u010dasn\u00e9 vl\u00e1dy je z\u0159ejm\u00e9, \u017ee tyto sliby jsou opakovan\u011b poru\u0161ov\u00e1ny.<\/p>\n<p>\u017d\u00e1d\u00e1me V\u00e1s, pane premi\u00e9re, abyste v&nbsp;duchu hodnotov\u00e9 politiky d\u016frazn\u011b br\u00e1nil ob\u010dansk\u00e9 svobody a&nbsp;ujistil tak ob\u010dany, \u017ee nemusej\u00ed \u0159\u00edkat n\u011bco jin\u00e9ho doma a&nbsp;n\u011bco jin\u00e9ho na ve\u0159ejnosti. \u017de se nemusej\u00ed b\u00e1t vyjad\u0159ovat sv\u00e9 n\u00e1zory, a\u0165 u\u017e se t\u00fdkaj\u00ed migrace, klimatick\u00fdch opat\u0159en\u00ed, regulac\u00ed EU, o\u010dkov\u00e1n\u00ed proti covidu, situace na Ukrajin\u011b, genderov\u00e9 ideologie, koresponden\u010dn\u00edch voleb, energetick\u00e9 politiky a&nbsp;dal\u0161\u00edch t\u00e9mat.<\/p>\n<p>Angelika Bazalov\u00e1, \u010dlenka Rady \u010cTK<br \/>\nLudva Bedn\u00e1\u0159, publicista<br \/>\nJi\u0159\u00ed Beran, profesor epidemiologie<br \/>\nMartin Brabec, politick\u00fd filosof<br \/>\nTom\u00e1\u0161 B\u0159ich\u00e1\u010dek, pr\u00e1vn\u00edk&nbsp;<br \/>\nIvo Budil, profesor antropologie<br \/>\nRudolf \u010cervenka, \u0159editel nakladatelstv\u00ed&nbsp;<br \/>\nRobin \u010cumpel\u00edk, Inovace republiky<br \/>\nMark\u00e9ta Dobi\u00e1\u0161ov\u00e1, InFakta<br \/>\nPetr Drul\u00e1k, profesor, b\u00fdval\u00fd velvyslanec<br \/>\nPavel Fajt, hudebn\u00edk, skladatel<br \/>\nLadislav Henek, R\u00e1dio Universum<br \/>\nMikol\u00e1\u0161 Chadima, hudebn\u00edk, signat\u00e1\u0159 Charty 77<br \/>\nJitka Chal\u00e1nkov\u00e1, nez\u00e1visl\u00e1 sen\u00e1torka<br \/>\nIgor Chaun, re\u017eis\u00e9r<br \/>\nLadislav Jakl, \u010dlen spr\u00e1vn\u00ed rady IVK<br \/>\nMarek Jan\u010da, Konzervativn\u00ed institut<br \/>\nCec\u00edlie J\u00edlkov\u00e1, publicistka, Report\u00e9\u0159i on-line<br \/>\nMarian Kechlibar, nez\u00e1visl\u00fd publicista<br \/>\nMartina Koci\u00e1nov\u00e1, R\u00e1dio Universum&nbsp;<br \/>\nZden\u011bk Koudelka, pr\u00e1vn\u00edk a&nbsp;V\u0160 u\u010ditel<br \/>\nDaniela Kov\u00e1\u0159ov\u00e1, nez\u00e1visl\u00e1 sen\u00e1torka&nbsp;<br \/>\nBenjamin Kuras, spisovatel a&nbsp;dramatik<br \/>\nTom\u00e1\u0161 Li\u0161tiak, Prager Group<br \/>\nDavid Martinek, autor a&nbsp;re\u017eis\u00e9r<br \/>\nMojm\u00edr Mikul\u00e1\u0161, p\u0159edseda spolku Jedeme autem<br \/>\nTom\u00e1\u0161 Nielsen, p\u0159edseda Pro Libertate<br \/>\nStanislav Novotn\u00fd, p\u0159edseda Asociace nez\u00e1visl\u00fdch m\u00e9di\u00ed<br \/>\nZbyn\u011bk Passer, p\u0159edseda \u010cesk\u00e9 spole\u010dnosti p\u0159\u00e1tel Izraele<br \/>\nZbyn\u011bk Petr\u00e1\u010dek, koment\u00e1tor LN, signat\u00e1\u0159 Charty 77<br \/>\nVadim Petrov, \u010dlen Rady pro rozhlasov\u00e9 a&nbsp;televizn\u00ed vys\u00edl\u00e1n\u00ed<br \/>\nVladim\u00edr Pikora, ekonom<br \/>\nLuk\u00e1\u0161 Pollert, l\u00e9ka\u0159<br \/>\nLenka Proch\u00e1zkov\u00e1, PRAK, signat\u00e1\u0159ka Charty 77&nbsp;<br \/>\nGabriela Sedl\u00e1\u010dkov\u00e1, Spole\u010dnost pro obranu svobody projevu&nbsp;<br \/>\nMichal Sem\u00edn, spolek Svatopluk&nbsp;<br \/>\nJan Schneider, PRAK, signat\u00e1\u0159 Charty 77<br \/>\nRadek Such\u00fd, advok\u00e1t<br \/>\nMark\u00e9ta \u0160ichta\u0159ov\u00e1, ekonomka<br \/>\nIlona \u0160vihl\u00edkov\u00e1, ekonomka<br \/>\nJan Tom\u00e1nek, spisovatel a&nbsp;re\u017eis\u00e9r<br \/>\nAlexander Tomsk\u00fd, politolog, publicista, p\u0159ekladatel<br \/>\nJaroslav Tur\u00e1nek, profesor imunologie<br \/>\nViktor Uj\u010d\u00edk, b\u00fdval\u00fd hokejov\u00fd reprezentant&nbsp;<br \/>\nNat\u00e1lie Vachatov\u00e1, Spole\u010dnost pro obranu svobody projevu<br \/>\nMarek Va\u0161ut, herec<br \/>\nDaniel V\u00e1vra, Spole\u010dnost pro obranu svobody projevu<br \/>\nVlastimil Vesel\u00fd, Spole\u010dnost pro obranu svobody projevu<br \/>\nAlena Vit\u00e1skov\u00e1, Institut AV, b\u00fdval\u00e1 p\u0159edsedkyn\u011b ER\u00da<br \/>\nMarek Zeman, zakladatel Blue Academy<br \/>\nJi\u0159\u00ed \u017d\u00e1\u010dek, spisovatel a&nbsp;b\u00e1sn\u00edk<\/p>\n<p>P\u0159ehled podepsan\u00fdch bude aktualizov\u00e1n&nbsp;<a href=\"https:\/\/www.sosp.cz\/otevreny-dopis-premierovi\/\"><strong>zde<\/strong><\/a>.<\/p>\n<p><em>&nbsp;\u201eZa z\u00e1klad demokratick\u00e9 spole\u010dnosti pokl\u00e1d\u00e1me n\u00e1zorovou pluralitu a&nbsp;pr\u00e1vo na svobodu projevu.&nbsp;Budeme rozhodn\u011b br\u00e1nit jejich sv\u00e9voln\u00e9mu omezov\u00e1n\u00ed ve ve\u0159ejn\u00e9m i&nbsp;digit\u00e1ln\u00edm prostoru. Obrana svobody projevu je jednou z&nbsp;na\u0161ich z\u00e1kladn\u00edch programov\u00fdch tez\u00ed.\u201c<\/em><\/p>\n<p><em>\u201eNepodporujeme n\u00e1vrhy vedouc\u00ed k&nbsp;omezov\u00e1n\u00ed svobody slova\u2026 Nejsme p\u0159\u00edznivci modern\u00ed teze o&nbsp;\u201ezra\u0148uj\u00edc\u00edm\u201c obsahu. Ka\u017ed\u00fd pevn\u00fd n\u00e1zor m\u016f\u017ee n\u011bkdo prohl\u00e1sit za pro n\u011bj osobn\u011b \u201ezra\u0148uj\u00edc\u00ed\u201c a&nbsp;pak doch\u00e1z\u00ed k&nbsp;v\u00fdrazn\u00e9mu ohro\u017een\u00ed svobody projevu.\u201c<\/em><\/p>\n<p><em>\u201eBudeme velmi ostra\u017eit\u011b p\u0159istupovat k&nbsp;legislativn\u00edm i&nbsp;nelegislativn\u00edm n\u00e1vrh\u016fm v&nbsp;t\u00e9to oblasti&nbsp;(boj proti dezinformac\u00edm), \u010di jejich konkr\u00e9tn\u00ed aplikaci. Nep\u0159ipust\u00edme jejich zneu\u017e\u00edv\u00e1n\u00ed.\u201c<\/em><\/p>\n<p><a href=\"https:\/\/denik.to\/otevreny-dopis-premierovi-podepsalo-pres-50-osobnosti-verejneho-zivota\/\">Zdroj<\/a><\/p>\n","protected":false},"excerpt":{"rendered":"<p>V\u00e1\u017een\u00fd pane premi\u00e9re, obrac\u00edme se na V\u00e1s ke&nbsp;Dni lidsk\u00fdch pr\u00e1v t\u00edmto otev\u0159en\u00fdm dopisem, jeliko\u017e n\u00e1s zneklid\u0148uje politizace Ministerstva vnitra. Kroky ministerstva dlouhodob\u011b polarizuj\u00ed spole\u010dnost a vytv\u00e1\u0159ej\u00ed v n\u00ed atmosf\u00e9ru strachu. P\u0159ib\u00fdv\u00e1 indici\u00ed, \u017ee si vl\u00e1da, je\u017e se p\u016fvodn\u011b p\u0159ihl\u00e1sila k odkazu Charty 77,&nbsp;vynucuje jeden politick\u00fd n\u00e1zor a sklouz\u00e1v\u00e1 k cenzurn\u00edm praktik\u00e1m, kter\u00e9 mnoz\u00ed pamatujeme z&nbsp;doby [&hellip;]<\/p>\n","protected":false},"author":9,"featured_media":0,"comment_status":"open","ping_status":"open","sticky":false,"template":"","format":"standard","meta":{"ngg_post_thumbnail":0,"footnotes":""},"categories":[11],"tags":[],"class_list":["post-13883","post","type-post","status-publish","format-standard","hentry","category-ozvena"],"_links":{"self":[{"href":"https:\/\/www.ladislavjakl.cz\/index.php?rest_route=\/wp\/v2\/posts\/13883","targetHints":{"allow":["GET"]}}],"collection":[{"href":"https:\/\/www.ladislavjakl.cz\/index.php?rest_route=\/wp\/v2\/posts"}],"about":[{"href":"https:\/\/www.ladislavjakl.cz\/index.php?rest_route=\/wp\/v2\/types\/post"}],"author":[{"embeddable":true,"href":"https:\/\/www.ladislavjakl.cz\/index.php?rest_route=\/wp\/v2\/users\/9"}],"replies":[{"embeddable":true,"href":"https:\/\/www.ladislavjakl.cz\/index.php?rest_route=%2Fwp%2Fv2%2Fcomments&post=13883"}],"version-history":[{"count":1,"href":"https:\/\/www.ladislavjakl.cz\/index.php?rest_route=\/wp\/v2\/posts\/13883\/revisions"}],"predecessor-version":[{"id":13884,"href":"https:\/\/www.ladislavjakl.cz\/index.php?rest_route=\/wp\/v2\/posts\/13883\/revisions\/13884"}],"wp:attachment":[{"href":"https:\/\/www.ladislavjakl.cz\/index.php?rest_route=%2Fwp%2Fv2%2Fmedia&parent=13883"}],"wp:term":[{"taxonomy":"category","embeddable":true,"href":"https:\/\/www.ladislavjakl.cz\/index.php?rest_route=%2Fwp%2Fv2%2Fcategories&post=13883"},{"taxonomy":"post_tag","embeddable":true,"href":"https:\/\/www.ladislavjakl.cz\/index.php?rest_route=%2Fwp%2Fv2%2Ftags&post=13883"}],"curies":[{"name":"wp","href":"https:\/\/api.w.org\/{rel}","templated":true}]}}