{"id":13893,"date":"2023-12-15T10:30:56","date_gmt":"2023-12-15T09:30:56","guid":{"rendered":"https:\/\/www.ladislavjakl.cz\/?p=13893"},"modified":"2023-12-15T10:30:56","modified_gmt":"2023-12-15T09:30:56","slug":"zeleny-advent-a-cokolismus","status":"publish","type":"post","link":"https:\/\/www.ladislavjakl.cz\/?p=13893","title":{"rendered":"Zelen\u00fd advent a cokolismus"},"content":{"rendered":"<p>Je advent. Pro n\u011bkoho vrchol n\u00e1kupn\u00ed hore\u010dky, pro n\u011bkoho festival bukolick\u00e9ho k\u00fd\u010de, pro n\u011bkoho chv\u00edle, kde se navz\u00e1jem pot\u0159ebujeme tak n\u011bjak v\u00edc a bl\u00ed\u017e. Za p\u00e1r t\u00fddn\u016f zdra\u017e\u00ed teplo, ale to pr\u00fd te\u010f \u0159e\u0161it nebudeme. A kdy\u017e u\u017e, tak jedin\u011b teplo planet\u00e1rn\u00ed.<\/p>\n<p><!--more--><\/p>\n<p>O adventu opra\u0161ujeme svou v\u00edru. Nev\u011b\u0159\u00edc\u00ed \u010dlov\u011bk neexistuje. V\u011b\u0159\u00ed ka\u017ed\u00fd. V\u011b\u0159it a p\u0159edpokl\u00e1dat, to nen\u00ed tot\u00e9\u017e. P\u0159edpokl\u00e1dat je vlastnost\u00ed racia, v\u011b\u0159it je vlastnost\u00ed ducha. Ob\u010das se ob\u00e9 chybn\u011b zam\u011b\u0148uje. Pokud v\u00edra n\u011bkter\u00e9ho \u010dlov\u011bka nen\u00ed op\u0159ena o v\u011brouku, c\u00edrkev a duchovn\u00ed strukturu, vznik\u00e1 pr\u00e1zdn\u00e1 nika.<\/p>\n<p>A tato nika b\u00fdv\u00e1 okam\u017eit\u011b zapln\u011bna. B\u00fdv\u00e1 zapln\u011bna n\u00e1hra\u017ekou (n\u011bkdo by \u0159ekl naivn\u00ed obdobou) na zp\u016fsob v\u00edry v&nbsp;cokoli. V\u00edrou takov\u00e9ho \u010dlov\u011bka je tedy cokolismus. Cokolismus jako surog\u00e1t v\u00edry. S&nbsp;t\u00edmhle term\u00ednem p\u0159i\u0161el n\u011bkdy koncem 90. let jeden holandsk\u00fd v\u011bdec (a sv\u00e9ho \u010dasu snad i politik). A nemyslel to jako pochvalu. Cokolismus je v\u00fdsledkem nouze, v\u00fdsledkem popt\u00e1vky po jak\u00e9si alternativ\u011b v\u00edry.<\/p>\n<p>Fanatismus mlad\u00e9 komunistick\u00e9 studentsk\u00e9 generace z&nbsp;50. let nelze vysv\u011btlit racion\u00e1ln\u00edm zhodnocen\u00edm spole\u010densk\u00fdch faktor\u016f a z&nbsp;toho plynouc\u00edho p\u0159esv\u011bd\u010den\u00ed, kudy vede spr\u00e1vn\u00e1 cesta k&nbsp;lep\u0161\u00edmu \u017eivotu. Argumenty boj\u016fvky vyhazuj\u00edc\u00ed sv\u00e9 profesory nikdy nezaj\u00edmaly, proto\u017ee tito tehdej\u0161\u00ed fanatici m\u011bli sv\u016fj cokolismus, svou rudou v\u00edru.<\/p>\n<p>Dnes se zelen\u00e9 boj\u016fvky na \u0161kol\u00e1ch tak\u00e9 nezaj\u00edmaj\u00ed o data, \u00fadaje, informace, argumenty, \u010d\u00edsla, d\u016fkazy. Vede je cokolismus, v&nbsp;tomto p\u0159\u00edpad\u011b v&nbsp;podob\u011b klimatick\u00e9ho hysterick\u00e9ho blouzn\u011bn\u00ed. Pozn\u00e1te to z&nbsp;jak\u00e9koli \u201edebaty\u201c s&nbsp;n\u011bkter\u00fdm z&nbsp;posti\u017een\u00fdch touho zaslepenou n\u00e1hra\u017ekou v\u00edry. B\u00fdvaj\u00ed u\u017easl\u00ed, \u017ee se n\u011bkdo chce bavit o sam\u00fdch v\u00fdchodisc\u00edch podneb\u00ed\u010dk\u00e1\u0159sk\u00e9 pseudon\u00e1bo\u017eensk\u00e9 ideologie. Ty jsou pr\u00fd p\u0159ece d\u00e1vno mimo diskusi, nyn\u00ed diskutujeme jen o zp\u016fsobech, jak nakrmit zelen\u00e9ho boha dal\u0161\u00edmi a dal\u0161\u00edmi lidsk\u00fdmi ob\u011b\u0165mi.<\/p>\n<p>\u00dadajn\u011b gramotn\u00ed studenti UMPRUM vyv\u011bsili z&nbsp;okna transparent, kde stoj\u00ed, \u017ee \u201eudr\u017eitelnost si za prachy nekoup\u00ed\u0161\u201c. Oni, kte\u0159\u00ed v&nbsp;\u017eivot\u011b nic nevyd\u011blali, oni, jejich\u017e individu\u00e1ln\u00ed spot\u0159eba statk\u016f odpov\u00edd\u00e1 africk\u00e9 vesnici, pohrdaj\u00ed v\u00fdsledky pr\u00e1ce t\u011bch, kte\u0159\u00ed postavili sv\u011bt kolem nich a udr\u017euj\u00ed ho v&nbsp;chodu. Ale to nen\u00ed udr\u017eov\u00e1n\u00ed udr\u017eitelnosti, jakou si klimahysterici p\u0159edstavuj\u00ed. Oni si ji p\u0159edstavuj\u00ed asi tak, \u017ee neandrt\u00e1lci m\u011bli l\u00e9pe \u0161et\u0159it pazourkem a \u017eili by dodnes.<\/p>\n<p>\u00dapln\u011b p\u0159esn\u011b nev\u00edme, co se to tedy m\u00e1 udr\u017eovat. Ctnosti, kter\u00e9 se osv\u011bd\u010dily? Tradice? Holubi? To bude ono! Holubi! P\u0159ed p\u00e1r dny v&nbsp;Japonsku zatkli a ze zabit\u00ed obvinili \u0159idi\u010de, kter\u00fd holuba p\u0159ejel, a zabr\u00e1nil tak udr\u017eitelnosti holub\u00edho \u017eivota. Nebo co je nutno podle podneb\u00ed\u010dk\u00e1\u0159\u016f udr\u017eet? Prosperitu? Jak? Chudnut\u00edm? Stav ve\u0159ejn\u00e9ho zdrav\u00ed v\u0161eobecn\u00fdm blbnut\u00edm?<\/p>\n<p>Kv\u016fli udr\u017eitelnosti je \u00fadajn\u011b t\u0159eba nem\u00edt d\u011bti. Kdo ale pak bude udr\u017eovat n\u00e1\u0161 vesm\u00edr? P\u0159ek\u00e1\u017ekou v&nbsp;udr\u017eitelnosti jsou pr\u00fd taky p\u0159emno\u017een\u00ed d\u016fchodci. Po\u0159\u00e1d p\u0159ib\u00fdvaj\u00ed (zejm\u00e9na tento t\u00fdden) a m\u00e1lo um\u00edraj\u00ed (pokud nep\u0159ijde v&nbsp;z\u00e1jmu udr\u017eitelnosti n\u011bjak\u00e1 ta epidemie ch\u0159ipky).<\/p>\n<p>R\u00e1di o sv\u00e9 z\u00e1padn\u00ed civilizaci \u0159\u00edk\u00e1me, \u017ee je postavena na antick\u00fdch a k\u0159es\u0165ansk\u00fdch z\u00e1kladech. Jsou tyto z\u00e1klady udr\u017eiteln\u00e9 v&nbsp;horizontu p\u0159\u00ed\u0161t\u00edch delegac\u00ed? Odolaj\u00ed cokolismu, toho \u010dasu jedovat\u011b zelen\u00e9 barvy? O tom by mohl b\u00fdt leto\u0161n\u00ed advent.&nbsp;<\/p>\n<p><em>Ladislav Jakl, 14. prosince 2023<\/em><\/p>\n","protected":false},"excerpt":{"rendered":"<p>Je advent. Pro n\u011bkoho vrchol n\u00e1kupn\u00ed hore\u010dky, pro n\u011bkoho festival bukolick\u00e9ho k\u00fd\u010de, pro n\u011bkoho chv\u00edle, kde se navz\u00e1jem pot\u0159ebujeme tak n\u011bjak v\u00edc a bl\u00ed\u017e. Za p\u00e1r t\u00fddn\u016f zdra\u017e\u00ed teplo, ale to pr\u00fd te\u010f \u0159e\u0161it nebudeme. A kdy\u017e u\u017e, tak jedin\u011b teplo planet\u00e1rn\u00ed.<\/p>\n","protected":false},"author":9,"featured_media":0,"comment_status":"open","ping_status":"open","sticky":false,"template":"","format":"standard","meta":{"ngg_post_thumbnail":0,"footnotes":""},"categories":[1],"tags":[],"class_list":["post-13893","post","type-post","status-publish","format-standard","hentry","category-publikovane-clanky"],"_links":{"self":[{"href":"https:\/\/www.ladislavjakl.cz\/index.php?rest_route=\/wp\/v2\/posts\/13893","targetHints":{"allow":["GET"]}}],"collection":[{"href":"https:\/\/www.ladislavjakl.cz\/index.php?rest_route=\/wp\/v2\/posts"}],"about":[{"href":"https:\/\/www.ladislavjakl.cz\/index.php?rest_route=\/wp\/v2\/types\/post"}],"author":[{"embeddable":true,"href":"https:\/\/www.ladislavjakl.cz\/index.php?rest_route=\/wp\/v2\/users\/9"}],"replies":[{"embeddable":true,"href":"https:\/\/www.ladislavjakl.cz\/index.php?rest_route=%2Fwp%2Fv2%2Fcomments&post=13893"}],"version-history":[{"count":1,"href":"https:\/\/www.ladislavjakl.cz\/index.php?rest_route=\/wp\/v2\/posts\/13893\/revisions"}],"predecessor-version":[{"id":13894,"href":"https:\/\/www.ladislavjakl.cz\/index.php?rest_route=\/wp\/v2\/posts\/13893\/revisions\/13894"}],"wp:attachment":[{"href":"https:\/\/www.ladislavjakl.cz\/index.php?rest_route=%2Fwp%2Fv2%2Fmedia&parent=13893"}],"wp:term":[{"taxonomy":"category","embeddable":true,"href":"https:\/\/www.ladislavjakl.cz\/index.php?rest_route=%2Fwp%2Fv2%2Fcategories&post=13893"},{"taxonomy":"post_tag","embeddable":true,"href":"https:\/\/www.ladislavjakl.cz\/index.php?rest_route=%2Fwp%2Fv2%2Ftags&post=13893"}],"curies":[{"name":"wp","href":"https:\/\/api.w.org\/{rel}","templated":true}]}}