{"id":13898,"date":"2023-12-19T13:52:45","date_gmt":"2023-12-19T12:52:45","guid":{"rendered":"https:\/\/www.ladislavjakl.cz\/?p=13898"},"modified":"2023-12-19T13:54:37","modified_gmt":"2023-12-19T12:54:37","slug":"klimaticka-policie-pirati-uz-ji-chystaji-oficialne-a-nebude-uniku","status":"publish","type":"post","link":"https:\/\/www.ladislavjakl.cz\/?p=13898","title":{"rendered":"\u201eKlimatick\u00e1 policie\u201c. Pir\u00e1ti u\u017e ji chystaj\u00ed. Ofici\u00e1ln\u011b a nebude \u00faniku"},"content":{"rendered":"<p><strong>\u010cesko pot\u0159ebuje \u201eklimatick\u00fd z\u00e1kon\u201c, aby bylo mo\u017en\u00e9 vym\u00e1hat dodr\u017eov\u00e1n\u00ed ji\u017e p\u0159ijat\u00fdch opat\u0159en\u00ed. P\u0159ich\u00e1z\u00ed s t\u00edm politici Pir\u00e1tsk\u00e9 strany, Mikul\u00e1\u0161 Peksa a Kl\u00e1ra Kocmanov\u00e1. Vznikla by t\u0159eba Klimatick\u00e1 rada a mohla vzniknout odpov\u011bdnost osob za po\u0161kozen\u00ed klimatu. S pochopen\u00edm ze strany nejv\u011bt\u0161\u00ed vl\u00e1dn\u00ed strany se n\u00e1vrh nesetk\u00e1v\u00e1. \u00dastavn\u00ed expert nav\u00edc varuje p\u0159ed stamiliardov\u00fdmi n\u00e1klady. Zn\u00ed varov\u00e1n\u00ed p\u0159ed t\u00edm, \u017ee vznikne klimatick\u00e1 policie, p\u0159ed kterou nebude \u00faniku.<\/strong><\/p>\n<p><!--more--><\/p>\n<div>\n<div class=\"social-media-buttons clearfix\">&nbsp;<\/div>\n<\/div>\n<figure>\n<div class=\"img\"><img decoding=\"async\" src=\"https:\/\/cms.parlamentnilisty.cz\/image.ashx?w=632&amp;h=307&amp;f=IMG_6320_637072726840890452.jpg&amp;id=145295\" alt=\"\u201eKlimatick\u00e1 policie\u201c. Pir\u00e1ti u\u017e ji chystaj\u00ed. Ofici\u00e1ln\u011b a nebude \u00faniku\"><\/div><figcaption class=\"photo-info\"><small>Foto:&nbsp;<strong>Hans \u0160tembera<\/strong><br \/>\nPopisek:&nbsp;<strong>Europoslanec Mikul\u00e1\u0161 Peksa<\/strong><\/small><\/figcaption><\/figure>\n<section class=\"article-content\">\u010cesk\u00e1 pir\u00e1tsk\u00e1 strana vypracovala n\u00e1vrh nov\u00e9ho z\u00e1kona, kter\u00fd by podle autor\u016f m\u011bl zajistit efektivn\u011bj\u0161\u00ed ochranu klimatu. Klimatick\u00fd z\u00e1kon, jak se p\u0159edlo\u017een\u00fd n\u00e1vrh jmenuje, by kup\u0159\u00edkladu zavedl nov\u00e9 st\u00e1tn\u00ed org\u00e1ny nebo by m\u011bl zajistit soudn\u00ed vymahatelnost stanoven\u00e9 politiky a mo\u017en\u00e1 i dodr\u017eov\u00e1n\u00ed ur\u010dit\u00fdch pravidel.&nbsp;Klimatick\u00e1 rada, V\u00fdbor pro klimatick\u00e9 investice, v\u00edcelet\u00fd klimatick\u00fd pl\u00e1n, \u00fazemn\u00ed klimatick\u00e9 pl\u00e1ny m\u011bst a obc\u00ed, emisn\u00ed z\u00e1vazky, anebo tak\u00e9 p\u0159estupky proti klimatick\u00e9mu z\u00e1konu \u010di odpov\u011bdnost fyzick\u00fdch a pr\u00e1vnick\u00fdch osob za klimatickou \u00fajmu a po\u0161kozen\u00ed klimatu.&nbsp;To jsou nam\u00e1tkou novoty, kter\u00e9 dle autor\u016f n\u00e1vrhu z \u010cesk\u00e9 pir\u00e1tsk\u00e9 strany maj\u00ed pomoci k tomu, aby se v\u00edce dbalo na schv\u00e1len\u00e9 klimatick\u00e9 c\u00edle. Dnes jsou pr\u00fd hlavn\u011b na pap\u00ed\u0159e, ale jejich vymahatelnost je miziv\u00e1.<\/p>\n<ul>\n<li><strong>Podrobnosti v\u010detn\u011b cel\u00e9ho zn\u011bn\u00ed n\u00e1vrhu klimatick\u00e9ho z\u00e1kona&nbsp;<a href=\"https:\/\/klimatickyzakon.cz\/\" target=\"_blank\" rel=\"nofollow noopener\">ZDE<\/a><\/strong><\/li>\n<\/ul>\n<p>Pir\u00e1tsk\u00fd europoslanec Mikul\u00e1\u0161 Peksa, kter\u00fd je jedn\u00edm z inici\u00e1tor\u016f n\u00e1vrhu tzv. klimatick\u00e9ho z\u00e1kona, pro Parlamentn\u00edListy.cz vysv\u011btluje, \u017ee bez p\u0159ijet\u00ed z\u00e1kona bude na\u0161e zem\u011b t\u011b\u017eko plnit ji\u017e dan\u00e9 mezin\u00e1rodn\u00ed z\u00e1vazky.<\/p>\n<p>\u201eO\u010dek\u00e1v\u00e1m, \u017ee klimatick\u00fd z\u00e1kon bude v Poslaneck\u00e9 sn\u011bmovn\u011b napad\u00e1n pop\u00edra\u010di klimatick\u00e9 zm\u011bny a bude snaha ho oslabit,\u201c \u0159\u00edk\u00e1 europoslanec. \u201eZ\u00e1rove\u0148, pokud by se ho nepovedlo prosadit, bude pro \u010ceskou republiku velmi t\u011b\u017ek\u00e9 dost\u00e1t sv\u00fdm mezin\u00e1rodn\u00edm z\u00e1vazk\u016fm. A pochopiteln\u011b to bude m\u00edt i jist\u00fd negativn\u00ed dopad na klima planety jako celku,\u201c domn\u00edv\u00e1 se Peksa.<\/p>\n<div class=\"google-auto-placed ap_container\">\n<p>Naopak jin\u00ed koali\u010dn\u00ed politici maj\u00ed s p\u0159ijet\u00edm klimatick\u00e9ho z\u00e1kona probl\u00e9m. \u201eToto nen\u00ed m\u016fj \u0161\u00e1lek \u010daje. Bez plynu a j\u00e1dra to je\u0161t\u011b des\u00edtky let nep\u016fjde,\u201c upozornil poslanec Karel Krejza (ODS).<\/p>\n<\/div>\n<p>Dal\u0161\u00ed z v\u00fdznamn\u00fdch ob\u010dansk\u00fdch demokrat\u016f, sen\u00e1tor Tom\u00e1\u0161 Jirsa, p\u0159ipom\u00edn\u00e1 ned\u00e1vn\u00e9 prohl\u00e1\u0161en\u00ed 1600 sv\u011btov\u00fdch v\u011bdc\u016f, podle nich\u017e \u201eje klimatick\u00e1 nouze podvod\u201c a \u017ee \u201ehysterie vedouc\u00ed k destrukci ekonomiky mus\u00ed skon\u010dit\u201c. \u201eSt\u00e1le plat\u00ed, \u017ee na ty, kte\u0159\u00ed tohle vym\u00fd\u0161lej\u00ed, by se m\u011bl volat dr. Chocholou\u0161ek. Pir\u00e1t\u016fm je z\u0159ejm\u011b m\u00e1lo 18 ministersk\u00fdch n\u00e1m\u011bstk\u016f plus \u010dty\u0159i poslanci,\u201c nar\u00e1\u017e\u00ed Jirsa na n\u00e1vrhy na z\u0159\u00edzen\u00ed nov\u00fdch \u00fa\u0159ad\u016f a s t\u00edm i patrn\u011b choutky obsadit nov\u00e9 lukrativn\u00ed posty, kter\u00e9 by nav\u00edc v p\u0159\u00edpad\u011b \u201eklimatick\u00e9 rady\u201c m\u011bly desetilet\u00e9 funk\u010dn\u00ed obdob\u00ed.<\/p>\n<p>Sen\u00e1tor Zden\u011bk Hraba (nez\u00e1visl\u00fd v klubu ODS a TOP 09) m\u00edn\u00ed, \u017ee klimatick\u00fd z\u00e1kon nejde nazvat jinak ne\u017e pr\u00e1vn\u00edm poz\u00e9rstv\u00edm. \u201eJe to dal\u0161\u00ed v\u00fdmysl aktivist\u016f ve stylu hesla \u201aporu\u010d\u00edme v\u011btru, de\u0161ti\u2018. K \u010dist\u0161\u00edmu \u017eivotn\u00edmu prost\u0159ed\u00ed nep\u0159isp\u011bje, naopak to zahlt\u00ed soudy p\u0159\u00edpadn\u00fdmi nesmysln\u00fdmi \u017ealobami a vytvo\u0159\u00ed to dal\u0161\u00ed zbyte\u010dn\u00e9 org\u00e1ny, kde budou nepochybn\u011b zam\u011bstn\u00e1ni ti, kte\u0159\u00ed si nejsou schopni naj\u00edt norm\u00e1ln\u00ed pr\u00e1ci a jedin\u00e9, co um\u011bj\u00ed, je \u017e\u00edt z parazitov\u00e1n\u00ed na ve\u0159ejn\u00fdch rozpo\u010dtech. \u010cist\u0161\u00ed \u017eivotn\u00ed prost\u0159ed\u00ed neza\u0159\u00edd\u00edme tak, \u017ee si to odhlasujeme. \u010cist\u0161\u00ed \u017eivotn\u00ed prost\u0159ed\u00ed zajist\u00edme tak, \u017ee se k p\u0159\u00edrod\u011b budeme chovat s respektem a zkr\u00e1tka tak, jak to um\u011bli na\u0161i p\u0159edkov\u00e9. Bez klimaz\u00e1kona a vyhozen\u00fdch miliard z oken,\u201c sd\u011bluje Hraba pro Parlamentn\u00edListy.cz.<\/p>\n<div class=\"twitter-tweet twitter-tweet-rendered\"><iframe id=\"twitter-widget-0\" class=\"\" title=\"X Post\" src=\"https:\/\/platform.twitter.com\/embed\/Tweet.html?dnt=false&amp;embedId=twitter-widget-0&amp;features=eyJ0ZndfdGltZWxpbmVfbGlzdCI6eyJidWNrZXQiOltdLCJ2ZXJzaW9uIjpudWxsfSwidGZ3X2ZvbGxvd2VyX2NvdW50X3N1bnNldCI6eyJidWNrZXQiOnRydWUsInZlcnNpb24iOm51bGx9LCJ0ZndfdHdlZXRfZWRpdF9iYWNrZW5kIjp7ImJ1Y2tldCI6Im9uIiwidmVyc2lvbiI6bnVsbH0sInRmd19yZWZzcmNfc2Vzc2lvbiI6eyJidWNrZXQiOiJvbiIsInZlcnNpb24iOm51bGx9LCJ0ZndfZm9zbnJfc29mdF9pbnRlcnZlbnRpb25zX2VuYWJsZWQiOnsiYnVja2V0Ijoib24iLCJ2ZXJzaW9uIjpudWxsfSwidGZ3X21peGVkX21lZGlhXzE1ODk3Ijp7ImJ1Y2tldCI6InRyZWF0bWVudCIsInZlcnNpb24iOm51bGx9LCJ0ZndfZXhwZXJpbWVudHNfY29va2llX2V4cGlyYXRpb24iOnsiYnVja2V0IjoxMjA5NjAwLCJ2ZXJzaW9uIjpudWxsfSwidGZ3X3Nob3dfYmlyZHdhdGNoX3Bpdm90c19lbmFibGVkIjp7ImJ1Y2tldCI6Im9uIiwidmVyc2lvbiI6bnVsbH0sInRmd19kdXBsaWNhdGVfc2NyaWJlc190b19zZXR0aW5ncyI6eyJidWNrZXQiOiJvbiIsInZlcnNpb24iOm51bGx9LCJ0ZndfdXNlX3Byb2ZpbGVfaW1hZ2Vfc2hhcGVfZW5hYmxlZCI6eyJidWNrZXQiOiJvbiIsInZlcnNpb24iOm51bGx9LCJ0ZndfdmlkZW9faGxzX2R5bmFtaWNfbWFuaWZlc3RzXzE1MDgyIjp7ImJ1Y2tldCI6InRydWVfYml0cmF0ZSIsInZlcnNpb24iOm51bGx9LCJ0ZndfbGVnYWN5X3RpbWVsaW5lX3N1bnNldCI6eyJidWNrZXQiOnRydWUsInZlcnNpb24iOm51bGx9LCJ0ZndfdHdlZXRfZWRpdF9mcm9udGVuZCI6eyJidWNrZXQiOiJvbiIsInZlcnNpb24iOm51bGx9fQ%3D%3D&amp;frame=false&amp;hideCard=false&amp;hideThread=false&amp;id=1734497991031914703&amp;lang=en&amp;origin=https%3A%2F%2Fwww.parlamentnilisty.cz%2Fzpravy%2Fkauzy%2F-Klimaticka-policie-Pirati-uz-ji-chystaji-Oficialne-a-nebude-uniku-747852&amp;sessionId=2cbd7b4fadea1d187fe6546e0ae05e3a7f4a9a9d&amp;theme=light&amp;widgetsVersion=2615f7e52b7e0%3A1702314776716&amp;width=550px\" frameborder=\"0\" scrolling=\"no\" allowfullscreen=\"allowfullscreen\" data-tweet-id=\"1734497991031914703\" data-mce-fragment=\"1\"><\/iframe><\/div>\n<p>Podle \u00fastavn\u00edho experta Zde\u0148ka Koudelky je ten n\u00e1vrh z\u00e1kona reakc\u00ed na rozhodnut\u00ed Nejvy\u0161\u0161\u00edho spr\u00e1vn\u00edho soudu, kter\u00fd odm\u00edtl klimatick\u00e9 \u017ealoby aktivist\u016f na st\u00e1t s&nbsp;c\u00edlem vynutit si r\u016fzn\u00e1 omezuj\u00edc\u00ed, \u017eivot komplikuj\u00edc\u00ed a zdra\u017euj\u00edc\u00ed opat\u0159en\u00ed, kter\u00e9 v\u011bt\u0161ina oby\u010dejn\u00fdch lid\u00ed nechce. \u201ePokud by byl ten n\u00e1vrh z\u00e1kona p\u0159ijat, byly by klimatick\u00e9 \u017ealoby pod\u00e1v\u00e1ny houfn\u011b a soud by je ji\u017e nemohl odm\u00edtat. St\u00e1t bude tla\u010den k&nbsp;stamiliardov\u00fdm n\u00e1klad\u016fm na klimatick\u00e1, ale ve sv\u00e9m d\u016fsledku ze sv\u011btov\u00e9ho pohledu ne\u00fa\u010dinn\u00e1 opat\u0159en\u00ed,\u201c analyzuje pro Parlamentn\u00edListy.cz.<\/p>\n<p>\u201eTen z\u00e1kon by se stal \u017eivnou p\u016fdou pro to, aby skrze soudy klimati\u010dt\u00ed aktivist\u00e9 tla\u010dili k&nbsp;opat\u0159en\u00edm typu z\u00e1kazu spalovac\u00edch motor\u016f, omezen\u00ed leteck\u00e9 dopravy, z\u00e1kazu p\u00e1len\u00ed uhl\u00ed i d\u0159eva a podobn\u011b. Je projevem pohrd\u00e1n\u00ed t\u011b\u017ekou ekonomickou situac\u00ed \u0159ady ob\u010dan\u016f, kte\u0159\u00ed v&nbsp;d\u016fsledku inflace za sou\u010dasn\u00e9 vl\u00e1dy Petra Fialy, p\u0159i\u010dem\u017e se na vl\u00e1dnut\u00ed pod\u00edlej\u00ed i Pir\u00e1ti, nebo\u0165 z\u00e1kon p\u0159edpokl\u00e1d\u00e1 nov\u00e9 v\u00fddaje ze st\u00e1tn\u00edho rozpo\u010dtu, v\u010detn\u011b z\u0159\u00edzen\u00ed nov\u00fdch \u00fa\u0159ad\u016f \u2013 Klimatick\u00e1 rada, V\u00fdbor pro klimatick\u00e9 financov\u00e1n\u00ed. Bujela by administrativn\u00ed opat\u0159en\u00ed v&nbsp;r\u00e1mci p\u0159ij\u00edm\u00e1n\u00ed st\u00e1tn\u00edch, krajsk\u00fdch a obecn\u00edch klimatick\u00fdch pl\u00e1n\u016f, kter\u00e9 by z\u00e1kon zavedl, a byl by to zdroj dal\u0161\u00ed dota\u010dn\u00ed d\u017eungle, kdy prim\u00e1rn\u00edm c\u00edlem dotac\u00ed je od\u00edrat lidi o pen\u00edze z&nbsp;dan\u00ed a p\u0159ihr\u00e1vat je vybran\u00fdm skupink\u00e1m podnikatel\u016f a jin\u00fdm skupin\u00e1m tyj\u00edc\u00edch na st\u00e1tu,\u201c varuje docent Koudelka.<\/p>\n<p>Dle jeho slov by se tento z\u00e1kon stal dal\u0161\u00edm krokem k&nbsp;od\u00edr\u00e1n\u00ed lid\u00ed ve jm\u00e9nu ideologie klimatick\u00e9ho alarmismu. \u201eTa je jen variantou na zn\u00e1m\u00e9 komunistick\u00e9 a velik\u00e1\u0161sk\u00e9 \u201aporu\u010d\u00edme v\u011btru, de\u0161ti\u2018. N\u00e1vrh z\u00e1kona je projevem pir\u00e1tsk\u00e9 domn\u011bnky, jak m\u011bnit sv\u011bt a chov\u00e1n\u00ed \u010dlov\u011bka, podle jejich p\u0159edstav. Jde o pokus zav\u00e9st \u010cechy, Moravu a Slezsko na cestu vedouc\u00ed k&nbsp;nov\u00e9 totalitn\u00ed, tentokr\u00e1t klimatick\u00e9 spole\u010dnosti,\u201c konstatuje Zden\u011bk Koudelka.<\/p>\n<p>N\u011bkdej\u0161\u00ed novin\u00e1\u0159 a b\u00fdval\u00fd prezidentsk\u00fd tajemn\u00edk Ladislav Jakl tvrd\u00ed, \u017ee o \u017e\u00e1dnou ochranu planety nejde.<\/p>\n<div class=\"google-auto-placed ap_container\">\n<p>\u201eJe zbyte\u010dn\u00e9 analyzovat jednotliv\u00e9 detaily tohoto n\u00e1vrhu. Posta\u010d\u00ed shrnut\u00ed. Jde o nastolen\u00ed DKF. Diktatury klimatick\u00fdch fanatik\u016f. Tito podneb\u00ed\u010dk\u00e1\u0159i ve skute\u010dnosti nebojuj\u00ed s po\u010das\u00edm \u010di s klimatem. Bojuj\u00ed s \u010dlov\u011bkem, s jeho svobodou, prosperitou, bojuj\u00ed s demokraci\u00ed. Stejn\u011b jako totalit\u00e1\u0159i minul\u00fdch generac\u00ed, i tihle novodob\u00ed dob\u0159e v\u011bd\u00ed, \u017ee k zaveden\u00ed tot\u00e1ln\u00ed nadvl\u00e1dy nad spole\u010dnost\u00ed jim nesta\u010d\u00ed platn\u00e9 pr\u00e1vn\u00ed a demokratick\u00e9 mechanismy. Cht\u011bj\u00ed vl\u00e1dnout a diktovat nad pr\u00e1vem, nad st\u00e1tem, nad demokraci\u00ed. A k tomu pot\u0159ebuj\u00ed silov\u00e9 n\u00e1stroje nov\u00e9 generace. Takov\u00e9 n\u00e1stroje, kter\u00e9 se nebudou zdr\u017eovat trapn\u00fdmi demokratick\u00fdmi postupy, ale kter\u00e9 budou sekat hlava nehlava. A navrhovan\u00fd z\u00e1kon pr\u00e1v\u011b takov\u00fdm n\u00e1strojem je. Jeho autor\u016fm a prosazovatel\u016fm je nejmenovan\u00e1 planeta ukraden\u00e1, to je tady vedlej\u0161\u00ed,\u201c je p\u0159esv\u011bd\u010den dlouholet\u00fd spolupracovn\u00edk exprezidenta V\u00e1clava Klause.<\/p>\n<\/div>\n<p>\u201ePodneb\u00ed, planeta, to jsou jen z\u00e1minky, stejn\u011b jako kdysi bezt\u0159\u00eddn\u00ed spole\u010dnost. Aby vnutili lidem roli bezbrann\u00fdch otrok\u016f, pokusn\u00fdch vzork\u016f sv\u00fdch spole\u010densk\u00fdch experiment\u016f, pot\u0159ebuj\u00ed se oh\u00e1n\u011bt n\u011b\u010d\u00edm vzne\u0161en\u00fdm, abstraktn\u00edm, u\u0161lechtil\u00fdm a univerz\u00e1ln\u00edm. Soud\u00edm, \u017ee spole\u010dnost se takov\u00fdm surov\u00fdm metod\u00e1m mus\u00ed br\u00e1nit v\u0161emi silami,\u201c konstatuje pro Parlamentn\u00edListy.cz Ladislav Jakl.<\/p>\n<p><a href=\"https:\/\/www.parlamentnilisty.cz\/zpravy\/kauzy\/-Klimaticka-policie-Pirati-uz-ji-chystaji-Oficialne-a-nebude-uniku-747852#google_vignette\">Zdroj<\/a><\/p>\n<\/section>\n","protected":false},"excerpt":{"rendered":"<p>\u010cesko pot\u0159ebuje \u201eklimatick\u00fd z\u00e1kon\u201c, aby bylo mo\u017en\u00e9 vym\u00e1hat dodr\u017eov\u00e1n\u00ed ji\u017e p\u0159ijat\u00fdch opat\u0159en\u00ed. P\u0159ich\u00e1z\u00ed s t\u00edm politici Pir\u00e1tsk\u00e9 strany, Mikul\u00e1\u0161 Peksa a Kl\u00e1ra Kocmanov\u00e1. Vznikla by t\u0159eba Klimatick\u00e1 rada a mohla vzniknout odpov\u011bdnost osob za po\u0161kozen\u00ed klimatu. S pochopen\u00edm ze strany nejv\u011bt\u0161\u00ed vl\u00e1dn\u00ed strany se n\u00e1vrh nesetk\u00e1v\u00e1. \u00dastavn\u00ed expert nav\u00edc varuje p\u0159ed stamiliardov\u00fdmi n\u00e1klady. Zn\u00ed varov\u00e1n\u00ed [&hellip;]<\/p>\n","protected":false},"author":9,"featured_media":0,"comment_status":"open","ping_status":"open","sticky":false,"template":"","format":"standard","meta":{"ngg_post_thumbnail":0,"footnotes":""},"categories":[11,13],"tags":[],"class_list":["post-13898","post","type-post","status-publish","format-standard","hentry","category-ozvena","category-rozhovory"],"_links":{"self":[{"href":"https:\/\/www.ladislavjakl.cz\/index.php?rest_route=\/wp\/v2\/posts\/13898","targetHints":{"allow":["GET"]}}],"collection":[{"href":"https:\/\/www.ladislavjakl.cz\/index.php?rest_route=\/wp\/v2\/posts"}],"about":[{"href":"https:\/\/www.ladislavjakl.cz\/index.php?rest_route=\/wp\/v2\/types\/post"}],"author":[{"embeddable":true,"href":"https:\/\/www.ladislavjakl.cz\/index.php?rest_route=\/wp\/v2\/users\/9"}],"replies":[{"embeddable":true,"href":"https:\/\/www.ladislavjakl.cz\/index.php?rest_route=%2Fwp%2Fv2%2Fcomments&post=13898"}],"version-history":[{"count":2,"href":"https:\/\/www.ladislavjakl.cz\/index.php?rest_route=\/wp\/v2\/posts\/13898\/revisions"}],"predecessor-version":[{"id":13901,"href":"https:\/\/www.ladislavjakl.cz\/index.php?rest_route=\/wp\/v2\/posts\/13898\/revisions\/13901"}],"wp:attachment":[{"href":"https:\/\/www.ladislavjakl.cz\/index.php?rest_route=%2Fwp%2Fv2%2Fmedia&parent=13898"}],"wp:term":[{"taxonomy":"category","embeddable":true,"href":"https:\/\/www.ladislavjakl.cz\/index.php?rest_route=%2Fwp%2Fv2%2Fcategories&post=13898"},{"taxonomy":"post_tag","embeddable":true,"href":"https:\/\/www.ladislavjakl.cz\/index.php?rest_route=%2Fwp%2Fv2%2Ftags&post=13898"}],"curies":[{"name":"wp","href":"https:\/\/api.w.org\/{rel}","templated":true}]}}