{"id":13902,"date":"2023-12-21T16:43:44","date_gmt":"2023-12-21T15:43:44","guid":{"rendered":"https:\/\/www.ladislavjakl.cz\/?p=13902"},"modified":"2023-12-21T16:45:35","modified_gmt":"2023-12-21T15:45:35","slug":"vojna-a-mir-a-svatky","status":"publish","type":"post","link":"https:\/\/www.ladislavjakl.cz\/?p=13902","title":{"rendered":"Vojna a m\u00edr\u2026 a sv\u00e1tky"},"content":{"rendered":"<p>V&nbsp;p\u00e1tek v&nbsp;p\u016fl p\u00e1t\u00e9 r\u00e1no za\u010d\u00edn\u00e1 astronomick\u00e1 zima. Noc ze&nbsp;\u010dtvrtka je tedy nejdel\u0161\u00ed v&nbsp;roce a p\u00e1tek je zase nejkrat\u0161\u00edm dnem. Od soboty se na Severn\u00ed polokouli za\u010dnou zase dnov\u00e9 nad\u011bjn\u011b prodlu\u017eovat. A my mus\u00edme p\u0159em\u00fd\u0161let, jak s&nbsp;t\u011bmi del\u0161\u00edmi dny dob\u0159e nalo\u017eit.<\/p>\n<p><!--more--><\/p>\n<p>Po\u010das\u00ed se tato data p\u0159\u00edmo net\u00fdkaj\u00ed, statisticky b\u00fdv\u00e1 nejv\u011bt\u0161\u00ed mr\u00e1z ne uprost\u0159ed astronomick\u00e9 zimy (tedy kolem 5. \u00fanora), ale u\u017e v&nbsp;p\u016flce ledna. Proto meteorologov\u00e9 po\u010d\u00edtaj\u00ed zimu u\u017e od za\u010d\u00e1tku prosince a zima jim skon\u010d\u00ed p\u0159estupn\u00fdm 29. \u00fanorem p\u0159\u00ed\u0161t\u00edho roku. A na dny v\u00e1no\u010dn\u00ed slibuj\u00ed po\u0159\u00e1dnou ps\u00edrnu.<\/p>\n<p>Ale po\u010das\u00ed nepo\u010das\u00ed, \u0159e\u010d byla o napln\u011bn\u00ed on\u011bch brzy u\u017e se prodlu\u017euj\u00edc\u00edch dn\u00ed. Pro n\u011bkoho st\u00e1le se prodlu\u017euj\u00edc\u00ed den v\u016fbec nen\u00ed dobrou zpr\u00e1vou. Takov\u00fd osam\u011bl\u00fd d\u016fchodce m\u00e1 dlouhou chv\u00edli i b\u011bhem dn\u016f nejkrat\u0161\u00edch. A po\u0159\u00e1d jen sed\u011bt na lavi\u010dce a krmit holuby taky \u010dasem omrz\u00ed.<\/p>\n<p>To se pak mimo\u0159\u00e1dn\u011b hod\u00ed jedna z&nbsp;nejlep\u0161\u00edch kratochv\u00edl\u00ed, co lid\u00e9 znaj\u00ed: lamentov\u00e1n\u00ed. Sta\u010d\u00ed j\u00edt po ulici. Co pitomc\u016f neum\u00ed chodit po chodn\u00edku vpravo \u2013 a zvl\u00e1\u0161t\u011b p\u0159i levoto\u010div\u00fdch zat\u00e1\u010dk\u00e1ch riskuj\u00ed, \u017ee za rohem n\u011bkoho sejme. Nejsrandovn\u011bj\u0161\u00ed b\u00fdvaj\u00ed se\u0159azen\u00e9 bojov\u00e9 \u0161iky chodc\u016f \u010dekaj\u00edc\u00edch u p\u0159echodu na zelenou. Ta zasv\u00edt\u00ed \u2013 a \u0161iky vyraz\u00ed. Uprost\u0159ed p\u0159echodu se sraz\u00ed, slo\u017eit\u011b kolem sebe kli\u010dkuj\u00ed, motaj\u00ed se, strkaj\u00ed se. P\u0159itom by sta\u010dilo chodit vpravo. A v\u0161ichni se kr\u00e1sn\u011b vyhnou. U\u010dila m\u011b to maminka u\u017e coby batole (j\u00e1 byl to batole, ne ona) a pak i u\u010ditelky v&nbsp;mate\u0159sk\u00e9 \u0161kole.<\/p>\n<p>Tam m\u011b toho ostatn\u011b nau\u010dili v\u00edc. T\u0159eba \u017ee m\u00e1me elegantn\u00edho prezidenta jm\u00e9nem Anton\u00edn Novotn\u00fd. Jojo, to byl fe\u0161\u00e1k. A i to jeho jm\u00e9no mi zn\u011blo tak n\u011bjak prezidentsky. Kdy\u017e ho pak nahradil ten gener\u00e1l, u\u017e jsem bral celkem rozum. Ale asi ne dost, proto\u017ee si \u0159\u00edk\u00e1m, jak m\u016f\u017ee v&nbsp;Praze na V\u00fdtoni dodnes p\u0159e\u017e\u00edt po n\u011bm pojmenovan\u00e1 ulice, kdy\u017e p\u0159itom p\u0159ijel v&nbsp;roce 1945 s&nbsp;Rudou arm\u00e1dou vedenou mar\u0161\u00e1lem Kon\u011bvem na\u0161i obsazenou zem obsadit a na\u0161i dobytou zem dob\u00fdt, jak se dnes dov\u00edd\u00e1me. Nam\u00edsto Svobodova by se ulice klidn\u011b mohla jmenovat Grety Thunbergov\u00e9.<\/p>\n<p>Ale vrchol\u00ed advent, a to je \u010das, kdy se nemaj\u00ed moc oh\u0159\u00edvat sporn\u00e1 t\u00e9mata. Oh\u0159ejme si pol\u00e9vku a sporn\u00e1 t\u00e9mata d\u00e1me k&nbsp;ledu. Jen\u017ee ono pak p\u0159ijde jarn\u00ed oteplen\u00ed a sporn\u00e1 t\u00e9mata se za\u010dnout objevovat jak rozmrazuj\u00edc\u00ed se mamuti na Sibi\u0159i.<\/p>\n<p>Dobr\u00e1, ale do t\u00e9 doby oh\u0159\u00edvejme t\u00e9mata nesporn\u00e1. T\u0159eba: Slavia u\u017e nen\u00ed \u010d\u00ednsk\u00e1. Bude Tyka\u010dova. Tedy \u010desk\u00e1. Nen\u00ed to krok zp\u00e1tky? Dne\u0161n\u00ed vrcholov\u00fd sport je p\u0159ece multietnick\u00fd, pod\u00edvejte na tr\u00e1vn\u00edk p\u0159i prvoligov\u00e9m z\u00e1pase, to je jako sraz ml\u00e1de\u017ee z&nbsp;cel\u00e9 OSN. Ale po\u0159\u00e1d zem\u00edm po\u010d\u00edtaj\u00ed n\u00e1rodn\u00ed koeficienty, podle kter\u00fdch se pak nasazuje p\u0159\u00edslu\u0161n\u00fd po\u010dat klub\u016f do mezin\u00e1rodn\u00edch sout\u011b\u017e\u00ed.<\/p>\n<p>Tak kouk\u00e1m, \u017ee nesporn\u00e1 t\u00e9mata \u017e\u00e1dn\u00e1 vlastn\u011b nejsou. N\u011bkdo m\u00e1 r\u00e1d holky, jinej zase vdolky. Ale nemuseli by se kv\u016fli tomu spolu pr\u00e1t, \u017ee. Bl\u00ed\u017e\u00ed se sv\u00e1tky m\u00edru a nad\u011bje. Pr\u00e1t se znovu za\u010dn\u011bme, a\u017e p\u0159ijdou sv\u00e1tky v\u00e1lky a beznad\u011bje. A ty jsou vlastn\u011b kdy?<\/p>\n<p>Boj\u00edm se, \u017ee odpov\u011b\u010f zn\u00e1me v\u0161ichni.<\/p>\n<p><em>Ladislav Jakl, 21. prosince 2023<\/em><\/p>\n<p><a href=\"https:\/\/www.institutvk.cz\/clanky\/2558.html\">Zdroj<\/a><\/p>\n","protected":false},"excerpt":{"rendered":"<p>V&nbsp;p\u00e1tek v&nbsp;p\u016fl p\u00e1t\u00e9 r\u00e1no za\u010d\u00edn\u00e1 astronomick\u00e1 zima. Noc ze&nbsp;\u010dtvrtka je tedy nejdel\u0161\u00ed v&nbsp;roce a p\u00e1tek je zase nejkrat\u0161\u00edm dnem. Od soboty se na Severn\u00ed polokouli za\u010dnou zase dnov\u00e9 nad\u011bjn\u011b prodlu\u017eovat. A my mus\u00edme p\u0159em\u00fd\u0161let, jak s&nbsp;t\u011bmi del\u0161\u00edmi dny dob\u0159e nalo\u017eit.<\/p>\n","protected":false},"author":9,"featured_media":0,"comment_status":"open","ping_status":"open","sticky":false,"template":"","format":"standard","meta":{"ngg_post_thumbnail":0,"footnotes":""},"categories":[1],"tags":[],"class_list":["post-13902","post","type-post","status-publish","format-standard","hentry","category-publikovane-clanky"],"_links":{"self":[{"href":"https:\/\/www.ladislavjakl.cz\/index.php?rest_route=\/wp\/v2\/posts\/13902","targetHints":{"allow":["GET"]}}],"collection":[{"href":"https:\/\/www.ladislavjakl.cz\/index.php?rest_route=\/wp\/v2\/posts"}],"about":[{"href":"https:\/\/www.ladislavjakl.cz\/index.php?rest_route=\/wp\/v2\/types\/post"}],"author":[{"embeddable":true,"href":"https:\/\/www.ladislavjakl.cz\/index.php?rest_route=\/wp\/v2\/users\/9"}],"replies":[{"embeddable":true,"href":"https:\/\/www.ladislavjakl.cz\/index.php?rest_route=%2Fwp%2Fv2%2Fcomments&post=13902"}],"version-history":[{"count":3,"href":"https:\/\/www.ladislavjakl.cz\/index.php?rest_route=\/wp\/v2\/posts\/13902\/revisions"}],"predecessor-version":[{"id":13905,"href":"https:\/\/www.ladislavjakl.cz\/index.php?rest_route=\/wp\/v2\/posts\/13902\/revisions\/13905"}],"wp:attachment":[{"href":"https:\/\/www.ladislavjakl.cz\/index.php?rest_route=%2Fwp%2Fv2%2Fmedia&parent=13902"}],"wp:term":[{"taxonomy":"category","embeddable":true,"href":"https:\/\/www.ladislavjakl.cz\/index.php?rest_route=%2Fwp%2Fv2%2Fcategories&post=13902"},{"taxonomy":"post_tag","embeddable":true,"href":"https:\/\/www.ladislavjakl.cz\/index.php?rest_route=%2Fwp%2Fv2%2Ftags&post=13902"}],"curies":[{"name":"wp","href":"https:\/\/api.w.org\/{rel}","templated":true}]}}